{"id":4625,"date":"2025-07-21T13:23:57","date_gmt":"2025-07-21T11:23:57","guid":{"rendered":"https:\/\/veritasinfo.org\/?p=4625"},"modified":"2025-07-21T13:23:57","modified_gmt":"2025-07-21T11:23:57","slug":"anulohet-vendimi-per-paraburgim-per-policet-e-perfshire-ne-rastin-e-vdekjes-se-agon-zejnullahut","status":"publish","type":"post","link":"https:\/\/veritasinfo.org\/?p=4625","title":{"rendered":"Anulohet vendimi p\u00ebr paraburgim p\u00ebr polic\u00ebt e p\u00ebrfshir\u00eb n\u00eb rastin e vdekjes s\u00eb Agon Zejnullahut"},"content":{"rendered":"<p>Prishtin\u00eb, 21 Korrik 2025<\/p>\n<p>Gjykata e Apelit e ka anuluar aktvendimi i Gjykat\u00ebs Themelore n\u00eb Prishtin\u00eb, Dega n\u00eb Lipjan, p\u00ebr paraburgimin e 5 polic\u00ebve t\u00eb p\u00ebrfshir\u00eb n\u00eb rastin e vdekjes s\u00eb Agon Fejzullahut n\u00eb Lipjan dhe \u00e7\u00ebshtjen e ka kthyer n\u00eb rivendosje.<\/p>\n<div class=\"instream-video\">\n<div data-id=\"2kQm8Ze4251g\">\n<div class=\"orp-player-wrapper orp-aspectRateFixed orp-tiny-size orp-player-ipm orp-player-ipm-hidden orp-force-hide-player\"><\/div>\n<\/div>\n<\/div>\n<p>\u201cGjykata e Apelit e Kosov\u00ebs \u2013 Departamenti i P\u00ebrgjithsh\u00ebm, ka aprovuar ankesat e mbrojt\u00ebsve s\u00eb t\u00eb pandehurve I.N., A.R., A.K., L.Rr. dhe E.B., si dhe sipas detyr\u00ebs zyrtare ka anuluar aktvendimin e Gjykat\u00ebs Themelore n\u00eb Prishtin\u00eb, Dega n\u00eb Lipjan \u2013 Departamenti i P\u00ebrgjithsh\u00ebm, PPr.nr.41\/2025, t\u00eb dat\u00ebs 09.07.2025, duke e kthyer \u00e7\u00ebshtjen n\u00eb rigjykim\u201d, thuhet n\u00eb njoftim.<\/p>\n<p>Gjykata Themelore \u00a0t\u00eb pandehurve u ka caktuar mas\u00ebn e paraburgimit n\u00eb koh\u00ebzgjatje prej 1 (nj\u00eb) muaji, p\u00ebr shkak t\u00eb dyshimit se kan\u00eb kryer vepr\u00ebn penale vrasje nga pakujdesia.<\/p>\n<p>\u201cGjykata e Apelit e Kosov\u00ebs &#8211; Departamenti i P\u00ebrgjithsh\u00ebm, i ka aprovuar ankesat e mbrojt\u00ebsve s\u00eb t\u00eb pandehurve I.N., A.R., A.K., L.Rr. dhe E.B., si dhe sipas detyr\u00ebs zyrtare ka anuluar aktvendimin e lartcekur, duke e kthyer \u00e7\u00ebshtjen n\u00eb rigjykim. Kolegji gjykues ka konstatuar se aktvendimi i ankimuar p\u00ebrmban shkelje t\u00eb dispozitave t\u00eb procedur\u00ebs penale t\u00eb cilat kusht\u00ebzojn\u00eb anulimin e tij\u201d, thuhet nw njoftim.<\/p>\n<p>Gjykata e Apelit ka vler\u00ebsuar se aktvendimi i ankimuar nuk p\u00ebrmban \u201canaliz\u00ebn dhe vler\u00ebsimin e provave relevante, t\u00eb besueshme dhe me fuqi provuese p\u00ebr t\u00eb konstatuar dhe p\u00ebr t\u00eb v\u00ebrtetuar se ekziston dyshimi i bazuar se t\u00eb pandehurit kan\u00eb kryer vepr\u00ebn penale p\u00ebr t\u00eb cil\u00ebn pretendohet\u201d.<\/p>\n<p>N\u00eb aktvendimin e Gjykat\u00ebs s\u00eb Apelit i \u00ebsht\u00eb propozuar gjykat\u00ebs s\u00eb shkall\u00ebs s\u00eb par\u00eb t\u2019i evitoj\u00eb t\u00eb gjitha shkeljet e konstatuara n\u00eb aktvendimin e ankimuar.<\/p>\n<p>Pes\u00eb zyrtar\u00ebt policor\u00eb, dyshohet se e shkaktuan vdekjen e 27-vje\u00e7arit gjat\u00eb arrestimit t\u00eb tij.<\/p>\n<figure class=\"media\">\n<div data-oembed-url=\"https:\/\/www.koha.net\/lajmet-e-mbremjes-ktv\/nga-30-dite-paraburgim-pese-policeve-qe-dyshohen-se-shkaktuan-vdekjen-e-agon-zejnullahut\">\n<div class=\"iframely-embed\"><\/div>\n<\/div>\n<\/figure>\n<p>&nbsp;<\/p>\n","protected":false},"excerpt":{"rendered":"<p>Prishtin\u00eb, 21 Korrik 2025 Gjykata e Apelit e ka anuluar aktvendimi i Gjykat\u00ebs Themelore n\u00eb Prishtin\u00eb, Dega n\u00eb Lipjan, p\u00ebr paraburgimin e 5 polic\u00ebve t\u00eb<\/p>\n","protected":false},"author":1,"featured_media":4626,"comment_status":"open","ping_status":"open","sticky":false,"template":"","format":"standard","meta":{"footnotes":""},"categories":[60],"tags":[],"class_list":["post-4625","post","type-post","status-publish","format-standard","has-post-thumbnail","hentry","category-shoqerore-sq"],"yoast_head":"<!-- This site is optimized with the Yoast SEO plugin v25.3.1 - https:\/\/yoast.com\/wordpress\/plugins\/seo\/ -->\n<title>Anulohet vendimi p\u00ebr paraburgim p\u00ebr polic\u00ebt e p\u00ebrfshir\u00eb n\u00eb rastin e vdekjes s\u00eb Agon Zejnullahut -<\/title>\n<meta name=\"robots\" content=\"index, follow, max-snippet:-1, max-image-preview:large, max-video-preview:-1\" \/>\n<link rel=\"canonical\" href=\"https:\/\/veritasinfo.org\/?p=4625\" \/>\n<meta property=\"og:locale\" content=\"en_US\" \/>\n<meta property=\"og:type\" content=\"article\" \/>\n<meta property=\"og:title\" content=\"Anulohet vendimi p\u00ebr paraburgim p\u00ebr polic\u00ebt e p\u00ebrfshir\u00eb n\u00eb rastin e vdekjes s\u00eb Agon Zejnullahut -\" \/>\n<meta property=\"og:description\" content=\"Prishtin\u00eb, 21 Korrik 2025 Gjykata e Apelit e ka anuluar aktvendimi i Gjykat\u00ebs Themelore n\u00eb Prishtin\u00eb, Dega n\u00eb Lipjan, p\u00ebr paraburgimin e 5 polic\u00ebve t\u00eb\" \/>\n<meta property=\"og:url\" content=\"https:\/\/veritasinfo.org\/?p=4625\" \/>\n<meta property=\"article:published_time\" content=\"2025-07-21T11:23:57+00:00\" \/>\n<meta property=\"og:image\" content=\"https:\/\/veritasinfo.org\/wp-content\/uploads\/2025\/07\/IMG_2192.webp\" \/>\n\t<meta property=\"og:image:width\" content=\"954\" \/>\n\t<meta property=\"og:image:height\" content=\"536\" \/>\n\t<meta property=\"og:image:type\" content=\"image\/webp\" \/>\n<meta name=\"author\" content=\"admin\" \/>\n<meta name=\"twitter:card\" content=\"summary_large_image\" \/>\n<meta name=\"twitter:label1\" content=\"Written by\" \/>\n\t<meta name=\"twitter:data1\" content=\"admin\" \/>\n\t<meta name=\"twitter:label2\" content=\"Est. reading time\" \/>\n\t<meta name=\"twitter:data2\" content=\"2 minutes\" \/>\n<script type=\"application\/ld+json\" class=\"yoast-schema-graph\">{\"@context\":\"https:\/\/schema.org\",\"@graph\":[{\"@type\":\"WebPage\",\"@id\":\"https:\/\/veritasinfo.org\/?p=4625\",\"url\":\"https:\/\/veritasinfo.org\/?p=4625\",\"name\":\"Anulohet vendimi p\u00ebr paraburgim p\u00ebr polic\u00ebt e p\u00ebrfshir\u00eb n\u00eb rastin e vdekjes s\u00eb Agon Zejnullahut -\",\"isPartOf\":{\"@id\":\"https:\/\/veritasinfo.org\/#website\"},\"primaryImageOfPage\":{\"@id\":\"https:\/\/veritasinfo.org\/?p=4625#primaryimage\"},\"image\":{\"@id\":\"https:\/\/veritasinfo.org\/?p=4625#primaryimage\"},\"thumbnailUrl\":\"https:\/\/veritasinfo.org\/wp-content\/uploads\/2025\/07\/IMG_2192.webp\",\"datePublished\":\"2025-07-21T11:23:57+00:00\",\"author\":{\"@id\":\"https:\/\/veritasinfo.org\/#\/schema\/person\/7701f8c088bece422266b100a712374f\"},\"breadcrumb\":{\"@id\":\"https:\/\/veritasinfo.org\/?p=4625#breadcrumb\"},\"inLanguage\":\"en-US\",\"potentialAction\":[{\"@type\":\"ReadAction\",\"target\":[\"https:\/\/veritasinfo.org\/?p=4625\"]}]},{\"@type\":\"ImageObject\",\"inLanguage\":\"en-US\",\"@id\":\"https:\/\/veritasinfo.org\/?p=4625#primaryimage\",\"url\":\"https:\/\/veritasinfo.org\/wp-content\/uploads\/2025\/07\/IMG_2192.webp\",\"contentUrl\":\"https:\/\/veritasinfo.org\/wp-content\/uploads\/2025\/07\/IMG_2192.webp\",\"width\":954,\"height\":536},{\"@type\":\"BreadcrumbList\",\"@id\":\"https:\/\/veritasinfo.org\/?p=4625#breadcrumb\",\"itemListElement\":[{\"@type\":\"ListItem\",\"position\":1,\"name\":\"Home\",\"item\":\"https:\/\/veritasinfo.org\/\"},{\"@type\":\"ListItem\",\"position\":2,\"name\":\"Anulohet vendimi p\u00ebr paraburgim p\u00ebr polic\u00ebt e p\u00ebrfshir\u00eb n\u00eb rastin e vdekjes s\u00eb Agon Zejnullahut\"}]},{\"@type\":\"WebSite\",\"@id\":\"https:\/\/veritasinfo.org\/#website\",\"url\":\"https:\/\/veritasinfo.org\/\",\"name\":\"\",\"description\":\"\",\"potentialAction\":[{\"@type\":\"SearchAction\",\"target\":{\"@type\":\"EntryPoint\",\"urlTemplate\":\"https:\/\/veritasinfo.org\/?s={search_term_string}\"},\"query-input\":{\"@type\":\"PropertyValueSpecification\",\"valueRequired\":true,\"valueName\":\"search_term_string\"}}],\"inLanguage\":\"en-US\"},{\"@type\":\"Person\",\"@id\":\"https:\/\/veritasinfo.org\/#\/schema\/person\/7701f8c088bece422266b100a712374f\",\"name\":\"admin\",\"image\":{\"@type\":\"ImageObject\",\"inLanguage\":\"en-US\",\"@id\":\"https:\/\/veritasinfo.org\/#\/schema\/person\/image\/\",\"url\":\"https:\/\/secure.gravatar.com\/avatar\/ea53aa3bf6c9a12d5fde8ce4deff43fef3885ae33cf60184161a50d6987cfd2f?s=96&d=mm&r=g\",\"contentUrl\":\"https:\/\/secure.gravatar.com\/avatar\/ea53aa3bf6c9a12d5fde8ce4deff43fef3885ae33cf60184161a50d6987cfd2f?s=96&d=mm&r=g\",\"caption\":\"admin\"},\"sameAs\":[\"https:\/\/veritasinfo.org\"],\"url\":\"https:\/\/veritasinfo.org\/?author=1\"}]}<\/script>\n<!-- \/ Yoast SEO plugin. -->","yoast_head_json":{"title":"Anulohet vendimi p\u00ebr paraburgim p\u00ebr polic\u00ebt e p\u00ebrfshir\u00eb n\u00eb rastin e vdekjes s\u00eb Agon Zejnullahut -","robots":{"index":"index","follow":"follow","max-snippet":"max-snippet:-1","max-image-preview":"max-image-preview:large","max-video-preview":"max-video-preview:-1"},"canonical":"https:\/\/veritasinfo.org\/?p=4625","og_locale":"en_US","og_type":"article","og_title":"Anulohet vendimi p\u00ebr paraburgim p\u00ebr polic\u00ebt e p\u00ebrfshir\u00eb n\u00eb rastin e vdekjes s\u00eb Agon Zejnullahut -","og_description":"Prishtin\u00eb, 21 Korrik 2025 Gjykata e Apelit e ka anuluar aktvendimi i Gjykat\u00ebs Themelore n\u00eb Prishtin\u00eb, Dega n\u00eb Lipjan, p\u00ebr paraburgimin e 5 polic\u00ebve t\u00eb","og_url":"https:\/\/veritasinfo.org\/?p=4625","article_published_time":"2025-07-21T11:23:57+00:00","og_image":[{"width":954,"height":536,"url":"https:\/\/veritasinfo.org\/wp-content\/uploads\/2025\/07\/IMG_2192.webp","type":"image\/webp"}],"author":"admin","twitter_card":"summary_large_image","twitter_misc":{"Written by":"admin","Est. reading time":"2 minutes"},"schema":{"@context":"https:\/\/schema.org","@graph":[{"@type":"WebPage","@id":"https:\/\/veritasinfo.org\/?p=4625","url":"https:\/\/veritasinfo.org\/?p=4625","name":"Anulohet vendimi p\u00ebr paraburgim p\u00ebr polic\u00ebt e p\u00ebrfshir\u00eb n\u00eb rastin e vdekjes s\u00eb Agon Zejnullahut -","isPartOf":{"@id":"https:\/\/veritasinfo.org\/#website"},"primaryImageOfPage":{"@id":"https:\/\/veritasinfo.org\/?p=4625#primaryimage"},"image":{"@id":"https:\/\/veritasinfo.org\/?p=4625#primaryimage"},"thumbnailUrl":"https:\/\/veritasinfo.org\/wp-content\/uploads\/2025\/07\/IMG_2192.webp","datePublished":"2025-07-21T11:23:57+00:00","author":{"@id":"https:\/\/veritasinfo.org\/#\/schema\/person\/7701f8c088bece422266b100a712374f"},"breadcrumb":{"@id":"https:\/\/veritasinfo.org\/?p=4625#breadcrumb"},"inLanguage":"en-US","potentialAction":[{"@type":"ReadAction","target":["https:\/\/veritasinfo.org\/?p=4625"]}]},{"@type":"ImageObject","inLanguage":"en-US","@id":"https:\/\/veritasinfo.org\/?p=4625#primaryimage","url":"https:\/\/veritasinfo.org\/wp-content\/uploads\/2025\/07\/IMG_2192.webp","contentUrl":"https:\/\/veritasinfo.org\/wp-content\/uploads\/2025\/07\/IMG_2192.webp","width":954,"height":536},{"@type":"BreadcrumbList","@id":"https:\/\/veritasinfo.org\/?p=4625#breadcrumb","itemListElement":[{"@type":"ListItem","position":1,"name":"Home","item":"https:\/\/veritasinfo.org\/"},{"@type":"ListItem","position":2,"name":"Anulohet vendimi p\u00ebr paraburgim p\u00ebr polic\u00ebt e p\u00ebrfshir\u00eb n\u00eb rastin e vdekjes s\u00eb Agon Zejnullahut"}]},{"@type":"WebSite","@id":"https:\/\/veritasinfo.org\/#website","url":"https:\/\/veritasinfo.org\/","name":"","description":"","potentialAction":[{"@type":"SearchAction","target":{"@type":"EntryPoint","urlTemplate":"https:\/\/veritasinfo.org\/?s={search_term_string}"},"query-input":{"@type":"PropertyValueSpecification","valueRequired":true,"valueName":"search_term_string"}}],"inLanguage":"en-US"},{"@type":"Person","@id":"https:\/\/veritasinfo.org\/#\/schema\/person\/7701f8c088bece422266b100a712374f","name":"admin","image":{"@type":"ImageObject","inLanguage":"en-US","@id":"https:\/\/veritasinfo.org\/#\/schema\/person\/image\/","url":"https:\/\/secure.gravatar.com\/avatar\/ea53aa3bf6c9a12d5fde8ce4deff43fef3885ae33cf60184161a50d6987cfd2f?s=96&d=mm&r=g","contentUrl":"https:\/\/secure.gravatar.com\/avatar\/ea53aa3bf6c9a12d5fde8ce4deff43fef3885ae33cf60184161a50d6987cfd2f?s=96&d=mm&r=g","caption":"admin"},"sameAs":["https:\/\/veritasinfo.org"],"url":"https:\/\/veritasinfo.org\/?author=1"}]}},"featured_image_urls":{"full":["https:\/\/veritasinfo.org\/wp-content\/uploads\/2025\/07\/IMG_2192.webp",954,536,false],"thumbnail":["https:\/\/veritasinfo.org\/wp-content\/uploads\/2025\/07\/IMG_2192-150x150.webp",150,150,true],"medium":["https:\/\/veritasinfo.org\/wp-content\/uploads\/2025\/07\/IMG_2192-300x169.webp",300,169,true],"medium_large":["https:\/\/veritasinfo.org\/wp-content\/uploads\/2025\/07\/IMG_2192-768x431.webp",640,359,true],"large":["https:\/\/veritasinfo.org\/wp-content\/uploads\/2025\/07\/IMG_2192.webp",640,360,false],"1536x1536":["https:\/\/veritasinfo.org\/wp-content\/uploads\/2025\/07\/IMG_2192.webp",954,536,false],"2048x2048":["https:\/\/veritasinfo.org\/wp-content\/uploads\/2025\/07\/IMG_2192.webp",954,536,false],"kreeti-slider-full":["https:\/\/veritasinfo.org\/wp-content\/uploads\/2025\/07\/IMG_2192.webp",954,536,false],"kreeti-featured":["https:\/\/veritasinfo.org\/wp-content\/uploads\/2025\/07\/IMG_2192.webp",954,536,false],"kreeti-medium":["https:\/\/veritasinfo.org\/wp-content\/uploads\/2025\/07\/IMG_2192.webp",720,405,false],"kreeti-medium-square":["https:\/\/veritasinfo.org\/wp-content\/uploads\/2025\/07\/IMG_2192.webp",350,197,false]},"author_info":{"info":["admin"]},"category_info":"<a href=\"https:\/\/veritasinfo.org\/?cat=60\" rel=\"category\">Shoq\u00ebrore<\/a>","tag_info":"Shoq\u00ebrore","comment_count":"0","_links":{"self":[{"href":"https:\/\/veritasinfo.org\/index.php?rest_route=\/wp\/v2\/posts\/4625","targetHints":{"allow":["GET"]}}],"collection":[{"href":"https:\/\/veritasinfo.org\/index.php?rest_route=\/wp\/v2\/posts"}],"about":[{"href":"https:\/\/veritasinfo.org\/index.php?rest_route=\/wp\/v2\/types\/post"}],"author":[{"embeddable":true,"href":"https:\/\/veritasinfo.org\/index.php?rest_route=\/wp\/v2\/users\/1"}],"replies":[{"embeddable":true,"href":"https:\/\/veritasinfo.org\/index.php?rest_route=%2Fwp%2Fv2%2Fcomments&post=4625"}],"version-history":[{"count":1,"href":"https:\/\/veritasinfo.org\/index.php?rest_route=\/wp\/v2\/posts\/4625\/revisions"}],"predecessor-version":[{"id":4627,"href":"https:\/\/veritasinfo.org\/index.php?rest_route=\/wp\/v2\/posts\/4625\/revisions\/4627"}],"wp:featuredmedia":[{"embeddable":true,"href":"https:\/\/veritasinfo.org\/index.php?rest_route=\/wp\/v2\/media\/4626"}],"wp:attachment":[{"href":"https:\/\/veritasinfo.org\/index.php?rest_route=%2Fwp%2Fv2%2Fmedia&parent=4625"}],"wp:term":[{"taxonomy":"category","embeddable":true,"href":"https:\/\/veritasinfo.org\/index.php?rest_route=%2Fwp%2Fv2%2Fcategories&post=4625"},{"taxonomy":"post_tag","embeddable":true,"href":"https:\/\/veritasinfo.org\/index.php?rest_route=%2Fwp%2Fv2%2Ftags&post=4625"}],"curies":[{"name":"wp","href":"https:\/\/api.w.org\/{rel}","templated":true}]}}