{"id":46247,"date":"2026-05-03T17:15:14","date_gmt":"2026-05-03T15:15:14","guid":{"rendered":"https:\/\/veritasinfo.org\/?p=46247"},"modified":"2026-05-03T17:15:14","modified_gmt":"2026-05-03T15:15:14","slug":"kurti-ne-takim-me-kryeministrin-e-armenise-paqja-ka-nevoje-per-aleancen-e-demokracive","status":"publish","type":"post","link":"https:\/\/veritasinfo.org\/?p=46247","title":{"rendered":"Kurti n\u00eb takim me kryeministrin e Armenis\u00eb: Paqja ka nevoj\u00eb p\u00ebr aleanc\u00ebn e demokracive"},"content":{"rendered":"<p>Prishtin\u00eb 3 Maj 2026 17:13<\/p>\n<p>Kryeministri n\u00eb detyr\u00eb i Republik\u00ebs s\u00eb Kosov\u00ebs, Albin Kurti, u prit n\u00eb takim bilateral n\u00eb Qeverin\u00eb e Republik\u00ebs s\u00eb Armenis\u00eb nga Kryeministri, Nikol Pashinyan.<\/p>\n<p>N\u00eb takim, Kryeministri Kurti shprehu fal\u00ebnderim p\u00ebr kontributin e forcave t\u00eb armatosura armene n\u00eb kuad\u00ebr t\u00eb KFOR-it, Qeverin\u00eb Armene p\u00ebr bashk\u00ebpunimin gjithnj\u00eb n\u00eb rritje n\u00eb mes t\u00eb Armenis\u00eb dhe Kosov\u00ebs, si dhe ftes\u00ebn p\u00ebr pjes\u00ebmarrje n\u00eb Konferenc\u00ebn Nd\u00ebrkomb\u00ebtare \u201cYerevan Dialogue\u201d.<br \/>\nBashk\u00ebbisedimi u p\u00ebrqendrua n\u00eb mund\u00ebsit\u00eb konkrete p\u00ebr thellimin e marr\u00ebdh\u00ebnieve mes Kosov\u00ebs dhe Armenis\u00eb, me theks t\u00eb ve\u00e7ant\u00eb n\u00eb bashk\u00ebpunimin ekonomik, investime dhe tregti, si dhe n\u00eb nd\u00ebrtimin e urave t\u00eb q\u00ebndrueshme p\u00ebrmes shk\u00ebmbimeve akademike dhe kulturore.<\/p>\n<p>Kryeministri Kurti fal\u00ebnderoi Kryeministrin Pashinyan p\u00ebr mikpritjen, duke vler\u00ebsuar se paqja n\u00eb kontinentin evropian dhe p\u00ebrtej, ka nevoj\u00eb p\u00ebr aleanc\u00ebn e demokracive.<\/p>\n","protected":false},"excerpt":{"rendered":"<p>Prishtin\u00eb 3 Maj 2026 17:13 Kryeministri n\u00eb detyr\u00eb i Republik\u00ebs s\u00eb Kosov\u00ebs, Albin Kurti, u prit n\u00eb takim bilateral n\u00eb Qeverin\u00eb e Republik\u00ebs s\u00eb Armenis\u00eb<\/p>\n","protected":false},"author":6,"featured_media":46248,"comment_status":"open","ping_status":"open","sticky":false,"template":"","format":"standard","meta":{"footnotes":""},"categories":[58],"tags":[],"class_list":["post-46247","post","type-post","status-publish","format-standard","has-post-thumbnail","hentry","category-politike-sq"],"yoast_head":"<!-- This site is optimized with the Yoast SEO plugin v25.3.1 - https:\/\/yoast.com\/wordpress\/plugins\/seo\/ -->\n<title>Kurti n\u00eb takim me kryeministrin e Armenis\u00eb: Paqja ka nevoj\u00eb p\u00ebr aleanc\u00ebn e demokracive -<\/title>\n<meta name=\"robots\" content=\"index, follow, max-snippet:-1, max-image-preview:large, max-video-preview:-1\" \/>\n<link rel=\"canonical\" href=\"https:\/\/veritasinfo.org\/?p=46247\" \/>\n<meta property=\"og:locale\" content=\"en_US\" \/>\n<meta property=\"og:type\" content=\"article\" \/>\n<meta property=\"og:title\" content=\"Kurti n\u00eb takim me kryeministrin e Armenis\u00eb: Paqja ka nevoj\u00eb p\u00ebr aleanc\u00ebn e demokracive -\" \/>\n<meta property=\"og:description\" content=\"Prishtin\u00eb 3 Maj 2026 17:13 Kryeministri n\u00eb detyr\u00eb i Republik\u00ebs s\u00eb Kosov\u00ebs, Albin Kurti, u prit n\u00eb takim bilateral n\u00eb Qeverin\u00eb e Republik\u00ebs s\u00eb Armenis\u00eb\" \/>\n<meta property=\"og:url\" content=\"https:\/\/veritasinfo.org\/?p=46247\" \/>\n<meta property=\"article:published_time\" content=\"2026-05-03T15:15:14+00:00\" \/>\n<meta property=\"og:image\" content=\"https:\/\/veritasinfo.org\/wp-content\/uploads\/2026\/05\/3.5.2026-ZKM-2-1536x1024-1.jpg\" \/>\n\t<meta property=\"og:image:width\" content=\"1536\" \/>\n\t<meta property=\"og:image:height\" content=\"1024\" \/>\n\t<meta property=\"og:image:type\" content=\"image\/jpeg\" \/>\n<meta name=\"author\" content=\"US5\" \/>\n<meta name=\"twitter:card\" content=\"summary_large_image\" \/>\n<meta name=\"twitter:label1\" content=\"Written by\" \/>\n\t<meta name=\"twitter:data1\" content=\"US5\" \/>\n\t<meta name=\"twitter:label2\" content=\"Est. reading time\" \/>\n\t<meta name=\"twitter:data2\" content=\"1 minute\" \/>\n<script type=\"application\/ld+json\" class=\"yoast-schema-graph\">{\"@context\":\"https:\/\/schema.org\",\"@graph\":[{\"@type\":\"WebPage\",\"@id\":\"https:\/\/veritasinfo.org\/?p=46247\",\"url\":\"https:\/\/veritasinfo.org\/?p=46247\",\"name\":\"Kurti n\u00eb takim me kryeministrin e Armenis\u00eb: Paqja ka nevoj\u00eb p\u00ebr aleanc\u00ebn e demokracive -\",\"isPartOf\":{\"@id\":\"https:\/\/veritasinfo.org\/#website\"},\"primaryImageOfPage\":{\"@id\":\"https:\/\/veritasinfo.org\/?p=46247#primaryimage\"},\"image\":{\"@id\":\"https:\/\/veritasinfo.org\/?p=46247#primaryimage\"},\"thumbnailUrl\":\"https:\/\/veritasinfo.org\/wp-content\/uploads\/2026\/05\/3.5.2026-ZKM-2-1536x1024-1.jpg\",\"datePublished\":\"2026-05-03T15:15:14+00:00\",\"author\":{\"@id\":\"https:\/\/veritasinfo.org\/#\/schema\/person\/bc442336e35414d04494ab8fb45db4c6\"},\"breadcrumb\":{\"@id\":\"https:\/\/veritasinfo.org\/?p=46247#breadcrumb\"},\"inLanguage\":\"en-US\",\"potentialAction\":[{\"@type\":\"ReadAction\",\"target\":[\"https:\/\/veritasinfo.org\/?p=46247\"]}]},{\"@type\":\"ImageObject\",\"inLanguage\":\"en-US\",\"@id\":\"https:\/\/veritasinfo.org\/?p=46247#primaryimage\",\"url\":\"https:\/\/veritasinfo.org\/wp-content\/uploads\/2026\/05\/3.5.2026-ZKM-2-1536x1024-1.jpg\",\"contentUrl\":\"https:\/\/veritasinfo.org\/wp-content\/uploads\/2026\/05\/3.5.2026-ZKM-2-1536x1024-1.jpg\",\"width\":1536,\"height\":1024},{\"@type\":\"BreadcrumbList\",\"@id\":\"https:\/\/veritasinfo.org\/?p=46247#breadcrumb\",\"itemListElement\":[{\"@type\":\"ListItem\",\"position\":1,\"name\":\"Home\",\"item\":\"https:\/\/veritasinfo.org\/\"},{\"@type\":\"ListItem\",\"position\":2,\"name\":\"Kurti n\u00eb takim me kryeministrin e Armenis\u00eb: Paqja ka nevoj\u00eb p\u00ebr aleanc\u00ebn e demokracive\"}]},{\"@type\":\"WebSite\",\"@id\":\"https:\/\/veritasinfo.org\/#website\",\"url\":\"https:\/\/veritasinfo.org\/\",\"name\":\"\",\"description\":\"\",\"potentialAction\":[{\"@type\":\"SearchAction\",\"target\":{\"@type\":\"EntryPoint\",\"urlTemplate\":\"https:\/\/veritasinfo.org\/?s={search_term_string}\"},\"query-input\":{\"@type\":\"PropertyValueSpecification\",\"valueRequired\":true,\"valueName\":\"search_term_string\"}}],\"inLanguage\":\"en-US\"},{\"@type\":\"Person\",\"@id\":\"https:\/\/veritasinfo.org\/#\/schema\/person\/bc442336e35414d04494ab8fb45db4c6\",\"name\":\"US5\",\"image\":{\"@type\":\"ImageObject\",\"inLanguage\":\"en-US\",\"@id\":\"https:\/\/veritasinfo.org\/#\/schema\/person\/image\/\",\"url\":\"https:\/\/secure.gravatar.com\/avatar\/16a61e7272a0c5d001121ebb9e60e925d5816e4ac1e443ed3e640d9a6ae55d0c?s=96&d=mm&r=g\",\"contentUrl\":\"https:\/\/secure.gravatar.com\/avatar\/16a61e7272a0c5d001121ebb9e60e925d5816e4ac1e443ed3e640d9a6ae55d0c?s=96&d=mm&r=g\",\"caption\":\"US5\"},\"url\":\"https:\/\/veritasinfo.org\/?author=6\"}]}<\/script>\n<!-- \/ Yoast SEO plugin. -->","yoast_head_json":{"title":"Kurti n\u00eb takim me kryeministrin e Armenis\u00eb: Paqja ka nevoj\u00eb p\u00ebr aleanc\u00ebn e demokracive -","robots":{"index":"index","follow":"follow","max-snippet":"max-snippet:-1","max-image-preview":"max-image-preview:large","max-video-preview":"max-video-preview:-1"},"canonical":"https:\/\/veritasinfo.org\/?p=46247","og_locale":"en_US","og_type":"article","og_title":"Kurti n\u00eb takim me kryeministrin e Armenis\u00eb: Paqja ka nevoj\u00eb p\u00ebr aleanc\u00ebn e demokracive -","og_description":"Prishtin\u00eb 3 Maj 2026 17:13 Kryeministri n\u00eb detyr\u00eb i Republik\u00ebs s\u00eb Kosov\u00ebs, Albin Kurti, u prit n\u00eb takim bilateral n\u00eb Qeverin\u00eb e Republik\u00ebs s\u00eb Armenis\u00eb","og_url":"https:\/\/veritasinfo.org\/?p=46247","article_published_time":"2026-05-03T15:15:14+00:00","og_image":[{"width":1536,"height":1024,"url":"https:\/\/veritasinfo.org\/wp-content\/uploads\/2026\/05\/3.5.2026-ZKM-2-1536x1024-1.jpg","type":"image\/jpeg"}],"author":"US5","twitter_card":"summary_large_image","twitter_misc":{"Written by":"US5","Est. reading time":"1 minute"},"schema":{"@context":"https:\/\/schema.org","@graph":[{"@type":"WebPage","@id":"https:\/\/veritasinfo.org\/?p=46247","url":"https:\/\/veritasinfo.org\/?p=46247","name":"Kurti n\u00eb takim me kryeministrin e Armenis\u00eb: Paqja ka nevoj\u00eb p\u00ebr aleanc\u00ebn e demokracive -","isPartOf":{"@id":"https:\/\/veritasinfo.org\/#website"},"primaryImageOfPage":{"@id":"https:\/\/veritasinfo.org\/?p=46247#primaryimage"},"image":{"@id":"https:\/\/veritasinfo.org\/?p=46247#primaryimage"},"thumbnailUrl":"https:\/\/veritasinfo.org\/wp-content\/uploads\/2026\/05\/3.5.2026-ZKM-2-1536x1024-1.jpg","datePublished":"2026-05-03T15:15:14+00:00","author":{"@id":"https:\/\/veritasinfo.org\/#\/schema\/person\/bc442336e35414d04494ab8fb45db4c6"},"breadcrumb":{"@id":"https:\/\/veritasinfo.org\/?p=46247#breadcrumb"},"inLanguage":"en-US","potentialAction":[{"@type":"ReadAction","target":["https:\/\/veritasinfo.org\/?p=46247"]}]},{"@type":"ImageObject","inLanguage":"en-US","@id":"https:\/\/veritasinfo.org\/?p=46247#primaryimage","url":"https:\/\/veritasinfo.org\/wp-content\/uploads\/2026\/05\/3.5.2026-ZKM-2-1536x1024-1.jpg","contentUrl":"https:\/\/veritasinfo.org\/wp-content\/uploads\/2026\/05\/3.5.2026-ZKM-2-1536x1024-1.jpg","width":1536,"height":1024},{"@type":"BreadcrumbList","@id":"https:\/\/veritasinfo.org\/?p=46247#breadcrumb","itemListElement":[{"@type":"ListItem","position":1,"name":"Home","item":"https:\/\/veritasinfo.org\/"},{"@type":"ListItem","position":2,"name":"Kurti n\u00eb takim me kryeministrin e Armenis\u00eb: Paqja ka nevoj\u00eb p\u00ebr aleanc\u00ebn e demokracive"}]},{"@type":"WebSite","@id":"https:\/\/veritasinfo.org\/#website","url":"https:\/\/veritasinfo.org\/","name":"","description":"","potentialAction":[{"@type":"SearchAction","target":{"@type":"EntryPoint","urlTemplate":"https:\/\/veritasinfo.org\/?s={search_term_string}"},"query-input":{"@type":"PropertyValueSpecification","valueRequired":true,"valueName":"search_term_string"}}],"inLanguage":"en-US"},{"@type":"Person","@id":"https:\/\/veritasinfo.org\/#\/schema\/person\/bc442336e35414d04494ab8fb45db4c6","name":"US5","image":{"@type":"ImageObject","inLanguage":"en-US","@id":"https:\/\/veritasinfo.org\/#\/schema\/person\/image\/","url":"https:\/\/secure.gravatar.com\/avatar\/16a61e7272a0c5d001121ebb9e60e925d5816e4ac1e443ed3e640d9a6ae55d0c?s=96&d=mm&r=g","contentUrl":"https:\/\/secure.gravatar.com\/avatar\/16a61e7272a0c5d001121ebb9e60e925d5816e4ac1e443ed3e640d9a6ae55d0c?s=96&d=mm&r=g","caption":"US5"},"url":"https:\/\/veritasinfo.org\/?author=6"}]}},"featured_image_urls":{"full":["https:\/\/veritasinfo.org\/wp-content\/uploads\/2026\/05\/3.5.2026-ZKM-2-1536x1024-1.jpg",1536,1024,false],"thumbnail":["https:\/\/veritasinfo.org\/wp-content\/uploads\/2026\/05\/3.5.2026-ZKM-2-1536x1024-1-150x150.jpg",150,150,true],"medium":["https:\/\/veritasinfo.org\/wp-content\/uploads\/2026\/05\/3.5.2026-ZKM-2-1536x1024-1-300x200.jpg",300,200,true],"medium_large":["https:\/\/veritasinfo.org\/wp-content\/uploads\/2026\/05\/3.5.2026-ZKM-2-1536x1024-1-768x512.jpg",640,427,true],"large":["https:\/\/veritasinfo.org\/wp-content\/uploads\/2026\/05\/3.5.2026-ZKM-2-1536x1024-1-1024x683.jpg",640,427,true],"1536x1536":["https:\/\/veritasinfo.org\/wp-content\/uploads\/2026\/05\/3.5.2026-ZKM-2-1536x1024-1.jpg",1536,1024,false],"2048x2048":["https:\/\/veritasinfo.org\/wp-content\/uploads\/2026\/05\/3.5.2026-ZKM-2-1536x1024-1.jpg",1536,1024,false],"kreeti-slider-full":["https:\/\/veritasinfo.org\/wp-content\/uploads\/2026\/05\/3.5.2026-ZKM-2-1536x1024-1-1280x720.jpg",1280,720,true],"kreeti-featured":["https:\/\/veritasinfo.org\/wp-content\/uploads\/2026\/05\/3.5.2026-ZKM-2-1536x1024-1-1024x683.jpg",1024,683,true],"kreeti-medium":["https:\/\/veritasinfo.org\/wp-content\/uploads\/2026\/05\/3.5.2026-ZKM-2-1536x1024-1-720x530.jpg",720,530,true],"kreeti-medium-square":["https:\/\/veritasinfo.org\/wp-content\/uploads\/2026\/05\/3.5.2026-ZKM-2-1536x1024-1-350x350.jpg",350,350,true]},"author_info":{"info":["US5"]},"category_info":"<a href=\"https:\/\/veritasinfo.org\/?cat=58\" rel=\"category\">Politik\u00eb<\/a>","tag_info":"Politik\u00eb","comment_count":"0","_links":{"self":[{"href":"https:\/\/veritasinfo.org\/index.php?rest_route=\/wp\/v2\/posts\/46247","targetHints":{"allow":["GET"]}}],"collection":[{"href":"https:\/\/veritasinfo.org\/index.php?rest_route=\/wp\/v2\/posts"}],"about":[{"href":"https:\/\/veritasinfo.org\/index.php?rest_route=\/wp\/v2\/types\/post"}],"author":[{"embeddable":true,"href":"https:\/\/veritasinfo.org\/index.php?rest_route=\/wp\/v2\/users\/6"}],"replies":[{"embeddable":true,"href":"https:\/\/veritasinfo.org\/index.php?rest_route=%2Fwp%2Fv2%2Fcomments&post=46247"}],"version-history":[{"count":3,"href":"https:\/\/veritasinfo.org\/index.php?rest_route=\/wp\/v2\/posts\/46247\/revisions"}],"predecessor-version":[{"id":46251,"href":"https:\/\/veritasinfo.org\/index.php?rest_route=\/wp\/v2\/posts\/46247\/revisions\/46251"}],"wp:featuredmedia":[{"embeddable":true,"href":"https:\/\/veritasinfo.org\/index.php?rest_route=\/wp\/v2\/media\/46248"}],"wp:attachment":[{"href":"https:\/\/veritasinfo.org\/index.php?rest_route=%2Fwp%2Fv2%2Fmedia&parent=46247"}],"wp:term":[{"taxonomy":"category","embeddable":true,"href":"https:\/\/veritasinfo.org\/index.php?rest_route=%2Fwp%2Fv2%2Fcategories&post=46247"},{"taxonomy":"post_tag","embeddable":true,"href":"https:\/\/veritasinfo.org\/index.php?rest_route=%2Fwp%2Fv2%2Ftags&post=46247"}],"curies":[{"name":"wp","href":"https:\/\/api.w.org\/{rel}","templated":true}]}}