{"id":46230,"date":"2026-05-03T14:52:30","date_gmt":"2026-05-03T12:52:30","guid":{"rendered":"https:\/\/veritasinfo.org\/?p=46230"},"modified":"2026-05-03T14:52:30","modified_gmt":"2026-05-03T12:52:30","slug":"haxhiu-ne-diten-e-lirise-se-shtypit-gazetaria-me-integritet-eshte-thelb-per-demokracine","status":"publish","type":"post","link":"https:\/\/veritasinfo.org\/?p=46230","title":{"rendered":"Haxhiu n\u00eb Dit\u00ebn e Liris\u00eb s\u00eb Shtypit: Gazetaria me integritet \u00ebsht\u00eb thelb p\u00ebr demokracin\u00eb"},"content":{"rendered":"<p>Prishtin\u00eb 3 Maj 2026 14:50<\/p>\n<p>Ushtruesja e detyr\u00ebs s\u00eb presidentes, Albulena Haxhiu, ka sh\u00ebnuar Dit\u00ebn Bot\u00ebrore t\u00eb Liris\u00eb s\u00eb Shtypit duke shprehur mir\u00ebnjohje p\u00ebr gazetar\u00ebt dhe punonj\u00ebsit e mediave q\u00eb kontribuojn\u00eb n\u00eb informimin e drejt\u00eb t\u00eb publikut.<\/p>\n<p>Ajo theksoi se n\u00eb nj\u00eb koh\u00eb me rit\u00ebm t\u00eb shpejt\u00eb t\u00eb shp\u00ebrndarjes s\u00eb informacionit, b\u00ebhet gjithnj\u00eb e m\u00eb sfiduese dallimi mes fakteve dhe interpretimeve.<\/p>\n<p>Haxhiu n\u00ebnvizoi se mediat profesionale dhe gazetar\u00ebt e p\u00ebrkushtuar kan\u00eb rol ky\u00e7 n\u00eb ruajtjen e s\u00eb v\u00ebrtet\u00ebs dhe n\u00eb orientimin e qytetar\u00ebve, duke paralajm\u00ebruar se p\u00ebrzierja e lajmit me manipulimin dhe p\u00ebrhapja e gjysm\u00eb t\u00eb v\u00ebrtetave d\u00ebmton besimin publik dhe dob\u00ebson demokracin\u00eb.<\/p>\n<p>Sipas saj, gazetaria me integritet mbetet nj\u00eb shtyll\u00eb e r\u00ebnd\u00ebsishme p\u00ebr funksionimin e nj\u00eb shoq\u00ebrie demokratike.<\/p>\n<p>\u201cHap\u00ebsira publike ka nevoj\u00eb p\u00ebr ndershm\u00ebri, p\u00ebr fakte, p\u00ebr verifikim dhe p\u00ebrgjegj\u00ebsi. K\u00ebto jan\u00eb vlera q\u00eb e forcojn\u00eb besimin dhe e mbajn\u00eb t\u00eb sh\u00ebndetshme demokracin\u00eb ton\u00eb. Fal\u00ebnderoj t\u00eb gjith\u00eb punonj\u00ebsit e mediave q\u00eb verifikojn\u00eb faktet, transmetojn\u00eb lajmet dhe i sh\u00ebrbejn\u00eb publikut me ndershm\u00ebri! Gazetaria me integritet \u00ebsht\u00eb sh\u00ebrbim p\u00ebr qytetar\u00ebt dhe p\u00ebr Republik\u00ebn\u201d, thuhet n\u00eb postimin e saj.<\/p>\n","protected":false},"excerpt":{"rendered":"<p>Prishtin\u00eb 3 Maj 2026 14:50 Ushtruesja e detyr\u00ebs s\u00eb presidentes, Albulena Haxhiu, ka sh\u00ebnuar Dit\u00ebn Bot\u00ebrore t\u00eb Liris\u00eb s\u00eb Shtypit duke shprehur mir\u00ebnjohje p\u00ebr gazetar\u00ebt<\/p>\n","protected":false},"author":6,"featured_media":46231,"comment_status":"open","ping_status":"open","sticky":false,"template":"","format":"standard","meta":{"footnotes":""},"categories":[60],"tags":[],"class_list":["post-46230","post","type-post","status-publish","format-standard","has-post-thumbnail","hentry","category-shoqerore-sq"],"yoast_head":"<!-- This site is optimized with the Yoast SEO plugin v25.3.1 - https:\/\/yoast.com\/wordpress\/plugins\/seo\/ -->\n<title>Haxhiu n\u00eb Dit\u00ebn e Liris\u00eb s\u00eb Shtypit: Gazetaria me integritet \u00ebsht\u00eb thelb p\u00ebr demokracin\u00eb -<\/title>\n<meta name=\"robots\" content=\"index, follow, max-snippet:-1, max-image-preview:large, max-video-preview:-1\" \/>\n<link rel=\"canonical\" href=\"https:\/\/veritasinfo.org\/?p=46230\" \/>\n<meta property=\"og:locale\" content=\"en_US\" \/>\n<meta property=\"og:type\" content=\"article\" \/>\n<meta property=\"og:title\" content=\"Haxhiu n\u00eb Dit\u00ebn e Liris\u00eb s\u00eb Shtypit: Gazetaria me integritet \u00ebsht\u00eb thelb p\u00ebr demokracin\u00eb -\" \/>\n<meta property=\"og:description\" content=\"Prishtin\u00eb 3 Maj 2026 14:50 Ushtruesja e detyr\u00ebs s\u00eb presidentes, Albulena Haxhiu, ka sh\u00ebnuar Dit\u00ebn Bot\u00ebrore t\u00eb Liris\u00eb s\u00eb Shtypit duke shprehur mir\u00ebnjohje p\u00ebr gazetar\u00ebt\" \/>\n<meta property=\"og:url\" content=\"https:\/\/veritasinfo.org\/?p=46230\" \/>\n<meta property=\"article:published_time\" content=\"2026-05-03T12:52:30+00:00\" \/>\n<meta property=\"og:image\" content=\"https:\/\/veritasinfo.org\/wp-content\/uploads\/2026\/05\/IMG-20260503-WA0004.jpg\" \/>\n\t<meta property=\"og:image:width\" content=\"1139\" \/>\n\t<meta property=\"og:image:height\" content=\"570\" \/>\n\t<meta property=\"og:image:type\" content=\"image\/jpeg\" \/>\n<meta name=\"author\" content=\"US5\" \/>\n<meta name=\"twitter:card\" content=\"summary_large_image\" \/>\n<meta name=\"twitter:label1\" content=\"Written by\" \/>\n\t<meta name=\"twitter:data1\" content=\"US5\" \/>\n\t<meta name=\"twitter:label2\" content=\"Est. reading time\" \/>\n\t<meta name=\"twitter:data2\" content=\"1 minute\" \/>\n<script type=\"application\/ld+json\" class=\"yoast-schema-graph\">{\"@context\":\"https:\/\/schema.org\",\"@graph\":[{\"@type\":\"WebPage\",\"@id\":\"https:\/\/veritasinfo.org\/?p=46230\",\"url\":\"https:\/\/veritasinfo.org\/?p=46230\",\"name\":\"Haxhiu n\u00eb Dit\u00ebn e Liris\u00eb s\u00eb Shtypit: Gazetaria me integritet \u00ebsht\u00eb thelb p\u00ebr demokracin\u00eb -\",\"isPartOf\":{\"@id\":\"https:\/\/veritasinfo.org\/#website\"},\"primaryImageOfPage\":{\"@id\":\"https:\/\/veritasinfo.org\/?p=46230#primaryimage\"},\"image\":{\"@id\":\"https:\/\/veritasinfo.org\/?p=46230#primaryimage\"},\"thumbnailUrl\":\"https:\/\/veritasinfo.org\/wp-content\/uploads\/2026\/05\/IMG-20260503-WA0004.jpg\",\"datePublished\":\"2026-05-03T12:52:30+00:00\",\"author\":{\"@id\":\"https:\/\/veritasinfo.org\/#\/schema\/person\/bc442336e35414d04494ab8fb45db4c6\"},\"breadcrumb\":{\"@id\":\"https:\/\/veritasinfo.org\/?p=46230#breadcrumb\"},\"inLanguage\":\"en-US\",\"potentialAction\":[{\"@type\":\"ReadAction\",\"target\":[\"https:\/\/veritasinfo.org\/?p=46230\"]}]},{\"@type\":\"ImageObject\",\"inLanguage\":\"en-US\",\"@id\":\"https:\/\/veritasinfo.org\/?p=46230#primaryimage\",\"url\":\"https:\/\/veritasinfo.org\/wp-content\/uploads\/2026\/05\/IMG-20260503-WA0004.jpg\",\"contentUrl\":\"https:\/\/veritasinfo.org\/wp-content\/uploads\/2026\/05\/IMG-20260503-WA0004.jpg\",\"width\":1139,\"height\":570},{\"@type\":\"BreadcrumbList\",\"@id\":\"https:\/\/veritasinfo.org\/?p=46230#breadcrumb\",\"itemListElement\":[{\"@type\":\"ListItem\",\"position\":1,\"name\":\"Home\",\"item\":\"https:\/\/veritasinfo.org\/\"},{\"@type\":\"ListItem\",\"position\":2,\"name\":\"Haxhiu n\u00eb Dit\u00ebn e Liris\u00eb s\u00eb Shtypit: Gazetaria me integritet \u00ebsht\u00eb thelb p\u00ebr demokracin\u00eb\"}]},{\"@type\":\"WebSite\",\"@id\":\"https:\/\/veritasinfo.org\/#website\",\"url\":\"https:\/\/veritasinfo.org\/\",\"name\":\"\",\"description\":\"\",\"potentialAction\":[{\"@type\":\"SearchAction\",\"target\":{\"@type\":\"EntryPoint\",\"urlTemplate\":\"https:\/\/veritasinfo.org\/?s={search_term_string}\"},\"query-input\":{\"@type\":\"PropertyValueSpecification\",\"valueRequired\":true,\"valueName\":\"search_term_string\"}}],\"inLanguage\":\"en-US\"},{\"@type\":\"Person\",\"@id\":\"https:\/\/veritasinfo.org\/#\/schema\/person\/bc442336e35414d04494ab8fb45db4c6\",\"name\":\"US5\",\"image\":{\"@type\":\"ImageObject\",\"inLanguage\":\"en-US\",\"@id\":\"https:\/\/veritasinfo.org\/#\/schema\/person\/image\/\",\"url\":\"https:\/\/secure.gravatar.com\/avatar\/16a61e7272a0c5d001121ebb9e60e925d5816e4ac1e443ed3e640d9a6ae55d0c?s=96&d=mm&r=g\",\"contentUrl\":\"https:\/\/secure.gravatar.com\/avatar\/16a61e7272a0c5d001121ebb9e60e925d5816e4ac1e443ed3e640d9a6ae55d0c?s=96&d=mm&r=g\",\"caption\":\"US5\"},\"url\":\"https:\/\/veritasinfo.org\/?author=6\"}]}<\/script>\n<!-- \/ Yoast SEO plugin. -->","yoast_head_json":{"title":"Haxhiu n\u00eb Dit\u00ebn e Liris\u00eb s\u00eb Shtypit: Gazetaria me integritet \u00ebsht\u00eb thelb p\u00ebr demokracin\u00eb -","robots":{"index":"index","follow":"follow","max-snippet":"max-snippet:-1","max-image-preview":"max-image-preview:large","max-video-preview":"max-video-preview:-1"},"canonical":"https:\/\/veritasinfo.org\/?p=46230","og_locale":"en_US","og_type":"article","og_title":"Haxhiu n\u00eb Dit\u00ebn e Liris\u00eb s\u00eb Shtypit: Gazetaria me integritet \u00ebsht\u00eb thelb p\u00ebr demokracin\u00eb -","og_description":"Prishtin\u00eb 3 Maj 2026 14:50 Ushtruesja e detyr\u00ebs s\u00eb presidentes, Albulena Haxhiu, ka sh\u00ebnuar Dit\u00ebn Bot\u00ebrore t\u00eb Liris\u00eb s\u00eb Shtypit duke shprehur mir\u00ebnjohje p\u00ebr gazetar\u00ebt","og_url":"https:\/\/veritasinfo.org\/?p=46230","article_published_time":"2026-05-03T12:52:30+00:00","og_image":[{"width":1139,"height":570,"url":"https:\/\/veritasinfo.org\/wp-content\/uploads\/2026\/05\/IMG-20260503-WA0004.jpg","type":"image\/jpeg"}],"author":"US5","twitter_card":"summary_large_image","twitter_misc":{"Written by":"US5","Est. reading time":"1 minute"},"schema":{"@context":"https:\/\/schema.org","@graph":[{"@type":"WebPage","@id":"https:\/\/veritasinfo.org\/?p=46230","url":"https:\/\/veritasinfo.org\/?p=46230","name":"Haxhiu n\u00eb Dit\u00ebn e Liris\u00eb s\u00eb Shtypit: Gazetaria me integritet \u00ebsht\u00eb thelb p\u00ebr demokracin\u00eb -","isPartOf":{"@id":"https:\/\/veritasinfo.org\/#website"},"primaryImageOfPage":{"@id":"https:\/\/veritasinfo.org\/?p=46230#primaryimage"},"image":{"@id":"https:\/\/veritasinfo.org\/?p=46230#primaryimage"},"thumbnailUrl":"https:\/\/veritasinfo.org\/wp-content\/uploads\/2026\/05\/IMG-20260503-WA0004.jpg","datePublished":"2026-05-03T12:52:30+00:00","author":{"@id":"https:\/\/veritasinfo.org\/#\/schema\/person\/bc442336e35414d04494ab8fb45db4c6"},"breadcrumb":{"@id":"https:\/\/veritasinfo.org\/?p=46230#breadcrumb"},"inLanguage":"en-US","potentialAction":[{"@type":"ReadAction","target":["https:\/\/veritasinfo.org\/?p=46230"]}]},{"@type":"ImageObject","inLanguage":"en-US","@id":"https:\/\/veritasinfo.org\/?p=46230#primaryimage","url":"https:\/\/veritasinfo.org\/wp-content\/uploads\/2026\/05\/IMG-20260503-WA0004.jpg","contentUrl":"https:\/\/veritasinfo.org\/wp-content\/uploads\/2026\/05\/IMG-20260503-WA0004.jpg","width":1139,"height":570},{"@type":"BreadcrumbList","@id":"https:\/\/veritasinfo.org\/?p=46230#breadcrumb","itemListElement":[{"@type":"ListItem","position":1,"name":"Home","item":"https:\/\/veritasinfo.org\/"},{"@type":"ListItem","position":2,"name":"Haxhiu n\u00eb Dit\u00ebn e Liris\u00eb s\u00eb Shtypit: Gazetaria me integritet \u00ebsht\u00eb thelb p\u00ebr demokracin\u00eb"}]},{"@type":"WebSite","@id":"https:\/\/veritasinfo.org\/#website","url":"https:\/\/veritasinfo.org\/","name":"","description":"","potentialAction":[{"@type":"SearchAction","target":{"@type":"EntryPoint","urlTemplate":"https:\/\/veritasinfo.org\/?s={search_term_string}"},"query-input":{"@type":"PropertyValueSpecification","valueRequired":true,"valueName":"search_term_string"}}],"inLanguage":"en-US"},{"@type":"Person","@id":"https:\/\/veritasinfo.org\/#\/schema\/person\/bc442336e35414d04494ab8fb45db4c6","name":"US5","image":{"@type":"ImageObject","inLanguage":"en-US","@id":"https:\/\/veritasinfo.org\/#\/schema\/person\/image\/","url":"https:\/\/secure.gravatar.com\/avatar\/16a61e7272a0c5d001121ebb9e60e925d5816e4ac1e443ed3e640d9a6ae55d0c?s=96&d=mm&r=g","contentUrl":"https:\/\/secure.gravatar.com\/avatar\/16a61e7272a0c5d001121ebb9e60e925d5816e4ac1e443ed3e640d9a6ae55d0c?s=96&d=mm&r=g","caption":"US5"},"url":"https:\/\/veritasinfo.org\/?author=6"}]}},"featured_image_urls":{"full":["https:\/\/veritasinfo.org\/wp-content\/uploads\/2026\/05\/IMG-20260503-WA0004.jpg",1139,570,false],"thumbnail":["https:\/\/veritasinfo.org\/wp-content\/uploads\/2026\/05\/IMG-20260503-WA0004-150x150.jpg",150,150,true],"medium":["https:\/\/veritasinfo.org\/wp-content\/uploads\/2026\/05\/IMG-20260503-WA0004-300x150.jpg",300,150,true],"medium_large":["https:\/\/veritasinfo.org\/wp-content\/uploads\/2026\/05\/IMG-20260503-WA0004-768x384.jpg",640,320,true],"large":["https:\/\/veritasinfo.org\/wp-content\/uploads\/2026\/05\/IMG-20260503-WA0004-1024x512.jpg",640,320,true],"1536x1536":["https:\/\/veritasinfo.org\/wp-content\/uploads\/2026\/05\/IMG-20260503-WA0004.jpg",1139,570,false],"2048x2048":["https:\/\/veritasinfo.org\/wp-content\/uploads\/2026\/05\/IMG-20260503-WA0004.jpg",1139,570,false],"kreeti-slider-full":["https:\/\/veritasinfo.org\/wp-content\/uploads\/2026\/05\/IMG-20260503-WA0004.jpg",1139,570,false],"kreeti-featured":["https:\/\/veritasinfo.org\/wp-content\/uploads\/2026\/05\/IMG-20260503-WA0004-1024x512.jpg",1024,512,true],"kreeti-medium":["https:\/\/veritasinfo.org\/wp-content\/uploads\/2026\/05\/IMG-20260503-WA0004-720x530.jpg",720,530,true],"kreeti-medium-square":["https:\/\/veritasinfo.org\/wp-content\/uploads\/2026\/05\/IMG-20260503-WA0004-350x350.jpg",350,350,true]},"author_info":{"info":["US5"]},"category_info":"<a href=\"https:\/\/veritasinfo.org\/?cat=60\" rel=\"category\">Shoq\u00ebrore<\/a>","tag_info":"Shoq\u00ebrore","comment_count":"0","_links":{"self":[{"href":"https:\/\/veritasinfo.org\/index.php?rest_route=\/wp\/v2\/posts\/46230","targetHints":{"allow":["GET"]}}],"collection":[{"href":"https:\/\/veritasinfo.org\/index.php?rest_route=\/wp\/v2\/posts"}],"about":[{"href":"https:\/\/veritasinfo.org\/index.php?rest_route=\/wp\/v2\/types\/post"}],"author":[{"embeddable":true,"href":"https:\/\/veritasinfo.org\/index.php?rest_route=\/wp\/v2\/users\/6"}],"replies":[{"embeddable":true,"href":"https:\/\/veritasinfo.org\/index.php?rest_route=%2Fwp%2Fv2%2Fcomments&post=46230"}],"version-history":[{"count":2,"href":"https:\/\/veritasinfo.org\/index.php?rest_route=\/wp\/v2\/posts\/46230\/revisions"}],"predecessor-version":[{"id":46233,"href":"https:\/\/veritasinfo.org\/index.php?rest_route=\/wp\/v2\/posts\/46230\/revisions\/46233"}],"wp:featuredmedia":[{"embeddable":true,"href":"https:\/\/veritasinfo.org\/index.php?rest_route=\/wp\/v2\/media\/46231"}],"wp:attachment":[{"href":"https:\/\/veritasinfo.org\/index.php?rest_route=%2Fwp%2Fv2%2Fmedia&parent=46230"}],"wp:term":[{"taxonomy":"category","embeddable":true,"href":"https:\/\/veritasinfo.org\/index.php?rest_route=%2Fwp%2Fv2%2Fcategories&post=46230"},{"taxonomy":"post_tag","embeddable":true,"href":"https:\/\/veritasinfo.org\/index.php?rest_route=%2Fwp%2Fv2%2Ftags&post=46230"}],"curies":[{"name":"wp","href":"https:\/\/api.w.org\/{rel}","templated":true}]}}