{"id":46158,"date":"2026-05-03T09:14:44","date_gmt":"2026-05-03T07:14:44","guid":{"rendered":"https:\/\/veritasinfo.org\/?p=46158"},"modified":"2026-05-03T09:14:44","modified_gmt":"2026-05-03T07:14:44","slug":"dhjete-vjet-nga-anetaresimi-i-kosoves-ne-uefa","status":"publish","type":"post","link":"https:\/\/veritasinfo.org\/?p=46158","title":{"rendered":"Dhjet\u00eb vjet nga an\u00ebtar\u00ebsimi i Kosov\u00ebs n\u00eb UEFA"},"content":{"rendered":"<p>Prishtin\u00eb 3 Maj 2026 9:13<\/p>\n<p>Sot jan\u00eb b\u00ebr\u00eb dhjet\u00eb vjet q\u00eb kur Kosova \u00ebsht\u00eb an\u00ebtar\u00ebsuar n\u00eb UEFA, duke u b\u00ebr\u00eb k\u00ebshtu an\u00ebtarja e 55-t\u00eb e k\u00ebsaj organizate evropiane t\u00eb futbollit.<\/p>\n<p>Me 28 vota pro, 24 kund\u00ebr dhe dy abstenime n\u00eb kongresin e UEFA-s n\u00eb Budapest, m\u00eb 3 maj 2016, Kosova u pranua si an\u00ebtare me t\u00eb drejta t\u00eb plota n\u00eb UEFA, transmeton Klankosova.tv.<\/p>\n<p>P\u00ebr ish-legjend\u00ebn e futbollit, n\u00eb at\u00eb koh\u00eb kreu i FFK-s\u00eb, Fadil Vokrri, pranimi i Kosov\u00ebs n\u00eb UEFA ishte drejt\u00ebsi e vonuar.<\/p>\n<p>Kujtojm\u00eb se kund\u00ebr an\u00ebtar\u00ebsimit t\u00eb Kosov\u00ebs n\u00eb UEFA ishte Serbia.<\/p>\n","protected":false},"excerpt":{"rendered":"<p>Prishtin\u00eb 3 Maj 2026 9:13 Sot jan\u00eb b\u00ebr\u00eb dhjet\u00eb vjet q\u00eb kur Kosova \u00ebsht\u00eb an\u00ebtar\u00ebsuar n\u00eb UEFA, duke u b\u00ebr\u00eb k\u00ebshtu an\u00ebtarja e 55-t\u00eb e<\/p>\n","protected":false},"author":6,"featured_media":46160,"comment_status":"open","ping_status":"open","sticky":false,"template":"","format":"standard","meta":{"footnotes":""},"categories":[5],"tags":[],"class_list":["post-46158","post","type-post","status-publish","format-standard","has-post-thumbnail","hentry","category-sport-sq"],"yoast_head":"<!-- This site is optimized with the Yoast SEO plugin v25.3.1 - https:\/\/yoast.com\/wordpress\/plugins\/seo\/ -->\n<title>Dhjet\u00eb vjet nga an\u00ebtar\u00ebsimi i Kosov\u00ebs n\u00eb UEFA -<\/title>\n<meta name=\"robots\" content=\"index, follow, max-snippet:-1, max-image-preview:large, max-video-preview:-1\" \/>\n<link rel=\"canonical\" href=\"https:\/\/veritasinfo.org\/?p=46158\" \/>\n<meta property=\"og:locale\" content=\"en_US\" \/>\n<meta property=\"og:type\" content=\"article\" \/>\n<meta property=\"og:title\" content=\"Dhjet\u00eb vjet nga an\u00ebtar\u00ebsimi i Kosov\u00ebs n\u00eb UEFA -\" \/>\n<meta property=\"og:description\" content=\"Prishtin\u00eb 3 Maj 2026 9:13 Sot jan\u00eb b\u00ebr\u00eb dhjet\u00eb vjet q\u00eb kur Kosova \u00ebsht\u00eb an\u00ebtar\u00ebsuar n\u00eb UEFA, duke u b\u00ebr\u00eb k\u00ebshtu an\u00ebtarja e 55-t\u00eb e\" \/>\n<meta property=\"og:url\" content=\"https:\/\/veritasinfo.org\/?p=46158\" \/>\n<meta property=\"article:published_time\" content=\"2026-05-03T07:14:44+00:00\" \/>\n<meta property=\"og:image\" content=\"https:\/\/veritasinfo.org\/wp-content\/uploads\/2026\/05\/06_05_2016_1188944_Foto1__1_.jpg\" \/>\n\t<meta property=\"og:image:width\" content=\"1500\" \/>\n\t<meta property=\"og:image:height\" content=\"1072\" \/>\n\t<meta property=\"og:image:type\" content=\"image\/jpeg\" \/>\n<meta name=\"author\" content=\"US5\" \/>\n<meta name=\"twitter:card\" content=\"summary_large_image\" \/>\n<meta name=\"twitter:label1\" content=\"Written by\" \/>\n\t<meta name=\"twitter:data1\" content=\"US5\" \/>\n\t<meta name=\"twitter:label2\" content=\"Est. reading time\" \/>\n\t<meta name=\"twitter:data2\" content=\"1 minute\" \/>\n<script type=\"application\/ld+json\" class=\"yoast-schema-graph\">{\"@context\":\"https:\/\/schema.org\",\"@graph\":[{\"@type\":\"WebPage\",\"@id\":\"https:\/\/veritasinfo.org\/?p=46158\",\"url\":\"https:\/\/veritasinfo.org\/?p=46158\",\"name\":\"Dhjet\u00eb vjet nga an\u00ebtar\u00ebsimi i Kosov\u00ebs n\u00eb UEFA -\",\"isPartOf\":{\"@id\":\"https:\/\/veritasinfo.org\/#website\"},\"primaryImageOfPage\":{\"@id\":\"https:\/\/veritasinfo.org\/?p=46158#primaryimage\"},\"image\":{\"@id\":\"https:\/\/veritasinfo.org\/?p=46158#primaryimage\"},\"thumbnailUrl\":\"https:\/\/veritasinfo.org\/wp-content\/uploads\/2026\/05\/06_05_2016_1188944_Foto1__1_.jpg\",\"datePublished\":\"2026-05-03T07:14:44+00:00\",\"author\":{\"@id\":\"https:\/\/veritasinfo.org\/#\/schema\/person\/bc442336e35414d04494ab8fb45db4c6\"},\"breadcrumb\":{\"@id\":\"https:\/\/veritasinfo.org\/?p=46158#breadcrumb\"},\"inLanguage\":\"en-US\",\"potentialAction\":[{\"@type\":\"ReadAction\",\"target\":[\"https:\/\/veritasinfo.org\/?p=46158\"]}]},{\"@type\":\"ImageObject\",\"inLanguage\":\"en-US\",\"@id\":\"https:\/\/veritasinfo.org\/?p=46158#primaryimage\",\"url\":\"https:\/\/veritasinfo.org\/wp-content\/uploads\/2026\/05\/06_05_2016_1188944_Foto1__1_.jpg\",\"contentUrl\":\"https:\/\/veritasinfo.org\/wp-content\/uploads\/2026\/05\/06_05_2016_1188944_Foto1__1_.jpg\",\"width\":1500,\"height\":1072},{\"@type\":\"BreadcrumbList\",\"@id\":\"https:\/\/veritasinfo.org\/?p=46158#breadcrumb\",\"itemListElement\":[{\"@type\":\"ListItem\",\"position\":1,\"name\":\"Home\",\"item\":\"https:\/\/veritasinfo.org\/\"},{\"@type\":\"ListItem\",\"position\":2,\"name\":\"Dhjet\u00eb vjet nga an\u00ebtar\u00ebsimi i Kosov\u00ebs n\u00eb UEFA\"}]},{\"@type\":\"WebSite\",\"@id\":\"https:\/\/veritasinfo.org\/#website\",\"url\":\"https:\/\/veritasinfo.org\/\",\"name\":\"\",\"description\":\"\",\"potentialAction\":[{\"@type\":\"SearchAction\",\"target\":{\"@type\":\"EntryPoint\",\"urlTemplate\":\"https:\/\/veritasinfo.org\/?s={search_term_string}\"},\"query-input\":{\"@type\":\"PropertyValueSpecification\",\"valueRequired\":true,\"valueName\":\"search_term_string\"}}],\"inLanguage\":\"en-US\"},{\"@type\":\"Person\",\"@id\":\"https:\/\/veritasinfo.org\/#\/schema\/person\/bc442336e35414d04494ab8fb45db4c6\",\"name\":\"US5\",\"image\":{\"@type\":\"ImageObject\",\"inLanguage\":\"en-US\",\"@id\":\"https:\/\/veritasinfo.org\/#\/schema\/person\/image\/\",\"url\":\"https:\/\/secure.gravatar.com\/avatar\/16a61e7272a0c5d001121ebb9e60e925d5816e4ac1e443ed3e640d9a6ae55d0c?s=96&d=mm&r=g\",\"contentUrl\":\"https:\/\/secure.gravatar.com\/avatar\/16a61e7272a0c5d001121ebb9e60e925d5816e4ac1e443ed3e640d9a6ae55d0c?s=96&d=mm&r=g\",\"caption\":\"US5\"},\"url\":\"https:\/\/veritasinfo.org\/?author=6\"}]}<\/script>\n<!-- \/ Yoast SEO plugin. -->","yoast_head_json":{"title":"Dhjet\u00eb vjet nga an\u00ebtar\u00ebsimi i Kosov\u00ebs n\u00eb UEFA -","robots":{"index":"index","follow":"follow","max-snippet":"max-snippet:-1","max-image-preview":"max-image-preview:large","max-video-preview":"max-video-preview:-1"},"canonical":"https:\/\/veritasinfo.org\/?p=46158","og_locale":"en_US","og_type":"article","og_title":"Dhjet\u00eb vjet nga an\u00ebtar\u00ebsimi i Kosov\u00ebs n\u00eb UEFA -","og_description":"Prishtin\u00eb 3 Maj 2026 9:13 Sot jan\u00eb b\u00ebr\u00eb dhjet\u00eb vjet q\u00eb kur Kosova \u00ebsht\u00eb an\u00ebtar\u00ebsuar n\u00eb UEFA, duke u b\u00ebr\u00eb k\u00ebshtu an\u00ebtarja e 55-t\u00eb e","og_url":"https:\/\/veritasinfo.org\/?p=46158","article_published_time":"2026-05-03T07:14:44+00:00","og_image":[{"width":1500,"height":1072,"url":"https:\/\/veritasinfo.org\/wp-content\/uploads\/2026\/05\/06_05_2016_1188944_Foto1__1_.jpg","type":"image\/jpeg"}],"author":"US5","twitter_card":"summary_large_image","twitter_misc":{"Written by":"US5","Est. reading time":"1 minute"},"schema":{"@context":"https:\/\/schema.org","@graph":[{"@type":"WebPage","@id":"https:\/\/veritasinfo.org\/?p=46158","url":"https:\/\/veritasinfo.org\/?p=46158","name":"Dhjet\u00eb vjet nga an\u00ebtar\u00ebsimi i Kosov\u00ebs n\u00eb UEFA -","isPartOf":{"@id":"https:\/\/veritasinfo.org\/#website"},"primaryImageOfPage":{"@id":"https:\/\/veritasinfo.org\/?p=46158#primaryimage"},"image":{"@id":"https:\/\/veritasinfo.org\/?p=46158#primaryimage"},"thumbnailUrl":"https:\/\/veritasinfo.org\/wp-content\/uploads\/2026\/05\/06_05_2016_1188944_Foto1__1_.jpg","datePublished":"2026-05-03T07:14:44+00:00","author":{"@id":"https:\/\/veritasinfo.org\/#\/schema\/person\/bc442336e35414d04494ab8fb45db4c6"},"breadcrumb":{"@id":"https:\/\/veritasinfo.org\/?p=46158#breadcrumb"},"inLanguage":"en-US","potentialAction":[{"@type":"ReadAction","target":["https:\/\/veritasinfo.org\/?p=46158"]}]},{"@type":"ImageObject","inLanguage":"en-US","@id":"https:\/\/veritasinfo.org\/?p=46158#primaryimage","url":"https:\/\/veritasinfo.org\/wp-content\/uploads\/2026\/05\/06_05_2016_1188944_Foto1__1_.jpg","contentUrl":"https:\/\/veritasinfo.org\/wp-content\/uploads\/2026\/05\/06_05_2016_1188944_Foto1__1_.jpg","width":1500,"height":1072},{"@type":"BreadcrumbList","@id":"https:\/\/veritasinfo.org\/?p=46158#breadcrumb","itemListElement":[{"@type":"ListItem","position":1,"name":"Home","item":"https:\/\/veritasinfo.org\/"},{"@type":"ListItem","position":2,"name":"Dhjet\u00eb vjet nga an\u00ebtar\u00ebsimi i Kosov\u00ebs n\u00eb UEFA"}]},{"@type":"WebSite","@id":"https:\/\/veritasinfo.org\/#website","url":"https:\/\/veritasinfo.org\/","name":"","description":"","potentialAction":[{"@type":"SearchAction","target":{"@type":"EntryPoint","urlTemplate":"https:\/\/veritasinfo.org\/?s={search_term_string}"},"query-input":{"@type":"PropertyValueSpecification","valueRequired":true,"valueName":"search_term_string"}}],"inLanguage":"en-US"},{"@type":"Person","@id":"https:\/\/veritasinfo.org\/#\/schema\/person\/bc442336e35414d04494ab8fb45db4c6","name":"US5","image":{"@type":"ImageObject","inLanguage":"en-US","@id":"https:\/\/veritasinfo.org\/#\/schema\/person\/image\/","url":"https:\/\/secure.gravatar.com\/avatar\/16a61e7272a0c5d001121ebb9e60e925d5816e4ac1e443ed3e640d9a6ae55d0c?s=96&d=mm&r=g","contentUrl":"https:\/\/secure.gravatar.com\/avatar\/16a61e7272a0c5d001121ebb9e60e925d5816e4ac1e443ed3e640d9a6ae55d0c?s=96&d=mm&r=g","caption":"US5"},"url":"https:\/\/veritasinfo.org\/?author=6"}]}},"featured_image_urls":{"full":["https:\/\/veritasinfo.org\/wp-content\/uploads\/2026\/05\/06_05_2016_1188944_Foto1__1_.jpg",1500,1072,false],"thumbnail":["https:\/\/veritasinfo.org\/wp-content\/uploads\/2026\/05\/06_05_2016_1188944_Foto1__1_-150x150.jpg",150,150,true],"medium":["https:\/\/veritasinfo.org\/wp-content\/uploads\/2026\/05\/06_05_2016_1188944_Foto1__1_-300x214.jpg",300,214,true],"medium_large":["https:\/\/veritasinfo.org\/wp-content\/uploads\/2026\/05\/06_05_2016_1188944_Foto1__1_-768x549.jpg",640,458,true],"large":["https:\/\/veritasinfo.org\/wp-content\/uploads\/2026\/05\/06_05_2016_1188944_Foto1__1_-1024x732.jpg",640,458,true],"1536x1536":["https:\/\/veritasinfo.org\/wp-content\/uploads\/2026\/05\/06_05_2016_1188944_Foto1__1_.jpg",1500,1072,false],"2048x2048":["https:\/\/veritasinfo.org\/wp-content\/uploads\/2026\/05\/06_05_2016_1188944_Foto1__1_.jpg",1500,1072,false],"kreeti-slider-full":["https:\/\/veritasinfo.org\/wp-content\/uploads\/2026\/05\/06_05_2016_1188944_Foto1__1_-1280x720.jpg",1280,720,true],"kreeti-featured":["https:\/\/veritasinfo.org\/wp-content\/uploads\/2026\/05\/06_05_2016_1188944_Foto1__1_-1024x732.jpg",1024,732,true],"kreeti-medium":["https:\/\/veritasinfo.org\/wp-content\/uploads\/2026\/05\/06_05_2016_1188944_Foto1__1_-720x530.jpg",720,530,true],"kreeti-medium-square":["https:\/\/veritasinfo.org\/wp-content\/uploads\/2026\/05\/06_05_2016_1188944_Foto1__1_-350x350.jpg",350,350,true]},"author_info":{"info":["US5"]},"category_info":"<a href=\"https:\/\/veritasinfo.org\/?cat=5\" rel=\"category\">Sport<\/a>","tag_info":"Sport","comment_count":"0","_links":{"self":[{"href":"https:\/\/veritasinfo.org\/index.php?rest_route=\/wp\/v2\/posts\/46158","targetHints":{"allow":["GET"]}}],"collection":[{"href":"https:\/\/veritasinfo.org\/index.php?rest_route=\/wp\/v2\/posts"}],"about":[{"href":"https:\/\/veritasinfo.org\/index.php?rest_route=\/wp\/v2\/types\/post"}],"author":[{"embeddable":true,"href":"https:\/\/veritasinfo.org\/index.php?rest_route=\/wp\/v2\/users\/6"}],"replies":[{"embeddable":true,"href":"https:\/\/veritasinfo.org\/index.php?rest_route=%2Fwp%2Fv2%2Fcomments&post=46158"}],"version-history":[{"count":2,"href":"https:\/\/veritasinfo.org\/index.php?rest_route=\/wp\/v2\/posts\/46158\/revisions"}],"predecessor-version":[{"id":46161,"href":"https:\/\/veritasinfo.org\/index.php?rest_route=\/wp\/v2\/posts\/46158\/revisions\/46161"}],"wp:featuredmedia":[{"embeddable":true,"href":"https:\/\/veritasinfo.org\/index.php?rest_route=\/wp\/v2\/media\/46160"}],"wp:attachment":[{"href":"https:\/\/veritasinfo.org\/index.php?rest_route=%2Fwp%2Fv2%2Fmedia&parent=46158"}],"wp:term":[{"taxonomy":"category","embeddable":true,"href":"https:\/\/veritasinfo.org\/index.php?rest_route=%2Fwp%2Fv2%2Fcategories&post=46158"},{"taxonomy":"post_tag","embeddable":true,"href":"https:\/\/veritasinfo.org\/index.php?rest_route=%2Fwp%2Fv2%2Ftags&post=46158"}],"curies":[{"name":"wp","href":"https:\/\/api.w.org\/{rel}","templated":true}]}}