{"id":46137,"date":"2026-05-03T08:51:09","date_gmt":"2026-05-03T06:51:09","guid":{"rendered":"https:\/\/veritasinfo.org\/?p=46137"},"modified":"2026-05-03T08:51:09","modified_gmt":"2026-05-03T06:51:09","slug":"bashkepunim-rajonal-ne-turizem-kosova-me-fqinje-synim-paketat-e-perbashketa-per-turiste","status":"publish","type":"post","link":"https:\/\/veritasinfo.org\/?p=46137","title":{"rendered":"Bashk\u00ebpunim rajonal n\u00eb turiz\u00ebm \u2013 Kosova me fqinj\u00eb, synim paketat e p\u00ebrbashk\u00ebta p\u00ebr turist\u00eb"},"content":{"rendered":"<p>Prishtin\u00eb, 3 maj 2026 08:49<\/p>\n<p>Kosova, Shqip\u00ebria, Maqedonia e Veriut dhe Mali i Zi po synojn\u00eb t\u00eb veprojn\u00eb me nj\u00eb qasje t\u00eb p\u00ebrbashk\u00ebt.<\/p>\n<p>P\u00ebrmes k\u00ebtij koordinimi, pritet t\u00eb krijohen paketa t\u00eb p\u00ebrbashk\u00ebta turistike p\u00ebr rajonin.<\/p>\n<p>P\u00ebr t\u00ebv\u00eb1 kryetari i unionit t\u00eb turizmit t\u00eb Kosoves Baki Hoti, ka treguar p\u00ebr gjitha marr\u00ebveshjet q\u00eb jan\u00eb b\u00ebr\u00eb s\u00eb fundmi n\u00eb k\u00ebt\u00eb aspekt.<\/p>\n<p>\u201cK\u00ebt\u00eb vit Unioni i Turizmit t\u00eb Kosov\u00ebs ka n\u00ebnshkruar tri memorandume bashk\u00ebpunimi gjat\u00eb k\u00ebtij viti, pra gjat\u00eb kat\u00ebr muajsh. Qysh n\u00eb janar, m\u00eb 20 janar t\u00eb vitit 2026, n\u00ebnshkruam marr\u00ebveshjen e bashk\u00ebpunimit me Institutin Amerikan AHLEI, i cili \u00ebsht\u00eb nj\u00eb nd\u00ebr institutet m\u00eb t\u00eb m\u00ebdha t\u00eb turizmit n\u00eb bot\u00eb, me selin\u00eb n\u00eb \u00c7ikago, por operon n\u00eb 100 shtete bot\u00ebrore. Q\u00ebllimi i k\u00ebtij memorandumi ka t\u00eb b\u00ebj\u00eb me ngritjen e kapaciteteve n\u00eb industrin\u00eb e sh\u00ebrbimeve, kryesisht n\u00eb sektorin e hoteleris\u00eb, agjencioneve turistike por edhe tek pjesa e gastronomis\u00eb\u201d, thot\u00eb Hoti.<\/p>\n<p>Sipas tij, bashk\u00ebpunimi rajonal \u00ebsht\u00eb nj\u00eb hap i r\u00ebnd\u00ebsish\u00ebm p\u00ebr tregun turistik.<\/p>\n<p>\u201cMemorandumi i par\u00eb ishte n\u00eb mes kat\u00ebr shteteve, n\u00eb mes t\u00eb Kosov\u00ebs, Shqip\u00ebris\u00eb, Maqedonis\u00eb s\u00eb Veriut dhe Malit t\u00eb Zi, ku si n\u00ebnshkrues t\u00eb marr\u00ebveshjes ishin edhe tre kryetar\u00eb t\u00eb komunave: kryetari i komun\u00ebs s\u00eb Prishtin\u00ebs, zoti Rama, kryetari i komun\u00ebs s\u00eb Ulqinit dhe kryetari i komun\u00ebs s\u00eb Strug\u00ebs. Dhe kjo marr\u00ebveshje ka t\u00eb b\u00ebj\u00eb kryesisht me koordinimin dhe me bashk\u00ebpunimin n\u00eb vazhdim\u00ebsi sa i p\u00ebrket hartimit ose krijimit t\u00eb kushteve p\u00ebr tur-operator\u00ebt q\u00eb t\u00eb krijojn\u00eb paketa t\u00eb p\u00ebrbashk\u00ebta, sidomos n\u00eb vendet bashk\u00ebshqiptare\u201d, tha ai.<\/p>\n<p>Hoti shton se k\u00ebto iniciativa jan\u00eb t\u00eb para p\u00ebr Kosov\u00ebn.<\/p>\n<p>\u201cMarr\u00ebveshja e cila u b\u00eb n\u00eb janar me Institutin Amerikan \u00ebsht\u00eb hera e par\u00eb q\u00eb po ndodh q\u00eb ka ardh\u00eb nj\u00eb institut amerikan n\u00eb Kosov\u00eb. Marr\u00ebveshja n\u00eb mes kat\u00ebr shteteve \u00ebsht\u00eb marr\u00ebveshja e par\u00eb e cila ka ndodh\u00eb n\u00eb Kosov\u00eb dhe \u00ebsht\u00eb shum\u00eb mir\u00eb q\u00eb na u kan\u00eb bashkangjit\u00eb edhe kryetar\u00ebt e komunave me q\u00ebllim q\u00eb t\u00eb kemi nj\u00eb koordinim sa m\u00eb t\u00eb mir\u00eb dhe t\u00eb krijojm\u00eb produkte sa m\u00eb t\u00eb mira t\u00eb p\u00ebrbashk\u00ebta n\u00eb kuad\u00ebr t\u00eb k\u00ebsaj, qoft\u00eb me Shqip\u00ebrin\u00eb, qoft\u00eb me Maqedonin\u00eb, Malin e Zi ku p\u00ebrfshihet edhe Kosova si destinacion turistik. Dhe nj\u00ebkoh\u00ebsisht edhe Instituti \u2018Stirling\u2019 \u00ebsht\u00eb hera e par\u00eb q\u00eb po vjen n\u00eb Kosov\u00eb\u201d.<\/p>\n<p>Gjithashtu Unioni i turizmit te Kosov\u00ebs ka arritur marr\u00ebveshje bashk\u00ebpunimi edhe me projektin Agjencis\u00eb Zvicerane p\u00ebr zhvillim dhe bashk\u00ebpunim.<\/p>\n","protected":false},"excerpt":{"rendered":"<p>Prishtin\u00eb, 3 maj 2026 08:49 Kosova, Shqip\u00ebria, Maqedonia e Veriut dhe Mali i Zi po synojn\u00eb t\u00eb veprojn\u00eb me nj\u00eb qasje t\u00eb p\u00ebrbashk\u00ebt. P\u00ebrmes k\u00ebtij<\/p>\n","protected":false},"author":7,"featured_media":46138,"comment_status":"open","ping_status":"open","sticky":false,"template":"","format":"standard","meta":{"footnotes":""},"categories":[60],"tags":[],"class_list":["post-46137","post","type-post","status-publish","format-standard","has-post-thumbnail","hentry","category-shoqerore-sq"],"yoast_head":"<!-- This site is optimized with the Yoast SEO plugin v25.3.1 - https:\/\/yoast.com\/wordpress\/plugins\/seo\/ -->\n<title>Bashk\u00ebpunim rajonal n\u00eb turiz\u00ebm \u2013 Kosova me fqinj\u00eb, synim paketat e p\u00ebrbashk\u00ebta p\u00ebr turist\u00eb -<\/title>\n<meta name=\"robots\" content=\"index, follow, max-snippet:-1, max-image-preview:large, max-video-preview:-1\" \/>\n<link rel=\"canonical\" href=\"https:\/\/veritasinfo.org\/?p=46137\" \/>\n<meta property=\"og:locale\" content=\"en_US\" \/>\n<meta property=\"og:type\" content=\"article\" \/>\n<meta property=\"og:title\" content=\"Bashk\u00ebpunim rajonal n\u00eb turiz\u00ebm \u2013 Kosova me fqinj\u00eb, synim paketat e p\u00ebrbashk\u00ebta p\u00ebr turist\u00eb -\" \/>\n<meta property=\"og:description\" content=\"Prishtin\u00eb, 3 maj 2026 08:49 Kosova, Shqip\u00ebria, Maqedonia e Veriut dhe Mali i Zi po synojn\u00eb t\u00eb veprojn\u00eb me nj\u00eb qasje t\u00eb p\u00ebrbashk\u00ebt. P\u00ebrmes k\u00ebtij\" \/>\n<meta property=\"og:url\" content=\"https:\/\/veritasinfo.org\/?p=46137\" \/>\n<meta property=\"article:published_time\" content=\"2026-05-03T06:51:09+00:00\" \/>\n<meta property=\"og:image\" content=\"https:\/\/veritasinfo.org\/wp-content\/uploads\/2026\/05\/Screenshot_20260503_085020_Chrome.jpg\" \/>\n\t<meta property=\"og:image:width\" content=\"885\" \/>\n\t<meta property=\"og:image:height\" content=\"541\" \/>\n\t<meta property=\"og:image:type\" content=\"image\/jpeg\" \/>\n<meta name=\"author\" content=\"US6\" \/>\n<meta name=\"twitter:card\" content=\"summary_large_image\" \/>\n<meta name=\"twitter:label1\" content=\"Written by\" \/>\n\t<meta name=\"twitter:data1\" content=\"US6\" \/>\n\t<meta name=\"twitter:label2\" content=\"Est. reading time\" \/>\n\t<meta name=\"twitter:data2\" content=\"2 minutes\" \/>\n<script type=\"application\/ld+json\" class=\"yoast-schema-graph\">{\"@context\":\"https:\/\/schema.org\",\"@graph\":[{\"@type\":\"WebPage\",\"@id\":\"https:\/\/veritasinfo.org\/?p=46137\",\"url\":\"https:\/\/veritasinfo.org\/?p=46137\",\"name\":\"Bashk\u00ebpunim rajonal n\u00eb turiz\u00ebm \u2013 Kosova me fqinj\u00eb, synim paketat e p\u00ebrbashk\u00ebta p\u00ebr turist\u00eb -\",\"isPartOf\":{\"@id\":\"https:\/\/veritasinfo.org\/#website\"},\"primaryImageOfPage\":{\"@id\":\"https:\/\/veritasinfo.org\/?p=46137#primaryimage\"},\"image\":{\"@id\":\"https:\/\/veritasinfo.org\/?p=46137#primaryimage\"},\"thumbnailUrl\":\"https:\/\/veritasinfo.org\/wp-content\/uploads\/2026\/05\/Screenshot_20260503_085020_Chrome.jpg\",\"datePublished\":\"2026-05-03T06:51:09+00:00\",\"author\":{\"@id\":\"https:\/\/veritasinfo.org\/#\/schema\/person\/fe199eede04c3937362892b7444747cc\"},\"breadcrumb\":{\"@id\":\"https:\/\/veritasinfo.org\/?p=46137#breadcrumb\"},\"inLanguage\":\"en-US\",\"potentialAction\":[{\"@type\":\"ReadAction\",\"target\":[\"https:\/\/veritasinfo.org\/?p=46137\"]}]},{\"@type\":\"ImageObject\",\"inLanguage\":\"en-US\",\"@id\":\"https:\/\/veritasinfo.org\/?p=46137#primaryimage\",\"url\":\"https:\/\/veritasinfo.org\/wp-content\/uploads\/2026\/05\/Screenshot_20260503_085020_Chrome.jpg\",\"contentUrl\":\"https:\/\/veritasinfo.org\/wp-content\/uploads\/2026\/05\/Screenshot_20260503_085020_Chrome.jpg\",\"width\":885,\"height\":541},{\"@type\":\"BreadcrumbList\",\"@id\":\"https:\/\/veritasinfo.org\/?p=46137#breadcrumb\",\"itemListElement\":[{\"@type\":\"ListItem\",\"position\":1,\"name\":\"Home\",\"item\":\"https:\/\/veritasinfo.org\/\"},{\"@type\":\"ListItem\",\"position\":2,\"name\":\"Bashk\u00ebpunim rajonal n\u00eb turiz\u00ebm \u2013 Kosova me fqinj\u00eb, synim paketat e p\u00ebrbashk\u00ebta p\u00ebr turist\u00eb\"}]},{\"@type\":\"WebSite\",\"@id\":\"https:\/\/veritasinfo.org\/#website\",\"url\":\"https:\/\/veritasinfo.org\/\",\"name\":\"\",\"description\":\"\",\"potentialAction\":[{\"@type\":\"SearchAction\",\"target\":{\"@type\":\"EntryPoint\",\"urlTemplate\":\"https:\/\/veritasinfo.org\/?s={search_term_string}\"},\"query-input\":{\"@type\":\"PropertyValueSpecification\",\"valueRequired\":true,\"valueName\":\"search_term_string\"}}],\"inLanguage\":\"en-US\"},{\"@type\":\"Person\",\"@id\":\"https:\/\/veritasinfo.org\/#\/schema\/person\/fe199eede04c3937362892b7444747cc\",\"name\":\"US6\",\"image\":{\"@type\":\"ImageObject\",\"inLanguage\":\"en-US\",\"@id\":\"https:\/\/veritasinfo.org\/#\/schema\/person\/image\/\",\"url\":\"https:\/\/secure.gravatar.com\/avatar\/cb16c3c31c9d23b9b8c705964598220b3014e42ff51eb540ff23cefa3ae8c15f?s=96&d=mm&r=g\",\"contentUrl\":\"https:\/\/secure.gravatar.com\/avatar\/cb16c3c31c9d23b9b8c705964598220b3014e42ff51eb540ff23cefa3ae8c15f?s=96&d=mm&r=g\",\"caption\":\"US6\"},\"url\":\"https:\/\/veritasinfo.org\/?author=7\"}]}<\/script>\n<!-- \/ Yoast SEO plugin. -->","yoast_head_json":{"title":"Bashk\u00ebpunim rajonal n\u00eb turiz\u00ebm \u2013 Kosova me fqinj\u00eb, synim paketat e p\u00ebrbashk\u00ebta p\u00ebr turist\u00eb -","robots":{"index":"index","follow":"follow","max-snippet":"max-snippet:-1","max-image-preview":"max-image-preview:large","max-video-preview":"max-video-preview:-1"},"canonical":"https:\/\/veritasinfo.org\/?p=46137","og_locale":"en_US","og_type":"article","og_title":"Bashk\u00ebpunim rajonal n\u00eb turiz\u00ebm \u2013 Kosova me fqinj\u00eb, synim paketat e p\u00ebrbashk\u00ebta p\u00ebr turist\u00eb -","og_description":"Prishtin\u00eb, 3 maj 2026 08:49 Kosova, Shqip\u00ebria, Maqedonia e Veriut dhe Mali i Zi po synojn\u00eb t\u00eb veprojn\u00eb me nj\u00eb qasje t\u00eb p\u00ebrbashk\u00ebt. P\u00ebrmes k\u00ebtij","og_url":"https:\/\/veritasinfo.org\/?p=46137","article_published_time":"2026-05-03T06:51:09+00:00","og_image":[{"width":885,"height":541,"url":"https:\/\/veritasinfo.org\/wp-content\/uploads\/2026\/05\/Screenshot_20260503_085020_Chrome.jpg","type":"image\/jpeg"}],"author":"US6","twitter_card":"summary_large_image","twitter_misc":{"Written by":"US6","Est. reading time":"2 minutes"},"schema":{"@context":"https:\/\/schema.org","@graph":[{"@type":"WebPage","@id":"https:\/\/veritasinfo.org\/?p=46137","url":"https:\/\/veritasinfo.org\/?p=46137","name":"Bashk\u00ebpunim rajonal n\u00eb turiz\u00ebm \u2013 Kosova me fqinj\u00eb, synim paketat e p\u00ebrbashk\u00ebta p\u00ebr turist\u00eb -","isPartOf":{"@id":"https:\/\/veritasinfo.org\/#website"},"primaryImageOfPage":{"@id":"https:\/\/veritasinfo.org\/?p=46137#primaryimage"},"image":{"@id":"https:\/\/veritasinfo.org\/?p=46137#primaryimage"},"thumbnailUrl":"https:\/\/veritasinfo.org\/wp-content\/uploads\/2026\/05\/Screenshot_20260503_085020_Chrome.jpg","datePublished":"2026-05-03T06:51:09+00:00","author":{"@id":"https:\/\/veritasinfo.org\/#\/schema\/person\/fe199eede04c3937362892b7444747cc"},"breadcrumb":{"@id":"https:\/\/veritasinfo.org\/?p=46137#breadcrumb"},"inLanguage":"en-US","potentialAction":[{"@type":"ReadAction","target":["https:\/\/veritasinfo.org\/?p=46137"]}]},{"@type":"ImageObject","inLanguage":"en-US","@id":"https:\/\/veritasinfo.org\/?p=46137#primaryimage","url":"https:\/\/veritasinfo.org\/wp-content\/uploads\/2026\/05\/Screenshot_20260503_085020_Chrome.jpg","contentUrl":"https:\/\/veritasinfo.org\/wp-content\/uploads\/2026\/05\/Screenshot_20260503_085020_Chrome.jpg","width":885,"height":541},{"@type":"BreadcrumbList","@id":"https:\/\/veritasinfo.org\/?p=46137#breadcrumb","itemListElement":[{"@type":"ListItem","position":1,"name":"Home","item":"https:\/\/veritasinfo.org\/"},{"@type":"ListItem","position":2,"name":"Bashk\u00ebpunim rajonal n\u00eb turiz\u00ebm \u2013 Kosova me fqinj\u00eb, synim paketat e p\u00ebrbashk\u00ebta p\u00ebr turist\u00eb"}]},{"@type":"WebSite","@id":"https:\/\/veritasinfo.org\/#website","url":"https:\/\/veritasinfo.org\/","name":"","description":"","potentialAction":[{"@type":"SearchAction","target":{"@type":"EntryPoint","urlTemplate":"https:\/\/veritasinfo.org\/?s={search_term_string}"},"query-input":{"@type":"PropertyValueSpecification","valueRequired":true,"valueName":"search_term_string"}}],"inLanguage":"en-US"},{"@type":"Person","@id":"https:\/\/veritasinfo.org\/#\/schema\/person\/fe199eede04c3937362892b7444747cc","name":"US6","image":{"@type":"ImageObject","inLanguage":"en-US","@id":"https:\/\/veritasinfo.org\/#\/schema\/person\/image\/","url":"https:\/\/secure.gravatar.com\/avatar\/cb16c3c31c9d23b9b8c705964598220b3014e42ff51eb540ff23cefa3ae8c15f?s=96&d=mm&r=g","contentUrl":"https:\/\/secure.gravatar.com\/avatar\/cb16c3c31c9d23b9b8c705964598220b3014e42ff51eb540ff23cefa3ae8c15f?s=96&d=mm&r=g","caption":"US6"},"url":"https:\/\/veritasinfo.org\/?author=7"}]}},"featured_image_urls":{"full":["https:\/\/veritasinfo.org\/wp-content\/uploads\/2026\/05\/Screenshot_20260503_085020_Chrome.jpg",885,541,false],"thumbnail":["https:\/\/veritasinfo.org\/wp-content\/uploads\/2026\/05\/Screenshot_20260503_085020_Chrome-150x150.jpg",150,150,true],"medium":["https:\/\/veritasinfo.org\/wp-content\/uploads\/2026\/05\/Screenshot_20260503_085020_Chrome-300x183.jpg",300,183,true],"medium_large":["https:\/\/veritasinfo.org\/wp-content\/uploads\/2026\/05\/Screenshot_20260503_085020_Chrome-768x469.jpg",640,391,true],"large":["https:\/\/veritasinfo.org\/wp-content\/uploads\/2026\/05\/Screenshot_20260503_085020_Chrome.jpg",640,391,false],"1536x1536":["https:\/\/veritasinfo.org\/wp-content\/uploads\/2026\/05\/Screenshot_20260503_085020_Chrome.jpg",885,541,false],"2048x2048":["https:\/\/veritasinfo.org\/wp-content\/uploads\/2026\/05\/Screenshot_20260503_085020_Chrome.jpg",885,541,false],"kreeti-slider-full":["https:\/\/veritasinfo.org\/wp-content\/uploads\/2026\/05\/Screenshot_20260503_085020_Chrome.jpg",885,541,false],"kreeti-featured":["https:\/\/veritasinfo.org\/wp-content\/uploads\/2026\/05\/Screenshot_20260503_085020_Chrome.jpg",885,541,false],"kreeti-medium":["https:\/\/veritasinfo.org\/wp-content\/uploads\/2026\/05\/Screenshot_20260503_085020_Chrome-720x530.jpg",720,530,true],"kreeti-medium-square":["https:\/\/veritasinfo.org\/wp-content\/uploads\/2026\/05\/Screenshot_20260503_085020_Chrome-350x350.jpg",350,350,true]},"author_info":{"info":["US6"]},"category_info":"<a href=\"https:\/\/veritasinfo.org\/?cat=60\" rel=\"category\">Shoq\u00ebrore<\/a>","tag_info":"Shoq\u00ebrore","comment_count":"0","_links":{"self":[{"href":"https:\/\/veritasinfo.org\/index.php?rest_route=\/wp\/v2\/posts\/46137","targetHints":{"allow":["GET"]}}],"collection":[{"href":"https:\/\/veritasinfo.org\/index.php?rest_route=\/wp\/v2\/posts"}],"about":[{"href":"https:\/\/veritasinfo.org\/index.php?rest_route=\/wp\/v2\/types\/post"}],"author":[{"embeddable":true,"href":"https:\/\/veritasinfo.org\/index.php?rest_route=\/wp\/v2\/users\/7"}],"replies":[{"embeddable":true,"href":"https:\/\/veritasinfo.org\/index.php?rest_route=%2Fwp%2Fv2%2Fcomments&post=46137"}],"version-history":[{"count":1,"href":"https:\/\/veritasinfo.org\/index.php?rest_route=\/wp\/v2\/posts\/46137\/revisions"}],"predecessor-version":[{"id":46139,"href":"https:\/\/veritasinfo.org\/index.php?rest_route=\/wp\/v2\/posts\/46137\/revisions\/46139"}],"wp:featuredmedia":[{"embeddable":true,"href":"https:\/\/veritasinfo.org\/index.php?rest_route=\/wp\/v2\/media\/46138"}],"wp:attachment":[{"href":"https:\/\/veritasinfo.org\/index.php?rest_route=%2Fwp%2Fv2%2Fmedia&parent=46137"}],"wp:term":[{"taxonomy":"category","embeddable":true,"href":"https:\/\/veritasinfo.org\/index.php?rest_route=%2Fwp%2Fv2%2Fcategories&post=46137"},{"taxonomy":"post_tag","embeddable":true,"href":"https:\/\/veritasinfo.org\/index.php?rest_route=%2Fwp%2Fv2%2Ftags&post=46137"}],"curies":[{"name":"wp","href":"https:\/\/api.w.org\/{rel}","templated":true}]}}