{"id":4613,"date":"2025-07-21T11:35:40","date_gmt":"2025-07-21T09:35:40","guid":{"rendered":"https:\/\/veritasinfo.org\/?p=4613"},"modified":"2025-07-21T11:35:40","modified_gmt":"2025-07-21T09:35:40","slug":"seanca-ne-rastin-banjska-mbyllet-per-publikun","status":"publish","type":"post","link":"https:\/\/veritasinfo.org\/?p=4613","title":{"rendered":"Seanca n\u00eb rastin \u201cBanjska\u201d mbyllet p\u00ebr publikun"},"content":{"rendered":"<p>Prishtin\u00eb, 21 Korrik 2025<\/p>\n<p>Me k\u00ebrkes\u00eb t\u00eb Prokuroris\u00eb Speciale, seanca ndaj t\u00eb tre akuzuarve lidhur me sulmin terrorist t\u00eb 24\u202fshtatorit\u202f2023 n\u00eb fshatin Banjsk\u00eb t\u00eb Zve\u00e7anit do t\u00eb vazhdoj\u00eb me dyer t\u00eb mbyllura p\u00ebr opinionin.<\/p>\n<p>Vendimi \u00ebsht\u00eb marr\u00eb pasi do t\u00eb d\u00ebgjohet nj\u00eb d\u00ebshmitar anonim, ekspozimi i t\u00eb cilit sipas prokurorit special, Naim Abazi, p\u00ebrb\u00ebn rrezik real p\u00ebr sigurin\u00eb personale dhe p\u00ebr procedur\u00ebn penale.<\/p>\n<div class=\"jeg_ad jeg_ad_article jnews_content_inline_ads  \">\n<div class=\"ads-wrapper align-center \"><\/div>\n<\/div>\n<p>\u201c\u00c7do ekspozim i pranis\u00eb s\u00eb tij tek mediat q\u00eb lidhen me identitetin e tij para publikut, p\u00ebrb\u00ebn rrezik real p\u00ebr sigurine personale dhe p\u00ebr procedur\u00ebn penale. Ruajtja e anonimitetit t\u00eb tij \u00ebsht\u00eb kusht p\u00ebr dh\u00ebnien e d\u00ebshmis\u00eb s\u00eb tij, prandaj k\u00ebrkojm\u00eb q\u00eb kjo pjes\u00eb e procesit gjyq\u00ebsor t\u00eb zhvillohet pa pranin\u00eb e mediave dhe publikut\u201d, ka th\u00ebn\u00eb prokurori special, Naim Abazi.<\/p>\n<p>K\u00ebrkes\u00ebn e Abazit e ka aprovuar kryetari i trupit gjykues, Arben Hoti me arsyetimin se masat e nd\u00ebrmarra nga gjykata p\u00ebr ndryshimin e figur\u00ebs dhe z\u00ebrit nuk jan\u00eb t\u00eb mjaftueshme p\u00ebr t\u00eb p\u00ebrmbushur q\u00ebllimin p\u00ebr k\u00ebt\u00eb d\u00ebshmitar.<\/p>\n<p>\u201cAprovohet propozimi i Prokuroris\u00eb q\u00eb p\u00ebr d\u00ebgjimin e k\u00ebtij d\u00ebshmitari t\u00eb p\u00ebrjashtohen mediat dhe publiku, ngaq\u00eb masat e nd\u00ebrmarra nga Gjykata p\u00ebr ndryshimin e figur\u00ebs dhe z\u00ebrit nuk jan\u00eb t\u00eb mjaftueshme p\u00ebr t\u00eb p\u00ebrmbushur q\u00ebllimin p\u00ebr k\u00ebt\u00eb d\u00ebshmitar. Bazuar n\u00eb rrethanat e k\u00ebtij rasti p\u00ebr t\u00eb cilat do t\u00eb d\u00ebshmoj\u00eb, ka gjasa qe t\u00eb zbulohet identiteti.\u201d, \u00ebsht\u00eb shprehur kryetari i trupit gjykues, Arben Hoti .<\/p>\n<p>&nbsp;<\/p>\n","protected":false},"excerpt":{"rendered":"<p>Prishtin\u00eb, 21 Korrik 2025 Me k\u00ebrkes\u00eb t\u00eb Prokuroris\u00eb Speciale, seanca ndaj t\u00eb tre akuzuarve lidhur me sulmin terrorist t\u00eb 24\u202fshtatorit\u202f2023 n\u00eb fshatin Banjsk\u00eb t\u00eb Zve\u00e7anit<\/p>\n","protected":false},"author":1,"featured_media":4614,"comment_status":"open","ping_status":"open","sticky":false,"template":"","format":"standard","meta":{"footnotes":""},"categories":[60],"tags":[],"class_list":["post-4613","post","type-post","status-publish","format-standard","has-post-thumbnail","hentry","category-shoqerore-sq"],"yoast_head":"<!-- This site is optimized with the Yoast SEO plugin v25.3.1 - https:\/\/yoast.com\/wordpress\/plugins\/seo\/ -->\n<title>Seanca n\u00eb rastin \u201cBanjska\u201d mbyllet p\u00ebr publikun -<\/title>\n<meta name=\"robots\" content=\"index, follow, max-snippet:-1, max-image-preview:large, max-video-preview:-1\" \/>\n<link rel=\"canonical\" href=\"https:\/\/veritasinfo.org\/?p=4613\" \/>\n<meta property=\"og:locale\" content=\"en_US\" \/>\n<meta property=\"og:type\" content=\"article\" \/>\n<meta property=\"og:title\" content=\"Seanca n\u00eb rastin \u201cBanjska\u201d mbyllet p\u00ebr publikun -\" \/>\n<meta property=\"og:description\" content=\"Prishtin\u00eb, 21 Korrik 2025 Me k\u00ebrkes\u00eb t\u00eb Prokuroris\u00eb Speciale, seanca ndaj t\u00eb tre akuzuarve lidhur me sulmin terrorist t\u00eb 24\u202fshtatorit\u202f2023 n\u00eb fshatin Banjsk\u00eb t\u00eb Zve\u00e7anit\" \/>\n<meta property=\"og:url\" content=\"https:\/\/veritasinfo.org\/?p=4613\" \/>\n<meta property=\"article:published_time\" content=\"2025-07-21T09:35:40+00:00\" \/>\n<meta property=\"og:image\" content=\"https:\/\/veritasinfo.org\/wp-content\/uploads\/2025\/07\/IMG_2190.jpeg\" \/>\n\t<meta property=\"og:image:width\" content=\"800\" \/>\n\t<meta property=\"og:image:height\" content=\"450\" \/>\n\t<meta property=\"og:image:type\" content=\"image\/jpeg\" \/>\n<meta name=\"author\" content=\"admin\" \/>\n<meta name=\"twitter:card\" content=\"summary_large_image\" \/>\n<meta name=\"twitter:label1\" content=\"Written by\" \/>\n\t<meta name=\"twitter:data1\" content=\"admin\" \/>\n\t<meta name=\"twitter:label2\" content=\"Est. reading time\" \/>\n\t<meta name=\"twitter:data2\" content=\"2 minutes\" \/>\n<script type=\"application\/ld+json\" class=\"yoast-schema-graph\">{\"@context\":\"https:\/\/schema.org\",\"@graph\":[{\"@type\":\"WebPage\",\"@id\":\"https:\/\/veritasinfo.org\/?p=4613\",\"url\":\"https:\/\/veritasinfo.org\/?p=4613\",\"name\":\"Seanca n\u00eb rastin \u201cBanjska\u201d mbyllet p\u00ebr publikun -\",\"isPartOf\":{\"@id\":\"https:\/\/veritasinfo.org\/#website\"},\"primaryImageOfPage\":{\"@id\":\"https:\/\/veritasinfo.org\/?p=4613#primaryimage\"},\"image\":{\"@id\":\"https:\/\/veritasinfo.org\/?p=4613#primaryimage\"},\"thumbnailUrl\":\"https:\/\/veritasinfo.org\/wp-content\/uploads\/2025\/07\/IMG_2190.jpeg\",\"datePublished\":\"2025-07-21T09:35:40+00:00\",\"author\":{\"@id\":\"https:\/\/veritasinfo.org\/#\/schema\/person\/7701f8c088bece422266b100a712374f\"},\"breadcrumb\":{\"@id\":\"https:\/\/veritasinfo.org\/?p=4613#breadcrumb\"},\"inLanguage\":\"en-US\",\"potentialAction\":[{\"@type\":\"ReadAction\",\"target\":[\"https:\/\/veritasinfo.org\/?p=4613\"]}]},{\"@type\":\"ImageObject\",\"inLanguage\":\"en-US\",\"@id\":\"https:\/\/veritasinfo.org\/?p=4613#primaryimage\",\"url\":\"https:\/\/veritasinfo.org\/wp-content\/uploads\/2025\/07\/IMG_2190.jpeg\",\"contentUrl\":\"https:\/\/veritasinfo.org\/wp-content\/uploads\/2025\/07\/IMG_2190.jpeg\",\"width\":800,\"height\":450},{\"@type\":\"BreadcrumbList\",\"@id\":\"https:\/\/veritasinfo.org\/?p=4613#breadcrumb\",\"itemListElement\":[{\"@type\":\"ListItem\",\"position\":1,\"name\":\"Home\",\"item\":\"https:\/\/veritasinfo.org\/\"},{\"@type\":\"ListItem\",\"position\":2,\"name\":\"Seanca n\u00eb rastin \u201cBanjska\u201d mbyllet p\u00ebr publikun\"}]},{\"@type\":\"WebSite\",\"@id\":\"https:\/\/veritasinfo.org\/#website\",\"url\":\"https:\/\/veritasinfo.org\/\",\"name\":\"\",\"description\":\"\",\"potentialAction\":[{\"@type\":\"SearchAction\",\"target\":{\"@type\":\"EntryPoint\",\"urlTemplate\":\"https:\/\/veritasinfo.org\/?s={search_term_string}\"},\"query-input\":{\"@type\":\"PropertyValueSpecification\",\"valueRequired\":true,\"valueName\":\"search_term_string\"}}],\"inLanguage\":\"en-US\"},{\"@type\":\"Person\",\"@id\":\"https:\/\/veritasinfo.org\/#\/schema\/person\/7701f8c088bece422266b100a712374f\",\"name\":\"admin\",\"image\":{\"@type\":\"ImageObject\",\"inLanguage\":\"en-US\",\"@id\":\"https:\/\/veritasinfo.org\/#\/schema\/person\/image\/\",\"url\":\"https:\/\/secure.gravatar.com\/avatar\/ea53aa3bf6c9a12d5fde8ce4deff43fef3885ae33cf60184161a50d6987cfd2f?s=96&d=mm&r=g\",\"contentUrl\":\"https:\/\/secure.gravatar.com\/avatar\/ea53aa3bf6c9a12d5fde8ce4deff43fef3885ae33cf60184161a50d6987cfd2f?s=96&d=mm&r=g\",\"caption\":\"admin\"},\"sameAs\":[\"https:\/\/veritasinfo.org\"],\"url\":\"https:\/\/veritasinfo.org\/?author=1\"}]}<\/script>\n<!-- \/ Yoast SEO plugin. -->","yoast_head_json":{"title":"Seanca n\u00eb rastin \u201cBanjska\u201d mbyllet p\u00ebr publikun -","robots":{"index":"index","follow":"follow","max-snippet":"max-snippet:-1","max-image-preview":"max-image-preview:large","max-video-preview":"max-video-preview:-1"},"canonical":"https:\/\/veritasinfo.org\/?p=4613","og_locale":"en_US","og_type":"article","og_title":"Seanca n\u00eb rastin \u201cBanjska\u201d mbyllet p\u00ebr publikun -","og_description":"Prishtin\u00eb, 21 Korrik 2025 Me k\u00ebrkes\u00eb t\u00eb Prokuroris\u00eb Speciale, seanca ndaj t\u00eb tre akuzuarve lidhur me sulmin terrorist t\u00eb 24\u202fshtatorit\u202f2023 n\u00eb fshatin Banjsk\u00eb t\u00eb Zve\u00e7anit","og_url":"https:\/\/veritasinfo.org\/?p=4613","article_published_time":"2025-07-21T09:35:40+00:00","og_image":[{"width":800,"height":450,"url":"https:\/\/veritasinfo.org\/wp-content\/uploads\/2025\/07\/IMG_2190.jpeg","type":"image\/jpeg"}],"author":"admin","twitter_card":"summary_large_image","twitter_misc":{"Written by":"admin","Est. reading time":"2 minutes"},"schema":{"@context":"https:\/\/schema.org","@graph":[{"@type":"WebPage","@id":"https:\/\/veritasinfo.org\/?p=4613","url":"https:\/\/veritasinfo.org\/?p=4613","name":"Seanca n\u00eb rastin \u201cBanjska\u201d mbyllet p\u00ebr publikun -","isPartOf":{"@id":"https:\/\/veritasinfo.org\/#website"},"primaryImageOfPage":{"@id":"https:\/\/veritasinfo.org\/?p=4613#primaryimage"},"image":{"@id":"https:\/\/veritasinfo.org\/?p=4613#primaryimage"},"thumbnailUrl":"https:\/\/veritasinfo.org\/wp-content\/uploads\/2025\/07\/IMG_2190.jpeg","datePublished":"2025-07-21T09:35:40+00:00","author":{"@id":"https:\/\/veritasinfo.org\/#\/schema\/person\/7701f8c088bece422266b100a712374f"},"breadcrumb":{"@id":"https:\/\/veritasinfo.org\/?p=4613#breadcrumb"},"inLanguage":"en-US","potentialAction":[{"@type":"ReadAction","target":["https:\/\/veritasinfo.org\/?p=4613"]}]},{"@type":"ImageObject","inLanguage":"en-US","@id":"https:\/\/veritasinfo.org\/?p=4613#primaryimage","url":"https:\/\/veritasinfo.org\/wp-content\/uploads\/2025\/07\/IMG_2190.jpeg","contentUrl":"https:\/\/veritasinfo.org\/wp-content\/uploads\/2025\/07\/IMG_2190.jpeg","width":800,"height":450},{"@type":"BreadcrumbList","@id":"https:\/\/veritasinfo.org\/?p=4613#breadcrumb","itemListElement":[{"@type":"ListItem","position":1,"name":"Home","item":"https:\/\/veritasinfo.org\/"},{"@type":"ListItem","position":2,"name":"Seanca n\u00eb rastin \u201cBanjska\u201d mbyllet p\u00ebr publikun"}]},{"@type":"WebSite","@id":"https:\/\/veritasinfo.org\/#website","url":"https:\/\/veritasinfo.org\/","name":"","description":"","potentialAction":[{"@type":"SearchAction","target":{"@type":"EntryPoint","urlTemplate":"https:\/\/veritasinfo.org\/?s={search_term_string}"},"query-input":{"@type":"PropertyValueSpecification","valueRequired":true,"valueName":"search_term_string"}}],"inLanguage":"en-US"},{"@type":"Person","@id":"https:\/\/veritasinfo.org\/#\/schema\/person\/7701f8c088bece422266b100a712374f","name":"admin","image":{"@type":"ImageObject","inLanguage":"en-US","@id":"https:\/\/veritasinfo.org\/#\/schema\/person\/image\/","url":"https:\/\/secure.gravatar.com\/avatar\/ea53aa3bf6c9a12d5fde8ce4deff43fef3885ae33cf60184161a50d6987cfd2f?s=96&d=mm&r=g","contentUrl":"https:\/\/secure.gravatar.com\/avatar\/ea53aa3bf6c9a12d5fde8ce4deff43fef3885ae33cf60184161a50d6987cfd2f?s=96&d=mm&r=g","caption":"admin"},"sameAs":["https:\/\/veritasinfo.org"],"url":"https:\/\/veritasinfo.org\/?author=1"}]}},"featured_image_urls":{"full":["https:\/\/veritasinfo.org\/wp-content\/uploads\/2025\/07\/IMG_2190.jpeg",800,450,false],"thumbnail":["https:\/\/veritasinfo.org\/wp-content\/uploads\/2025\/07\/IMG_2190-150x150.jpeg",150,150,true],"medium":["https:\/\/veritasinfo.org\/wp-content\/uploads\/2025\/07\/IMG_2190-300x169.jpeg",300,169,true],"medium_large":["https:\/\/veritasinfo.org\/wp-content\/uploads\/2025\/07\/IMG_2190-768x432.jpeg",640,360,true],"large":["https:\/\/veritasinfo.org\/wp-content\/uploads\/2025\/07\/IMG_2190.jpeg",640,360,false],"1536x1536":["https:\/\/veritasinfo.org\/wp-content\/uploads\/2025\/07\/IMG_2190.jpeg",800,450,false],"2048x2048":["https:\/\/veritasinfo.org\/wp-content\/uploads\/2025\/07\/IMG_2190.jpeg",800,450,false],"kreeti-slider-full":["https:\/\/veritasinfo.org\/wp-content\/uploads\/2025\/07\/IMG_2190.jpeg",800,450,false],"kreeti-featured":["https:\/\/veritasinfo.org\/wp-content\/uploads\/2025\/07\/IMG_2190.jpeg",800,450,false],"kreeti-medium":["https:\/\/veritasinfo.org\/wp-content\/uploads\/2025\/07\/IMG_2190.jpeg",720,405,false],"kreeti-medium-square":["https:\/\/veritasinfo.org\/wp-content\/uploads\/2025\/07\/IMG_2190.jpeg",350,197,false]},"author_info":{"info":["admin"]},"category_info":"<a href=\"https:\/\/veritasinfo.org\/?cat=60\" rel=\"category\">Shoq\u00ebrore<\/a>","tag_info":"Shoq\u00ebrore","comment_count":"0","_links":{"self":[{"href":"https:\/\/veritasinfo.org\/index.php?rest_route=\/wp\/v2\/posts\/4613","targetHints":{"allow":["GET"]}}],"collection":[{"href":"https:\/\/veritasinfo.org\/index.php?rest_route=\/wp\/v2\/posts"}],"about":[{"href":"https:\/\/veritasinfo.org\/index.php?rest_route=\/wp\/v2\/types\/post"}],"author":[{"embeddable":true,"href":"https:\/\/veritasinfo.org\/index.php?rest_route=\/wp\/v2\/users\/1"}],"replies":[{"embeddable":true,"href":"https:\/\/veritasinfo.org\/index.php?rest_route=%2Fwp%2Fv2%2Fcomments&post=4613"}],"version-history":[{"count":1,"href":"https:\/\/veritasinfo.org\/index.php?rest_route=\/wp\/v2\/posts\/4613\/revisions"}],"predecessor-version":[{"id":4615,"href":"https:\/\/veritasinfo.org\/index.php?rest_route=\/wp\/v2\/posts\/4613\/revisions\/4615"}],"wp:featuredmedia":[{"embeddable":true,"href":"https:\/\/veritasinfo.org\/index.php?rest_route=\/wp\/v2\/media\/4614"}],"wp:attachment":[{"href":"https:\/\/veritasinfo.org\/index.php?rest_route=%2Fwp%2Fv2%2Fmedia&parent=4613"}],"wp:term":[{"taxonomy":"category","embeddable":true,"href":"https:\/\/veritasinfo.org\/index.php?rest_route=%2Fwp%2Fv2%2Fcategories&post=4613"},{"taxonomy":"post_tag","embeddable":true,"href":"https:\/\/veritasinfo.org\/index.php?rest_route=%2Fwp%2Fv2%2Ftags&post=4613"}],"curies":[{"name":"wp","href":"https:\/\/api.w.org\/{rel}","templated":true}]}}