{"id":46019,"date":"2026-05-02T08:54:57","date_gmt":"2026-05-02T06:54:57","guid":{"rendered":"https:\/\/veritasinfo.org\/?p=46019"},"modified":"2026-05-02T08:54:57","modified_gmt":"2026-05-02T06:54:57","slug":"hysni-mehani-emerohet-zevendesminister-ne-ministrine-e-financave","status":"publish","type":"post","link":"https:\/\/veritasinfo.org\/?p=46019","title":{"rendered":"Hysni Mehani em\u00ebrohet z\u00ebvend\u00ebsminist\u00ebr n\u00eb Ministrin\u00eb e Financave"},"content":{"rendered":"<p>Prishtin\u00eb, 2 maj 2026 08:54<\/p>\n<p>Kryeministri n\u00eb detyr\u00eb i Kosov\u00ebs, Albin Kurti, ka em\u00ebruar Hysni Mehani n\u00eb pozit\u00ebn e z\u00ebvend\u00ebsministrit n\u00eb Ministrin\u00eb e Financave.<\/p>\n<p>Kurti e uroi Mehanin p\u00ebr detyr\u00ebn e re dhe i d\u00ebshiroi suksese n\u00eb p\u00ebrmbushjen e p\u00ebrgjegj\u00ebsive t\u00eb reja.<\/p>\n","protected":false},"excerpt":{"rendered":"<p>Prishtin\u00eb, 2 maj 2026 08:54 Kryeministri n\u00eb detyr\u00eb i Kosov\u00ebs, Albin Kurti, ka em\u00ebruar Hysni Mehani n\u00eb pozit\u00ebn e z\u00ebvend\u00ebsministrit n\u00eb Ministrin\u00eb e Financave. Kurti<\/p>\n","protected":false},"author":7,"featured_media":46020,"comment_status":"open","ping_status":"open","sticky":false,"template":"","format":"standard","meta":{"footnotes":""},"categories":[58],"tags":[],"class_list":["post-46019","post","type-post","status-publish","format-standard","has-post-thumbnail","hentry","category-politike-sq"],"yoast_head":"<!-- This site is optimized with the Yoast SEO plugin v25.3.1 - https:\/\/yoast.com\/wordpress\/plugins\/seo\/ -->\n<title>Hysni Mehani em\u00ebrohet z\u00ebvend\u00ebsminist\u00ebr n\u00eb Ministrin\u00eb e Financave -<\/title>\n<meta name=\"robots\" content=\"index, follow, max-snippet:-1, max-image-preview:large, max-video-preview:-1\" \/>\n<link rel=\"canonical\" href=\"https:\/\/veritasinfo.org\/?p=46019\" \/>\n<meta property=\"og:locale\" content=\"en_US\" \/>\n<meta property=\"og:type\" content=\"article\" \/>\n<meta property=\"og:title\" content=\"Hysni Mehani em\u00ebrohet z\u00ebvend\u00ebsminist\u00ebr n\u00eb Ministrin\u00eb e Financave -\" \/>\n<meta property=\"og:description\" content=\"Prishtin\u00eb, 2 maj 2026 08:54 Kryeministri n\u00eb detyr\u00eb i Kosov\u00ebs, Albin Kurti, ka em\u00ebruar Hysni Mehani n\u00eb pozit\u00ebn e z\u00ebvend\u00ebsministrit n\u00eb Ministrin\u00eb e Financave. Kurti\" \/>\n<meta property=\"og:url\" content=\"https:\/\/veritasinfo.org\/?p=46019\" \/>\n<meta property=\"article:published_time\" content=\"2026-05-02T06:54:57+00:00\" \/>\n<meta property=\"og:image\" content=\"https:\/\/veritasinfo.org\/wp-content\/uploads\/2026\/05\/FB_IMG_1777704850906.jpg\" \/>\n\t<meta property=\"og:image:width\" content=\"2048\" \/>\n\t<meta property=\"og:image:height\" content=\"1364\" \/>\n\t<meta property=\"og:image:type\" content=\"image\/jpeg\" \/>\n<meta name=\"author\" content=\"US6\" \/>\n<meta name=\"twitter:card\" content=\"summary_large_image\" \/>\n<meta name=\"twitter:label1\" content=\"Written by\" \/>\n\t<meta name=\"twitter:data1\" content=\"US6\" \/>\n\t<meta name=\"twitter:label2\" content=\"Est. reading time\" \/>\n\t<meta name=\"twitter:data2\" content=\"1 minute\" \/>\n<script type=\"application\/ld+json\" class=\"yoast-schema-graph\">{\"@context\":\"https:\/\/schema.org\",\"@graph\":[{\"@type\":\"WebPage\",\"@id\":\"https:\/\/veritasinfo.org\/?p=46019\",\"url\":\"https:\/\/veritasinfo.org\/?p=46019\",\"name\":\"Hysni Mehani em\u00ebrohet z\u00ebvend\u00ebsminist\u00ebr n\u00eb Ministrin\u00eb e Financave -\",\"isPartOf\":{\"@id\":\"https:\/\/veritasinfo.org\/#website\"},\"primaryImageOfPage\":{\"@id\":\"https:\/\/veritasinfo.org\/?p=46019#primaryimage\"},\"image\":{\"@id\":\"https:\/\/veritasinfo.org\/?p=46019#primaryimage\"},\"thumbnailUrl\":\"https:\/\/veritasinfo.org\/wp-content\/uploads\/2026\/05\/FB_IMG_1777704850906.jpg\",\"datePublished\":\"2026-05-02T06:54:57+00:00\",\"author\":{\"@id\":\"https:\/\/veritasinfo.org\/#\/schema\/person\/fe199eede04c3937362892b7444747cc\"},\"breadcrumb\":{\"@id\":\"https:\/\/veritasinfo.org\/?p=46019#breadcrumb\"},\"inLanguage\":\"en-US\",\"potentialAction\":[{\"@type\":\"ReadAction\",\"target\":[\"https:\/\/veritasinfo.org\/?p=46019\"]}]},{\"@type\":\"ImageObject\",\"inLanguage\":\"en-US\",\"@id\":\"https:\/\/veritasinfo.org\/?p=46019#primaryimage\",\"url\":\"https:\/\/veritasinfo.org\/wp-content\/uploads\/2026\/05\/FB_IMG_1777704850906.jpg\",\"contentUrl\":\"https:\/\/veritasinfo.org\/wp-content\/uploads\/2026\/05\/FB_IMG_1777704850906.jpg\",\"width\":2048,\"height\":1364},{\"@type\":\"BreadcrumbList\",\"@id\":\"https:\/\/veritasinfo.org\/?p=46019#breadcrumb\",\"itemListElement\":[{\"@type\":\"ListItem\",\"position\":1,\"name\":\"Home\",\"item\":\"https:\/\/veritasinfo.org\/\"},{\"@type\":\"ListItem\",\"position\":2,\"name\":\"Hysni Mehani em\u00ebrohet z\u00ebvend\u00ebsminist\u00ebr n\u00eb Ministrin\u00eb e Financave\"}]},{\"@type\":\"WebSite\",\"@id\":\"https:\/\/veritasinfo.org\/#website\",\"url\":\"https:\/\/veritasinfo.org\/\",\"name\":\"\",\"description\":\"\",\"potentialAction\":[{\"@type\":\"SearchAction\",\"target\":{\"@type\":\"EntryPoint\",\"urlTemplate\":\"https:\/\/veritasinfo.org\/?s={search_term_string}\"},\"query-input\":{\"@type\":\"PropertyValueSpecification\",\"valueRequired\":true,\"valueName\":\"search_term_string\"}}],\"inLanguage\":\"en-US\"},{\"@type\":\"Person\",\"@id\":\"https:\/\/veritasinfo.org\/#\/schema\/person\/fe199eede04c3937362892b7444747cc\",\"name\":\"US6\",\"image\":{\"@type\":\"ImageObject\",\"inLanguage\":\"en-US\",\"@id\":\"https:\/\/veritasinfo.org\/#\/schema\/person\/image\/\",\"url\":\"https:\/\/secure.gravatar.com\/avatar\/cb16c3c31c9d23b9b8c705964598220b3014e42ff51eb540ff23cefa3ae8c15f?s=96&d=mm&r=g\",\"contentUrl\":\"https:\/\/secure.gravatar.com\/avatar\/cb16c3c31c9d23b9b8c705964598220b3014e42ff51eb540ff23cefa3ae8c15f?s=96&d=mm&r=g\",\"caption\":\"US6\"},\"url\":\"https:\/\/veritasinfo.org\/?author=7\"}]}<\/script>\n<!-- \/ Yoast SEO plugin. -->","yoast_head_json":{"title":"Hysni Mehani em\u00ebrohet z\u00ebvend\u00ebsminist\u00ebr n\u00eb Ministrin\u00eb e Financave -","robots":{"index":"index","follow":"follow","max-snippet":"max-snippet:-1","max-image-preview":"max-image-preview:large","max-video-preview":"max-video-preview:-1"},"canonical":"https:\/\/veritasinfo.org\/?p=46019","og_locale":"en_US","og_type":"article","og_title":"Hysni Mehani em\u00ebrohet z\u00ebvend\u00ebsminist\u00ebr n\u00eb Ministrin\u00eb e Financave -","og_description":"Prishtin\u00eb, 2 maj 2026 08:54 Kryeministri n\u00eb detyr\u00eb i Kosov\u00ebs, Albin Kurti, ka em\u00ebruar Hysni Mehani n\u00eb pozit\u00ebn e z\u00ebvend\u00ebsministrit n\u00eb Ministrin\u00eb e Financave. Kurti","og_url":"https:\/\/veritasinfo.org\/?p=46019","article_published_time":"2026-05-02T06:54:57+00:00","og_image":[{"width":2048,"height":1364,"url":"https:\/\/veritasinfo.org\/wp-content\/uploads\/2026\/05\/FB_IMG_1777704850906.jpg","type":"image\/jpeg"}],"author":"US6","twitter_card":"summary_large_image","twitter_misc":{"Written by":"US6","Est. reading time":"1 minute"},"schema":{"@context":"https:\/\/schema.org","@graph":[{"@type":"WebPage","@id":"https:\/\/veritasinfo.org\/?p=46019","url":"https:\/\/veritasinfo.org\/?p=46019","name":"Hysni Mehani em\u00ebrohet z\u00ebvend\u00ebsminist\u00ebr n\u00eb Ministrin\u00eb e Financave -","isPartOf":{"@id":"https:\/\/veritasinfo.org\/#website"},"primaryImageOfPage":{"@id":"https:\/\/veritasinfo.org\/?p=46019#primaryimage"},"image":{"@id":"https:\/\/veritasinfo.org\/?p=46019#primaryimage"},"thumbnailUrl":"https:\/\/veritasinfo.org\/wp-content\/uploads\/2026\/05\/FB_IMG_1777704850906.jpg","datePublished":"2026-05-02T06:54:57+00:00","author":{"@id":"https:\/\/veritasinfo.org\/#\/schema\/person\/fe199eede04c3937362892b7444747cc"},"breadcrumb":{"@id":"https:\/\/veritasinfo.org\/?p=46019#breadcrumb"},"inLanguage":"en-US","potentialAction":[{"@type":"ReadAction","target":["https:\/\/veritasinfo.org\/?p=46019"]}]},{"@type":"ImageObject","inLanguage":"en-US","@id":"https:\/\/veritasinfo.org\/?p=46019#primaryimage","url":"https:\/\/veritasinfo.org\/wp-content\/uploads\/2026\/05\/FB_IMG_1777704850906.jpg","contentUrl":"https:\/\/veritasinfo.org\/wp-content\/uploads\/2026\/05\/FB_IMG_1777704850906.jpg","width":2048,"height":1364},{"@type":"BreadcrumbList","@id":"https:\/\/veritasinfo.org\/?p=46019#breadcrumb","itemListElement":[{"@type":"ListItem","position":1,"name":"Home","item":"https:\/\/veritasinfo.org\/"},{"@type":"ListItem","position":2,"name":"Hysni Mehani em\u00ebrohet z\u00ebvend\u00ebsminist\u00ebr n\u00eb Ministrin\u00eb e Financave"}]},{"@type":"WebSite","@id":"https:\/\/veritasinfo.org\/#website","url":"https:\/\/veritasinfo.org\/","name":"","description":"","potentialAction":[{"@type":"SearchAction","target":{"@type":"EntryPoint","urlTemplate":"https:\/\/veritasinfo.org\/?s={search_term_string}"},"query-input":{"@type":"PropertyValueSpecification","valueRequired":true,"valueName":"search_term_string"}}],"inLanguage":"en-US"},{"@type":"Person","@id":"https:\/\/veritasinfo.org\/#\/schema\/person\/fe199eede04c3937362892b7444747cc","name":"US6","image":{"@type":"ImageObject","inLanguage":"en-US","@id":"https:\/\/veritasinfo.org\/#\/schema\/person\/image\/","url":"https:\/\/secure.gravatar.com\/avatar\/cb16c3c31c9d23b9b8c705964598220b3014e42ff51eb540ff23cefa3ae8c15f?s=96&d=mm&r=g","contentUrl":"https:\/\/secure.gravatar.com\/avatar\/cb16c3c31c9d23b9b8c705964598220b3014e42ff51eb540ff23cefa3ae8c15f?s=96&d=mm&r=g","caption":"US6"},"url":"https:\/\/veritasinfo.org\/?author=7"}]}},"featured_image_urls":{"full":["https:\/\/veritasinfo.org\/wp-content\/uploads\/2026\/05\/FB_IMG_1777704850906.jpg",2048,1364,false],"thumbnail":["https:\/\/veritasinfo.org\/wp-content\/uploads\/2026\/05\/FB_IMG_1777704850906-150x150.jpg",150,150,true],"medium":["https:\/\/veritasinfo.org\/wp-content\/uploads\/2026\/05\/FB_IMG_1777704850906-300x200.jpg",300,200,true],"medium_large":["https:\/\/veritasinfo.org\/wp-content\/uploads\/2026\/05\/FB_IMG_1777704850906-768x512.jpg",640,427,true],"large":["https:\/\/veritasinfo.org\/wp-content\/uploads\/2026\/05\/FB_IMG_1777704850906-1024x682.jpg",640,426,true],"1536x1536":["https:\/\/veritasinfo.org\/wp-content\/uploads\/2026\/05\/FB_IMG_1777704850906-1536x1023.jpg",1536,1023,true],"2048x2048":["https:\/\/veritasinfo.org\/wp-content\/uploads\/2026\/05\/FB_IMG_1777704850906.jpg",2048,1364,false],"kreeti-slider-full":["https:\/\/veritasinfo.org\/wp-content\/uploads\/2026\/05\/FB_IMG_1777704850906-1280x720.jpg",1280,720,true],"kreeti-featured":["https:\/\/veritasinfo.org\/wp-content\/uploads\/2026\/05\/FB_IMG_1777704850906-1024x682.jpg",1024,682,true],"kreeti-medium":["https:\/\/veritasinfo.org\/wp-content\/uploads\/2026\/05\/FB_IMG_1777704850906-720x530.jpg",720,530,true],"kreeti-medium-square":["https:\/\/veritasinfo.org\/wp-content\/uploads\/2026\/05\/FB_IMG_1777704850906-350x350.jpg",350,350,true]},"author_info":{"info":["US6"]},"category_info":"<a href=\"https:\/\/veritasinfo.org\/?cat=58\" rel=\"category\">Politik\u00eb<\/a>","tag_info":"Politik\u00eb","comment_count":"0","_links":{"self":[{"href":"https:\/\/veritasinfo.org\/index.php?rest_route=\/wp\/v2\/posts\/46019","targetHints":{"allow":["GET"]}}],"collection":[{"href":"https:\/\/veritasinfo.org\/index.php?rest_route=\/wp\/v2\/posts"}],"about":[{"href":"https:\/\/veritasinfo.org\/index.php?rest_route=\/wp\/v2\/types\/post"}],"author":[{"embeddable":true,"href":"https:\/\/veritasinfo.org\/index.php?rest_route=\/wp\/v2\/users\/7"}],"replies":[{"embeddable":true,"href":"https:\/\/veritasinfo.org\/index.php?rest_route=%2Fwp%2Fv2%2Fcomments&post=46019"}],"version-history":[{"count":1,"href":"https:\/\/veritasinfo.org\/index.php?rest_route=\/wp\/v2\/posts\/46019\/revisions"}],"predecessor-version":[{"id":46021,"href":"https:\/\/veritasinfo.org\/index.php?rest_route=\/wp\/v2\/posts\/46019\/revisions\/46021"}],"wp:featuredmedia":[{"embeddable":true,"href":"https:\/\/veritasinfo.org\/index.php?rest_route=\/wp\/v2\/media\/46020"}],"wp:attachment":[{"href":"https:\/\/veritasinfo.org\/index.php?rest_route=%2Fwp%2Fv2%2Fmedia&parent=46019"}],"wp:term":[{"taxonomy":"category","embeddable":true,"href":"https:\/\/veritasinfo.org\/index.php?rest_route=%2Fwp%2Fv2%2Fcategories&post=46019"},{"taxonomy":"post_tag","embeddable":true,"href":"https:\/\/veritasinfo.org\/index.php?rest_route=%2Fwp%2Fv2%2Ftags&post=46019"}],"curies":[{"name":"wp","href":"https:\/\/api.w.org\/{rel}","templated":true}]}}