{"id":46008,"date":"2026-05-01T21:14:43","date_gmt":"2026-05-01T19:14:43","guid":{"rendered":"https:\/\/veritasinfo.org\/?p=46008"},"modified":"2026-05-01T21:14:43","modified_gmt":"2026-05-01T19:14:43","slug":"stradner-rezolucija-sad-o-kosovu-u-nato-u-je-snazan-politicki-signal","status":"publish","type":"post","link":"https:\/\/veritasinfo.org\/?p=46008&lang=sr","title":{"rendered":"Stradner: Rezolucija SAD o Kosovu u NATO-u je \u201esna\u017ean politi\u010dki signal\u201c"},"content":{"rendered":"<p>Pri\u0161tina, 1. maj 2026, 21:10<\/p>\n<p>Stradner: Ameri\u010dka rezolucija za Kosovo u NATO je \u201esna\u017ean politi\u010dki signal\u201c<\/p>\n<p>Kosovo je dobilo politi\u010dki podsticaj u svom nastojanju da postane deo NATO-a, vojnog saveza koji je intervenisao 1999. godine kako bi okon\u010dao rat, nakon \u0161to su tri ameri\u010dka kongresmena ove nedelje predstavila rezoluciju u podr\u0161ci njegovoj dugogodi\u0161njoj aspiraciji.<\/p>\n<p>Rezolucija, predstavljena 30. aprila uz dvostrana\u010dku podr\u0161ku kongresmena Keitha Selfa, Ritchieja Torresa i Mikea Lawlera, izazvala je i trenutnu reakciju Srbije, koja redovno osporava \u010dlanstvo Kosova u me\u0111unarodnim organizacijama.<\/p>\n<p>Za Ivanu Stradner iz Fondacije za odbranu demokratija u Va\u0161ingtonu (FDD), rezolucija je \u201esna\u017ean politi\u010dki signal, jer pribli\u017eava Kosovo NATO-u u strate\u0161kom smislu\u201c.<\/p>\n<p>\u201eNa papiru, Kosovo mo\u017eda nije mnogo bli\u017ee \u010dlanstvu, s obzirom na to da ga \u010detiri NATO saveznika jo\u0161 ne priznaju, ali ovo je korak u pravom smeru u trenutku kada se bezbednosna situacija u regionu pogor\u0161ava\u201c, ka\u017ee Stradner za Radio Slobodna Evropa.<\/p>\n<p>Kosovo jo\u0161 uvek nije podnelo formalni zahtev za \u010dlanstvo u NATO-u, jer se suo\u010dava sa velikim preprekama, kao \u0161to je nedostatak priznanja od \u010detiri dr\u017eave \u010dlanice: Gr\u010dke, Rumunije, Slova\u010dke i \u0160panije.<\/p>\n<p>Tako\u0111e je trenutno u procesu transformacije Bezbednosnih snaga u punopravnu vojsku, \u0161to se o\u010dekuje da traje do 2028. godine.<\/p>\n<p>Pored toga, Kosovo nije deo NATO programa Partnerstvo za mir, koji slu\u017ei kao put za svaku zemlju koja \u017eeli da postane \u010dlanica vojnog saveza.<\/p>\n<p>Prijem novog \u010dlana zahteva jednoglasnost unutar saveza, zbog \u010dega rezolucija poziva Va\u0161ington da podstakne ove \u010detiri dr\u017eave da priznaju najmla\u0111u dr\u017eavu u Evropi.<\/p>\n<p>Stradner ocenjuje da inicijative u Kongresu, poput ove rezolucije, mo\u017eda ne mogu primorati NATO saveznike da promene svoje stavove, ali oblikuju politi\u010dko okru\u017eenje pokazuju\u0107i da Va\u0161ington vidi Balkan kao nedovr\u0161eno strate\u0161ko pitanje i o\u010dekuje ve\u0107e jedinstvo unutar saveza.<\/p>\n<p>\u201eOne tako\u0111e \u0161alju jasan signal u unutra\u0161njoj ameri\u010dkoj debati da nije vreme za ograni\u010davanje ili povla\u010denje ameri\u010dkog vojnog anga\u017emana iz saveza na Balkanu, uprkos povremenim glasovima u tom pravcu. Stabilno vojno prisustvo SAD u Evropi ostaje klju\u010dno za odvra\u0107anje i dugoro\u010dnu stabilnost\u201c, nagla\u0161ava ona.<\/p>\n<p>Poslednjih meseci pojavili su se navodi da bi SAD mogle povu\u0107i svoje trupe iz NATO-a, uklju\u010duju\u0107i i iz mirovne misije na Kosovu, KFOR-a.<\/p>\n<p>Me\u0111utim, Pentagon je ranije saop\u0161tio Radiju Slobodna Evropa da nema nikakvih najava o promeni rasporeda snaga.<\/p>\n<p>Oko 590 ameri\u010dkih vojnika slu\u017ei na Kosovu kao deo mirovne misije NATO-a.<\/p>\n<p>Prema Stradner, ova rezolucija tako\u0111e \u201e\u0161alje jasnu poruku da Sjedinjene Ameri\u010dke Dr\u017eave nastavljaju da ula\u017eu u ulogu i koheziju NATO-a\u201c.<\/p>\n<p>Rezolucija odra\u017eava \u201eregionalne tenzije\u201c<\/p>\n<p>Stradner smatra da predstavljanje ameri\u010dke rezolucije u ovom trenutku odra\u017eava \u201ekako stalne regionalne tenzije, tako i \u0161iru geopoliti\u010dku konkurenciju, gde se sive zone sve vi\u0161e posmatraju kao slabosti\u201c.<\/p>\n<p>Tenzije u regionu su nedavno porasle, pri \u010demu predsednik Srbije Aleksandar Vu\u010di\u0107 tvrdi, bez izno\u0161enja dokaza, da se susedne zemlje \u201epripremaju\u201c za napad na Srbiju.<\/p>\n<p>Kako bi oja\u010dao svoj narativ, Vu\u010di\u0107 je pre nekoliko nedelja najavio nova ulaganja u vojsku i dalje pove\u0107anje odbrambenih kapaciteta, isti\u010du\u0107i da Srbija mora biti spremna za svaki razvoj doga\u0111aja u \u201eslo\u017eenoj\u201c bezbednosnoj situaciji, uzrokovanoj aktivnostima Pri\u0161tine, Tirane i Zagreba.<\/p>\n<p>On se pozivao na zajedni\u010dku izjavu o saradnji u oblasti odbrane izme\u0111u Kosova i dve \u010dlanice NATO-a: Albanije i Hrvatske.<\/p>\n<p>Sve tri zemlje su vi\u0161e puta navele da trostrana izjava nije usmerena protiv bilo koga i da joj je cilj razvoj odbrane.<\/p>\n<p>Kosovo je, s druge strane, poslednjih godina optu\u017eivalo Srbiju za agresiju zbog vojnih ve\u017ebi u blizini svoje granice.<\/p>\n<p>Stradner isti\u010de da je Zapadni Balkan ve\u0107 pokazao koliko brzo tenzije mogu eskalirati, navode\u0107i incidente tokom protesta 2023. godine na severu sa srpskom ve\u0107inom, gde je povre\u0111eno vi\u0161e od 90 pripadnika mirovnih snaga NATO-a na Kosovu.<\/p>\n<p>Ovi incidenti, prema njenim re\u010dima, nagla\u0161avaju da se savez \u201ene suo\u010dava sa apstraktnim rizicima, ve\u0107 sa stvarnim ta\u010dkama napetosti\u201c.<\/p>\n<p>\u201eDok se suo\u010dava sa pote\u0161ko\u0107ama u ratu u Ukrajini, Putin tra\u017ei nove na\u010dine da izazove Zapad, a otvaranje novog konflikta na Balkanu uvek je na njegovom \u2018vojnom meniju\u2019, uz pomo\u0107 Vu\u010di\u0107a. Upravo zato NATO ima interes za stabilnost u regionu\u201c, nagla\u0161ava Stradner.<\/p>\n<p>Ona smatra da je pouka koju mnogi donosioci odluka izvla\u010de iz ruske invazije na Ukrajinu, koja je po\u010dela 2022. godine i jo\u0161 traje, \u201edirektna\u201c.<\/p>\n<p>\u201eZemlje van NATO-a, poput Ukrajine, ostaju izlo\u017eene, dok \u010dlanstvo u NATO-u pru\u017ea nivo odvra\u0107anja koji akteri poput Putina oklevaju da direktno izazovu\u201c, ka\u017ee ona.<\/p>\n<p>To va\u017ei i za Kosovo, zemlju koja je stekla slobodu zahvaljuju\u0107i intervenciji NATO-a 1999. godine kako bi se zaustavio tada\u0161nji srpski re\u017eim, a \u010diji zvani\u010dnici stalno ponavljaju da \u0107e dr\u017eava biti sigurnija kao deo saveza.<\/p>\n<p>Protivljenje Srbije \u201epredvidivo\u201c<\/p>\n<p>Srbija javno osporava nezavisnost Kosova i njegovo \u010dlanstvo u me\u0111unarodnim organizacijama i, prema Stradner, reakcija Vu\u010di\u0107a na ameri\u010dku rezoluciju nije iznena\u0111uju\u0107a.<\/p>\n<p>U sporazumu iz 2023. godine u dijalogu uz posredovanje Evropske unije, Srbija se obavezala da ne\u0107e blokirati \u010dlanstvo Kosova u me\u0111unarodnim organizacijama.<\/p>\n<p>Me\u0111utim, tri godine kasnije nije ispo\u0161tovala tu obavezu i nastavila je lobiranje protiv suseda.<\/p>\n<p>\u201eVu\u010di\u0107evo protivljenje ovoj rezoluciji je predvidivo. On nema mnogo interesa da pozdravi ja\u010de prisustvo NATO-a, ali u\u010de\u0161\u0107e Srbije u povremenim NATO ve\u017ebama ne treba me\u0161ati sa potpunim uskla\u0111ivanjem, posebno imaju\u0107i u vidu njenu paralelnu vojnu saradnju sa Rusijom i Kinom\u201c, nagla\u0161ava Stradner.<\/p>\n<p>Srbija je vojno neutralna, ali je deo programa Partnerstvo za mir i sara\u0111uje sa NATO-om u tom okviru.<\/p>\n<p>Ipak, istovremeno redovno sprovodi vojne ve\u017ebe sa Kinom i nije se pridru\u017eila Zapadu u uvo\u0111enju sankcija Rusiji zbog invazije na Ukrajinu.<\/p>\n<p>\u201eSrbija pro\u0161iruje svoje vojne kapacitete uz podr\u0161ku spoljnih partnera, dok Vu\u010di\u0107 nastavlja da balansira izme\u0111u Brisela, Moskve i Pekinga na na\u010din koji izaziva opravdanu zabrinutost za dugoro\u010dni pravac Srbije\u201c, zaklju\u010duje Stradner.<\/p>\n<p>Ona isti\u010de da, uprkos tome \u0161to Vlada Srbije ima koristi od fondova Evropske unije, retorika i pozicioniranje Vu\u010di\u0107a \u201e\u010desto odra\u017eavaju teme povezane sa Vladimirom Putinom, posebno u kontekstu regionalnog uticaja i narativa o \u0161irem \u2018srpskom svetu\u2019\u201c.<\/p>\n<p>\u201eUnutra\u0161nji pritisci tako\u0111e igraju ulogu: kako protesti i politi\u010dke tenzije unutar Srbije rastu, postoji ponavljaju\u0107i obrazac u kojem Vu\u010di\u0107 te\u017ei da eskalira kako bi potom deeskalirao situaciju u regionu\u201c, zaklju\u010duje ona.<\/p>\n","protected":false},"excerpt":{"rendered":"<p>Pri\u0161tina, 1. maj 2026, 21:10 Stradner: Ameri\u010dka rezolucija za Kosovo u NATO je \u201esna\u017ean politi\u010dki signal\u201c Kosovo je dobilo politi\u010dki podsticaj u svom nastojanju da<\/p>\n","protected":false},"author":6,"featured_media":46009,"comment_status":"open","ping_status":"open","sticky":false,"template":"","format":"standard","meta":{"footnotes":""},"categories":[30],"tags":[],"class_list":["post-46008","post","type-post","status-publish","format-standard","has-post-thumbnail","hentry","category-drustvo"],"yoast_head":"<!-- This site is optimized with the Yoast SEO plugin v25.3.1 - https:\/\/yoast.com\/wordpress\/plugins\/seo\/ -->\n<title>Stradner: Rezolucija SAD o Kosovu u NATO-u je \u201esna\u017ean politi\u010dki signal\u201c -<\/title>\n<meta name=\"robots\" content=\"index, follow, max-snippet:-1, max-image-preview:large, max-video-preview:-1\" \/>\n<link rel=\"canonical\" href=\"https:\/\/veritasinfo.org\/?p=46008&lang=sr\" \/>\n<meta property=\"og:locale\" content=\"en_US\" \/>\n<meta property=\"og:type\" content=\"article\" \/>\n<meta property=\"og:title\" content=\"Stradner: Rezolucija SAD o Kosovu u NATO-u je \u201esna\u017ean politi\u010dki signal\u201c -\" \/>\n<meta property=\"og:description\" content=\"Pri\u0161tina, 1. maj 2026, 21:10 Stradner: Ameri\u010dka rezolucija za Kosovo u NATO je \u201esna\u017ean politi\u010dki signal\u201c Kosovo je dobilo politi\u010dki podsticaj u svom nastojanju da\" \/>\n<meta property=\"og:url\" content=\"https:\/\/veritasinfo.org\/?p=46008&amp;lang=sr\" \/>\n<meta property=\"article:published_time\" content=\"2026-05-01T19:14:43+00:00\" \/>\n<meta property=\"og:image\" content=\"https:\/\/veritasinfo.org\/wp-content\/uploads\/2026\/05\/4567-5-1.jpg\" \/>\n\t<meta property=\"og:image:width\" content=\"853\" \/>\n\t<meta property=\"og:image:height\" content=\"484\" \/>\n\t<meta property=\"og:image:type\" content=\"image\/jpeg\" \/>\n<meta name=\"author\" content=\"US5\" \/>\n<meta name=\"twitter:card\" content=\"summary_large_image\" \/>\n<meta name=\"twitter:label1\" content=\"Written by\" \/>\n\t<meta name=\"twitter:data1\" content=\"US5\" \/>\n\t<meta name=\"twitter:label2\" content=\"Est. reading time\" \/>\n\t<meta name=\"twitter:data2\" content=\"5 minutes\" \/>\n<script type=\"application\/ld+json\" class=\"yoast-schema-graph\">{\"@context\":\"https:\/\/schema.org\",\"@graph\":[{\"@type\":\"WebPage\",\"@id\":\"https:\/\/veritasinfo.org\/?p=46008&lang=sr\",\"url\":\"https:\/\/veritasinfo.org\/?p=46008&lang=sr\",\"name\":\"Stradner: Rezolucija SAD o Kosovu u NATO-u je \u201esna\u017ean politi\u010dki signal\u201c -\",\"isPartOf\":{\"@id\":\"https:\/\/veritasinfo.org\/#website\"},\"primaryImageOfPage\":{\"@id\":\"https:\/\/veritasinfo.org\/?p=46008&lang=sr#primaryimage\"},\"image\":{\"@id\":\"https:\/\/veritasinfo.org\/?p=46008&lang=sr#primaryimage\"},\"thumbnailUrl\":\"https:\/\/veritasinfo.org\/wp-content\/uploads\/2026\/05\/4567-5-1.jpg\",\"datePublished\":\"2026-05-01T19:14:43+00:00\",\"author\":{\"@id\":\"https:\/\/veritasinfo.org\/#\/schema\/person\/bc442336e35414d04494ab8fb45db4c6\"},\"breadcrumb\":{\"@id\":\"https:\/\/veritasinfo.org\/?p=46008&lang=sr#breadcrumb\"},\"inLanguage\":\"en-US\",\"potentialAction\":[{\"@type\":\"ReadAction\",\"target\":[\"https:\/\/veritasinfo.org\/?p=46008&lang=sr\"]}]},{\"@type\":\"ImageObject\",\"inLanguage\":\"en-US\",\"@id\":\"https:\/\/veritasinfo.org\/?p=46008&lang=sr#primaryimage\",\"url\":\"https:\/\/veritasinfo.org\/wp-content\/uploads\/2026\/05\/4567-5-1.jpg\",\"contentUrl\":\"https:\/\/veritasinfo.org\/wp-content\/uploads\/2026\/05\/4567-5-1.jpg\",\"width\":853,\"height\":484},{\"@type\":\"BreadcrumbList\",\"@id\":\"https:\/\/veritasinfo.org\/?p=46008&lang=sr#breadcrumb\",\"itemListElement\":[{\"@type\":\"ListItem\",\"position\":1,\"name\":\"Home\",\"item\":\"https:\/\/veritasinfo.org\/\"},{\"@type\":\"ListItem\",\"position\":2,\"name\":\"Stradner: Rezolucija SAD o Kosovu u NATO-u je \u201esna\u017ean politi\u010dki signal\u201c\"}]},{\"@type\":\"WebSite\",\"@id\":\"https:\/\/veritasinfo.org\/#website\",\"url\":\"https:\/\/veritasinfo.org\/\",\"name\":\"\",\"description\":\"\",\"potentialAction\":[{\"@type\":\"SearchAction\",\"target\":{\"@type\":\"EntryPoint\",\"urlTemplate\":\"https:\/\/veritasinfo.org\/?s={search_term_string}\"},\"query-input\":{\"@type\":\"PropertyValueSpecification\",\"valueRequired\":true,\"valueName\":\"search_term_string\"}}],\"inLanguage\":\"en-US\"},{\"@type\":\"Person\",\"@id\":\"https:\/\/veritasinfo.org\/#\/schema\/person\/bc442336e35414d04494ab8fb45db4c6\",\"name\":\"US5\",\"image\":{\"@type\":\"ImageObject\",\"inLanguage\":\"en-US\",\"@id\":\"https:\/\/veritasinfo.org\/#\/schema\/person\/image\/\",\"url\":\"https:\/\/secure.gravatar.com\/avatar\/16a61e7272a0c5d001121ebb9e60e925d5816e4ac1e443ed3e640d9a6ae55d0c?s=96&d=mm&r=g\",\"contentUrl\":\"https:\/\/secure.gravatar.com\/avatar\/16a61e7272a0c5d001121ebb9e60e925d5816e4ac1e443ed3e640d9a6ae55d0c?s=96&d=mm&r=g\",\"caption\":\"US5\"},\"url\":\"https:\/\/veritasinfo.org\/?author=6\"}]}<\/script>\n<!-- \/ Yoast SEO plugin. -->","yoast_head_json":{"title":"Stradner: Rezolucija SAD o Kosovu u NATO-u je \u201esna\u017ean politi\u010dki signal\u201c -","robots":{"index":"index","follow":"follow","max-snippet":"max-snippet:-1","max-image-preview":"max-image-preview:large","max-video-preview":"max-video-preview:-1"},"canonical":"https:\/\/veritasinfo.org\/?p=46008&lang=sr","og_locale":"en_US","og_type":"article","og_title":"Stradner: Rezolucija SAD o Kosovu u NATO-u je \u201esna\u017ean politi\u010dki signal\u201c -","og_description":"Pri\u0161tina, 1. maj 2026, 21:10 Stradner: Ameri\u010dka rezolucija za Kosovo u NATO je \u201esna\u017ean politi\u010dki signal\u201c Kosovo je dobilo politi\u010dki podsticaj u svom nastojanju da","og_url":"https:\/\/veritasinfo.org\/?p=46008&lang=sr","article_published_time":"2026-05-01T19:14:43+00:00","og_image":[{"width":853,"height":484,"url":"https:\/\/veritasinfo.org\/wp-content\/uploads\/2026\/05\/4567-5-1.jpg","type":"image\/jpeg"}],"author":"US5","twitter_card":"summary_large_image","twitter_misc":{"Written by":"US5","Est. reading time":"5 minutes"},"schema":{"@context":"https:\/\/schema.org","@graph":[{"@type":"WebPage","@id":"https:\/\/veritasinfo.org\/?p=46008&lang=sr","url":"https:\/\/veritasinfo.org\/?p=46008&lang=sr","name":"Stradner: Rezolucija SAD o Kosovu u NATO-u je \u201esna\u017ean politi\u010dki signal\u201c -","isPartOf":{"@id":"https:\/\/veritasinfo.org\/#website"},"primaryImageOfPage":{"@id":"https:\/\/veritasinfo.org\/?p=46008&lang=sr#primaryimage"},"image":{"@id":"https:\/\/veritasinfo.org\/?p=46008&lang=sr#primaryimage"},"thumbnailUrl":"https:\/\/veritasinfo.org\/wp-content\/uploads\/2026\/05\/4567-5-1.jpg","datePublished":"2026-05-01T19:14:43+00:00","author":{"@id":"https:\/\/veritasinfo.org\/#\/schema\/person\/bc442336e35414d04494ab8fb45db4c6"},"breadcrumb":{"@id":"https:\/\/veritasinfo.org\/?p=46008&lang=sr#breadcrumb"},"inLanguage":"en-US","potentialAction":[{"@type":"ReadAction","target":["https:\/\/veritasinfo.org\/?p=46008&lang=sr"]}]},{"@type":"ImageObject","inLanguage":"en-US","@id":"https:\/\/veritasinfo.org\/?p=46008&lang=sr#primaryimage","url":"https:\/\/veritasinfo.org\/wp-content\/uploads\/2026\/05\/4567-5-1.jpg","contentUrl":"https:\/\/veritasinfo.org\/wp-content\/uploads\/2026\/05\/4567-5-1.jpg","width":853,"height":484},{"@type":"BreadcrumbList","@id":"https:\/\/veritasinfo.org\/?p=46008&lang=sr#breadcrumb","itemListElement":[{"@type":"ListItem","position":1,"name":"Home","item":"https:\/\/veritasinfo.org\/"},{"@type":"ListItem","position":2,"name":"Stradner: Rezolucija SAD o Kosovu u NATO-u je \u201esna\u017ean politi\u010dki signal\u201c"}]},{"@type":"WebSite","@id":"https:\/\/veritasinfo.org\/#website","url":"https:\/\/veritasinfo.org\/","name":"","description":"","potentialAction":[{"@type":"SearchAction","target":{"@type":"EntryPoint","urlTemplate":"https:\/\/veritasinfo.org\/?s={search_term_string}"},"query-input":{"@type":"PropertyValueSpecification","valueRequired":true,"valueName":"search_term_string"}}],"inLanguage":"en-US"},{"@type":"Person","@id":"https:\/\/veritasinfo.org\/#\/schema\/person\/bc442336e35414d04494ab8fb45db4c6","name":"US5","image":{"@type":"ImageObject","inLanguage":"en-US","@id":"https:\/\/veritasinfo.org\/#\/schema\/person\/image\/","url":"https:\/\/secure.gravatar.com\/avatar\/16a61e7272a0c5d001121ebb9e60e925d5816e4ac1e443ed3e640d9a6ae55d0c?s=96&d=mm&r=g","contentUrl":"https:\/\/secure.gravatar.com\/avatar\/16a61e7272a0c5d001121ebb9e60e925d5816e4ac1e443ed3e640d9a6ae55d0c?s=96&d=mm&r=g","caption":"US5"},"url":"https:\/\/veritasinfo.org\/?author=6"}]}},"featured_image_urls":{"full":["https:\/\/veritasinfo.org\/wp-content\/uploads\/2026\/05\/4567-5-1.jpg",853,484,false],"thumbnail":["https:\/\/veritasinfo.org\/wp-content\/uploads\/2026\/05\/4567-5-1-150x150.jpg",150,150,true],"medium":["https:\/\/veritasinfo.org\/wp-content\/uploads\/2026\/05\/4567-5-1-300x170.jpg",300,170,true],"medium_large":["https:\/\/veritasinfo.org\/wp-content\/uploads\/2026\/05\/4567-5-1-768x436.jpg",640,363,true],"large":["https:\/\/veritasinfo.org\/wp-content\/uploads\/2026\/05\/4567-5-1.jpg",640,363,false],"1536x1536":["https:\/\/veritasinfo.org\/wp-content\/uploads\/2026\/05\/4567-5-1.jpg",853,484,false],"2048x2048":["https:\/\/veritasinfo.org\/wp-content\/uploads\/2026\/05\/4567-5-1.jpg",853,484,false],"kreeti-slider-full":["https:\/\/veritasinfo.org\/wp-content\/uploads\/2026\/05\/4567-5-1.jpg",853,484,false],"kreeti-featured":["https:\/\/veritasinfo.org\/wp-content\/uploads\/2026\/05\/4567-5-1.jpg",853,484,false],"kreeti-medium":["https:\/\/veritasinfo.org\/wp-content\/uploads\/2026\/05\/4567-5-1-720x484.jpg",720,484,true],"kreeti-medium-square":["https:\/\/veritasinfo.org\/wp-content\/uploads\/2026\/05\/4567-5-1-350x350.jpg",350,350,true]},"author_info":{"info":["US5"]},"category_info":"<a href=\"https:\/\/veritasinfo.org\/?cat=30&#038;lang=sr\" rel=\"category\">Dru\u0161tvo<\/a>","tag_info":"Dru\u0161tvo","comment_count":"0","_links":{"self":[{"href":"https:\/\/veritasinfo.org\/index.php?rest_route=\/wp\/v2\/posts\/46008","targetHints":{"allow":["GET"]}}],"collection":[{"href":"https:\/\/veritasinfo.org\/index.php?rest_route=\/wp\/v2\/posts"}],"about":[{"href":"https:\/\/veritasinfo.org\/index.php?rest_route=\/wp\/v2\/types\/post"}],"author":[{"embeddable":true,"href":"https:\/\/veritasinfo.org\/index.php?rest_route=\/wp\/v2\/users\/6"}],"replies":[{"embeddable":true,"href":"https:\/\/veritasinfo.org\/index.php?rest_route=%2Fwp%2Fv2%2Fcomments&post=46008"}],"version-history":[{"count":1,"href":"https:\/\/veritasinfo.org\/index.php?rest_route=\/wp\/v2\/posts\/46008\/revisions"}],"predecessor-version":[{"id":46010,"href":"https:\/\/veritasinfo.org\/index.php?rest_route=\/wp\/v2\/posts\/46008\/revisions\/46010"}],"wp:featuredmedia":[{"embeddable":true,"href":"https:\/\/veritasinfo.org\/index.php?rest_route=\/wp\/v2\/media\/46009"}],"wp:attachment":[{"href":"https:\/\/veritasinfo.org\/index.php?rest_route=%2Fwp%2Fv2%2Fmedia&parent=46008"}],"wp:term":[{"taxonomy":"category","embeddable":true,"href":"https:\/\/veritasinfo.org\/index.php?rest_route=%2Fwp%2Fv2%2Fcategories&post=46008"},{"taxonomy":"post_tag","embeddable":true,"href":"https:\/\/veritasinfo.org\/index.php?rest_route=%2Fwp%2Fv2%2Ftags&post=46008"}],"curies":[{"name":"wp","href":"https:\/\/api.w.org\/{rel}","templated":true}]}}