{"id":45972,"date":"2026-05-01T15:59:12","date_gmt":"2026-05-01T13:59:12","guid":{"rendered":"https:\/\/veritasinfo.org\/?p=45972"},"modified":"2026-05-01T15:59:12","modified_gmt":"2026-05-01T13:59:12","slug":"osbe-rasti-i-spiunazhit-ndaj-gjukanoviqit-eshte-ceshtje-individuale-e-respektojme-vendimin-e-gjykates","status":"publish","type":"post","link":"https:\/\/veritasinfo.org\/?p=45972","title":{"rendered":"OSBE: Rasti i spiunazhit ndaj Gjukanoviqit \u00ebsht\u00eb \u00e7\u00ebshtje individuale, e respektojm\u00eb vendimin e gjykat\u00ebs"},"content":{"rendered":"<p>Prishtin\u00eb 1 Maj 2026 15:58<\/p>\n<p>Organizata p\u00ebr Siguri dhe Bashk\u00ebpunim n\u00eb Evrop\u00eb (OSBE) ka th\u00ebn\u00eb t\u00eb premten se rasti gjyq\u00ebsor p\u00ebr spiunazh ndaj punonj\u00ebs s\u00eb saj, Jellena Gjukanoviq, \u201cka t\u00eb b\u00ebj\u00eb me nj\u00eb individ\u201d, por shtoi se e respekton vendimin e gjykat\u00ebs n\u00eb Prishtin\u00eb p\u00ebr d\u00ebnimin e saj me gjasht\u00eb vjet burgim.<\/p>\n<p>M\u00eb 27 prill, Gjykata Themelore e shpalli fajtore dhe e d\u00ebnoi me gjasht\u00eb vjet burgim Gjukanoviqin p\u00ebr spiunazh kund\u00ebr shtetit t\u00eb Kosov\u00ebs.<\/p>\n<p>E pyetur nga Radio Evropa e Lir\u00eb p\u00ebr vendimin e gjykat\u00ebs, OSBE nuk deshi ta komentoj\u00eb rastin, por tha se \u201cmisioni e respekton rolin e gjyq\u00ebsorit dhe parimet baz\u00eb ligjore t\u00eb procesit t\u00eb rregullt ligjor dhe prezumimit, si dhe vendimin e gjykat\u00ebs\u201d ndaj Gjukanoviqit.<\/p>\n<p>Gjukanoviq, nga Mitrovica e Veriut, ishte arrestua n\u00eb pik\u00ebn kufitare t\u00eb Jarinj\u00ebs, n\u00eb veri t\u00eb Kosov\u00ebs n\u00eb shkurt t\u00eb vitit 2025, dhe prej asaj kohe ndodhet n\u00eb paraburgim.<\/p>\n<p>Ajo e ka mohuar faj\u00ebsin\u00eb, nd\u00ebrsa prokuror\u00ebt k\u00ebrkonin d\u00ebnim me 25 vjet burgim p\u00ebr t\u00eb.<\/p>\n<p>Gjukanoviq u shpall fajtore n\u00ebn aktakuzat se kishte bartur t\u00eb dh\u00ebna tek Agjencia Serbe e Siguris\u00eb dhe Inteligjenc\u00ebs (BIA), kishte rrezikuar rendin kushtetues dhe sigurin\u00eb komb\u00ebtare t\u00eb Kosov\u00ebs.<\/p>\n<p>Prokurori special, Bekim Kodraliu, tha gjat\u00eb gjykimit se Gjukanoviq kishte qen\u00eb n\u00eb kontakt me dy zyrtar\u00eb t\u00eb BIA-s: Ratko Gajtanoviq, p\u00ebrgjegj\u00ebs i agjencis\u00eb n\u00eb rajonin e Novi Pazarit, dhe Lubisha Bukviq, zyrtar tjet\u00ebr i saj.<\/p>\n<p>\u201cMe k\u00ebt\u00eb t\u00eb fundit, e pandehura \u00ebsht\u00eb takuar disa her\u00eb n\u00eb zyrat e BIA-s n\u00eb Beograd\u201d, deklaroi ai.<\/p>\n<p>Sipas Kodraliut, Gjukanoviq ka shfryt\u00ebzuar pozit\u00ebn q\u00eb mbante n\u00eb OSBE, duke vepruar n\u00ebn ndikimin e Aleksandar Vllajiqit, i d\u00ebnuar tashm\u00eb p\u00ebr spiunazh, si dhe zyrtar\u00ebve t\u00eb tjer\u00eb t\u00eb BIA-s.<\/p>\n<p>Prokuroria ka th\u00ebn\u00eb se Gjukanoviq ka kontribuar n\u00eb krijimin e nj\u00eb \u201cnarrativi armiq\u00ebsor\u201d ndaj institucioneve t\u00eb siguris\u00eb, shtet\u00ebsis\u00eb dhe integritetit territorial t\u00eb Republik\u00ebs s\u00eb Kosov\u00ebs.<\/p>\n<p>S\u00eb voni, autoritetet n\u00eb Kosov\u00eb kan\u00eb arrestuar disa persona, shqiptar\u00eb dhe serb\u00eb, n\u00ebn dyshimet p\u00ebr spiunim n\u00eb sh\u00ebrbim t\u00eb inteligjenc\u00ebs serbe.<\/p>\n<p>Ekspert\u00ebt kan\u00eb th\u00ebn\u00eb se k\u00ebto raste tregojn\u00eb se spiunazhi mbetet nj\u00eb k\u00ebrc\u00ebnim serioz p\u00ebr sigurin\u00eb e Kosov\u00ebs.<\/p>\n","protected":false},"excerpt":{"rendered":"<p>Prishtin\u00eb 1 Maj 2026 15:58 Organizata p\u00ebr Siguri dhe Bashk\u00ebpunim n\u00eb Evrop\u00eb (OSBE) ka th\u00ebn\u00eb t\u00eb premten se rasti gjyq\u00ebsor p\u00ebr spiunazh ndaj punonj\u00ebs s\u00eb<\/p>\n","protected":false},"author":6,"featured_media":45973,"comment_status":"open","ping_status":"open","sticky":false,"template":"","format":"standard","meta":{"footnotes":""},"categories":[60],"tags":[],"class_list":["post-45972","post","type-post","status-publish","format-standard","has-post-thumbnail","hentry","category-shoqerore-sq"],"yoast_head":"<!-- This site is optimized with the Yoast SEO plugin v25.3.1 - https:\/\/yoast.com\/wordpress\/plugins\/seo\/ -->\n<title>OSBE: Rasti i spiunazhit ndaj Gjukanoviqit \u00ebsht\u00eb \u00e7\u00ebshtje individuale, e respektojm\u00eb vendimin e gjykat\u00ebs -<\/title>\n<meta name=\"robots\" content=\"index, follow, max-snippet:-1, max-image-preview:large, max-video-preview:-1\" \/>\n<link rel=\"canonical\" href=\"https:\/\/veritasinfo.org\/?p=45972\" \/>\n<meta property=\"og:locale\" content=\"en_US\" \/>\n<meta property=\"og:type\" content=\"article\" \/>\n<meta property=\"og:title\" content=\"OSBE: Rasti i spiunazhit ndaj Gjukanoviqit \u00ebsht\u00eb \u00e7\u00ebshtje individuale, e respektojm\u00eb vendimin e gjykat\u00ebs -\" \/>\n<meta property=\"og:description\" content=\"Prishtin\u00eb 1 Maj 2026 15:58 Organizata p\u00ebr Siguri dhe Bashk\u00ebpunim n\u00eb Evrop\u00eb (OSBE) ka th\u00ebn\u00eb t\u00eb premten se rasti gjyq\u00ebsor p\u00ebr spiunazh ndaj punonj\u00ebs s\u00eb\" \/>\n<meta property=\"og:url\" content=\"https:\/\/veritasinfo.org\/?p=45972\" \/>\n<meta property=\"article:published_time\" content=\"2026-05-01T13:59:12+00:00\" \/>\n<meta property=\"og:image\" content=\"https:\/\/veritasinfo.org\/wp-content\/uploads\/2026\/05\/IMG-20260501-WA0001.jpg\" \/>\n\t<meta property=\"og:image:width\" content=\"750\" \/>\n\t<meta property=\"og:image:height\" content=\"375\" \/>\n\t<meta property=\"og:image:type\" content=\"image\/jpeg\" \/>\n<meta name=\"author\" content=\"US5\" \/>\n<meta name=\"twitter:card\" content=\"summary_large_image\" \/>\n<meta name=\"twitter:label1\" content=\"Written by\" \/>\n\t<meta name=\"twitter:data1\" content=\"US5\" \/>\n\t<meta name=\"twitter:label2\" content=\"Est. reading time\" \/>\n\t<meta name=\"twitter:data2\" content=\"1 minute\" \/>\n<script type=\"application\/ld+json\" class=\"yoast-schema-graph\">{\"@context\":\"https:\/\/schema.org\",\"@graph\":[{\"@type\":\"WebPage\",\"@id\":\"https:\/\/veritasinfo.org\/?p=45972\",\"url\":\"https:\/\/veritasinfo.org\/?p=45972\",\"name\":\"OSBE: Rasti i spiunazhit ndaj Gjukanoviqit \u00ebsht\u00eb \u00e7\u00ebshtje individuale, e respektojm\u00eb vendimin e gjykat\u00ebs -\",\"isPartOf\":{\"@id\":\"https:\/\/veritasinfo.org\/#website\"},\"primaryImageOfPage\":{\"@id\":\"https:\/\/veritasinfo.org\/?p=45972#primaryimage\"},\"image\":{\"@id\":\"https:\/\/veritasinfo.org\/?p=45972#primaryimage\"},\"thumbnailUrl\":\"https:\/\/veritasinfo.org\/wp-content\/uploads\/2026\/05\/IMG-20260501-WA0001.jpg\",\"datePublished\":\"2026-05-01T13:59:12+00:00\",\"author\":{\"@id\":\"https:\/\/veritasinfo.org\/#\/schema\/person\/bc442336e35414d04494ab8fb45db4c6\"},\"breadcrumb\":{\"@id\":\"https:\/\/veritasinfo.org\/?p=45972#breadcrumb\"},\"inLanguage\":\"en-US\",\"potentialAction\":[{\"@type\":\"ReadAction\",\"target\":[\"https:\/\/veritasinfo.org\/?p=45972\"]}]},{\"@type\":\"ImageObject\",\"inLanguage\":\"en-US\",\"@id\":\"https:\/\/veritasinfo.org\/?p=45972#primaryimage\",\"url\":\"https:\/\/veritasinfo.org\/wp-content\/uploads\/2026\/05\/IMG-20260501-WA0001.jpg\",\"contentUrl\":\"https:\/\/veritasinfo.org\/wp-content\/uploads\/2026\/05\/IMG-20260501-WA0001.jpg\",\"width\":750,\"height\":375},{\"@type\":\"BreadcrumbList\",\"@id\":\"https:\/\/veritasinfo.org\/?p=45972#breadcrumb\",\"itemListElement\":[{\"@type\":\"ListItem\",\"position\":1,\"name\":\"Home\",\"item\":\"https:\/\/veritasinfo.org\/\"},{\"@type\":\"ListItem\",\"position\":2,\"name\":\"OSBE: Rasti i spiunazhit ndaj Gjukanoviqit \u00ebsht\u00eb \u00e7\u00ebshtje individuale, e respektojm\u00eb vendimin e gjykat\u00ebs\"}]},{\"@type\":\"WebSite\",\"@id\":\"https:\/\/veritasinfo.org\/#website\",\"url\":\"https:\/\/veritasinfo.org\/\",\"name\":\"\",\"description\":\"\",\"potentialAction\":[{\"@type\":\"SearchAction\",\"target\":{\"@type\":\"EntryPoint\",\"urlTemplate\":\"https:\/\/veritasinfo.org\/?s={search_term_string}\"},\"query-input\":{\"@type\":\"PropertyValueSpecification\",\"valueRequired\":true,\"valueName\":\"search_term_string\"}}],\"inLanguage\":\"en-US\"},{\"@type\":\"Person\",\"@id\":\"https:\/\/veritasinfo.org\/#\/schema\/person\/bc442336e35414d04494ab8fb45db4c6\",\"name\":\"US5\",\"image\":{\"@type\":\"ImageObject\",\"inLanguage\":\"en-US\",\"@id\":\"https:\/\/veritasinfo.org\/#\/schema\/person\/image\/\",\"url\":\"https:\/\/secure.gravatar.com\/avatar\/16a61e7272a0c5d001121ebb9e60e925d5816e4ac1e443ed3e640d9a6ae55d0c?s=96&d=mm&r=g\",\"contentUrl\":\"https:\/\/secure.gravatar.com\/avatar\/16a61e7272a0c5d001121ebb9e60e925d5816e4ac1e443ed3e640d9a6ae55d0c?s=96&d=mm&r=g\",\"caption\":\"US5\"},\"url\":\"https:\/\/veritasinfo.org\/?author=6\"}]}<\/script>\n<!-- \/ Yoast SEO plugin. -->","yoast_head_json":{"title":"OSBE: Rasti i spiunazhit ndaj Gjukanoviqit \u00ebsht\u00eb \u00e7\u00ebshtje individuale, e respektojm\u00eb vendimin e gjykat\u00ebs -","robots":{"index":"index","follow":"follow","max-snippet":"max-snippet:-1","max-image-preview":"max-image-preview:large","max-video-preview":"max-video-preview:-1"},"canonical":"https:\/\/veritasinfo.org\/?p=45972","og_locale":"en_US","og_type":"article","og_title":"OSBE: Rasti i spiunazhit ndaj Gjukanoviqit \u00ebsht\u00eb \u00e7\u00ebshtje individuale, e respektojm\u00eb vendimin e gjykat\u00ebs -","og_description":"Prishtin\u00eb 1 Maj 2026 15:58 Organizata p\u00ebr Siguri dhe Bashk\u00ebpunim n\u00eb Evrop\u00eb (OSBE) ka th\u00ebn\u00eb t\u00eb premten se rasti gjyq\u00ebsor p\u00ebr spiunazh ndaj punonj\u00ebs s\u00eb","og_url":"https:\/\/veritasinfo.org\/?p=45972","article_published_time":"2026-05-01T13:59:12+00:00","og_image":[{"width":750,"height":375,"url":"https:\/\/veritasinfo.org\/wp-content\/uploads\/2026\/05\/IMG-20260501-WA0001.jpg","type":"image\/jpeg"}],"author":"US5","twitter_card":"summary_large_image","twitter_misc":{"Written by":"US5","Est. reading time":"1 minute"},"schema":{"@context":"https:\/\/schema.org","@graph":[{"@type":"WebPage","@id":"https:\/\/veritasinfo.org\/?p=45972","url":"https:\/\/veritasinfo.org\/?p=45972","name":"OSBE: Rasti i spiunazhit ndaj Gjukanoviqit \u00ebsht\u00eb \u00e7\u00ebshtje individuale, e respektojm\u00eb vendimin e gjykat\u00ebs -","isPartOf":{"@id":"https:\/\/veritasinfo.org\/#website"},"primaryImageOfPage":{"@id":"https:\/\/veritasinfo.org\/?p=45972#primaryimage"},"image":{"@id":"https:\/\/veritasinfo.org\/?p=45972#primaryimage"},"thumbnailUrl":"https:\/\/veritasinfo.org\/wp-content\/uploads\/2026\/05\/IMG-20260501-WA0001.jpg","datePublished":"2026-05-01T13:59:12+00:00","author":{"@id":"https:\/\/veritasinfo.org\/#\/schema\/person\/bc442336e35414d04494ab8fb45db4c6"},"breadcrumb":{"@id":"https:\/\/veritasinfo.org\/?p=45972#breadcrumb"},"inLanguage":"en-US","potentialAction":[{"@type":"ReadAction","target":["https:\/\/veritasinfo.org\/?p=45972"]}]},{"@type":"ImageObject","inLanguage":"en-US","@id":"https:\/\/veritasinfo.org\/?p=45972#primaryimage","url":"https:\/\/veritasinfo.org\/wp-content\/uploads\/2026\/05\/IMG-20260501-WA0001.jpg","contentUrl":"https:\/\/veritasinfo.org\/wp-content\/uploads\/2026\/05\/IMG-20260501-WA0001.jpg","width":750,"height":375},{"@type":"BreadcrumbList","@id":"https:\/\/veritasinfo.org\/?p=45972#breadcrumb","itemListElement":[{"@type":"ListItem","position":1,"name":"Home","item":"https:\/\/veritasinfo.org\/"},{"@type":"ListItem","position":2,"name":"OSBE: Rasti i spiunazhit ndaj Gjukanoviqit \u00ebsht\u00eb \u00e7\u00ebshtje individuale, e respektojm\u00eb vendimin e gjykat\u00ebs"}]},{"@type":"WebSite","@id":"https:\/\/veritasinfo.org\/#website","url":"https:\/\/veritasinfo.org\/","name":"","description":"","potentialAction":[{"@type":"SearchAction","target":{"@type":"EntryPoint","urlTemplate":"https:\/\/veritasinfo.org\/?s={search_term_string}"},"query-input":{"@type":"PropertyValueSpecification","valueRequired":true,"valueName":"search_term_string"}}],"inLanguage":"en-US"},{"@type":"Person","@id":"https:\/\/veritasinfo.org\/#\/schema\/person\/bc442336e35414d04494ab8fb45db4c6","name":"US5","image":{"@type":"ImageObject","inLanguage":"en-US","@id":"https:\/\/veritasinfo.org\/#\/schema\/person\/image\/","url":"https:\/\/secure.gravatar.com\/avatar\/16a61e7272a0c5d001121ebb9e60e925d5816e4ac1e443ed3e640d9a6ae55d0c?s=96&d=mm&r=g","contentUrl":"https:\/\/secure.gravatar.com\/avatar\/16a61e7272a0c5d001121ebb9e60e925d5816e4ac1e443ed3e640d9a6ae55d0c?s=96&d=mm&r=g","caption":"US5"},"url":"https:\/\/veritasinfo.org\/?author=6"}]}},"featured_image_urls":{"full":["https:\/\/veritasinfo.org\/wp-content\/uploads\/2026\/05\/IMG-20260501-WA0001.jpg",750,375,false],"thumbnail":["https:\/\/veritasinfo.org\/wp-content\/uploads\/2026\/05\/IMG-20260501-WA0001-150x150.jpg",150,150,true],"medium":["https:\/\/veritasinfo.org\/wp-content\/uploads\/2026\/05\/IMG-20260501-WA0001-300x150.jpg",300,150,true],"medium_large":["https:\/\/veritasinfo.org\/wp-content\/uploads\/2026\/05\/IMG-20260501-WA0001.jpg",640,320,false],"large":["https:\/\/veritasinfo.org\/wp-content\/uploads\/2026\/05\/IMG-20260501-WA0001.jpg",640,320,false],"1536x1536":["https:\/\/veritasinfo.org\/wp-content\/uploads\/2026\/05\/IMG-20260501-WA0001.jpg",750,375,false],"2048x2048":["https:\/\/veritasinfo.org\/wp-content\/uploads\/2026\/05\/IMG-20260501-WA0001.jpg",750,375,false],"kreeti-slider-full":["https:\/\/veritasinfo.org\/wp-content\/uploads\/2026\/05\/IMG-20260501-WA0001.jpg",750,375,false],"kreeti-featured":["https:\/\/veritasinfo.org\/wp-content\/uploads\/2026\/05\/IMG-20260501-WA0001.jpg",750,375,false],"kreeti-medium":["https:\/\/veritasinfo.org\/wp-content\/uploads\/2026\/05\/IMG-20260501-WA0001-720x375.jpg",720,375,true],"kreeti-medium-square":["https:\/\/veritasinfo.org\/wp-content\/uploads\/2026\/05\/IMG-20260501-WA0001-350x350.jpg",350,350,true]},"author_info":{"info":["US5"]},"category_info":"<a href=\"https:\/\/veritasinfo.org\/?cat=60\" rel=\"category\">Shoq\u00ebrore<\/a>","tag_info":"Shoq\u00ebrore","comment_count":"0","_links":{"self":[{"href":"https:\/\/veritasinfo.org\/index.php?rest_route=\/wp\/v2\/posts\/45972","targetHints":{"allow":["GET"]}}],"collection":[{"href":"https:\/\/veritasinfo.org\/index.php?rest_route=\/wp\/v2\/posts"}],"about":[{"href":"https:\/\/veritasinfo.org\/index.php?rest_route=\/wp\/v2\/types\/post"}],"author":[{"embeddable":true,"href":"https:\/\/veritasinfo.org\/index.php?rest_route=\/wp\/v2\/users\/6"}],"replies":[{"embeddable":true,"href":"https:\/\/veritasinfo.org\/index.php?rest_route=%2Fwp%2Fv2%2Fcomments&post=45972"}],"version-history":[{"count":2,"href":"https:\/\/veritasinfo.org\/index.php?rest_route=\/wp\/v2\/posts\/45972\/revisions"}],"predecessor-version":[{"id":45975,"href":"https:\/\/veritasinfo.org\/index.php?rest_route=\/wp\/v2\/posts\/45972\/revisions\/45975"}],"wp:featuredmedia":[{"embeddable":true,"href":"https:\/\/veritasinfo.org\/index.php?rest_route=\/wp\/v2\/media\/45973"}],"wp:attachment":[{"href":"https:\/\/veritasinfo.org\/index.php?rest_route=%2Fwp%2Fv2%2Fmedia&parent=45972"}],"wp:term":[{"taxonomy":"category","embeddable":true,"href":"https:\/\/veritasinfo.org\/index.php?rest_route=%2Fwp%2Fv2%2Fcategories&post=45972"},{"taxonomy":"post_tag","embeddable":true,"href":"https:\/\/veritasinfo.org\/index.php?rest_route=%2Fwp%2Fv2%2Ftags&post=45972"}],"curies":[{"name":"wp","href":"https:\/\/api.w.org\/{rel}","templated":true}]}}