{"id":45969,"date":"2026-05-01T15:53:17","date_gmt":"2026-05-01T13:53:17","guid":{"rendered":"https:\/\/veritasinfo.org\/?p=45969"},"modified":"2026-05-01T15:53:17","modified_gmt":"2026-05-01T13:53:17","slug":"konjufca-kosovo-spremno-da-doprinese-regionalnoj-bezbednosti","status":"publish","type":"post","link":"https:\/\/veritasinfo.org\/?p=45969&lang=sr","title":{"rendered":"Konjufca: Kosovo spremno da doprinese regionalnoj bezbednosti"},"content":{"rendered":"<p>Pri\u0161tina, 1. maj 2026. 15:50<br \/>\nVr\u0161ilac du\u017enosti ministra spoljnih poslova Kosova, Glauk Konjufca, pozdravio je inicijativu trojice ameri\u010dkih kongresmena za rezoluciju kojom se podr\u017eava \u010dlanstvo Kosova u NATO-u, opisujuc\u0301i je kao va\u017ean korak za regionalnu bezbednost i transatlantsku saradnju.<\/p>\n<p>Njegova reakcija dolazi nakon \u0161to su kongresmeni Kit Self, Ri\u010di Tores i Majk Loler u Predstavni\u010dkom domu SAD predstavili rezoluciju, koja ima za cilj podr\u0161ku integraciji Kosova.<\/p>\n<p>Podr\u017eite KOENA. Sa\u010duvajte istinu.<\/p>\n<p>Profesionalno novinarstvo je javni interes. Va\u0161a podr\u0161ka mu poma\u017ee da ostane nezavisno i kredibilno. Doprinesite i vi. 1 evro \u010dini razliku.<\/p>\n<p>U objavi, Konjufca je naglasio da je Kosovo spremno da doprinese bezbednosti u regionu i \u0161ire.<\/p>\n<p>\u201ePozdravljam uvo\u0111enje dvostrana\u010dke rezolucije u Predstavni\u010dkom domu SAD u znak podr\u0161ke \u010dlanstvu Kosova u NATO-u i zahvaljujem kongresmenima Kitu Selfu, Ri\u010diju Toresu i Majku Loleru na njihovoj kontinuiranoj podr\u0161ci i posvec\u0301enosti bezbednosti na Zapadnom Balkanu. Kosovo je spremno da doprinese bezbednosti regiona i transatlantske zajednice\u201c, napisao je Konjufca u X.<\/p>\n<p>Predlo\u017eena rezolucija nagla\u0161ava strate\u0161ki zna\u010daj uklju\u010divanja Kosova u NATO, videc\u0301i ga kao faktor stabilnosti na Zapadnom Balkanu i \u0161ire. Ona tako\u0111e odra\u017eava rastuc\u0301u podr\u0161ku u okviru politike SAD za evroatlantske integracije Kosova.<\/p>\n<p>\u010cetiri dr\u017eave \u010dlanice NATO-a \u2013 Gr\u010dka, Rumunija, Slova\u010dka i \u0160panija \u2013 jo\u0161 uvek nisu priznale Kosovo kao dr\u017eavu.<\/p>\n<p>Rezolucija je tako\u0111e pozvala ove \u010detiri saveznika da preispitaju svoje stavove, nagla\u0161avajuc\u0301i da je \u0161ire priznanje Kosova neophodno za deblokiranje njegovog puta ka integraciji u NATO i za zatvaranje strate\u0161kog jaza u jugoisto\u010dnoj Evropi koji protivnici poku\u0161avaju da iskoriste.<\/p>\n<p>\u201eKosovo je pokazalo jasnu posvec\u0301enost regionalnoj stabilnosti i strate\u0161kom uskla\u0111ivanju sa zemljama NATO-a, ali njegov napredak ka \u010dlanstvu u alijansi ote\u017ean je nedostatkom priznanja od strane malog broja saveznika\u201c, rekao je kongresmen Self. \u201ePridru\u017eivanje Kosova alijansi je neophodno za suprotstavljanje rastuc\u0301em uticaju protivnika u Evropi. Sjedinjene Dr\u017eave bi trebalo da ohrabre Gr\u010dku, Rumuniju, Slova\u010dku i \u0160paniju da preispitaju svoje stavove i osiguraju da Kosovo ima kredibilan i ostvariv put ka \u010dlanstvu.\u201c<\/p>\n","protected":false},"excerpt":{"rendered":"<p>Pri\u0161tina, 1. maj 2026. 15:50 Vr\u0161ilac du\u017enosti ministra spoljnih poslova Kosova, Glauk Konjufca, pozdravio je inicijativu trojice ameri\u010dkih kongresmena za rezoluciju kojom se podr\u017eava \u010dlanstvo<\/p>\n","protected":false},"author":6,"featured_media":45970,"comment_status":"open","ping_status":"open","sticky":false,"template":"","format":"standard","meta":{"footnotes":""},"categories":[30],"tags":[],"class_list":["post-45969","post","type-post","status-publish","format-standard","has-post-thumbnail","hentry","category-drustvo"],"yoast_head":"<!-- This site is optimized with the Yoast SEO plugin v25.3.1 - https:\/\/yoast.com\/wordpress\/plugins\/seo\/ -->\n<title>Konjufca: Kosovo spremno da doprinese regionalnoj bezbednosti -<\/title>\n<meta name=\"robots\" content=\"index, follow, max-snippet:-1, max-image-preview:large, max-video-preview:-1\" \/>\n<link rel=\"canonical\" href=\"https:\/\/veritasinfo.org\/?p=45969&lang=sr\" \/>\n<meta property=\"og:locale\" content=\"en_US\" \/>\n<meta property=\"og:type\" content=\"article\" \/>\n<meta property=\"og:title\" content=\"Konjufca: Kosovo spremno da doprinese regionalnoj bezbednosti -\" \/>\n<meta property=\"og:description\" content=\"Pri\u0161tina, 1. maj 2026. 15:50 Vr\u0161ilac du\u017enosti ministra spoljnih poslova Kosova, Glauk Konjufca, pozdravio je inicijativu trojice ameri\u010dkih kongresmena za rezoluciju kojom se podr\u017eava \u010dlanstvo\" \/>\n<meta property=\"og:url\" content=\"https:\/\/veritasinfo.org\/?p=45969&amp;lang=sr\" \/>\n<meta property=\"article:published_time\" content=\"2026-05-01T13:53:17+00:00\" \/>\n<meta property=\"og:image\" content=\"https:\/\/veritasinfo.org\/wp-content\/uploads\/2026\/05\/d6a731dc-22c3-4fe8-9cd7-77e2fc4fd672-1.webp\" \/>\n\t<meta property=\"og:image:width\" content=\"1360\" \/>\n\t<meta property=\"og:image:height\" content=\"870\" \/>\n\t<meta property=\"og:image:type\" content=\"image\/webp\" \/>\n<meta name=\"author\" content=\"US5\" \/>\n<meta name=\"twitter:card\" content=\"summary_large_image\" \/>\n<meta name=\"twitter:label1\" content=\"Written by\" \/>\n\t<meta name=\"twitter:data1\" content=\"US5\" \/>\n\t<meta name=\"twitter:label2\" content=\"Est. reading time\" \/>\n\t<meta name=\"twitter:data2\" content=\"1 minute\" \/>\n<script type=\"application\/ld+json\" class=\"yoast-schema-graph\">{\"@context\":\"https:\/\/schema.org\",\"@graph\":[{\"@type\":\"WebPage\",\"@id\":\"https:\/\/veritasinfo.org\/?p=45969&lang=sr\",\"url\":\"https:\/\/veritasinfo.org\/?p=45969&lang=sr\",\"name\":\"Konjufca: Kosovo spremno da doprinese regionalnoj bezbednosti -\",\"isPartOf\":{\"@id\":\"https:\/\/veritasinfo.org\/#website\"},\"primaryImageOfPage\":{\"@id\":\"https:\/\/veritasinfo.org\/?p=45969&lang=sr#primaryimage\"},\"image\":{\"@id\":\"https:\/\/veritasinfo.org\/?p=45969&lang=sr#primaryimage\"},\"thumbnailUrl\":\"https:\/\/veritasinfo.org\/wp-content\/uploads\/2026\/05\/d6a731dc-22c3-4fe8-9cd7-77e2fc4fd672-1.webp\",\"datePublished\":\"2026-05-01T13:53:17+00:00\",\"author\":{\"@id\":\"https:\/\/veritasinfo.org\/#\/schema\/person\/bc442336e35414d04494ab8fb45db4c6\"},\"breadcrumb\":{\"@id\":\"https:\/\/veritasinfo.org\/?p=45969&lang=sr#breadcrumb\"},\"inLanguage\":\"en-US\",\"potentialAction\":[{\"@type\":\"ReadAction\",\"target\":[\"https:\/\/veritasinfo.org\/?p=45969&lang=sr\"]}]},{\"@type\":\"ImageObject\",\"inLanguage\":\"en-US\",\"@id\":\"https:\/\/veritasinfo.org\/?p=45969&lang=sr#primaryimage\",\"url\":\"https:\/\/veritasinfo.org\/wp-content\/uploads\/2026\/05\/d6a731dc-22c3-4fe8-9cd7-77e2fc4fd672-1.webp\",\"contentUrl\":\"https:\/\/veritasinfo.org\/wp-content\/uploads\/2026\/05\/d6a731dc-22c3-4fe8-9cd7-77e2fc4fd672-1.webp\",\"width\":1360,\"height\":870},{\"@type\":\"BreadcrumbList\",\"@id\":\"https:\/\/veritasinfo.org\/?p=45969&lang=sr#breadcrumb\",\"itemListElement\":[{\"@type\":\"ListItem\",\"position\":1,\"name\":\"Home\",\"item\":\"https:\/\/veritasinfo.org\/\"},{\"@type\":\"ListItem\",\"position\":2,\"name\":\"Konjufca: Kosovo spremno da doprinese regionalnoj bezbednosti\"}]},{\"@type\":\"WebSite\",\"@id\":\"https:\/\/veritasinfo.org\/#website\",\"url\":\"https:\/\/veritasinfo.org\/\",\"name\":\"\",\"description\":\"\",\"potentialAction\":[{\"@type\":\"SearchAction\",\"target\":{\"@type\":\"EntryPoint\",\"urlTemplate\":\"https:\/\/veritasinfo.org\/?s={search_term_string}\"},\"query-input\":{\"@type\":\"PropertyValueSpecification\",\"valueRequired\":true,\"valueName\":\"search_term_string\"}}],\"inLanguage\":\"en-US\"},{\"@type\":\"Person\",\"@id\":\"https:\/\/veritasinfo.org\/#\/schema\/person\/bc442336e35414d04494ab8fb45db4c6\",\"name\":\"US5\",\"image\":{\"@type\":\"ImageObject\",\"inLanguage\":\"en-US\",\"@id\":\"https:\/\/veritasinfo.org\/#\/schema\/person\/image\/\",\"url\":\"https:\/\/secure.gravatar.com\/avatar\/16a61e7272a0c5d001121ebb9e60e925d5816e4ac1e443ed3e640d9a6ae55d0c?s=96&d=mm&r=g\",\"contentUrl\":\"https:\/\/secure.gravatar.com\/avatar\/16a61e7272a0c5d001121ebb9e60e925d5816e4ac1e443ed3e640d9a6ae55d0c?s=96&d=mm&r=g\",\"caption\":\"US5\"},\"url\":\"https:\/\/veritasinfo.org\/?author=6\"}]}<\/script>\n<!-- \/ Yoast SEO plugin. -->","yoast_head_json":{"title":"Konjufca: Kosovo spremno da doprinese regionalnoj bezbednosti -","robots":{"index":"index","follow":"follow","max-snippet":"max-snippet:-1","max-image-preview":"max-image-preview:large","max-video-preview":"max-video-preview:-1"},"canonical":"https:\/\/veritasinfo.org\/?p=45969&lang=sr","og_locale":"en_US","og_type":"article","og_title":"Konjufca: Kosovo spremno da doprinese regionalnoj bezbednosti -","og_description":"Pri\u0161tina, 1. maj 2026. 15:50 Vr\u0161ilac du\u017enosti ministra spoljnih poslova Kosova, Glauk Konjufca, pozdravio je inicijativu trojice ameri\u010dkih kongresmena za rezoluciju kojom se podr\u017eava \u010dlanstvo","og_url":"https:\/\/veritasinfo.org\/?p=45969&lang=sr","article_published_time":"2026-05-01T13:53:17+00:00","og_image":[{"width":1360,"height":870,"url":"https:\/\/veritasinfo.org\/wp-content\/uploads\/2026\/05\/d6a731dc-22c3-4fe8-9cd7-77e2fc4fd672-1.webp","type":"image\/webp"}],"author":"US5","twitter_card":"summary_large_image","twitter_misc":{"Written by":"US5","Est. reading time":"1 minute"},"schema":{"@context":"https:\/\/schema.org","@graph":[{"@type":"WebPage","@id":"https:\/\/veritasinfo.org\/?p=45969&lang=sr","url":"https:\/\/veritasinfo.org\/?p=45969&lang=sr","name":"Konjufca: Kosovo spremno da doprinese regionalnoj bezbednosti -","isPartOf":{"@id":"https:\/\/veritasinfo.org\/#website"},"primaryImageOfPage":{"@id":"https:\/\/veritasinfo.org\/?p=45969&lang=sr#primaryimage"},"image":{"@id":"https:\/\/veritasinfo.org\/?p=45969&lang=sr#primaryimage"},"thumbnailUrl":"https:\/\/veritasinfo.org\/wp-content\/uploads\/2026\/05\/d6a731dc-22c3-4fe8-9cd7-77e2fc4fd672-1.webp","datePublished":"2026-05-01T13:53:17+00:00","author":{"@id":"https:\/\/veritasinfo.org\/#\/schema\/person\/bc442336e35414d04494ab8fb45db4c6"},"breadcrumb":{"@id":"https:\/\/veritasinfo.org\/?p=45969&lang=sr#breadcrumb"},"inLanguage":"en-US","potentialAction":[{"@type":"ReadAction","target":["https:\/\/veritasinfo.org\/?p=45969&lang=sr"]}]},{"@type":"ImageObject","inLanguage":"en-US","@id":"https:\/\/veritasinfo.org\/?p=45969&lang=sr#primaryimage","url":"https:\/\/veritasinfo.org\/wp-content\/uploads\/2026\/05\/d6a731dc-22c3-4fe8-9cd7-77e2fc4fd672-1.webp","contentUrl":"https:\/\/veritasinfo.org\/wp-content\/uploads\/2026\/05\/d6a731dc-22c3-4fe8-9cd7-77e2fc4fd672-1.webp","width":1360,"height":870},{"@type":"BreadcrumbList","@id":"https:\/\/veritasinfo.org\/?p=45969&lang=sr#breadcrumb","itemListElement":[{"@type":"ListItem","position":1,"name":"Home","item":"https:\/\/veritasinfo.org\/"},{"@type":"ListItem","position":2,"name":"Konjufca: Kosovo spremno da doprinese regionalnoj bezbednosti"}]},{"@type":"WebSite","@id":"https:\/\/veritasinfo.org\/#website","url":"https:\/\/veritasinfo.org\/","name":"","description":"","potentialAction":[{"@type":"SearchAction","target":{"@type":"EntryPoint","urlTemplate":"https:\/\/veritasinfo.org\/?s={search_term_string}"},"query-input":{"@type":"PropertyValueSpecification","valueRequired":true,"valueName":"search_term_string"}}],"inLanguage":"en-US"},{"@type":"Person","@id":"https:\/\/veritasinfo.org\/#\/schema\/person\/bc442336e35414d04494ab8fb45db4c6","name":"US5","image":{"@type":"ImageObject","inLanguage":"en-US","@id":"https:\/\/veritasinfo.org\/#\/schema\/person\/image\/","url":"https:\/\/secure.gravatar.com\/avatar\/16a61e7272a0c5d001121ebb9e60e925d5816e4ac1e443ed3e640d9a6ae55d0c?s=96&d=mm&r=g","contentUrl":"https:\/\/secure.gravatar.com\/avatar\/16a61e7272a0c5d001121ebb9e60e925d5816e4ac1e443ed3e640d9a6ae55d0c?s=96&d=mm&r=g","caption":"US5"},"url":"https:\/\/veritasinfo.org\/?author=6"}]}},"featured_image_urls":{"full":["https:\/\/veritasinfo.org\/wp-content\/uploads\/2026\/05\/d6a731dc-22c3-4fe8-9cd7-77e2fc4fd672-1.webp",1360,870,false],"thumbnail":["https:\/\/veritasinfo.org\/wp-content\/uploads\/2026\/05\/d6a731dc-22c3-4fe8-9cd7-77e2fc4fd672-1-150x150.webp",150,150,true],"medium":["https:\/\/veritasinfo.org\/wp-content\/uploads\/2026\/05\/d6a731dc-22c3-4fe8-9cd7-77e2fc4fd672-1-300x192.webp",300,192,true],"medium_large":["https:\/\/veritasinfo.org\/wp-content\/uploads\/2026\/05\/d6a731dc-22c3-4fe8-9cd7-77e2fc4fd672-1-768x491.webp",640,409,true],"large":["https:\/\/veritasinfo.org\/wp-content\/uploads\/2026\/05\/d6a731dc-22c3-4fe8-9cd7-77e2fc4fd672-1-1024x655.webp",640,409,true],"1536x1536":["https:\/\/veritasinfo.org\/wp-content\/uploads\/2026\/05\/d6a731dc-22c3-4fe8-9cd7-77e2fc4fd672-1.webp",1360,870,false],"2048x2048":["https:\/\/veritasinfo.org\/wp-content\/uploads\/2026\/05\/d6a731dc-22c3-4fe8-9cd7-77e2fc4fd672-1.webp",1360,870,false],"kreeti-slider-full":["https:\/\/veritasinfo.org\/wp-content\/uploads\/2026\/05\/d6a731dc-22c3-4fe8-9cd7-77e2fc4fd672-1-1280x720.webp",1280,720,true],"kreeti-featured":["https:\/\/veritasinfo.org\/wp-content\/uploads\/2026\/05\/d6a731dc-22c3-4fe8-9cd7-77e2fc4fd672-1-1024x655.webp",1024,655,true],"kreeti-medium":["https:\/\/veritasinfo.org\/wp-content\/uploads\/2026\/05\/d6a731dc-22c3-4fe8-9cd7-77e2fc4fd672-1-720x530.webp",720,530,true],"kreeti-medium-square":["https:\/\/veritasinfo.org\/wp-content\/uploads\/2026\/05\/d6a731dc-22c3-4fe8-9cd7-77e2fc4fd672-1-350x350.webp",350,350,true]},"author_info":{"info":["US5"]},"category_info":"<a href=\"https:\/\/veritasinfo.org\/?cat=30&#038;lang=sr\" rel=\"category\">Dru\u0161tvo<\/a>","tag_info":"Dru\u0161tvo","comment_count":"0","_links":{"self":[{"href":"https:\/\/veritasinfo.org\/index.php?rest_route=\/wp\/v2\/posts\/45969","targetHints":{"allow":["GET"]}}],"collection":[{"href":"https:\/\/veritasinfo.org\/index.php?rest_route=\/wp\/v2\/posts"}],"about":[{"href":"https:\/\/veritasinfo.org\/index.php?rest_route=\/wp\/v2\/types\/post"}],"author":[{"embeddable":true,"href":"https:\/\/veritasinfo.org\/index.php?rest_route=\/wp\/v2\/users\/6"}],"replies":[{"embeddable":true,"href":"https:\/\/veritasinfo.org\/index.php?rest_route=%2Fwp%2Fv2%2Fcomments&post=45969"}],"version-history":[{"count":1,"href":"https:\/\/veritasinfo.org\/index.php?rest_route=\/wp\/v2\/posts\/45969\/revisions"}],"predecessor-version":[{"id":45971,"href":"https:\/\/veritasinfo.org\/index.php?rest_route=\/wp\/v2\/posts\/45969\/revisions\/45971"}],"wp:featuredmedia":[{"embeddable":true,"href":"https:\/\/veritasinfo.org\/index.php?rest_route=\/wp\/v2\/media\/45970"}],"wp:attachment":[{"href":"https:\/\/veritasinfo.org\/index.php?rest_route=%2Fwp%2Fv2%2Fmedia&parent=45969"}],"wp:term":[{"taxonomy":"category","embeddable":true,"href":"https:\/\/veritasinfo.org\/index.php?rest_route=%2Fwp%2Fv2%2Fcategories&post=45969"},{"taxonomy":"post_tag","embeddable":true,"href":"https:\/\/veritasinfo.org\/index.php?rest_route=%2Fwp%2Fv2%2Ftags&post=45969"}],"curies":[{"name":"wp","href":"https:\/\/api.w.org\/{rel}","templated":true}]}}