{"id":45951,"date":"2026-05-01T14:01:10","date_gmt":"2026-05-01T12:01:10","guid":{"rendered":"https:\/\/veritasinfo.org\/?p=45951"},"modified":"2026-05-01T14:01:10","modified_gmt":"2026-05-01T12:01:10","slug":"hadziju-1-maja-rad-svakog-radnika-na-kosovu-treba-da-bude-priznat-i-cenjen","status":"publish","type":"post","link":"https:\/\/veritasinfo.org\/?p=45951&lang=sr","title":{"rendered":"Had\u017eiju 1. maja: Rad svakog radnika na Kosovu treba da bude priznat i cenjen"},"content":{"rendered":"<p>Vr\u0161ilac du\u017enosti predsednice Kosova, Albulena Had\u017eiu, odala je po\u010dast radnicima povodom Me\u0111unarodnog dana rada, isti\u010duc\u0301i potrebu za vec\u0301im uva\u017eavanjem i priznanjem rada u svim njegovim oblicima.<\/p>\n<p>U objavi na Fejsbuku, Had\u017eiu je izrazila da 1. maj ne bi trebalo da bude samo dan razmi\u0161ljanja o radnom mestu, vec\u0301 i o doprinosu koji se daje u porodici, posebno od strane \u017eena.<\/p>\n<p>\u201eDanas, na Me\u0111unarodni dan rada, nije dovoljno gledati samo na radno mesto. Moramo gledati i na dom. Gde mnoge \u017eene po\u010dinju dan pre nego \u0161to se svi probude i zavr\u0161avaju ga nakon \u0161to svi odspavaju. Gde se briga o deci, starijima, bolesnima, hrani, odec\u0301i i porodi\u010dnom redu i dalje smatra prirodnom du\u017eno\u0161c\u0301u. Ali to nije prirodno. To je posvec\u0301enost, predanost, vreme i, pre svega, to je rad koji nije ni plac\u0301en niti adekvatno priznat\u201c, napisala je ona.<\/p>\n<p>U svojoj poruci, Had\u017eiu je pozvala da se svi radnici cene ovog 1. maja, kako oni koji rade u razli\u010ditim sektorima kao \u0161to su gra\u0111evinarstvo, poljoprivreda, administracija ili trgovina, tako i oni koji doprinose kod kuc\u0301e bez plate.<\/p>\n<p>\u201eOvog 1. maja moramo videti rad u celini i dati radnicima Kosova mesto koje zaslu\u017euju. Oni koji rano izlaze da zara\u0111uju za hleb znojem, na gradili\u0161tu, u fabrici, na polju, u kancelariji, u prodavnici, na ulici ili u egzilu, ali i oni koji nastavljaju da rade kod kuc\u0301e, \u010desto bez plate, bez rasporeda i bez priznanja koje zaslu\u017euju.<\/p>\n<p>Danas odajemo po\u010dast radnicima koji, uz trud, odgovornost i dostojanstvo, odr\u017eavaju svoje porodice, dru\u0161tvo i Kosovo na nogama\u201c, zaklju\u010dila je Had\u017eiu.<\/p>\n","protected":false},"excerpt":{"rendered":"<p>Vr\u0161ilac du\u017enosti predsednice Kosova, Albulena Had\u017eiu, odala je po\u010dast radnicima povodom Me\u0111unarodnog dana rada, isti\u010duc\u0301i potrebu za vec\u0301im uva\u017eavanjem i priznanjem rada u svim njegovim<\/p>\n","protected":false},"author":6,"featured_media":45952,"comment_status":"open","ping_status":"open","sticky":false,"template":"","format":"standard","meta":{"footnotes":""},"categories":[30],"tags":[],"class_list":["post-45951","post","type-post","status-publish","format-standard","has-post-thumbnail","hentry","category-drustvo"],"yoast_head":"<!-- This site is optimized with the Yoast SEO plugin v25.3.1 - https:\/\/yoast.com\/wordpress\/plugins\/seo\/ -->\n<title>Had\u017eiju 1. maja: Rad svakog radnika na Kosovu treba da bude priznat i cenjen -<\/title>\n<meta name=\"robots\" content=\"index, follow, max-snippet:-1, max-image-preview:large, max-video-preview:-1\" \/>\n<link rel=\"canonical\" href=\"https:\/\/veritasinfo.org\/?p=45951&lang=sr\" \/>\n<meta property=\"og:locale\" content=\"en_US\" \/>\n<meta property=\"og:type\" content=\"article\" \/>\n<meta property=\"og:title\" content=\"Had\u017eiju 1. maja: Rad svakog radnika na Kosovu treba da bude priznat i cenjen -\" \/>\n<meta property=\"og:description\" content=\"Vr\u0161ilac du\u017enosti predsednice Kosova, Albulena Had\u017eiu, odala je po\u010dast radnicima povodom Me\u0111unarodnog dana rada, isti\u010duc\u0301i potrebu za vec\u0301im uva\u017eavanjem i priznanjem rada u svim njegovim\" \/>\n<meta property=\"og:url\" content=\"https:\/\/veritasinfo.org\/?p=45951&amp;lang=sr\" \/>\n<meta property=\"article:published_time\" content=\"2026-05-01T12:01:10+00:00\" \/>\n<meta property=\"og:image\" content=\"https:\/\/veritasinfo.org\/wp-content\/uploads\/2026\/05\/IMG-20260501-WA0000-1.jpg\" \/>\n\t<meta property=\"og:image:width\" content=\"1140\" \/>\n\t<meta property=\"og:image:height\" content=\"570\" \/>\n\t<meta property=\"og:image:type\" content=\"image\/jpeg\" \/>\n<meta name=\"author\" content=\"US5\" \/>\n<meta name=\"twitter:card\" content=\"summary_large_image\" \/>\n<meta name=\"twitter:label1\" content=\"Written by\" \/>\n\t<meta name=\"twitter:data1\" content=\"US5\" \/>\n\t<meta name=\"twitter:label2\" content=\"Est. reading time\" \/>\n\t<meta name=\"twitter:data2\" content=\"2 minutes\" \/>\n<script type=\"application\/ld+json\" class=\"yoast-schema-graph\">{\"@context\":\"https:\/\/schema.org\",\"@graph\":[{\"@type\":\"WebPage\",\"@id\":\"https:\/\/veritasinfo.org\/?p=45951&lang=sr\",\"url\":\"https:\/\/veritasinfo.org\/?p=45951&lang=sr\",\"name\":\"Had\u017eiju 1. maja: Rad svakog radnika na Kosovu treba da bude priznat i cenjen -\",\"isPartOf\":{\"@id\":\"https:\/\/veritasinfo.org\/#website\"},\"primaryImageOfPage\":{\"@id\":\"https:\/\/veritasinfo.org\/?p=45951&lang=sr#primaryimage\"},\"image\":{\"@id\":\"https:\/\/veritasinfo.org\/?p=45951&lang=sr#primaryimage\"},\"thumbnailUrl\":\"https:\/\/veritasinfo.org\/wp-content\/uploads\/2026\/05\/IMG-20260501-WA0000-1.jpg\",\"datePublished\":\"2026-05-01T12:01:10+00:00\",\"author\":{\"@id\":\"https:\/\/veritasinfo.org\/#\/schema\/person\/bc442336e35414d04494ab8fb45db4c6\"},\"breadcrumb\":{\"@id\":\"https:\/\/veritasinfo.org\/?p=45951&lang=sr#breadcrumb\"},\"inLanguage\":\"en-US\",\"potentialAction\":[{\"@type\":\"ReadAction\",\"target\":[\"https:\/\/veritasinfo.org\/?p=45951&lang=sr\"]}]},{\"@type\":\"ImageObject\",\"inLanguage\":\"en-US\",\"@id\":\"https:\/\/veritasinfo.org\/?p=45951&lang=sr#primaryimage\",\"url\":\"https:\/\/veritasinfo.org\/wp-content\/uploads\/2026\/05\/IMG-20260501-WA0000-1.jpg\",\"contentUrl\":\"https:\/\/veritasinfo.org\/wp-content\/uploads\/2026\/05\/IMG-20260501-WA0000-1.jpg\",\"width\":1140,\"height\":570},{\"@type\":\"BreadcrumbList\",\"@id\":\"https:\/\/veritasinfo.org\/?p=45951&lang=sr#breadcrumb\",\"itemListElement\":[{\"@type\":\"ListItem\",\"position\":1,\"name\":\"Home\",\"item\":\"https:\/\/veritasinfo.org\/\"},{\"@type\":\"ListItem\",\"position\":2,\"name\":\"Had\u017eiju 1. maja: Rad svakog radnika na Kosovu treba da bude priznat i cenjen\"}]},{\"@type\":\"WebSite\",\"@id\":\"https:\/\/veritasinfo.org\/#website\",\"url\":\"https:\/\/veritasinfo.org\/\",\"name\":\"\",\"description\":\"\",\"potentialAction\":[{\"@type\":\"SearchAction\",\"target\":{\"@type\":\"EntryPoint\",\"urlTemplate\":\"https:\/\/veritasinfo.org\/?s={search_term_string}\"},\"query-input\":{\"@type\":\"PropertyValueSpecification\",\"valueRequired\":true,\"valueName\":\"search_term_string\"}}],\"inLanguage\":\"en-US\"},{\"@type\":\"Person\",\"@id\":\"https:\/\/veritasinfo.org\/#\/schema\/person\/bc442336e35414d04494ab8fb45db4c6\",\"name\":\"US5\",\"image\":{\"@type\":\"ImageObject\",\"inLanguage\":\"en-US\",\"@id\":\"https:\/\/veritasinfo.org\/#\/schema\/person\/image\/\",\"url\":\"https:\/\/secure.gravatar.com\/avatar\/16a61e7272a0c5d001121ebb9e60e925d5816e4ac1e443ed3e640d9a6ae55d0c?s=96&d=mm&r=g\",\"contentUrl\":\"https:\/\/secure.gravatar.com\/avatar\/16a61e7272a0c5d001121ebb9e60e925d5816e4ac1e443ed3e640d9a6ae55d0c?s=96&d=mm&r=g\",\"caption\":\"US5\"},\"url\":\"https:\/\/veritasinfo.org\/?author=6\"}]}<\/script>\n<!-- \/ Yoast SEO plugin. -->","yoast_head_json":{"title":"Had\u017eiju 1. maja: Rad svakog radnika na Kosovu treba da bude priznat i cenjen -","robots":{"index":"index","follow":"follow","max-snippet":"max-snippet:-1","max-image-preview":"max-image-preview:large","max-video-preview":"max-video-preview:-1"},"canonical":"https:\/\/veritasinfo.org\/?p=45951&lang=sr","og_locale":"en_US","og_type":"article","og_title":"Had\u017eiju 1. maja: Rad svakog radnika na Kosovu treba da bude priznat i cenjen -","og_description":"Vr\u0161ilac du\u017enosti predsednice Kosova, Albulena Had\u017eiu, odala je po\u010dast radnicima povodom Me\u0111unarodnog dana rada, isti\u010duc\u0301i potrebu za vec\u0301im uva\u017eavanjem i priznanjem rada u svim njegovim","og_url":"https:\/\/veritasinfo.org\/?p=45951&lang=sr","article_published_time":"2026-05-01T12:01:10+00:00","og_image":[{"width":1140,"height":570,"url":"https:\/\/veritasinfo.org\/wp-content\/uploads\/2026\/05\/IMG-20260501-WA0000-1.jpg","type":"image\/jpeg"}],"author":"US5","twitter_card":"summary_large_image","twitter_misc":{"Written by":"US5","Est. reading time":"2 minutes"},"schema":{"@context":"https:\/\/schema.org","@graph":[{"@type":"WebPage","@id":"https:\/\/veritasinfo.org\/?p=45951&lang=sr","url":"https:\/\/veritasinfo.org\/?p=45951&lang=sr","name":"Had\u017eiju 1. maja: Rad svakog radnika na Kosovu treba da bude priznat i cenjen -","isPartOf":{"@id":"https:\/\/veritasinfo.org\/#website"},"primaryImageOfPage":{"@id":"https:\/\/veritasinfo.org\/?p=45951&lang=sr#primaryimage"},"image":{"@id":"https:\/\/veritasinfo.org\/?p=45951&lang=sr#primaryimage"},"thumbnailUrl":"https:\/\/veritasinfo.org\/wp-content\/uploads\/2026\/05\/IMG-20260501-WA0000-1.jpg","datePublished":"2026-05-01T12:01:10+00:00","author":{"@id":"https:\/\/veritasinfo.org\/#\/schema\/person\/bc442336e35414d04494ab8fb45db4c6"},"breadcrumb":{"@id":"https:\/\/veritasinfo.org\/?p=45951&lang=sr#breadcrumb"},"inLanguage":"en-US","potentialAction":[{"@type":"ReadAction","target":["https:\/\/veritasinfo.org\/?p=45951&lang=sr"]}]},{"@type":"ImageObject","inLanguage":"en-US","@id":"https:\/\/veritasinfo.org\/?p=45951&lang=sr#primaryimage","url":"https:\/\/veritasinfo.org\/wp-content\/uploads\/2026\/05\/IMG-20260501-WA0000-1.jpg","contentUrl":"https:\/\/veritasinfo.org\/wp-content\/uploads\/2026\/05\/IMG-20260501-WA0000-1.jpg","width":1140,"height":570},{"@type":"BreadcrumbList","@id":"https:\/\/veritasinfo.org\/?p=45951&lang=sr#breadcrumb","itemListElement":[{"@type":"ListItem","position":1,"name":"Home","item":"https:\/\/veritasinfo.org\/"},{"@type":"ListItem","position":2,"name":"Had\u017eiju 1. maja: Rad svakog radnika na Kosovu treba da bude priznat i cenjen"}]},{"@type":"WebSite","@id":"https:\/\/veritasinfo.org\/#website","url":"https:\/\/veritasinfo.org\/","name":"","description":"","potentialAction":[{"@type":"SearchAction","target":{"@type":"EntryPoint","urlTemplate":"https:\/\/veritasinfo.org\/?s={search_term_string}"},"query-input":{"@type":"PropertyValueSpecification","valueRequired":true,"valueName":"search_term_string"}}],"inLanguage":"en-US"},{"@type":"Person","@id":"https:\/\/veritasinfo.org\/#\/schema\/person\/bc442336e35414d04494ab8fb45db4c6","name":"US5","image":{"@type":"ImageObject","inLanguage":"en-US","@id":"https:\/\/veritasinfo.org\/#\/schema\/person\/image\/","url":"https:\/\/secure.gravatar.com\/avatar\/16a61e7272a0c5d001121ebb9e60e925d5816e4ac1e443ed3e640d9a6ae55d0c?s=96&d=mm&r=g","contentUrl":"https:\/\/secure.gravatar.com\/avatar\/16a61e7272a0c5d001121ebb9e60e925d5816e4ac1e443ed3e640d9a6ae55d0c?s=96&d=mm&r=g","caption":"US5"},"url":"https:\/\/veritasinfo.org\/?author=6"}]}},"featured_image_urls":{"full":["https:\/\/veritasinfo.org\/wp-content\/uploads\/2026\/05\/IMG-20260501-WA0000-1.jpg",1140,570,false],"thumbnail":["https:\/\/veritasinfo.org\/wp-content\/uploads\/2026\/05\/IMG-20260501-WA0000-1-150x150.jpg",150,150,true],"medium":["https:\/\/veritasinfo.org\/wp-content\/uploads\/2026\/05\/IMG-20260501-WA0000-1-300x150.jpg",300,150,true],"medium_large":["https:\/\/veritasinfo.org\/wp-content\/uploads\/2026\/05\/IMG-20260501-WA0000-1-768x384.jpg",640,320,true],"large":["https:\/\/veritasinfo.org\/wp-content\/uploads\/2026\/05\/IMG-20260501-WA0000-1-1024x512.jpg",640,320,true],"1536x1536":["https:\/\/veritasinfo.org\/wp-content\/uploads\/2026\/05\/IMG-20260501-WA0000-1.jpg",1140,570,false],"2048x2048":["https:\/\/veritasinfo.org\/wp-content\/uploads\/2026\/05\/IMG-20260501-WA0000-1.jpg",1140,570,false],"kreeti-slider-full":["https:\/\/veritasinfo.org\/wp-content\/uploads\/2026\/05\/IMG-20260501-WA0000-1.jpg",1140,570,false],"kreeti-featured":["https:\/\/veritasinfo.org\/wp-content\/uploads\/2026\/05\/IMG-20260501-WA0000-1-1024x512.jpg",1024,512,true],"kreeti-medium":["https:\/\/veritasinfo.org\/wp-content\/uploads\/2026\/05\/IMG-20260501-WA0000-1-720x530.jpg",720,530,true],"kreeti-medium-square":["https:\/\/veritasinfo.org\/wp-content\/uploads\/2026\/05\/IMG-20260501-WA0000-1-350x350.jpg",350,350,true]},"author_info":{"info":["US5"]},"category_info":"<a href=\"https:\/\/veritasinfo.org\/?cat=30&#038;lang=sr\" rel=\"category\">Dru\u0161tvo<\/a>","tag_info":"Dru\u0161tvo","comment_count":"0","_links":{"self":[{"href":"https:\/\/veritasinfo.org\/index.php?rest_route=\/wp\/v2\/posts\/45951","targetHints":{"allow":["GET"]}}],"collection":[{"href":"https:\/\/veritasinfo.org\/index.php?rest_route=\/wp\/v2\/posts"}],"about":[{"href":"https:\/\/veritasinfo.org\/index.php?rest_route=\/wp\/v2\/types\/post"}],"author":[{"embeddable":true,"href":"https:\/\/veritasinfo.org\/index.php?rest_route=\/wp\/v2\/users\/6"}],"replies":[{"embeddable":true,"href":"https:\/\/veritasinfo.org\/index.php?rest_route=%2Fwp%2Fv2%2Fcomments&post=45951"}],"version-history":[{"count":1,"href":"https:\/\/veritasinfo.org\/index.php?rest_route=\/wp\/v2\/posts\/45951\/revisions"}],"predecessor-version":[{"id":45953,"href":"https:\/\/veritasinfo.org\/index.php?rest_route=\/wp\/v2\/posts\/45951\/revisions\/45953"}],"wp:featuredmedia":[{"embeddable":true,"href":"https:\/\/veritasinfo.org\/index.php?rest_route=\/wp\/v2\/media\/45952"}],"wp:attachment":[{"href":"https:\/\/veritasinfo.org\/index.php?rest_route=%2Fwp%2Fv2%2Fmedia&parent=45951"}],"wp:term":[{"taxonomy":"category","embeddable":true,"href":"https:\/\/veritasinfo.org\/index.php?rest_route=%2Fwp%2Fv2%2Fcategories&post=45951"},{"taxonomy":"post_tag","embeddable":true,"href":"https:\/\/veritasinfo.org\/index.php?rest_route=%2Fwp%2Fv2%2Ftags&post=45951"}],"curies":[{"name":"wp","href":"https:\/\/api.w.org\/{rel}","templated":true}]}}