{"id":45945,"date":"2026-05-01T13:59:08","date_gmt":"2026-05-01T11:59:08","guid":{"rendered":"https:\/\/veritasinfo.org\/?p=45945"},"modified":"2026-05-01T13:59:08","modified_gmt":"2026-05-01T11:59:08","slug":"haxhiu-per-1-majin-te-njihet-dhe-vleresohet-puna-e-cdo-punetori-ne-kosove","status":"publish","type":"post","link":"https:\/\/veritasinfo.org\/?p=45945","title":{"rendered":"Haxhiu p\u00ebr 1 Majin: T\u00eb njihet dhe vler\u00ebsohet puna e \u00e7do pun\u00ebtori n\u00eb Kosov\u00eb"},"content":{"rendered":"<p>Prishtin\u00eb 1 Maj 2026 13:58<\/p>\n<p>Ushtruesja e detyr\u00ebs s\u00eb presidentes s\u00eb Kosov\u00ebs, Albulena Haxhiu, ka nderuar pun\u00ebtor\u00ebt me rastin e Dit\u00ebs Nd\u00ebrkomb\u00ebtare t\u00eb Pun\u00ebtor\u00ebve, duke theksuar nevoj\u00ebn p\u00ebr m\u00eb shum\u00eb vler\u00ebsim dhe njohje t\u00eb pun\u00ebs n\u00eb t\u00eb gjitha format e saj.<\/p>\n<p>P\u00ebrmes nj\u00eb postimi n\u00eb Facebook, Haxhiu \u00ebsht\u00eb shprehur se 1 Maji nuk duhet t\u00eb jet\u00eb vet\u00ebm nj\u00eb dit\u00eb reflektimi p\u00ebr vendin e pun\u00ebs, por edhe p\u00ebr kontributin q\u00eb jepet brenda familjes, ve\u00e7an\u00ebrisht nga grat\u00eb.<\/p>\n<p>\u201cSot, n\u00eb Dit\u00ebn Nd\u00ebrkomb\u00ebtare t\u00eb Pun\u00ebtor\u00ebve, nuk mjafton t\u00eb shohim vet\u00ebm vendin e pun\u00ebs. Duhet ta shohim edhe sht\u00ebpin\u00eb. Aty ku shum\u00eb gra e nisin dit\u00ebn para se t\u00eb zgjohen t\u00eb gjith\u00eb dhe e mbyllin pasi t\u00eb ken\u00eb fjetur t\u00eb gjith\u00eb. Aty ku kujdesi p\u00ebr f\u00ebmij\u00ebt, p\u00ebr t\u00eb moshuarit, p\u00ebr t\u00eb s\u00ebmur\u00ebt, p\u00ebr ushqimin, p\u00ebr rrobat, p\u00ebr rendin e familjes, vazhdon t\u00eb merret si detyr\u00eb e natyrshme. Por nuk \u00ebsht\u00eb e natyrshme. \u00cbsht\u00eb angazhim, p\u00ebrkushtim, koh\u00eb dhe, mbi t\u00eb gjitha, \u00ebsht\u00eb pun\u00eb q\u00eb as paguhet e as njihet sa duhet\u201d, ka shkruar ajo.<\/p>\n<p>N\u00eb mesazhin e saj, Haxhiu b\u00ebri thirrje q\u00eb n\u00eb k\u00ebt\u00eb 1 Maj t\u00eb vler\u00ebsohen t\u00eb gjith\u00eb pun\u00ebtor\u00ebt, si ata q\u00eb punojn\u00eb n\u00eb sektor\u00eb t\u00eb ndrysh\u00ebm si nd\u00ebrtimi, bujq\u00ebsia, administrata apo tregtia, ashtu edhe ata q\u00eb kontribuojn\u00eb brenda sht\u00ebpis\u00eb pa pages\u00eb.<\/p>\n<p>\u201cN\u00eb k\u00ebt\u00eb 1 maj, duhet ta shohim pun\u00ebn n\u00eb t\u00ebr\u00ebsin\u00eb e saj dhe t\u2019u japim vendin q\u00eb u takon pun\u00ebtoreve dhe pun\u00ebtor\u00ebve t\u00eb Kosov\u00ebs. Atyre q\u00eb dalin her\u00ebt p\u00ebr ta fituar buk\u00ebn me djers\u00eb, n\u00eb kantier, n\u00eb fabrik\u00eb, n\u00eb ar\u00eb, n\u00eb zyr\u00eb, n\u00eb dyqan, n\u00eb rrug\u00eb a n\u00eb m\u00ebrgat\u00eb, por edhe atyre q\u00eb e vazhdojn\u00eb pun\u00ebn brenda sht\u00ebpis\u00eb, shpesh pa pag\u00eb, pa orar dhe pa njohjen q\u00eb meritojn\u00eb.<br \/>\nSot nderojm\u00eb pun\u00ebtor\u00ebt dhe pun\u00ebtoret q\u00eb, me mund, p\u00ebrgjegj\u00ebsi e dinjitet, e mbajn\u00eb familjen, shoq\u00ebrin\u00eb dhe Kosov\u00ebn n\u00eb k\u00ebmb\u00eb\u201d, ka p\u00ebrfunduar Haxhiu.<\/p>\n","protected":false},"excerpt":{"rendered":"<p>Prishtin\u00eb 1 Maj 2026 13:58 Ushtruesja e detyr\u00ebs s\u00eb presidentes s\u00eb Kosov\u00ebs, Albulena Haxhiu, ka nderuar pun\u00ebtor\u00ebt me rastin e Dit\u00ebs Nd\u00ebrkomb\u00ebtare t\u00eb Pun\u00ebtor\u00ebve, duke<\/p>\n","protected":false},"author":6,"featured_media":45946,"comment_status":"open","ping_status":"open","sticky":false,"template":"","format":"standard","meta":{"footnotes":""},"categories":[60],"tags":[],"class_list":["post-45945","post","type-post","status-publish","format-standard","has-post-thumbnail","hentry","category-shoqerore-sq"],"yoast_head":"<!-- This site is optimized with the Yoast SEO plugin v25.3.1 - https:\/\/yoast.com\/wordpress\/plugins\/seo\/ -->\n<title>Haxhiu p\u00ebr 1 Majin: T\u00eb njihet dhe vler\u00ebsohet puna e \u00e7do pun\u00ebtori n\u00eb Kosov\u00eb -<\/title>\n<meta name=\"robots\" content=\"index, follow, max-snippet:-1, max-image-preview:large, max-video-preview:-1\" \/>\n<link rel=\"canonical\" href=\"https:\/\/veritasinfo.org\/?p=45945\" \/>\n<meta property=\"og:locale\" content=\"en_US\" \/>\n<meta property=\"og:type\" content=\"article\" \/>\n<meta property=\"og:title\" content=\"Haxhiu p\u00ebr 1 Majin: T\u00eb njihet dhe vler\u00ebsohet puna e \u00e7do pun\u00ebtori n\u00eb Kosov\u00eb -\" \/>\n<meta property=\"og:description\" content=\"Prishtin\u00eb 1 Maj 2026 13:58 Ushtruesja e detyr\u00ebs s\u00eb presidentes s\u00eb Kosov\u00ebs, Albulena Haxhiu, ka nderuar pun\u00ebtor\u00ebt me rastin e Dit\u00ebs Nd\u00ebrkomb\u00ebtare t\u00eb Pun\u00ebtor\u00ebve, duke\" \/>\n<meta property=\"og:url\" content=\"https:\/\/veritasinfo.org\/?p=45945\" \/>\n<meta property=\"article:published_time\" content=\"2026-05-01T11:59:08+00:00\" \/>\n<meta property=\"og:image\" content=\"https:\/\/veritasinfo.org\/wp-content\/uploads\/2026\/05\/IMG-20260501-WA0000.jpg\" \/>\n\t<meta property=\"og:image:width\" content=\"1140\" \/>\n\t<meta property=\"og:image:height\" content=\"570\" \/>\n\t<meta property=\"og:image:type\" content=\"image\/jpeg\" \/>\n<meta name=\"author\" content=\"US5\" \/>\n<meta name=\"twitter:card\" content=\"summary_large_image\" \/>\n<meta name=\"twitter:label1\" content=\"Written by\" \/>\n\t<meta name=\"twitter:data1\" content=\"US5\" \/>\n\t<meta name=\"twitter:label2\" content=\"Est. reading time\" \/>\n\t<meta name=\"twitter:data2\" content=\"1 minute\" \/>\n<script type=\"application\/ld+json\" class=\"yoast-schema-graph\">{\"@context\":\"https:\/\/schema.org\",\"@graph\":[{\"@type\":\"WebPage\",\"@id\":\"https:\/\/veritasinfo.org\/?p=45945\",\"url\":\"https:\/\/veritasinfo.org\/?p=45945\",\"name\":\"Haxhiu p\u00ebr 1 Majin: T\u00eb njihet dhe vler\u00ebsohet puna e \u00e7do pun\u00ebtori n\u00eb Kosov\u00eb -\",\"isPartOf\":{\"@id\":\"https:\/\/veritasinfo.org\/#website\"},\"primaryImageOfPage\":{\"@id\":\"https:\/\/veritasinfo.org\/?p=45945#primaryimage\"},\"image\":{\"@id\":\"https:\/\/veritasinfo.org\/?p=45945#primaryimage\"},\"thumbnailUrl\":\"https:\/\/veritasinfo.org\/wp-content\/uploads\/2026\/05\/IMG-20260501-WA0000.jpg\",\"datePublished\":\"2026-05-01T11:59:08+00:00\",\"author\":{\"@id\":\"https:\/\/veritasinfo.org\/#\/schema\/person\/bc442336e35414d04494ab8fb45db4c6\"},\"breadcrumb\":{\"@id\":\"https:\/\/veritasinfo.org\/?p=45945#breadcrumb\"},\"inLanguage\":\"en-US\",\"potentialAction\":[{\"@type\":\"ReadAction\",\"target\":[\"https:\/\/veritasinfo.org\/?p=45945\"]}]},{\"@type\":\"ImageObject\",\"inLanguage\":\"en-US\",\"@id\":\"https:\/\/veritasinfo.org\/?p=45945#primaryimage\",\"url\":\"https:\/\/veritasinfo.org\/wp-content\/uploads\/2026\/05\/IMG-20260501-WA0000.jpg\",\"contentUrl\":\"https:\/\/veritasinfo.org\/wp-content\/uploads\/2026\/05\/IMG-20260501-WA0000.jpg\",\"width\":1140,\"height\":570},{\"@type\":\"BreadcrumbList\",\"@id\":\"https:\/\/veritasinfo.org\/?p=45945#breadcrumb\",\"itemListElement\":[{\"@type\":\"ListItem\",\"position\":1,\"name\":\"Home\",\"item\":\"https:\/\/veritasinfo.org\/\"},{\"@type\":\"ListItem\",\"position\":2,\"name\":\"Haxhiu p\u00ebr 1 Majin: T\u00eb njihet dhe vler\u00ebsohet puna e \u00e7do pun\u00ebtori n\u00eb Kosov\u00eb\"}]},{\"@type\":\"WebSite\",\"@id\":\"https:\/\/veritasinfo.org\/#website\",\"url\":\"https:\/\/veritasinfo.org\/\",\"name\":\"\",\"description\":\"\",\"potentialAction\":[{\"@type\":\"SearchAction\",\"target\":{\"@type\":\"EntryPoint\",\"urlTemplate\":\"https:\/\/veritasinfo.org\/?s={search_term_string}\"},\"query-input\":{\"@type\":\"PropertyValueSpecification\",\"valueRequired\":true,\"valueName\":\"search_term_string\"}}],\"inLanguage\":\"en-US\"},{\"@type\":\"Person\",\"@id\":\"https:\/\/veritasinfo.org\/#\/schema\/person\/bc442336e35414d04494ab8fb45db4c6\",\"name\":\"US5\",\"image\":{\"@type\":\"ImageObject\",\"inLanguage\":\"en-US\",\"@id\":\"https:\/\/veritasinfo.org\/#\/schema\/person\/image\/\",\"url\":\"https:\/\/secure.gravatar.com\/avatar\/16a61e7272a0c5d001121ebb9e60e925d5816e4ac1e443ed3e640d9a6ae55d0c?s=96&d=mm&r=g\",\"contentUrl\":\"https:\/\/secure.gravatar.com\/avatar\/16a61e7272a0c5d001121ebb9e60e925d5816e4ac1e443ed3e640d9a6ae55d0c?s=96&d=mm&r=g\",\"caption\":\"US5\"},\"url\":\"https:\/\/veritasinfo.org\/?author=6\"}]}<\/script>\n<!-- \/ Yoast SEO plugin. -->","yoast_head_json":{"title":"Haxhiu p\u00ebr 1 Majin: T\u00eb njihet dhe vler\u00ebsohet puna e \u00e7do pun\u00ebtori n\u00eb Kosov\u00eb -","robots":{"index":"index","follow":"follow","max-snippet":"max-snippet:-1","max-image-preview":"max-image-preview:large","max-video-preview":"max-video-preview:-1"},"canonical":"https:\/\/veritasinfo.org\/?p=45945","og_locale":"en_US","og_type":"article","og_title":"Haxhiu p\u00ebr 1 Majin: T\u00eb njihet dhe vler\u00ebsohet puna e \u00e7do pun\u00ebtori n\u00eb Kosov\u00eb -","og_description":"Prishtin\u00eb 1 Maj 2026 13:58 Ushtruesja e detyr\u00ebs s\u00eb presidentes s\u00eb Kosov\u00ebs, Albulena Haxhiu, ka nderuar pun\u00ebtor\u00ebt me rastin e Dit\u00ebs Nd\u00ebrkomb\u00ebtare t\u00eb Pun\u00ebtor\u00ebve, duke","og_url":"https:\/\/veritasinfo.org\/?p=45945","article_published_time":"2026-05-01T11:59:08+00:00","og_image":[{"width":1140,"height":570,"url":"https:\/\/veritasinfo.org\/wp-content\/uploads\/2026\/05\/IMG-20260501-WA0000.jpg","type":"image\/jpeg"}],"author":"US5","twitter_card":"summary_large_image","twitter_misc":{"Written by":"US5","Est. reading time":"1 minute"},"schema":{"@context":"https:\/\/schema.org","@graph":[{"@type":"WebPage","@id":"https:\/\/veritasinfo.org\/?p=45945","url":"https:\/\/veritasinfo.org\/?p=45945","name":"Haxhiu p\u00ebr 1 Majin: T\u00eb njihet dhe vler\u00ebsohet puna e \u00e7do pun\u00ebtori n\u00eb Kosov\u00eb -","isPartOf":{"@id":"https:\/\/veritasinfo.org\/#website"},"primaryImageOfPage":{"@id":"https:\/\/veritasinfo.org\/?p=45945#primaryimage"},"image":{"@id":"https:\/\/veritasinfo.org\/?p=45945#primaryimage"},"thumbnailUrl":"https:\/\/veritasinfo.org\/wp-content\/uploads\/2026\/05\/IMG-20260501-WA0000.jpg","datePublished":"2026-05-01T11:59:08+00:00","author":{"@id":"https:\/\/veritasinfo.org\/#\/schema\/person\/bc442336e35414d04494ab8fb45db4c6"},"breadcrumb":{"@id":"https:\/\/veritasinfo.org\/?p=45945#breadcrumb"},"inLanguage":"en-US","potentialAction":[{"@type":"ReadAction","target":["https:\/\/veritasinfo.org\/?p=45945"]}]},{"@type":"ImageObject","inLanguage":"en-US","@id":"https:\/\/veritasinfo.org\/?p=45945#primaryimage","url":"https:\/\/veritasinfo.org\/wp-content\/uploads\/2026\/05\/IMG-20260501-WA0000.jpg","contentUrl":"https:\/\/veritasinfo.org\/wp-content\/uploads\/2026\/05\/IMG-20260501-WA0000.jpg","width":1140,"height":570},{"@type":"BreadcrumbList","@id":"https:\/\/veritasinfo.org\/?p=45945#breadcrumb","itemListElement":[{"@type":"ListItem","position":1,"name":"Home","item":"https:\/\/veritasinfo.org\/"},{"@type":"ListItem","position":2,"name":"Haxhiu p\u00ebr 1 Majin: T\u00eb njihet dhe vler\u00ebsohet puna e \u00e7do pun\u00ebtori n\u00eb Kosov\u00eb"}]},{"@type":"WebSite","@id":"https:\/\/veritasinfo.org\/#website","url":"https:\/\/veritasinfo.org\/","name":"","description":"","potentialAction":[{"@type":"SearchAction","target":{"@type":"EntryPoint","urlTemplate":"https:\/\/veritasinfo.org\/?s={search_term_string}"},"query-input":{"@type":"PropertyValueSpecification","valueRequired":true,"valueName":"search_term_string"}}],"inLanguage":"en-US"},{"@type":"Person","@id":"https:\/\/veritasinfo.org\/#\/schema\/person\/bc442336e35414d04494ab8fb45db4c6","name":"US5","image":{"@type":"ImageObject","inLanguage":"en-US","@id":"https:\/\/veritasinfo.org\/#\/schema\/person\/image\/","url":"https:\/\/secure.gravatar.com\/avatar\/16a61e7272a0c5d001121ebb9e60e925d5816e4ac1e443ed3e640d9a6ae55d0c?s=96&d=mm&r=g","contentUrl":"https:\/\/secure.gravatar.com\/avatar\/16a61e7272a0c5d001121ebb9e60e925d5816e4ac1e443ed3e640d9a6ae55d0c?s=96&d=mm&r=g","caption":"US5"},"url":"https:\/\/veritasinfo.org\/?author=6"}]}},"featured_image_urls":{"full":["https:\/\/veritasinfo.org\/wp-content\/uploads\/2026\/05\/IMG-20260501-WA0000.jpg",1140,570,false],"thumbnail":["https:\/\/veritasinfo.org\/wp-content\/uploads\/2026\/05\/IMG-20260501-WA0000-150x150.jpg",150,150,true],"medium":["https:\/\/veritasinfo.org\/wp-content\/uploads\/2026\/05\/IMG-20260501-WA0000-300x150.jpg",300,150,true],"medium_large":["https:\/\/veritasinfo.org\/wp-content\/uploads\/2026\/05\/IMG-20260501-WA0000-768x384.jpg",640,320,true],"large":["https:\/\/veritasinfo.org\/wp-content\/uploads\/2026\/05\/IMG-20260501-WA0000-1024x512.jpg",640,320,true],"1536x1536":["https:\/\/veritasinfo.org\/wp-content\/uploads\/2026\/05\/IMG-20260501-WA0000.jpg",1140,570,false],"2048x2048":["https:\/\/veritasinfo.org\/wp-content\/uploads\/2026\/05\/IMG-20260501-WA0000.jpg",1140,570,false],"kreeti-slider-full":["https:\/\/veritasinfo.org\/wp-content\/uploads\/2026\/05\/IMG-20260501-WA0000.jpg",1140,570,false],"kreeti-featured":["https:\/\/veritasinfo.org\/wp-content\/uploads\/2026\/05\/IMG-20260501-WA0000-1024x512.jpg",1024,512,true],"kreeti-medium":["https:\/\/veritasinfo.org\/wp-content\/uploads\/2026\/05\/IMG-20260501-WA0000-720x530.jpg",720,530,true],"kreeti-medium-square":["https:\/\/veritasinfo.org\/wp-content\/uploads\/2026\/05\/IMG-20260501-WA0000-350x350.jpg",350,350,true]},"author_info":{"info":["US5"]},"category_info":"<a href=\"https:\/\/veritasinfo.org\/?cat=60\" rel=\"category\">Shoq\u00ebrore<\/a>","tag_info":"Shoq\u00ebrore","comment_count":"0","_links":{"self":[{"href":"https:\/\/veritasinfo.org\/index.php?rest_route=\/wp\/v2\/posts\/45945","targetHints":{"allow":["GET"]}}],"collection":[{"href":"https:\/\/veritasinfo.org\/index.php?rest_route=\/wp\/v2\/posts"}],"about":[{"href":"https:\/\/veritasinfo.org\/index.php?rest_route=\/wp\/v2\/types\/post"}],"author":[{"embeddable":true,"href":"https:\/\/veritasinfo.org\/index.php?rest_route=\/wp\/v2\/users\/6"}],"replies":[{"embeddable":true,"href":"https:\/\/veritasinfo.org\/index.php?rest_route=%2Fwp%2Fv2%2Fcomments&post=45945"}],"version-history":[{"count":2,"href":"https:\/\/veritasinfo.org\/index.php?rest_route=\/wp\/v2\/posts\/45945\/revisions"}],"predecessor-version":[{"id":45948,"href":"https:\/\/veritasinfo.org\/index.php?rest_route=\/wp\/v2\/posts\/45945\/revisions\/45948"}],"wp:featuredmedia":[{"embeddable":true,"href":"https:\/\/veritasinfo.org\/index.php?rest_route=\/wp\/v2\/media\/45946"}],"wp:attachment":[{"href":"https:\/\/veritasinfo.org\/index.php?rest_route=%2Fwp%2Fv2%2Fmedia&parent=45945"}],"wp:term":[{"taxonomy":"category","embeddable":true,"href":"https:\/\/veritasinfo.org\/index.php?rest_route=%2Fwp%2Fv2%2Fcategories&post=45945"},{"taxonomy":"post_tag","embeddable":true,"href":"https:\/\/veritasinfo.org\/index.php?rest_route=%2Fwp%2Fv2%2Ftags&post=45945"}],"curies":[{"name":"wp","href":"https:\/\/api.w.org\/{rel}","templated":true}]}}