{"id":45932,"date":"2026-05-01T12:10:17","date_gmt":"2026-05-01T10:10:17","guid":{"rendered":"https:\/\/veritasinfo.org\/?p=45932"},"modified":"2026-05-01T12:10:17","modified_gmt":"2026-05-01T10:10:17","slug":"hyn-ne-fuqi-marreveshja-serish-levizje-e-lire-kufitare-mes-shqiperise-dhe-kosoves","status":"publish","type":"post","link":"https:\/\/veritasinfo.org\/?p=45932","title":{"rendered":"Hyn n\u00eb fuqi marr\u00ebveshja, s\u00ebrish l\u00ebvizje e lir\u00eb kufitare mes Shqip\u00ebris\u00eb dhe Kosov\u00ebs"},"content":{"rendered":"<p>Prishtin\u00eb 1 Maj 2026 12:09<\/p>\n<p>Ka hyr\u00eb k\u00ebt\u00eb t\u00eb premte n\u00eb fuqi s\u00ebrish marr\u00ebveshja p\u00ebr l\u00ebvizjen e lir\u00eb kufitare mes Kosov\u00ebs dhe Shqip\u00ebris\u00eb.<\/p>\n<p>Kjo marr\u00ebveshje do t\u00eb jet\u00eb aktive deri n\u00eb muajin tetor, nd\u00ebrsa pritet t\u00eb rip\u00ebrt\u00ebrihet edhe n\u00eb muajt dhjetor dhe janar, si dhe gjat\u00eb fundjavave.<\/p>\n<p>Ajo parashikon shmangien e q\u00ebndrimit t\u00eb automjeteve n\u00eb radh\u00eb n\u00eb kufi, si dhe leht\u00ebsimin e procedurave, ku kalimi b\u00ebhet pa kontroll t\u00eb detajuar t\u00eb let\u00ebrnjoftimeve apo pasaportave, p\u00ebrve\u00e7 rasteve t\u00eb dyshuara, raporton TCh, transmeton Klankosova.tv.<\/p>\n<p>Zbatimi i saj ka shmangur pritjet e gjata n\u00eb kufi.<\/p>\n<p>Sipas t\u00eb dh\u00ebnave zyrtare, vet\u00ebm gjat\u00eb m\u00ebngjesit t\u00eb sot\u00ebm kan\u00eb hyr\u00eb n\u00eb territorin e Shqip\u00ebris\u00eb rreth 15 mij\u00eb shtetas, pjesa m\u00eb e madhe e t\u00eb cil\u00ebve vijn\u00eb nga Kosova.<\/p>\n<p>L\u00ebvizja e p\u00ebrshpejtuar ka v\u00ebn\u00eb n\u00eb funksion plot 11 sportele n\u00eb pik\u00ebn kufitare t\u00eb Morin\u00ebs, duke mund\u00ebsuar zbatimin pa pengesa t\u00eb marr\u00ebveshjes.<\/p>\n<p>Burime pran\u00eb k\u00ebsaj pike kufitare b\u00ebjn\u00eb me dije se gjat\u00eb 24 or\u00ebve t\u00eb fundit kan\u00eb kaluar rreth 37 mij\u00eb qytetar\u00eb, nga t\u00eb cil\u00ebt 25 mij\u00eb kan\u00eb hyr\u00eb n\u00eb territorin shqiptar.<\/p>\n","protected":false},"excerpt":{"rendered":"<p>Prishtin\u00eb 1 Maj 2026 12:09 Ka hyr\u00eb k\u00ebt\u00eb t\u00eb premte n\u00eb fuqi s\u00ebrish marr\u00ebveshja p\u00ebr l\u00ebvizjen e lir\u00eb kufitare mes Kosov\u00ebs dhe Shqip\u00ebris\u00eb. Kjo marr\u00ebveshje<\/p>\n","protected":false},"author":6,"featured_media":45933,"comment_status":"open","ping_status":"open","sticky":false,"template":"","format":"standard","meta":{"footnotes":""},"categories":[60],"tags":[],"class_list":["post-45932","post","type-post","status-publish","format-standard","has-post-thumbnail","hentry","category-shoqerore-sq"],"yoast_head":"<!-- This site is optimized with the Yoast SEO plugin v25.3.1 - https:\/\/yoast.com\/wordpress\/plugins\/seo\/ -->\n<title>Hyn n\u00eb fuqi marr\u00ebveshja, s\u00ebrish l\u00ebvizje e lir\u00eb kufitare mes Shqip\u00ebris\u00eb dhe Kosov\u00ebs -<\/title>\n<meta name=\"robots\" content=\"index, follow, max-snippet:-1, max-image-preview:large, max-video-preview:-1\" \/>\n<link rel=\"canonical\" href=\"https:\/\/veritasinfo.org\/?p=45932\" \/>\n<meta property=\"og:locale\" content=\"en_US\" \/>\n<meta property=\"og:type\" content=\"article\" \/>\n<meta property=\"og:title\" content=\"Hyn n\u00eb fuqi marr\u00ebveshja, s\u00ebrish l\u00ebvizje e lir\u00eb kufitare mes Shqip\u00ebris\u00eb dhe Kosov\u00ebs -\" \/>\n<meta property=\"og:description\" content=\"Prishtin\u00eb 1 Maj 2026 12:09 Ka hyr\u00eb k\u00ebt\u00eb t\u00eb premte n\u00eb fuqi s\u00ebrish marr\u00ebveshja p\u00ebr l\u00ebvizjen e lir\u00eb kufitare mes Kosov\u00ebs dhe Shqip\u00ebris\u00eb. Kjo marr\u00ebveshje\" \/>\n<meta property=\"og:url\" content=\"https:\/\/veritasinfo.org\/?p=45932\" \/>\n<meta property=\"article:published_time\" content=\"2026-05-01T10:10:17+00:00\" \/>\n<meta property=\"og:image\" content=\"https:\/\/veritasinfo.org\/wp-content\/uploads\/2026\/05\/kufiri-e1689858717168-1130x635-1.jpg\" \/>\n\t<meta property=\"og:image:width\" content=\"1130\" \/>\n\t<meta property=\"og:image:height\" content=\"635\" \/>\n\t<meta property=\"og:image:type\" content=\"image\/jpeg\" \/>\n<meta name=\"author\" content=\"US5\" \/>\n<meta name=\"twitter:card\" content=\"summary_large_image\" \/>\n<meta name=\"twitter:label1\" content=\"Written by\" \/>\n\t<meta name=\"twitter:data1\" content=\"US5\" \/>\n\t<meta name=\"twitter:label2\" content=\"Est. reading time\" \/>\n\t<meta name=\"twitter:data2\" content=\"1 minute\" \/>\n<script type=\"application\/ld+json\" class=\"yoast-schema-graph\">{\"@context\":\"https:\/\/schema.org\",\"@graph\":[{\"@type\":\"WebPage\",\"@id\":\"https:\/\/veritasinfo.org\/?p=45932\",\"url\":\"https:\/\/veritasinfo.org\/?p=45932\",\"name\":\"Hyn n\u00eb fuqi marr\u00ebveshja, s\u00ebrish l\u00ebvizje e lir\u00eb kufitare mes Shqip\u00ebris\u00eb dhe Kosov\u00ebs -\",\"isPartOf\":{\"@id\":\"https:\/\/veritasinfo.org\/#website\"},\"primaryImageOfPage\":{\"@id\":\"https:\/\/veritasinfo.org\/?p=45932#primaryimage\"},\"image\":{\"@id\":\"https:\/\/veritasinfo.org\/?p=45932#primaryimage\"},\"thumbnailUrl\":\"https:\/\/veritasinfo.org\/wp-content\/uploads\/2026\/05\/kufiri-e1689858717168-1130x635-1.jpg\",\"datePublished\":\"2026-05-01T10:10:17+00:00\",\"author\":{\"@id\":\"https:\/\/veritasinfo.org\/#\/schema\/person\/bc442336e35414d04494ab8fb45db4c6\"},\"breadcrumb\":{\"@id\":\"https:\/\/veritasinfo.org\/?p=45932#breadcrumb\"},\"inLanguage\":\"en-US\",\"potentialAction\":[{\"@type\":\"ReadAction\",\"target\":[\"https:\/\/veritasinfo.org\/?p=45932\"]}]},{\"@type\":\"ImageObject\",\"inLanguage\":\"en-US\",\"@id\":\"https:\/\/veritasinfo.org\/?p=45932#primaryimage\",\"url\":\"https:\/\/veritasinfo.org\/wp-content\/uploads\/2026\/05\/kufiri-e1689858717168-1130x635-1.jpg\",\"contentUrl\":\"https:\/\/veritasinfo.org\/wp-content\/uploads\/2026\/05\/kufiri-e1689858717168-1130x635-1.jpg\",\"width\":1130,\"height\":635},{\"@type\":\"BreadcrumbList\",\"@id\":\"https:\/\/veritasinfo.org\/?p=45932#breadcrumb\",\"itemListElement\":[{\"@type\":\"ListItem\",\"position\":1,\"name\":\"Home\",\"item\":\"https:\/\/veritasinfo.org\/\"},{\"@type\":\"ListItem\",\"position\":2,\"name\":\"Hyn n\u00eb fuqi marr\u00ebveshja, s\u00ebrish l\u00ebvizje e lir\u00eb kufitare mes Shqip\u00ebris\u00eb dhe Kosov\u00ebs\"}]},{\"@type\":\"WebSite\",\"@id\":\"https:\/\/veritasinfo.org\/#website\",\"url\":\"https:\/\/veritasinfo.org\/\",\"name\":\"\",\"description\":\"\",\"potentialAction\":[{\"@type\":\"SearchAction\",\"target\":{\"@type\":\"EntryPoint\",\"urlTemplate\":\"https:\/\/veritasinfo.org\/?s={search_term_string}\"},\"query-input\":{\"@type\":\"PropertyValueSpecification\",\"valueRequired\":true,\"valueName\":\"search_term_string\"}}],\"inLanguage\":\"en-US\"},{\"@type\":\"Person\",\"@id\":\"https:\/\/veritasinfo.org\/#\/schema\/person\/bc442336e35414d04494ab8fb45db4c6\",\"name\":\"US5\",\"image\":{\"@type\":\"ImageObject\",\"inLanguage\":\"en-US\",\"@id\":\"https:\/\/veritasinfo.org\/#\/schema\/person\/image\/\",\"url\":\"https:\/\/secure.gravatar.com\/avatar\/16a61e7272a0c5d001121ebb9e60e925d5816e4ac1e443ed3e640d9a6ae55d0c?s=96&d=mm&r=g\",\"contentUrl\":\"https:\/\/secure.gravatar.com\/avatar\/16a61e7272a0c5d001121ebb9e60e925d5816e4ac1e443ed3e640d9a6ae55d0c?s=96&d=mm&r=g\",\"caption\":\"US5\"},\"url\":\"https:\/\/veritasinfo.org\/?author=6\"}]}<\/script>\n<!-- \/ Yoast SEO plugin. -->","yoast_head_json":{"title":"Hyn n\u00eb fuqi marr\u00ebveshja, s\u00ebrish l\u00ebvizje e lir\u00eb kufitare mes Shqip\u00ebris\u00eb dhe Kosov\u00ebs -","robots":{"index":"index","follow":"follow","max-snippet":"max-snippet:-1","max-image-preview":"max-image-preview:large","max-video-preview":"max-video-preview:-1"},"canonical":"https:\/\/veritasinfo.org\/?p=45932","og_locale":"en_US","og_type":"article","og_title":"Hyn n\u00eb fuqi marr\u00ebveshja, s\u00ebrish l\u00ebvizje e lir\u00eb kufitare mes Shqip\u00ebris\u00eb dhe Kosov\u00ebs -","og_description":"Prishtin\u00eb 1 Maj 2026 12:09 Ka hyr\u00eb k\u00ebt\u00eb t\u00eb premte n\u00eb fuqi s\u00ebrish marr\u00ebveshja p\u00ebr l\u00ebvizjen e lir\u00eb kufitare mes Kosov\u00ebs dhe Shqip\u00ebris\u00eb. Kjo marr\u00ebveshje","og_url":"https:\/\/veritasinfo.org\/?p=45932","article_published_time":"2026-05-01T10:10:17+00:00","og_image":[{"width":1130,"height":635,"url":"https:\/\/veritasinfo.org\/wp-content\/uploads\/2026\/05\/kufiri-e1689858717168-1130x635-1.jpg","type":"image\/jpeg"}],"author":"US5","twitter_card":"summary_large_image","twitter_misc":{"Written by":"US5","Est. reading time":"1 minute"},"schema":{"@context":"https:\/\/schema.org","@graph":[{"@type":"WebPage","@id":"https:\/\/veritasinfo.org\/?p=45932","url":"https:\/\/veritasinfo.org\/?p=45932","name":"Hyn n\u00eb fuqi marr\u00ebveshja, s\u00ebrish l\u00ebvizje e lir\u00eb kufitare mes Shqip\u00ebris\u00eb dhe Kosov\u00ebs -","isPartOf":{"@id":"https:\/\/veritasinfo.org\/#website"},"primaryImageOfPage":{"@id":"https:\/\/veritasinfo.org\/?p=45932#primaryimage"},"image":{"@id":"https:\/\/veritasinfo.org\/?p=45932#primaryimage"},"thumbnailUrl":"https:\/\/veritasinfo.org\/wp-content\/uploads\/2026\/05\/kufiri-e1689858717168-1130x635-1.jpg","datePublished":"2026-05-01T10:10:17+00:00","author":{"@id":"https:\/\/veritasinfo.org\/#\/schema\/person\/bc442336e35414d04494ab8fb45db4c6"},"breadcrumb":{"@id":"https:\/\/veritasinfo.org\/?p=45932#breadcrumb"},"inLanguage":"en-US","potentialAction":[{"@type":"ReadAction","target":["https:\/\/veritasinfo.org\/?p=45932"]}]},{"@type":"ImageObject","inLanguage":"en-US","@id":"https:\/\/veritasinfo.org\/?p=45932#primaryimage","url":"https:\/\/veritasinfo.org\/wp-content\/uploads\/2026\/05\/kufiri-e1689858717168-1130x635-1.jpg","contentUrl":"https:\/\/veritasinfo.org\/wp-content\/uploads\/2026\/05\/kufiri-e1689858717168-1130x635-1.jpg","width":1130,"height":635},{"@type":"BreadcrumbList","@id":"https:\/\/veritasinfo.org\/?p=45932#breadcrumb","itemListElement":[{"@type":"ListItem","position":1,"name":"Home","item":"https:\/\/veritasinfo.org\/"},{"@type":"ListItem","position":2,"name":"Hyn n\u00eb fuqi marr\u00ebveshja, s\u00ebrish l\u00ebvizje e lir\u00eb kufitare mes Shqip\u00ebris\u00eb dhe Kosov\u00ebs"}]},{"@type":"WebSite","@id":"https:\/\/veritasinfo.org\/#website","url":"https:\/\/veritasinfo.org\/","name":"","description":"","potentialAction":[{"@type":"SearchAction","target":{"@type":"EntryPoint","urlTemplate":"https:\/\/veritasinfo.org\/?s={search_term_string}"},"query-input":{"@type":"PropertyValueSpecification","valueRequired":true,"valueName":"search_term_string"}}],"inLanguage":"en-US"},{"@type":"Person","@id":"https:\/\/veritasinfo.org\/#\/schema\/person\/bc442336e35414d04494ab8fb45db4c6","name":"US5","image":{"@type":"ImageObject","inLanguage":"en-US","@id":"https:\/\/veritasinfo.org\/#\/schema\/person\/image\/","url":"https:\/\/secure.gravatar.com\/avatar\/16a61e7272a0c5d001121ebb9e60e925d5816e4ac1e443ed3e640d9a6ae55d0c?s=96&d=mm&r=g","contentUrl":"https:\/\/secure.gravatar.com\/avatar\/16a61e7272a0c5d001121ebb9e60e925d5816e4ac1e443ed3e640d9a6ae55d0c?s=96&d=mm&r=g","caption":"US5"},"url":"https:\/\/veritasinfo.org\/?author=6"}]}},"featured_image_urls":{"full":["https:\/\/veritasinfo.org\/wp-content\/uploads\/2026\/05\/kufiri-e1689858717168-1130x635-1.jpg",1130,635,false],"thumbnail":["https:\/\/veritasinfo.org\/wp-content\/uploads\/2026\/05\/kufiri-e1689858717168-1130x635-1-150x150.jpg",150,150,true],"medium":["https:\/\/veritasinfo.org\/wp-content\/uploads\/2026\/05\/kufiri-e1689858717168-1130x635-1-300x169.jpg",300,169,true],"medium_large":["https:\/\/veritasinfo.org\/wp-content\/uploads\/2026\/05\/kufiri-e1689858717168-1130x635-1-768x432.jpg",640,360,true],"large":["https:\/\/veritasinfo.org\/wp-content\/uploads\/2026\/05\/kufiri-e1689858717168-1130x635-1-1024x575.jpg",640,359,true],"1536x1536":["https:\/\/veritasinfo.org\/wp-content\/uploads\/2026\/05\/kufiri-e1689858717168-1130x635-1.jpg",1130,635,false],"2048x2048":["https:\/\/veritasinfo.org\/wp-content\/uploads\/2026\/05\/kufiri-e1689858717168-1130x635-1.jpg",1130,635,false],"kreeti-slider-full":["https:\/\/veritasinfo.org\/wp-content\/uploads\/2026\/05\/kufiri-e1689858717168-1130x635-1.jpg",1130,635,false],"kreeti-featured":["https:\/\/veritasinfo.org\/wp-content\/uploads\/2026\/05\/kufiri-e1689858717168-1130x635-1-1024x575.jpg",1024,575,true],"kreeti-medium":["https:\/\/veritasinfo.org\/wp-content\/uploads\/2026\/05\/kufiri-e1689858717168-1130x635-1-720x530.jpg",720,530,true],"kreeti-medium-square":["https:\/\/veritasinfo.org\/wp-content\/uploads\/2026\/05\/kufiri-e1689858717168-1130x635-1-350x350.jpg",350,350,true]},"author_info":{"info":["US5"]},"category_info":"<a href=\"https:\/\/veritasinfo.org\/?cat=60\" rel=\"category\">Shoq\u00ebrore<\/a>","tag_info":"Shoq\u00ebrore","comment_count":"0","_links":{"self":[{"href":"https:\/\/veritasinfo.org\/index.php?rest_route=\/wp\/v2\/posts\/45932","targetHints":{"allow":["GET"]}}],"collection":[{"href":"https:\/\/veritasinfo.org\/index.php?rest_route=\/wp\/v2\/posts"}],"about":[{"href":"https:\/\/veritasinfo.org\/index.php?rest_route=\/wp\/v2\/types\/post"}],"author":[{"embeddable":true,"href":"https:\/\/veritasinfo.org\/index.php?rest_route=\/wp\/v2\/users\/6"}],"replies":[{"embeddable":true,"href":"https:\/\/veritasinfo.org\/index.php?rest_route=%2Fwp%2Fv2%2Fcomments&post=45932"}],"version-history":[{"count":2,"href":"https:\/\/veritasinfo.org\/index.php?rest_route=\/wp\/v2\/posts\/45932\/revisions"}],"predecessor-version":[{"id":45935,"href":"https:\/\/veritasinfo.org\/index.php?rest_route=\/wp\/v2\/posts\/45932\/revisions\/45935"}],"wp:featuredmedia":[{"embeddable":true,"href":"https:\/\/veritasinfo.org\/index.php?rest_route=\/wp\/v2\/media\/45933"}],"wp:attachment":[{"href":"https:\/\/veritasinfo.org\/index.php?rest_route=%2Fwp%2Fv2%2Fmedia&parent=45932"}],"wp:term":[{"taxonomy":"category","embeddable":true,"href":"https:\/\/veritasinfo.org\/index.php?rest_route=%2Fwp%2Fv2%2Fcategories&post=45932"},{"taxonomy":"post_tag","embeddable":true,"href":"https:\/\/veritasinfo.org\/index.php?rest_route=%2Fwp%2Fv2%2Ftags&post=45932"}],"curies":[{"name":"wp","href":"https:\/\/api.w.org\/{rel}","templated":true}]}}