{"id":45917,"date":"2026-05-01T11:22:20","date_gmt":"2026-05-01T09:22:20","guid":{"rendered":"https:\/\/veritasinfo.org\/?p=45917"},"modified":"2026-05-01T11:22:20","modified_gmt":"2026-05-01T09:22:20","slug":"be-pezullon-te-gjitha-pagesat-financiare-per-serbine","status":"publish","type":"post","link":"https:\/\/veritasinfo.org\/?p=45917","title":{"rendered":"BE pezullon t\u00eb gjitha pagesat financiare p\u00ebr Serbin\u00eb"},"content":{"rendered":"<p>Prishtin\u00eb 1 Maj 2026. 11:21<\/p>\n<p>Bashkimi Europian ka pezulluar mb\u00ebshtetjen financiare p\u00ebr Serbin\u00eb p\u00ebr shkak t\u00eb politikave t\u00eb Beogradit ndaj sistemit gjyq\u00ebsor, deklaroi komisionerja e BE-s\u00eb p\u00ebr zgjerimin Marta Kos.<\/p>\n<p>\u201cN\u00eb k\u00ebt\u00eb moment kemi pezulluar t\u00eb gjitha pagesat (p\u00ebr Serbin\u00eb) n\u00eb kuad\u00ebr t\u00eb planit t\u00eb zhvillimit, sepse po shohim s\u00ebrish regres n\u00eb sistemin gjyq\u00ebsor. Derisa kjo t\u00eb korrigjohet, vendi nuk do t\u00eb mund t\u00eb p\u00ebrfitoj\u00eb mb\u00ebshtetje financiare nga BE-ja\u201d, tha Kos gjat\u00eb nj\u00eb konference p\u00ebr shtyp, citojn\u00eb mediat serbe.<\/p>\n<p>Ky vendim merret n\u00eb nj\u00eb periudh\u00eb kur brenda institucioneve evropiane po zhvillohen diskutime m\u00eb intensive p\u00ebr vijimin e ndihm\u00ebs financiare dhe ecurin\u00eb e p\u00ebrgjithshme t\u00eb Serbis\u00eb drejt integrimit evropian.<\/p>\n<p>M\u00eb her\u00ebt, mediat raportuan se Brukseli po shqyrton bllokimin e 1.5 miliard\u00eb eurove ndihm\u00eb, p\u00ebr shkak t\u00eb lidhjeve me Rusin\u00eb.<\/p>\n","protected":false},"excerpt":{"rendered":"<p>Prishtin\u00eb 1 Maj 2026. 11:21 Bashkimi Europian ka pezulluar mb\u00ebshtetjen financiare p\u00ebr Serbin\u00eb p\u00ebr shkak t\u00eb politikave t\u00eb Beogradit ndaj sistemit gjyq\u00ebsor, deklaroi komisionerja e<\/p>\n","protected":false},"author":6,"featured_media":45918,"comment_status":"open","ping_status":"open","sticky":false,"template":"","format":"standard","meta":{"footnotes":""},"categories":[58],"tags":[],"class_list":["post-45917","post","type-post","status-publish","format-standard","has-post-thumbnail","hentry","category-politike-sq"],"yoast_head":"<!-- This site is optimized with the Yoast SEO plugin v25.3.1 - https:\/\/yoast.com\/wordpress\/plugins\/seo\/ -->\n<title>BE pezullon t\u00eb gjitha pagesat financiare p\u00ebr Serbin\u00eb -<\/title>\n<meta name=\"robots\" content=\"index, follow, max-snippet:-1, max-image-preview:large, max-video-preview:-1\" \/>\n<link rel=\"canonical\" href=\"https:\/\/veritasinfo.org\/?p=45917\" \/>\n<meta property=\"og:locale\" content=\"en_US\" \/>\n<meta property=\"og:type\" content=\"article\" \/>\n<meta property=\"og:title\" content=\"BE pezullon t\u00eb gjitha pagesat financiare p\u00ebr Serbin\u00eb -\" \/>\n<meta property=\"og:description\" content=\"Prishtin\u00eb 1 Maj 2026. 11:21 Bashkimi Europian ka pezulluar mb\u00ebshtetjen financiare p\u00ebr Serbin\u00eb p\u00ebr shkak t\u00eb politikave t\u00eb Beogradit ndaj sistemit gjyq\u00ebsor, deklaroi komisionerja e\" \/>\n<meta property=\"og:url\" content=\"https:\/\/veritasinfo.org\/?p=45917\" \/>\n<meta property=\"article:published_time\" content=\"2026-05-01T09:22:20+00:00\" \/>\n<meta property=\"og:image\" content=\"https:\/\/veritasinfo.org\/wp-content\/uploads\/2026\/05\/1777616305_aleksandervucic-750x423-1.jpg\" \/>\n\t<meta property=\"og:image:width\" content=\"750\" \/>\n\t<meta property=\"og:image:height\" content=\"423\" \/>\n\t<meta property=\"og:image:type\" content=\"image\/jpeg\" \/>\n<meta name=\"author\" content=\"US5\" \/>\n<meta name=\"twitter:card\" content=\"summary_large_image\" \/>\n<meta name=\"twitter:label1\" content=\"Written by\" \/>\n\t<meta name=\"twitter:data1\" content=\"US5\" \/>\n\t<meta name=\"twitter:label2\" content=\"Est. reading time\" \/>\n\t<meta name=\"twitter:data2\" content=\"1 minute\" \/>\n<script type=\"application\/ld+json\" class=\"yoast-schema-graph\">{\"@context\":\"https:\/\/schema.org\",\"@graph\":[{\"@type\":\"WebPage\",\"@id\":\"https:\/\/veritasinfo.org\/?p=45917\",\"url\":\"https:\/\/veritasinfo.org\/?p=45917\",\"name\":\"BE pezullon t\u00eb gjitha pagesat financiare p\u00ebr Serbin\u00eb -\",\"isPartOf\":{\"@id\":\"https:\/\/veritasinfo.org\/#website\"},\"primaryImageOfPage\":{\"@id\":\"https:\/\/veritasinfo.org\/?p=45917#primaryimage\"},\"image\":{\"@id\":\"https:\/\/veritasinfo.org\/?p=45917#primaryimage\"},\"thumbnailUrl\":\"https:\/\/veritasinfo.org\/wp-content\/uploads\/2026\/05\/1777616305_aleksandervucic-750x423-1.jpg\",\"datePublished\":\"2026-05-01T09:22:20+00:00\",\"author\":{\"@id\":\"https:\/\/veritasinfo.org\/#\/schema\/person\/bc442336e35414d04494ab8fb45db4c6\"},\"breadcrumb\":{\"@id\":\"https:\/\/veritasinfo.org\/?p=45917#breadcrumb\"},\"inLanguage\":\"en-US\",\"potentialAction\":[{\"@type\":\"ReadAction\",\"target\":[\"https:\/\/veritasinfo.org\/?p=45917\"]}]},{\"@type\":\"ImageObject\",\"inLanguage\":\"en-US\",\"@id\":\"https:\/\/veritasinfo.org\/?p=45917#primaryimage\",\"url\":\"https:\/\/veritasinfo.org\/wp-content\/uploads\/2026\/05\/1777616305_aleksandervucic-750x423-1.jpg\",\"contentUrl\":\"https:\/\/veritasinfo.org\/wp-content\/uploads\/2026\/05\/1777616305_aleksandervucic-750x423-1.jpg\",\"width\":750,\"height\":423},{\"@type\":\"BreadcrumbList\",\"@id\":\"https:\/\/veritasinfo.org\/?p=45917#breadcrumb\",\"itemListElement\":[{\"@type\":\"ListItem\",\"position\":1,\"name\":\"Home\",\"item\":\"https:\/\/veritasinfo.org\/\"},{\"@type\":\"ListItem\",\"position\":2,\"name\":\"BE pezullon t\u00eb gjitha pagesat financiare p\u00ebr Serbin\u00eb\"}]},{\"@type\":\"WebSite\",\"@id\":\"https:\/\/veritasinfo.org\/#website\",\"url\":\"https:\/\/veritasinfo.org\/\",\"name\":\"\",\"description\":\"\",\"potentialAction\":[{\"@type\":\"SearchAction\",\"target\":{\"@type\":\"EntryPoint\",\"urlTemplate\":\"https:\/\/veritasinfo.org\/?s={search_term_string}\"},\"query-input\":{\"@type\":\"PropertyValueSpecification\",\"valueRequired\":true,\"valueName\":\"search_term_string\"}}],\"inLanguage\":\"en-US\"},{\"@type\":\"Person\",\"@id\":\"https:\/\/veritasinfo.org\/#\/schema\/person\/bc442336e35414d04494ab8fb45db4c6\",\"name\":\"US5\",\"image\":{\"@type\":\"ImageObject\",\"inLanguage\":\"en-US\",\"@id\":\"https:\/\/veritasinfo.org\/#\/schema\/person\/image\/\",\"url\":\"https:\/\/secure.gravatar.com\/avatar\/16a61e7272a0c5d001121ebb9e60e925d5816e4ac1e443ed3e640d9a6ae55d0c?s=96&d=mm&r=g\",\"contentUrl\":\"https:\/\/secure.gravatar.com\/avatar\/16a61e7272a0c5d001121ebb9e60e925d5816e4ac1e443ed3e640d9a6ae55d0c?s=96&d=mm&r=g\",\"caption\":\"US5\"},\"url\":\"https:\/\/veritasinfo.org\/?author=6\"}]}<\/script>\n<!-- \/ Yoast SEO plugin. -->","yoast_head_json":{"title":"BE pezullon t\u00eb gjitha pagesat financiare p\u00ebr Serbin\u00eb -","robots":{"index":"index","follow":"follow","max-snippet":"max-snippet:-1","max-image-preview":"max-image-preview:large","max-video-preview":"max-video-preview:-1"},"canonical":"https:\/\/veritasinfo.org\/?p=45917","og_locale":"en_US","og_type":"article","og_title":"BE pezullon t\u00eb gjitha pagesat financiare p\u00ebr Serbin\u00eb -","og_description":"Prishtin\u00eb 1 Maj 2026. 11:21 Bashkimi Europian ka pezulluar mb\u00ebshtetjen financiare p\u00ebr Serbin\u00eb p\u00ebr shkak t\u00eb politikave t\u00eb Beogradit ndaj sistemit gjyq\u00ebsor, deklaroi komisionerja e","og_url":"https:\/\/veritasinfo.org\/?p=45917","article_published_time":"2026-05-01T09:22:20+00:00","og_image":[{"width":750,"height":423,"url":"https:\/\/veritasinfo.org\/wp-content\/uploads\/2026\/05\/1777616305_aleksandervucic-750x423-1.jpg","type":"image\/jpeg"}],"author":"US5","twitter_card":"summary_large_image","twitter_misc":{"Written by":"US5","Est. reading time":"1 minute"},"schema":{"@context":"https:\/\/schema.org","@graph":[{"@type":"WebPage","@id":"https:\/\/veritasinfo.org\/?p=45917","url":"https:\/\/veritasinfo.org\/?p=45917","name":"BE pezullon t\u00eb gjitha pagesat financiare p\u00ebr Serbin\u00eb -","isPartOf":{"@id":"https:\/\/veritasinfo.org\/#website"},"primaryImageOfPage":{"@id":"https:\/\/veritasinfo.org\/?p=45917#primaryimage"},"image":{"@id":"https:\/\/veritasinfo.org\/?p=45917#primaryimage"},"thumbnailUrl":"https:\/\/veritasinfo.org\/wp-content\/uploads\/2026\/05\/1777616305_aleksandervucic-750x423-1.jpg","datePublished":"2026-05-01T09:22:20+00:00","author":{"@id":"https:\/\/veritasinfo.org\/#\/schema\/person\/bc442336e35414d04494ab8fb45db4c6"},"breadcrumb":{"@id":"https:\/\/veritasinfo.org\/?p=45917#breadcrumb"},"inLanguage":"en-US","potentialAction":[{"@type":"ReadAction","target":["https:\/\/veritasinfo.org\/?p=45917"]}]},{"@type":"ImageObject","inLanguage":"en-US","@id":"https:\/\/veritasinfo.org\/?p=45917#primaryimage","url":"https:\/\/veritasinfo.org\/wp-content\/uploads\/2026\/05\/1777616305_aleksandervucic-750x423-1.jpg","contentUrl":"https:\/\/veritasinfo.org\/wp-content\/uploads\/2026\/05\/1777616305_aleksandervucic-750x423-1.jpg","width":750,"height":423},{"@type":"BreadcrumbList","@id":"https:\/\/veritasinfo.org\/?p=45917#breadcrumb","itemListElement":[{"@type":"ListItem","position":1,"name":"Home","item":"https:\/\/veritasinfo.org\/"},{"@type":"ListItem","position":2,"name":"BE pezullon t\u00eb gjitha pagesat financiare p\u00ebr Serbin\u00eb"}]},{"@type":"WebSite","@id":"https:\/\/veritasinfo.org\/#website","url":"https:\/\/veritasinfo.org\/","name":"","description":"","potentialAction":[{"@type":"SearchAction","target":{"@type":"EntryPoint","urlTemplate":"https:\/\/veritasinfo.org\/?s={search_term_string}"},"query-input":{"@type":"PropertyValueSpecification","valueRequired":true,"valueName":"search_term_string"}}],"inLanguage":"en-US"},{"@type":"Person","@id":"https:\/\/veritasinfo.org\/#\/schema\/person\/bc442336e35414d04494ab8fb45db4c6","name":"US5","image":{"@type":"ImageObject","inLanguage":"en-US","@id":"https:\/\/veritasinfo.org\/#\/schema\/person\/image\/","url":"https:\/\/secure.gravatar.com\/avatar\/16a61e7272a0c5d001121ebb9e60e925d5816e4ac1e443ed3e640d9a6ae55d0c?s=96&d=mm&r=g","contentUrl":"https:\/\/secure.gravatar.com\/avatar\/16a61e7272a0c5d001121ebb9e60e925d5816e4ac1e443ed3e640d9a6ae55d0c?s=96&d=mm&r=g","caption":"US5"},"url":"https:\/\/veritasinfo.org\/?author=6"}]}},"featured_image_urls":{"full":["https:\/\/veritasinfo.org\/wp-content\/uploads\/2026\/05\/1777616305_aleksandervucic-750x423-1.jpg",750,423,false],"thumbnail":["https:\/\/veritasinfo.org\/wp-content\/uploads\/2026\/05\/1777616305_aleksandervucic-750x423-1-150x150.jpg",150,150,true],"medium":["https:\/\/veritasinfo.org\/wp-content\/uploads\/2026\/05\/1777616305_aleksandervucic-750x423-1-300x169.jpg",300,169,true],"medium_large":["https:\/\/veritasinfo.org\/wp-content\/uploads\/2026\/05\/1777616305_aleksandervucic-750x423-1.jpg",640,361,false],"large":["https:\/\/veritasinfo.org\/wp-content\/uploads\/2026\/05\/1777616305_aleksandervucic-750x423-1.jpg",640,361,false],"1536x1536":["https:\/\/veritasinfo.org\/wp-content\/uploads\/2026\/05\/1777616305_aleksandervucic-750x423-1.jpg",750,423,false],"2048x2048":["https:\/\/veritasinfo.org\/wp-content\/uploads\/2026\/05\/1777616305_aleksandervucic-750x423-1.jpg",750,423,false],"kreeti-slider-full":["https:\/\/veritasinfo.org\/wp-content\/uploads\/2026\/05\/1777616305_aleksandervucic-750x423-1.jpg",750,423,false],"kreeti-featured":["https:\/\/veritasinfo.org\/wp-content\/uploads\/2026\/05\/1777616305_aleksandervucic-750x423-1.jpg",750,423,false],"kreeti-medium":["https:\/\/veritasinfo.org\/wp-content\/uploads\/2026\/05\/1777616305_aleksandervucic-750x423-1-720x423.jpg",720,423,true],"kreeti-medium-square":["https:\/\/veritasinfo.org\/wp-content\/uploads\/2026\/05\/1777616305_aleksandervucic-750x423-1-350x350.jpg",350,350,true]},"author_info":{"info":["US5"]},"category_info":"<a href=\"https:\/\/veritasinfo.org\/?cat=58\" rel=\"category\">Politik\u00eb<\/a>","tag_info":"Politik\u00eb","comment_count":"0","_links":{"self":[{"href":"https:\/\/veritasinfo.org\/index.php?rest_route=\/wp\/v2\/posts\/45917","targetHints":{"allow":["GET"]}}],"collection":[{"href":"https:\/\/veritasinfo.org\/index.php?rest_route=\/wp\/v2\/posts"}],"about":[{"href":"https:\/\/veritasinfo.org\/index.php?rest_route=\/wp\/v2\/types\/post"}],"author":[{"embeddable":true,"href":"https:\/\/veritasinfo.org\/index.php?rest_route=\/wp\/v2\/users\/6"}],"replies":[{"embeddable":true,"href":"https:\/\/veritasinfo.org\/index.php?rest_route=%2Fwp%2Fv2%2Fcomments&post=45917"}],"version-history":[{"count":2,"href":"https:\/\/veritasinfo.org\/index.php?rest_route=\/wp\/v2\/posts\/45917\/revisions"}],"predecessor-version":[{"id":45920,"href":"https:\/\/veritasinfo.org\/index.php?rest_route=\/wp\/v2\/posts\/45917\/revisions\/45920"}],"wp:featuredmedia":[{"embeddable":true,"href":"https:\/\/veritasinfo.org\/index.php?rest_route=\/wp\/v2\/media\/45918"}],"wp:attachment":[{"href":"https:\/\/veritasinfo.org\/index.php?rest_route=%2Fwp%2Fv2%2Fmedia&parent=45917"}],"wp:term":[{"taxonomy":"category","embeddable":true,"href":"https:\/\/veritasinfo.org\/index.php?rest_route=%2Fwp%2Fv2%2Fcategories&post=45917"},{"taxonomy":"post_tag","embeddable":true,"href":"https:\/\/veritasinfo.org\/index.php?rest_route=%2Fwp%2Fv2%2Ftags&post=45917"}],"curies":[{"name":"wp","href":"https:\/\/api.w.org\/{rel}","templated":true}]}}