{"id":45856,"date":"2026-05-01T07:33:25","date_gmt":"2026-05-01T05:33:25","guid":{"rendered":"https:\/\/veritasinfo.org\/?p=45856"},"modified":"2026-05-01T07:33:25","modified_gmt":"2026-05-01T05:33:25","slug":"gramos-hasani-imenovan-za-generalnog-direktora-kek-a","status":"publish","type":"post","link":"https:\/\/veritasinfo.org\/?p=45856&lang=sr","title":{"rendered":"Gramos Ha\u0161ani imenovan za generalnog direktora KEK-a"},"content":{"rendered":"<p>Pri\u0161tina, 1. maj 2026. 07:30<\/p>\n<p>Upravni odbor KEK-a izabrao je Gramosa Ha\u0161anija za poziciju generalnog direktora, nakon otvorenog i konkurentnog postupka, sprovedenog u skladu sa Zakonom o javnim preduzec\u0301ima.<\/p>\n<p>Ha\u0161ani dolazi sa visokim akademskim i stru\u010dnim kvalifikacijama u oblastima ekonomije, finansija i revizije, sa bogatim iskustvom u energetskom i finansijskom sektoru, kako na Kosovu tako i u SAD.<\/p>\n<p>KEK je procenio da se o\u010dekuje da c\u0301e njegova stru\u010dnost u strate\u0161kom finansijskom menad\u017ementu i korporativnom upravljanju doprineti ja\u010danju u\u010dinka i unapre\u0111enju strate\u0161kog razvoja korporacije<\/p>\n","protected":false},"excerpt":{"rendered":"<p>Pri\u0161tina, 1. maj 2026. 07:30 Upravni odbor KEK-a izabrao je Gramosa Ha\u0161anija za poziciju generalnog direktora, nakon otvorenog i konkurentnog postupka, sprovedenog u skladu sa<\/p>\n","protected":false},"author":7,"featured_media":45857,"comment_status":"open","ping_status":"open","sticky":false,"template":"","format":"standard","meta":{"footnotes":""},"categories":[30],"tags":[],"class_list":["post-45856","post","type-post","status-publish","format-standard","has-post-thumbnail","hentry","category-drustvo"],"yoast_head":"<!-- This site is optimized with the Yoast SEO plugin v25.3.1 - https:\/\/yoast.com\/wordpress\/plugins\/seo\/ -->\n<title>Gramos Ha\u0161ani imenovan za generalnog direktora KEK-a -<\/title>\n<meta name=\"robots\" content=\"index, follow, max-snippet:-1, max-image-preview:large, max-video-preview:-1\" \/>\n<link rel=\"canonical\" href=\"https:\/\/veritasinfo.org\/?p=45856&lang=sr\" \/>\n<meta property=\"og:locale\" content=\"en_US\" \/>\n<meta property=\"og:type\" content=\"article\" \/>\n<meta property=\"og:title\" content=\"Gramos Ha\u0161ani imenovan za generalnog direktora KEK-a -\" \/>\n<meta property=\"og:description\" content=\"Pri\u0161tina, 1. maj 2026. 07:30 Upravni odbor KEK-a izabrao je Gramosa Ha\u0161anija za poziciju generalnog direktora, nakon otvorenog i konkurentnog postupka, sprovedenog u skladu sa\" \/>\n<meta property=\"og:url\" content=\"https:\/\/veritasinfo.org\/?p=45856&amp;lang=sr\" \/>\n<meta property=\"article:published_time\" content=\"2026-05-01T05:33:25+00:00\" \/>\n<meta property=\"og:image\" content=\"https:\/\/veritasinfo.org\/wp-content\/uploads\/2026\/05\/att.eolCGhLK3c1LM3bVixpozMCTWJmQoE8420FmgDqD_kI-1.jpeg\" \/>\n\t<meta property=\"og:image:width\" content=\"803\" \/>\n\t<meta property=\"og:image:height\" content=\"455\" \/>\n\t<meta property=\"og:image:type\" content=\"image\/jpeg\" \/>\n<meta name=\"author\" content=\"US6\" \/>\n<meta name=\"twitter:card\" content=\"summary_large_image\" \/>\n<meta name=\"twitter:label1\" content=\"Written by\" \/>\n\t<meta name=\"twitter:data1\" content=\"US6\" \/>\n\t<meta name=\"twitter:label2\" content=\"Est. reading time\" \/>\n\t<meta name=\"twitter:data2\" content=\"1 minute\" \/>\n<script type=\"application\/ld+json\" class=\"yoast-schema-graph\">{\"@context\":\"https:\/\/schema.org\",\"@graph\":[{\"@type\":\"WebPage\",\"@id\":\"https:\/\/veritasinfo.org\/?p=45856&lang=sr\",\"url\":\"https:\/\/veritasinfo.org\/?p=45856&lang=sr\",\"name\":\"Gramos Ha\u0161ani imenovan za generalnog direktora KEK-a -\",\"isPartOf\":{\"@id\":\"https:\/\/veritasinfo.org\/#website\"},\"primaryImageOfPage\":{\"@id\":\"https:\/\/veritasinfo.org\/?p=45856&lang=sr#primaryimage\"},\"image\":{\"@id\":\"https:\/\/veritasinfo.org\/?p=45856&lang=sr#primaryimage\"},\"thumbnailUrl\":\"https:\/\/veritasinfo.org\/wp-content\/uploads\/2026\/05\/att.eolCGhLK3c1LM3bVixpozMCTWJmQoE8420FmgDqD_kI-1.jpeg\",\"datePublished\":\"2026-05-01T05:33:25+00:00\",\"author\":{\"@id\":\"https:\/\/veritasinfo.org\/#\/schema\/person\/fe199eede04c3937362892b7444747cc\"},\"breadcrumb\":{\"@id\":\"https:\/\/veritasinfo.org\/?p=45856&lang=sr#breadcrumb\"},\"inLanguage\":\"en-US\",\"potentialAction\":[{\"@type\":\"ReadAction\",\"target\":[\"https:\/\/veritasinfo.org\/?p=45856&lang=sr\"]}]},{\"@type\":\"ImageObject\",\"inLanguage\":\"en-US\",\"@id\":\"https:\/\/veritasinfo.org\/?p=45856&lang=sr#primaryimage\",\"url\":\"https:\/\/veritasinfo.org\/wp-content\/uploads\/2026\/05\/att.eolCGhLK3c1LM3bVixpozMCTWJmQoE8420FmgDqD_kI-1.jpeg\",\"contentUrl\":\"https:\/\/veritasinfo.org\/wp-content\/uploads\/2026\/05\/att.eolCGhLK3c1LM3bVixpozMCTWJmQoE8420FmgDqD_kI-1.jpeg\",\"width\":803,\"height\":455},{\"@type\":\"BreadcrumbList\",\"@id\":\"https:\/\/veritasinfo.org\/?p=45856&lang=sr#breadcrumb\",\"itemListElement\":[{\"@type\":\"ListItem\",\"position\":1,\"name\":\"Home\",\"item\":\"https:\/\/veritasinfo.org\/\"},{\"@type\":\"ListItem\",\"position\":2,\"name\":\"Gramos Ha\u0161ani imenovan za generalnog direktora KEK-a\"}]},{\"@type\":\"WebSite\",\"@id\":\"https:\/\/veritasinfo.org\/#website\",\"url\":\"https:\/\/veritasinfo.org\/\",\"name\":\"\",\"description\":\"\",\"potentialAction\":[{\"@type\":\"SearchAction\",\"target\":{\"@type\":\"EntryPoint\",\"urlTemplate\":\"https:\/\/veritasinfo.org\/?s={search_term_string}\"},\"query-input\":{\"@type\":\"PropertyValueSpecification\",\"valueRequired\":true,\"valueName\":\"search_term_string\"}}],\"inLanguage\":\"en-US\"},{\"@type\":\"Person\",\"@id\":\"https:\/\/veritasinfo.org\/#\/schema\/person\/fe199eede04c3937362892b7444747cc\",\"name\":\"US6\",\"image\":{\"@type\":\"ImageObject\",\"inLanguage\":\"en-US\",\"@id\":\"https:\/\/veritasinfo.org\/#\/schema\/person\/image\/\",\"url\":\"https:\/\/secure.gravatar.com\/avatar\/cb16c3c31c9d23b9b8c705964598220b3014e42ff51eb540ff23cefa3ae8c15f?s=96&d=mm&r=g\",\"contentUrl\":\"https:\/\/secure.gravatar.com\/avatar\/cb16c3c31c9d23b9b8c705964598220b3014e42ff51eb540ff23cefa3ae8c15f?s=96&d=mm&r=g\",\"caption\":\"US6\"},\"url\":\"https:\/\/veritasinfo.org\/?author=7\"}]}<\/script>\n<!-- \/ Yoast SEO plugin. -->","yoast_head_json":{"title":"Gramos Ha\u0161ani imenovan za generalnog direktora KEK-a -","robots":{"index":"index","follow":"follow","max-snippet":"max-snippet:-1","max-image-preview":"max-image-preview:large","max-video-preview":"max-video-preview:-1"},"canonical":"https:\/\/veritasinfo.org\/?p=45856&lang=sr","og_locale":"en_US","og_type":"article","og_title":"Gramos Ha\u0161ani imenovan za generalnog direktora KEK-a -","og_description":"Pri\u0161tina, 1. maj 2026. 07:30 Upravni odbor KEK-a izabrao je Gramosa Ha\u0161anija za poziciju generalnog direktora, nakon otvorenog i konkurentnog postupka, sprovedenog u skladu sa","og_url":"https:\/\/veritasinfo.org\/?p=45856&lang=sr","article_published_time":"2026-05-01T05:33:25+00:00","og_image":[{"width":803,"height":455,"url":"https:\/\/veritasinfo.org\/wp-content\/uploads\/2026\/05\/att.eolCGhLK3c1LM3bVixpozMCTWJmQoE8420FmgDqD_kI-1.jpeg","type":"image\/jpeg"}],"author":"US6","twitter_card":"summary_large_image","twitter_misc":{"Written by":"US6","Est. reading time":"1 minute"},"schema":{"@context":"https:\/\/schema.org","@graph":[{"@type":"WebPage","@id":"https:\/\/veritasinfo.org\/?p=45856&lang=sr","url":"https:\/\/veritasinfo.org\/?p=45856&lang=sr","name":"Gramos Ha\u0161ani imenovan za generalnog direktora KEK-a -","isPartOf":{"@id":"https:\/\/veritasinfo.org\/#website"},"primaryImageOfPage":{"@id":"https:\/\/veritasinfo.org\/?p=45856&lang=sr#primaryimage"},"image":{"@id":"https:\/\/veritasinfo.org\/?p=45856&lang=sr#primaryimage"},"thumbnailUrl":"https:\/\/veritasinfo.org\/wp-content\/uploads\/2026\/05\/att.eolCGhLK3c1LM3bVixpozMCTWJmQoE8420FmgDqD_kI-1.jpeg","datePublished":"2026-05-01T05:33:25+00:00","author":{"@id":"https:\/\/veritasinfo.org\/#\/schema\/person\/fe199eede04c3937362892b7444747cc"},"breadcrumb":{"@id":"https:\/\/veritasinfo.org\/?p=45856&lang=sr#breadcrumb"},"inLanguage":"en-US","potentialAction":[{"@type":"ReadAction","target":["https:\/\/veritasinfo.org\/?p=45856&lang=sr"]}]},{"@type":"ImageObject","inLanguage":"en-US","@id":"https:\/\/veritasinfo.org\/?p=45856&lang=sr#primaryimage","url":"https:\/\/veritasinfo.org\/wp-content\/uploads\/2026\/05\/att.eolCGhLK3c1LM3bVixpozMCTWJmQoE8420FmgDqD_kI-1.jpeg","contentUrl":"https:\/\/veritasinfo.org\/wp-content\/uploads\/2026\/05\/att.eolCGhLK3c1LM3bVixpozMCTWJmQoE8420FmgDqD_kI-1.jpeg","width":803,"height":455},{"@type":"BreadcrumbList","@id":"https:\/\/veritasinfo.org\/?p=45856&lang=sr#breadcrumb","itemListElement":[{"@type":"ListItem","position":1,"name":"Home","item":"https:\/\/veritasinfo.org\/"},{"@type":"ListItem","position":2,"name":"Gramos Ha\u0161ani imenovan za generalnog direktora KEK-a"}]},{"@type":"WebSite","@id":"https:\/\/veritasinfo.org\/#website","url":"https:\/\/veritasinfo.org\/","name":"","description":"","potentialAction":[{"@type":"SearchAction","target":{"@type":"EntryPoint","urlTemplate":"https:\/\/veritasinfo.org\/?s={search_term_string}"},"query-input":{"@type":"PropertyValueSpecification","valueRequired":true,"valueName":"search_term_string"}}],"inLanguage":"en-US"},{"@type":"Person","@id":"https:\/\/veritasinfo.org\/#\/schema\/person\/fe199eede04c3937362892b7444747cc","name":"US6","image":{"@type":"ImageObject","inLanguage":"en-US","@id":"https:\/\/veritasinfo.org\/#\/schema\/person\/image\/","url":"https:\/\/secure.gravatar.com\/avatar\/cb16c3c31c9d23b9b8c705964598220b3014e42ff51eb540ff23cefa3ae8c15f?s=96&d=mm&r=g","contentUrl":"https:\/\/secure.gravatar.com\/avatar\/cb16c3c31c9d23b9b8c705964598220b3014e42ff51eb540ff23cefa3ae8c15f?s=96&d=mm&r=g","caption":"US6"},"url":"https:\/\/veritasinfo.org\/?author=7"}]}},"featured_image_urls":{"full":["https:\/\/veritasinfo.org\/wp-content\/uploads\/2026\/05\/att.eolCGhLK3c1LM3bVixpozMCTWJmQoE8420FmgDqD_kI-1.jpeg",803,455,false],"thumbnail":["https:\/\/veritasinfo.org\/wp-content\/uploads\/2026\/05\/att.eolCGhLK3c1LM3bVixpozMCTWJmQoE8420FmgDqD_kI-1-150x150.jpeg",150,150,true],"medium":["https:\/\/veritasinfo.org\/wp-content\/uploads\/2026\/05\/att.eolCGhLK3c1LM3bVixpozMCTWJmQoE8420FmgDqD_kI-1-300x170.jpeg",300,170,true],"medium_large":["https:\/\/veritasinfo.org\/wp-content\/uploads\/2026\/05\/att.eolCGhLK3c1LM3bVixpozMCTWJmQoE8420FmgDqD_kI-1-768x435.jpeg",640,363,true],"large":["https:\/\/veritasinfo.org\/wp-content\/uploads\/2026\/05\/att.eolCGhLK3c1LM3bVixpozMCTWJmQoE8420FmgDqD_kI-1.jpeg",640,363,false],"1536x1536":["https:\/\/veritasinfo.org\/wp-content\/uploads\/2026\/05\/att.eolCGhLK3c1LM3bVixpozMCTWJmQoE8420FmgDqD_kI-1.jpeg",803,455,false],"2048x2048":["https:\/\/veritasinfo.org\/wp-content\/uploads\/2026\/05\/att.eolCGhLK3c1LM3bVixpozMCTWJmQoE8420FmgDqD_kI-1.jpeg",803,455,false],"kreeti-slider-full":["https:\/\/veritasinfo.org\/wp-content\/uploads\/2026\/05\/att.eolCGhLK3c1LM3bVixpozMCTWJmQoE8420FmgDqD_kI-1.jpeg",803,455,false],"kreeti-featured":["https:\/\/veritasinfo.org\/wp-content\/uploads\/2026\/05\/att.eolCGhLK3c1LM3bVixpozMCTWJmQoE8420FmgDqD_kI-1.jpeg",803,455,false],"kreeti-medium":["https:\/\/veritasinfo.org\/wp-content\/uploads\/2026\/05\/att.eolCGhLK3c1LM3bVixpozMCTWJmQoE8420FmgDqD_kI-1-720x455.jpeg",720,455,true],"kreeti-medium-square":["https:\/\/veritasinfo.org\/wp-content\/uploads\/2026\/05\/att.eolCGhLK3c1LM3bVixpozMCTWJmQoE8420FmgDqD_kI-1-350x350.jpeg",350,350,true]},"author_info":{"info":["US6"]},"category_info":"<a href=\"https:\/\/veritasinfo.org\/?cat=30&#038;lang=sr\" rel=\"category\">Dru\u0161tvo<\/a>","tag_info":"Dru\u0161tvo","comment_count":"0","_links":{"self":[{"href":"https:\/\/veritasinfo.org\/index.php?rest_route=\/wp\/v2\/posts\/45856","targetHints":{"allow":["GET"]}}],"collection":[{"href":"https:\/\/veritasinfo.org\/index.php?rest_route=\/wp\/v2\/posts"}],"about":[{"href":"https:\/\/veritasinfo.org\/index.php?rest_route=\/wp\/v2\/types\/post"}],"author":[{"embeddable":true,"href":"https:\/\/veritasinfo.org\/index.php?rest_route=\/wp\/v2\/users\/7"}],"replies":[{"embeddable":true,"href":"https:\/\/veritasinfo.org\/index.php?rest_route=%2Fwp%2Fv2%2Fcomments&post=45856"}],"version-history":[{"count":1,"href":"https:\/\/veritasinfo.org\/index.php?rest_route=\/wp\/v2\/posts\/45856\/revisions"}],"predecessor-version":[{"id":45858,"href":"https:\/\/veritasinfo.org\/index.php?rest_route=\/wp\/v2\/posts\/45856\/revisions\/45858"}],"wp:featuredmedia":[{"embeddable":true,"href":"https:\/\/veritasinfo.org\/index.php?rest_route=\/wp\/v2\/media\/45857"}],"wp:attachment":[{"href":"https:\/\/veritasinfo.org\/index.php?rest_route=%2Fwp%2Fv2%2Fmedia&parent=45856"}],"wp:term":[{"taxonomy":"category","embeddable":true,"href":"https:\/\/veritasinfo.org\/index.php?rest_route=%2Fwp%2Fv2%2Fcategories&post=45856"},{"taxonomy":"post_tag","embeddable":true,"href":"https:\/\/veritasinfo.org\/index.php?rest_route=%2Fwp%2Fv2%2Ftags&post=45856"}],"curies":[{"name":"wp","href":"https:\/\/api.w.org\/{rel}","templated":true}]}}