{"id":45844,"date":"2026-04-30T21:09:05","date_gmt":"2026-04-30T19:09:05","guid":{"rendered":"https:\/\/veritasinfo.org\/?p=45844"},"modified":"2026-04-30T21:09:05","modified_gmt":"2026-04-30T19:09:05","slug":"kongresmeni-self-tores-i-loler-podneli-su-rezoluciju-predstavnickom-domu-za-clanstvo-kosova-u-nato-u","status":"publish","type":"post","link":"https:\/\/veritasinfo.org\/?p=45844&lang=sr","title":{"rendered":"Kongresmeni Self, Tores i Loler podneli su rezoluciju Predstavni\u010dkom domu za \u010dlanstvo Kosova u NATO-u"},"content":{"rendered":"<p>Pri\u0161tina, 30. april 2026. 21:07<\/p>\n<p>Kongresmen Kit Self, zajedno sa kongresmenom Ri\u010dijem Toresom i kongresmenom Majkom Lolerom, podneo je rezoluciju Predstavni\u010dkom domu kojom se izra\u017eava sna\u017ena podr\u0161ka integraciji Kosova u Severnoatlantski savez (NATO).<\/p>\n<p>U rezoluciji se tvrdi da demokratska uprava Kosova, civilni nadzor nad bezbednosnim snagama i multietni\u010dka koegzistencija \u010dine ubedljive argumente za \u010dlanstvo u NATO-u. \u0160tavi\u0161e, kako suprotstavljene snage nastavljaju da destabilizuju region, dodavanje Kosova u NATO savez poslu\u017eilo bi kao neophodna protivte\u017ea za obeshrabrivanje takvih neprijateljskih napora i spre\u010davanje jo\u0161 jedne globalne katastrofe na Balkanu.<\/p>\n<p>Kosovo je proglasilo nezavisnost 2008. godine i od tada ga je priznalo preko 100 zemalja, uklju\u010dujuc\u0301i Sjedinjene Dr\u017eave i vec\u0301inu \u010dlanica NATO-a. Me\u0111utim, nedostatak jednoglasnog priznanja unutar NATO-a ostaje centralna prepreka njegovoj integraciji u Alijansu.<\/p>\n<p>\u010cetiri dr\u017eave \u010dlanice NATO-a \u2013 Gr\u010dka, Rumunija, Slova\u010dka i \u0160panija \u2013 jo\u0161 uvek nisu priznale suverenitet Kosova. Po\u0161to NATO funkcioni\u0161e na osnovu konsenzusa, ovaj nedostatak priznanja predstavlja zna\u010dajnu prepreku sposobnosti Kosova da formalno napreduje ka \u010dlanstvu, uklju\u010dujuc\u0301i u\u010de\u0161c\u0301e u klju\u010dnim mehanizmima pristupanja, kao \u0161to su Partnerstvo za mir i Akcioni plan za \u010dlanstvo.<\/p>\n<p>Rezolucija kongresmena Selfa poziva ove \u010detiri saveznika da preispitaju svoje stavove, nagla\u0161avajuc\u0301i da je \u0161ire priznanje Kosova neophodno za deblokiranje njegovog puta ka integraciji u NATO i zatvaranje strate\u0161kog jaza u jugoisto\u010dnoj Evropi koji protivnici poku\u0161avaju da iskoriste.<\/p>\n<p>\u201eKosovo je pokazalo jasnu posvec\u0301enost regionalnoj stabilnosti i strate\u0161kom uskla\u0111ivanju sa zemljama NATO-a, ali njegov napredak ka \u010dlanstvu u savezu ote\u017eava nedostatak priznanja od strane malog broja saveznika\u201c, rekao je kongresmen Self. \u201ePridru\u017eivanje Kosova savezu je neophodno za suprotstavljanje rastuc\u0301em uticaju protivnika u Evropi. Sjedinjene Dr\u017eave bi trebalo da ohrabre Gr\u010dku, Rumuniju, Slova\u010dku i \u0160paniju da preispitaju svoje stavove i osiguraju da Kosovo ima kredibilan i ostvariv put ka \u010dlanstvu.\u201c<\/p>\n<p>Pridru\u017eivanje Kosova NATO savezu je neophodno za za\u0161titu nacionalnih bezbednosnih interesa Sjedinjenih Dr\u017eava u jugoisto\u010dnoj Evropi.<\/p>\n","protected":false},"excerpt":{"rendered":"<p>Pri\u0161tina, 30. april 2026. 21:07 Kongresmen Kit Self, zajedno sa kongresmenom Ri\u010dijem Toresom i kongresmenom Majkom Lolerom, podneo je rezoluciju Predstavni\u010dkom domu kojom se izra\u017eava<\/p>\n","protected":false},"author":7,"featured_media":45845,"comment_status":"open","ping_status":"open","sticky":false,"template":"","format":"standard","meta":{"footnotes":""},"categories":[111],"tags":[],"class_list":["post-45844","post","type-post","status-publish","format-standard","has-post-thumbnail","hentry","category-bezbednost"],"yoast_head":"<!-- This site is optimized with the Yoast SEO plugin v25.3.1 - https:\/\/yoast.com\/wordpress\/plugins\/seo\/ -->\n<title>Kongresmeni Self, Tores i Loler podneli su rezoluciju Predstavni\u010dkom domu za \u010dlanstvo Kosova u NATO-u -<\/title>\n<meta name=\"robots\" content=\"index, follow, max-snippet:-1, max-image-preview:large, max-video-preview:-1\" \/>\n<link rel=\"canonical\" href=\"https:\/\/veritasinfo.org\/?p=45844&lang=sr\" \/>\n<meta property=\"og:locale\" content=\"en_US\" \/>\n<meta property=\"og:type\" content=\"article\" \/>\n<meta property=\"og:title\" content=\"Kongresmeni Self, Tores i Loler podneli su rezoluciju Predstavni\u010dkom domu za \u010dlanstvo Kosova u NATO-u -\" \/>\n<meta property=\"og:description\" content=\"Pri\u0161tina, 30. april 2026. 21:07 Kongresmen Kit Self, zajedno sa kongresmenom Ri\u010dijem Toresom i kongresmenom Majkom Lolerom, podneo je rezoluciju Predstavni\u010dkom domu kojom se izra\u017eava\" \/>\n<meta property=\"og:url\" content=\"https:\/\/veritasinfo.org\/?p=45844&amp;lang=sr\" \/>\n<meta property=\"article:published_time\" content=\"2026-04-30T19:09:05+00:00\" \/>\n<meta property=\"og:image\" content=\"https:\/\/veritasinfo.org\/wp-content\/uploads\/2026\/04\/1-93.jpg\" \/>\n\t<meta property=\"og:image:width\" content=\"480\" \/>\n\t<meta property=\"og:image:height\" content=\"321\" \/>\n\t<meta property=\"og:image:type\" content=\"image\/jpeg\" \/>\n<meta name=\"author\" content=\"US6\" \/>\n<meta name=\"twitter:card\" content=\"summary_large_image\" \/>\n<meta name=\"twitter:label1\" content=\"Written by\" \/>\n\t<meta name=\"twitter:data1\" content=\"US6\" \/>\n\t<meta name=\"twitter:label2\" content=\"Est. reading time\" \/>\n\t<meta name=\"twitter:data2\" content=\"2 minutes\" \/>\n<script type=\"application\/ld+json\" class=\"yoast-schema-graph\">{\"@context\":\"https:\/\/schema.org\",\"@graph\":[{\"@type\":\"WebPage\",\"@id\":\"https:\/\/veritasinfo.org\/?p=45844&lang=sr\",\"url\":\"https:\/\/veritasinfo.org\/?p=45844&lang=sr\",\"name\":\"Kongresmeni Self, Tores i Loler podneli su rezoluciju Predstavni\u010dkom domu za \u010dlanstvo Kosova u NATO-u -\",\"isPartOf\":{\"@id\":\"https:\/\/veritasinfo.org\/#website\"},\"primaryImageOfPage\":{\"@id\":\"https:\/\/veritasinfo.org\/?p=45844&lang=sr#primaryimage\"},\"image\":{\"@id\":\"https:\/\/veritasinfo.org\/?p=45844&lang=sr#primaryimage\"},\"thumbnailUrl\":\"https:\/\/veritasinfo.org\/wp-content\/uploads\/2026\/04\/1-93.jpg\",\"datePublished\":\"2026-04-30T19:09:05+00:00\",\"author\":{\"@id\":\"https:\/\/veritasinfo.org\/#\/schema\/person\/fe199eede04c3937362892b7444747cc\"},\"breadcrumb\":{\"@id\":\"https:\/\/veritasinfo.org\/?p=45844&lang=sr#breadcrumb\"},\"inLanguage\":\"en-US\",\"potentialAction\":[{\"@type\":\"ReadAction\",\"target\":[\"https:\/\/veritasinfo.org\/?p=45844&lang=sr\"]}]},{\"@type\":\"ImageObject\",\"inLanguage\":\"en-US\",\"@id\":\"https:\/\/veritasinfo.org\/?p=45844&lang=sr#primaryimage\",\"url\":\"https:\/\/veritasinfo.org\/wp-content\/uploads\/2026\/04\/1-93.jpg\",\"contentUrl\":\"https:\/\/veritasinfo.org\/wp-content\/uploads\/2026\/04\/1-93.jpg\",\"width\":480,\"height\":321},{\"@type\":\"BreadcrumbList\",\"@id\":\"https:\/\/veritasinfo.org\/?p=45844&lang=sr#breadcrumb\",\"itemListElement\":[{\"@type\":\"ListItem\",\"position\":1,\"name\":\"Home\",\"item\":\"https:\/\/veritasinfo.org\/\"},{\"@type\":\"ListItem\",\"position\":2,\"name\":\"Kongresmeni Self, Tores i Loler podneli su rezoluciju Predstavni\u010dkom domu za \u010dlanstvo Kosova u NATO-u\"}]},{\"@type\":\"WebSite\",\"@id\":\"https:\/\/veritasinfo.org\/#website\",\"url\":\"https:\/\/veritasinfo.org\/\",\"name\":\"\",\"description\":\"\",\"potentialAction\":[{\"@type\":\"SearchAction\",\"target\":{\"@type\":\"EntryPoint\",\"urlTemplate\":\"https:\/\/veritasinfo.org\/?s={search_term_string}\"},\"query-input\":{\"@type\":\"PropertyValueSpecification\",\"valueRequired\":true,\"valueName\":\"search_term_string\"}}],\"inLanguage\":\"en-US\"},{\"@type\":\"Person\",\"@id\":\"https:\/\/veritasinfo.org\/#\/schema\/person\/fe199eede04c3937362892b7444747cc\",\"name\":\"US6\",\"image\":{\"@type\":\"ImageObject\",\"inLanguage\":\"en-US\",\"@id\":\"https:\/\/veritasinfo.org\/#\/schema\/person\/image\/\",\"url\":\"https:\/\/secure.gravatar.com\/avatar\/cb16c3c31c9d23b9b8c705964598220b3014e42ff51eb540ff23cefa3ae8c15f?s=96&d=mm&r=g\",\"contentUrl\":\"https:\/\/secure.gravatar.com\/avatar\/cb16c3c31c9d23b9b8c705964598220b3014e42ff51eb540ff23cefa3ae8c15f?s=96&d=mm&r=g\",\"caption\":\"US6\"},\"url\":\"https:\/\/veritasinfo.org\/?author=7\"}]}<\/script>\n<!-- \/ Yoast SEO plugin. -->","yoast_head_json":{"title":"Kongresmeni Self, Tores i Loler podneli su rezoluciju Predstavni\u010dkom domu za \u010dlanstvo Kosova u NATO-u -","robots":{"index":"index","follow":"follow","max-snippet":"max-snippet:-1","max-image-preview":"max-image-preview:large","max-video-preview":"max-video-preview:-1"},"canonical":"https:\/\/veritasinfo.org\/?p=45844&lang=sr","og_locale":"en_US","og_type":"article","og_title":"Kongresmeni Self, Tores i Loler podneli su rezoluciju Predstavni\u010dkom domu za \u010dlanstvo Kosova u NATO-u -","og_description":"Pri\u0161tina, 30. april 2026. 21:07 Kongresmen Kit Self, zajedno sa kongresmenom Ri\u010dijem Toresom i kongresmenom Majkom Lolerom, podneo je rezoluciju Predstavni\u010dkom domu kojom se izra\u017eava","og_url":"https:\/\/veritasinfo.org\/?p=45844&lang=sr","article_published_time":"2026-04-30T19:09:05+00:00","og_image":[{"width":480,"height":321,"url":"https:\/\/veritasinfo.org\/wp-content\/uploads\/2026\/04\/1-93.jpg","type":"image\/jpeg"}],"author":"US6","twitter_card":"summary_large_image","twitter_misc":{"Written by":"US6","Est. reading time":"2 minutes"},"schema":{"@context":"https:\/\/schema.org","@graph":[{"@type":"WebPage","@id":"https:\/\/veritasinfo.org\/?p=45844&lang=sr","url":"https:\/\/veritasinfo.org\/?p=45844&lang=sr","name":"Kongresmeni Self, Tores i Loler podneli su rezoluciju Predstavni\u010dkom domu za \u010dlanstvo Kosova u NATO-u -","isPartOf":{"@id":"https:\/\/veritasinfo.org\/#website"},"primaryImageOfPage":{"@id":"https:\/\/veritasinfo.org\/?p=45844&lang=sr#primaryimage"},"image":{"@id":"https:\/\/veritasinfo.org\/?p=45844&lang=sr#primaryimage"},"thumbnailUrl":"https:\/\/veritasinfo.org\/wp-content\/uploads\/2026\/04\/1-93.jpg","datePublished":"2026-04-30T19:09:05+00:00","author":{"@id":"https:\/\/veritasinfo.org\/#\/schema\/person\/fe199eede04c3937362892b7444747cc"},"breadcrumb":{"@id":"https:\/\/veritasinfo.org\/?p=45844&lang=sr#breadcrumb"},"inLanguage":"en-US","potentialAction":[{"@type":"ReadAction","target":["https:\/\/veritasinfo.org\/?p=45844&lang=sr"]}]},{"@type":"ImageObject","inLanguage":"en-US","@id":"https:\/\/veritasinfo.org\/?p=45844&lang=sr#primaryimage","url":"https:\/\/veritasinfo.org\/wp-content\/uploads\/2026\/04\/1-93.jpg","contentUrl":"https:\/\/veritasinfo.org\/wp-content\/uploads\/2026\/04\/1-93.jpg","width":480,"height":321},{"@type":"BreadcrumbList","@id":"https:\/\/veritasinfo.org\/?p=45844&lang=sr#breadcrumb","itemListElement":[{"@type":"ListItem","position":1,"name":"Home","item":"https:\/\/veritasinfo.org\/"},{"@type":"ListItem","position":2,"name":"Kongresmeni Self, Tores i Loler podneli su rezoluciju Predstavni\u010dkom domu za \u010dlanstvo Kosova u NATO-u"}]},{"@type":"WebSite","@id":"https:\/\/veritasinfo.org\/#website","url":"https:\/\/veritasinfo.org\/","name":"","description":"","potentialAction":[{"@type":"SearchAction","target":{"@type":"EntryPoint","urlTemplate":"https:\/\/veritasinfo.org\/?s={search_term_string}"},"query-input":{"@type":"PropertyValueSpecification","valueRequired":true,"valueName":"search_term_string"}}],"inLanguage":"en-US"},{"@type":"Person","@id":"https:\/\/veritasinfo.org\/#\/schema\/person\/fe199eede04c3937362892b7444747cc","name":"US6","image":{"@type":"ImageObject","inLanguage":"en-US","@id":"https:\/\/veritasinfo.org\/#\/schema\/person\/image\/","url":"https:\/\/secure.gravatar.com\/avatar\/cb16c3c31c9d23b9b8c705964598220b3014e42ff51eb540ff23cefa3ae8c15f?s=96&d=mm&r=g","contentUrl":"https:\/\/secure.gravatar.com\/avatar\/cb16c3c31c9d23b9b8c705964598220b3014e42ff51eb540ff23cefa3ae8c15f?s=96&d=mm&r=g","caption":"US6"},"url":"https:\/\/veritasinfo.org\/?author=7"}]}},"featured_image_urls":{"full":["https:\/\/veritasinfo.org\/wp-content\/uploads\/2026\/04\/1-93.jpg",480,321,false],"thumbnail":["https:\/\/veritasinfo.org\/wp-content\/uploads\/2026\/04\/1-93-150x150.jpg",150,150,true],"medium":["https:\/\/veritasinfo.org\/wp-content\/uploads\/2026\/04\/1-93-300x201.jpg",300,201,true],"medium_large":["https:\/\/veritasinfo.org\/wp-content\/uploads\/2026\/04\/1-93.jpg",480,321,false],"large":["https:\/\/veritasinfo.org\/wp-content\/uploads\/2026\/04\/1-93.jpg",480,321,false],"1536x1536":["https:\/\/veritasinfo.org\/wp-content\/uploads\/2026\/04\/1-93.jpg",480,321,false],"2048x2048":["https:\/\/veritasinfo.org\/wp-content\/uploads\/2026\/04\/1-93.jpg",480,321,false],"kreeti-slider-full":["https:\/\/veritasinfo.org\/wp-content\/uploads\/2026\/04\/1-93.jpg",480,321,false],"kreeti-featured":["https:\/\/veritasinfo.org\/wp-content\/uploads\/2026\/04\/1-93.jpg",480,321,false],"kreeti-medium":["https:\/\/veritasinfo.org\/wp-content\/uploads\/2026\/04\/1-93.jpg",480,321,false],"kreeti-medium-square":["https:\/\/veritasinfo.org\/wp-content\/uploads\/2026\/04\/1-93-350x321.jpg",350,321,true]},"author_info":{"info":["US6"]},"category_info":"<a href=\"https:\/\/veritasinfo.org\/?cat=111&#038;lang=sr\" rel=\"category\">Bezbednost<\/a>","tag_info":"Bezbednost","comment_count":"0","_links":{"self":[{"href":"https:\/\/veritasinfo.org\/index.php?rest_route=\/wp\/v2\/posts\/45844","targetHints":{"allow":["GET"]}}],"collection":[{"href":"https:\/\/veritasinfo.org\/index.php?rest_route=\/wp\/v2\/posts"}],"about":[{"href":"https:\/\/veritasinfo.org\/index.php?rest_route=\/wp\/v2\/types\/post"}],"author":[{"embeddable":true,"href":"https:\/\/veritasinfo.org\/index.php?rest_route=\/wp\/v2\/users\/7"}],"replies":[{"embeddable":true,"href":"https:\/\/veritasinfo.org\/index.php?rest_route=%2Fwp%2Fv2%2Fcomments&post=45844"}],"version-history":[{"count":1,"href":"https:\/\/veritasinfo.org\/index.php?rest_route=\/wp\/v2\/posts\/45844\/revisions"}],"predecessor-version":[{"id":45846,"href":"https:\/\/veritasinfo.org\/index.php?rest_route=\/wp\/v2\/posts\/45844\/revisions\/45846"}],"wp:featuredmedia":[{"embeddable":true,"href":"https:\/\/veritasinfo.org\/index.php?rest_route=\/wp\/v2\/media\/45845"}],"wp:attachment":[{"href":"https:\/\/veritasinfo.org\/index.php?rest_route=%2Fwp%2Fv2%2Fmedia&parent=45844"}],"wp:term":[{"taxonomy":"category","embeddable":true,"href":"https:\/\/veritasinfo.org\/index.php?rest_route=%2Fwp%2Fv2%2Fcategories&post=45844"},{"taxonomy":"post_tag","embeddable":true,"href":"https:\/\/veritasinfo.org\/index.php?rest_route=%2Fwp%2Fv2%2Ftags&post=45844"}],"curies":[{"name":"wp","href":"https:\/\/api.w.org\/{rel}","templated":true}]}}