{"id":45807,"date":"2026-04-30T17:32:35","date_gmt":"2026-04-30T15:32:35","guid":{"rendered":"https:\/\/veritasinfo.org\/?p=45807"},"modified":"2026-04-30T17:32:35","modified_gmt":"2026-04-30T15:32:35","slug":"cik-razgovara-sa-opstinskim-zvanicnicima-o-izazovima-izbora-2025-i-buducih-izbora","status":"publish","type":"post","link":"https:\/\/veritasinfo.org\/?p=45807&lang=sr","title":{"rendered":"CIK razgovara sa op\u0161tinskim zvani\u010dnicima o izazovima izbora 2025. i buduc\u0301ih izbora"},"content":{"rendered":"<p>Pri\u0161tina, 30. april 2026. 17:29<\/p>\n<p>Centralna izborna komisija organizovala je ovog \u010detvrtka radionicu sa izvr\u0161nim slu\u017ebenicima op\u0161tinskih izbornih komisija (ZEKKZ), kako bi se razgovaralo o razli\u010ditim pitanjima vezanim za centralne i lokalne izborne procese odr\u017eane 2025. godine.<\/p>\n<p>Tako\u0111e, na ovoj radionici organizovanoj uz podr\u0161ku Misije OEBS-a na Kosovu, neizbe\u017eno su razmatrani koraci koje treba preduzeti u novom izbornom procesu kako bi se re\u0161ili izazovi predstavljeni tokom tih procesa, najavio je Duka\u0111ini.<\/p>\n<p>Na ovom sastanku, predsednik CIK-a, Kre\u0161nik Radonic\u0301i, pored problema identifikovanih posebno u poslednjem izbornom procesu sa brojanjem glasova kandidata za poslanike u nekoliko op\u0161tinskih centara za brojanje, naglasio je va\u017enost povec\u0301ane pa\u017enje tokom svake faze pripreme izbora, sve do brojanja i sertifikacije rezultata.<\/p>\n<p>Tako\u0111e, prisutni \u010dlanovi CIK-a i op\u0161tinskih izbornih komisija razgovarali su o izazovima sa kojima se susrec\u0301u na lokalnom nivou tokom razli\u010ditih faza pripreme izbora, kao i o na\u010dinima za njihovo re\u0161avanje.<\/p>\n<p>U svakoj op\u0161tini Republike Kosovo, CIK ima stalno zaposlene izvr\u0161ne slu\u017ebenike op\u0161tinskih izbornih komisija (OIK), koji su tokom izbornog perioda predsednici op\u0161tinskih izbornih komisija u svojim op\u0161tinama.<\/p>\n<p>OIK su odgovorne za sprovo\u0111enje izbora u op\u0161tinama, pod nadzorom i uputstvima CIK-a, preko Sekretarijata, kako bi se garantovala zakonitost, legitimitet i efikasnost izbornog procesa.<\/p>\n","protected":false},"excerpt":{"rendered":"<p>Pri\u0161tina, 30. april 2026. 17:29 Centralna izborna komisija organizovala je ovog \u010detvrtka radionicu sa izvr\u0161nim slu\u017ebenicima op\u0161tinskih izbornih komisija (ZEKKZ), kako bi se razgovaralo o<\/p>\n","protected":false},"author":6,"featured_media":45808,"comment_status":"open","ping_status":"open","sticky":false,"template":"","format":"standard","meta":{"footnotes":""},"categories":[30],"tags":[],"class_list":["post-45807","post","type-post","status-publish","format-standard","has-post-thumbnail","hentry","category-drustvo"],"yoast_head":"<!-- This site is optimized with the Yoast SEO plugin v25.3.1 - https:\/\/yoast.com\/wordpress\/plugins\/seo\/ -->\n<title>CIK razgovara sa op\u0161tinskim zvani\u010dnicima o izazovima izbora 2025. i buduc\u0301ih izbora -<\/title>\n<meta name=\"robots\" content=\"index, follow, max-snippet:-1, max-image-preview:large, max-video-preview:-1\" \/>\n<link rel=\"canonical\" href=\"https:\/\/veritasinfo.org\/?p=45807&lang=sr\" \/>\n<meta property=\"og:locale\" content=\"en_US\" \/>\n<meta property=\"og:type\" content=\"article\" \/>\n<meta property=\"og:title\" content=\"CIK razgovara sa op\u0161tinskim zvani\u010dnicima o izazovima izbora 2025. i buduc\u0301ih izbora -\" \/>\n<meta property=\"og:description\" content=\"Pri\u0161tina, 30. april 2026. 17:29 Centralna izborna komisija organizovala je ovog \u010detvrtka radionicu sa izvr\u0161nim slu\u017ebenicima op\u0161tinskih izbornih komisija (ZEKKZ), kako bi se razgovaralo o\" \/>\n<meta property=\"og:url\" content=\"https:\/\/veritasinfo.org\/?p=45807&amp;lang=sr\" \/>\n<meta property=\"article:published_time\" content=\"2026-04-30T15:32:35+00:00\" \/>\n<meta property=\"og:image\" content=\"https:\/\/veritasinfo.org\/wp-content\/uploads\/2026\/04\/56d99b0a-df1a-40ea-a2d0-c5c9caca2fbc-1024x675-1-1.jpg\" \/>\n\t<meta property=\"og:image:width\" content=\"1024\" \/>\n\t<meta property=\"og:image:height\" content=\"675\" \/>\n\t<meta property=\"og:image:type\" content=\"image\/jpeg\" \/>\n<meta name=\"author\" content=\"US5\" \/>\n<meta name=\"twitter:card\" content=\"summary_large_image\" \/>\n<meta name=\"twitter:label1\" content=\"Written by\" \/>\n\t<meta name=\"twitter:data1\" content=\"US5\" \/>\n\t<meta name=\"twitter:label2\" content=\"Est. reading time\" \/>\n\t<meta name=\"twitter:data2\" content=\"1 minute\" \/>\n<script type=\"application\/ld+json\" class=\"yoast-schema-graph\">{\"@context\":\"https:\/\/schema.org\",\"@graph\":[{\"@type\":\"WebPage\",\"@id\":\"https:\/\/veritasinfo.org\/?p=45807&lang=sr\",\"url\":\"https:\/\/veritasinfo.org\/?p=45807&lang=sr\",\"name\":\"CIK razgovara sa op\u0161tinskim zvani\u010dnicima o izazovima izbora 2025. i buduc\u0301ih izbora -\",\"isPartOf\":{\"@id\":\"https:\/\/veritasinfo.org\/#website\"},\"primaryImageOfPage\":{\"@id\":\"https:\/\/veritasinfo.org\/?p=45807&lang=sr#primaryimage\"},\"image\":{\"@id\":\"https:\/\/veritasinfo.org\/?p=45807&lang=sr#primaryimage\"},\"thumbnailUrl\":\"https:\/\/veritasinfo.org\/wp-content\/uploads\/2026\/04\/56d99b0a-df1a-40ea-a2d0-c5c9caca2fbc-1024x675-1-1.jpg\",\"datePublished\":\"2026-04-30T15:32:35+00:00\",\"author\":{\"@id\":\"https:\/\/veritasinfo.org\/#\/schema\/person\/bc442336e35414d04494ab8fb45db4c6\"},\"breadcrumb\":{\"@id\":\"https:\/\/veritasinfo.org\/?p=45807&lang=sr#breadcrumb\"},\"inLanguage\":\"en-US\",\"potentialAction\":[{\"@type\":\"ReadAction\",\"target\":[\"https:\/\/veritasinfo.org\/?p=45807&lang=sr\"]}]},{\"@type\":\"ImageObject\",\"inLanguage\":\"en-US\",\"@id\":\"https:\/\/veritasinfo.org\/?p=45807&lang=sr#primaryimage\",\"url\":\"https:\/\/veritasinfo.org\/wp-content\/uploads\/2026\/04\/56d99b0a-df1a-40ea-a2d0-c5c9caca2fbc-1024x675-1-1.jpg\",\"contentUrl\":\"https:\/\/veritasinfo.org\/wp-content\/uploads\/2026\/04\/56d99b0a-df1a-40ea-a2d0-c5c9caca2fbc-1024x675-1-1.jpg\",\"width\":1024,\"height\":675},{\"@type\":\"BreadcrumbList\",\"@id\":\"https:\/\/veritasinfo.org\/?p=45807&lang=sr#breadcrumb\",\"itemListElement\":[{\"@type\":\"ListItem\",\"position\":1,\"name\":\"Home\",\"item\":\"https:\/\/veritasinfo.org\/\"},{\"@type\":\"ListItem\",\"position\":2,\"name\":\"CIK razgovara sa op\u0161tinskim zvani\u010dnicima o izazovima izbora 2025. i buduc\u0301ih izbora\"}]},{\"@type\":\"WebSite\",\"@id\":\"https:\/\/veritasinfo.org\/#website\",\"url\":\"https:\/\/veritasinfo.org\/\",\"name\":\"\",\"description\":\"\",\"potentialAction\":[{\"@type\":\"SearchAction\",\"target\":{\"@type\":\"EntryPoint\",\"urlTemplate\":\"https:\/\/veritasinfo.org\/?s={search_term_string}\"},\"query-input\":{\"@type\":\"PropertyValueSpecification\",\"valueRequired\":true,\"valueName\":\"search_term_string\"}}],\"inLanguage\":\"en-US\"},{\"@type\":\"Person\",\"@id\":\"https:\/\/veritasinfo.org\/#\/schema\/person\/bc442336e35414d04494ab8fb45db4c6\",\"name\":\"US5\",\"image\":{\"@type\":\"ImageObject\",\"inLanguage\":\"en-US\",\"@id\":\"https:\/\/veritasinfo.org\/#\/schema\/person\/image\/\",\"url\":\"https:\/\/secure.gravatar.com\/avatar\/16a61e7272a0c5d001121ebb9e60e925d5816e4ac1e443ed3e640d9a6ae55d0c?s=96&d=mm&r=g\",\"contentUrl\":\"https:\/\/secure.gravatar.com\/avatar\/16a61e7272a0c5d001121ebb9e60e925d5816e4ac1e443ed3e640d9a6ae55d0c?s=96&d=mm&r=g\",\"caption\":\"US5\"},\"url\":\"https:\/\/veritasinfo.org\/?author=6\"}]}<\/script>\n<!-- \/ Yoast SEO plugin. -->","yoast_head_json":{"title":"CIK razgovara sa op\u0161tinskim zvani\u010dnicima o izazovima izbora 2025. i buduc\u0301ih izbora -","robots":{"index":"index","follow":"follow","max-snippet":"max-snippet:-1","max-image-preview":"max-image-preview:large","max-video-preview":"max-video-preview:-1"},"canonical":"https:\/\/veritasinfo.org\/?p=45807&lang=sr","og_locale":"en_US","og_type":"article","og_title":"CIK razgovara sa op\u0161tinskim zvani\u010dnicima o izazovima izbora 2025. i buduc\u0301ih izbora -","og_description":"Pri\u0161tina, 30. april 2026. 17:29 Centralna izborna komisija organizovala je ovog \u010detvrtka radionicu sa izvr\u0161nim slu\u017ebenicima op\u0161tinskih izbornih komisija (ZEKKZ), kako bi se razgovaralo o","og_url":"https:\/\/veritasinfo.org\/?p=45807&lang=sr","article_published_time":"2026-04-30T15:32:35+00:00","og_image":[{"width":1024,"height":675,"url":"https:\/\/veritasinfo.org\/wp-content\/uploads\/2026\/04\/56d99b0a-df1a-40ea-a2d0-c5c9caca2fbc-1024x675-1-1.jpg","type":"image\/jpeg"}],"author":"US5","twitter_card":"summary_large_image","twitter_misc":{"Written by":"US5","Est. reading time":"1 minute"},"schema":{"@context":"https:\/\/schema.org","@graph":[{"@type":"WebPage","@id":"https:\/\/veritasinfo.org\/?p=45807&lang=sr","url":"https:\/\/veritasinfo.org\/?p=45807&lang=sr","name":"CIK razgovara sa op\u0161tinskim zvani\u010dnicima o izazovima izbora 2025. i buduc\u0301ih izbora -","isPartOf":{"@id":"https:\/\/veritasinfo.org\/#website"},"primaryImageOfPage":{"@id":"https:\/\/veritasinfo.org\/?p=45807&lang=sr#primaryimage"},"image":{"@id":"https:\/\/veritasinfo.org\/?p=45807&lang=sr#primaryimage"},"thumbnailUrl":"https:\/\/veritasinfo.org\/wp-content\/uploads\/2026\/04\/56d99b0a-df1a-40ea-a2d0-c5c9caca2fbc-1024x675-1-1.jpg","datePublished":"2026-04-30T15:32:35+00:00","author":{"@id":"https:\/\/veritasinfo.org\/#\/schema\/person\/bc442336e35414d04494ab8fb45db4c6"},"breadcrumb":{"@id":"https:\/\/veritasinfo.org\/?p=45807&lang=sr#breadcrumb"},"inLanguage":"en-US","potentialAction":[{"@type":"ReadAction","target":["https:\/\/veritasinfo.org\/?p=45807&lang=sr"]}]},{"@type":"ImageObject","inLanguage":"en-US","@id":"https:\/\/veritasinfo.org\/?p=45807&lang=sr#primaryimage","url":"https:\/\/veritasinfo.org\/wp-content\/uploads\/2026\/04\/56d99b0a-df1a-40ea-a2d0-c5c9caca2fbc-1024x675-1-1.jpg","contentUrl":"https:\/\/veritasinfo.org\/wp-content\/uploads\/2026\/04\/56d99b0a-df1a-40ea-a2d0-c5c9caca2fbc-1024x675-1-1.jpg","width":1024,"height":675},{"@type":"BreadcrumbList","@id":"https:\/\/veritasinfo.org\/?p=45807&lang=sr#breadcrumb","itemListElement":[{"@type":"ListItem","position":1,"name":"Home","item":"https:\/\/veritasinfo.org\/"},{"@type":"ListItem","position":2,"name":"CIK razgovara sa op\u0161tinskim zvani\u010dnicima o izazovima izbora 2025. i buduc\u0301ih izbora"}]},{"@type":"WebSite","@id":"https:\/\/veritasinfo.org\/#website","url":"https:\/\/veritasinfo.org\/","name":"","description":"","potentialAction":[{"@type":"SearchAction","target":{"@type":"EntryPoint","urlTemplate":"https:\/\/veritasinfo.org\/?s={search_term_string}"},"query-input":{"@type":"PropertyValueSpecification","valueRequired":true,"valueName":"search_term_string"}}],"inLanguage":"en-US"},{"@type":"Person","@id":"https:\/\/veritasinfo.org\/#\/schema\/person\/bc442336e35414d04494ab8fb45db4c6","name":"US5","image":{"@type":"ImageObject","inLanguage":"en-US","@id":"https:\/\/veritasinfo.org\/#\/schema\/person\/image\/","url":"https:\/\/secure.gravatar.com\/avatar\/16a61e7272a0c5d001121ebb9e60e925d5816e4ac1e443ed3e640d9a6ae55d0c?s=96&d=mm&r=g","contentUrl":"https:\/\/secure.gravatar.com\/avatar\/16a61e7272a0c5d001121ebb9e60e925d5816e4ac1e443ed3e640d9a6ae55d0c?s=96&d=mm&r=g","caption":"US5"},"url":"https:\/\/veritasinfo.org\/?author=6"}]}},"featured_image_urls":{"full":["https:\/\/veritasinfo.org\/wp-content\/uploads\/2026\/04\/56d99b0a-df1a-40ea-a2d0-c5c9caca2fbc-1024x675-1-1.jpg",1024,675,false],"thumbnail":["https:\/\/veritasinfo.org\/wp-content\/uploads\/2026\/04\/56d99b0a-df1a-40ea-a2d0-c5c9caca2fbc-1024x675-1-1-150x150.jpg",150,150,true],"medium":["https:\/\/veritasinfo.org\/wp-content\/uploads\/2026\/04\/56d99b0a-df1a-40ea-a2d0-c5c9caca2fbc-1024x675-1-1-300x198.jpg",300,198,true],"medium_large":["https:\/\/veritasinfo.org\/wp-content\/uploads\/2026\/04\/56d99b0a-df1a-40ea-a2d0-c5c9caca2fbc-1024x675-1-1-768x506.jpg",640,422,true],"large":["https:\/\/veritasinfo.org\/wp-content\/uploads\/2026\/04\/56d99b0a-df1a-40ea-a2d0-c5c9caca2fbc-1024x675-1-1.jpg",640,422,false],"1536x1536":["https:\/\/veritasinfo.org\/wp-content\/uploads\/2026\/04\/56d99b0a-df1a-40ea-a2d0-c5c9caca2fbc-1024x675-1-1.jpg",1024,675,false],"2048x2048":["https:\/\/veritasinfo.org\/wp-content\/uploads\/2026\/04\/56d99b0a-df1a-40ea-a2d0-c5c9caca2fbc-1024x675-1-1.jpg",1024,675,false],"kreeti-slider-full":["https:\/\/veritasinfo.org\/wp-content\/uploads\/2026\/04\/56d99b0a-df1a-40ea-a2d0-c5c9caca2fbc-1024x675-1-1.jpg",1024,675,false],"kreeti-featured":["https:\/\/veritasinfo.org\/wp-content\/uploads\/2026\/04\/56d99b0a-df1a-40ea-a2d0-c5c9caca2fbc-1024x675-1-1.jpg",1024,675,false],"kreeti-medium":["https:\/\/veritasinfo.org\/wp-content\/uploads\/2026\/04\/56d99b0a-df1a-40ea-a2d0-c5c9caca2fbc-1024x675-1-1-720x530.jpg",720,530,true],"kreeti-medium-square":["https:\/\/veritasinfo.org\/wp-content\/uploads\/2026\/04\/56d99b0a-df1a-40ea-a2d0-c5c9caca2fbc-1024x675-1-1-350x350.jpg",350,350,true]},"author_info":{"info":["US5"]},"category_info":"<a href=\"https:\/\/veritasinfo.org\/?cat=30&#038;lang=sr\" rel=\"category\">Dru\u0161tvo<\/a>","tag_info":"Dru\u0161tvo","comment_count":"0","_links":{"self":[{"href":"https:\/\/veritasinfo.org\/index.php?rest_route=\/wp\/v2\/posts\/45807","targetHints":{"allow":["GET"]}}],"collection":[{"href":"https:\/\/veritasinfo.org\/index.php?rest_route=\/wp\/v2\/posts"}],"about":[{"href":"https:\/\/veritasinfo.org\/index.php?rest_route=\/wp\/v2\/types\/post"}],"author":[{"embeddable":true,"href":"https:\/\/veritasinfo.org\/index.php?rest_route=\/wp\/v2\/users\/6"}],"replies":[{"embeddable":true,"href":"https:\/\/veritasinfo.org\/index.php?rest_route=%2Fwp%2Fv2%2Fcomments&post=45807"}],"version-history":[{"count":1,"href":"https:\/\/veritasinfo.org\/index.php?rest_route=\/wp\/v2\/posts\/45807\/revisions"}],"predecessor-version":[{"id":45809,"href":"https:\/\/veritasinfo.org\/index.php?rest_route=\/wp\/v2\/posts\/45807\/revisions\/45809"}],"wp:featuredmedia":[{"embeddable":true,"href":"https:\/\/veritasinfo.org\/index.php?rest_route=\/wp\/v2\/media\/45808"}],"wp:attachment":[{"href":"https:\/\/veritasinfo.org\/index.php?rest_route=%2Fwp%2Fv2%2Fmedia&parent=45807"}],"wp:term":[{"taxonomy":"category","embeddable":true,"href":"https:\/\/veritasinfo.org\/index.php?rest_route=%2Fwp%2Fv2%2Fcategories&post=45807"},{"taxonomy":"post_tag","embeddable":true,"href":"https:\/\/veritasinfo.org\/index.php?rest_route=%2Fwp%2Fv2%2Ftags&post=45807"}],"curies":[{"name":"wp","href":"https:\/\/api.w.org\/{rel}","templated":true}]}}