{"id":45803,"date":"2026-04-30T17:30:52","date_gmt":"2026-04-30T15:30:52","guid":{"rendered":"https:\/\/veritasinfo.org\/?p=45803"},"modified":"2026-04-30T17:30:52","modified_gmt":"2026-04-30T15:30:52","slug":"kqz-diskuton-me-zyrtaret-komunale-per-sfidat-e-zgjedhjeve-te-vitit-2025-dhe-zgjedhjet-e-ardhshme","status":"publish","type":"post","link":"https:\/\/veritasinfo.org\/?p=45803","title":{"rendered":"KQZ diskuton me zyrtar\u00ebt komunal\u00eb p\u00ebr sfidat e zgjedhjeve t\u00eb vitit 2025 dhe zgjedhjet e ardhshme"},"content":{"rendered":"<p>Prishtin\u00eb 30 Prill 2026 17:29<\/p>\n<p>Komisioni Qendror i Zgjedhjeve k\u00ebt\u00eb t\u00eb enjte organizoi pun\u00ebtori me Zyrtar\u00ebt Ekzekutiv t\u00eb Komisioneve Komunale t\u00eb Zgjedhjeve (ZEKKZ), p\u00ebr t\u00eb diskutuar p\u00ebr \u00e7\u00ebshtje t\u00eb ndryshme q\u00eb kan\u00eb t\u00eb b\u00ebjn\u00eb me proceset zgjedhore qendrore dhe lokale t\u00eb mbajtura n\u00eb vitin 2025.<\/p>\n<p>Gjithashtu, n\u00eb k\u00ebt\u00eb pun\u00ebtori t\u00eb organizuar me mb\u00ebshtetjen e Misionit t\u00eb OSBE-s\u00eb n\u00eb Kosov\u00eb, pashmangsh\u00ebm u diskutua p\u00ebr hapat q\u00eb duhet nd\u00ebrmarr\u00eb n\u00eb procesin e ri zgjedhor p\u00ebr trajtimin e sfidave t\u00eb paraqitura gjat\u00eb atyre proceseve, njofton Dukagjini.<\/p>\n<p>N\u00eb k\u00ebt\u00eb takim, kryesuesi i KQZ-s\u00eb, Kreshnik Radoniqi, krahas problemeve t\u00eb evidentuara sidomos n\u00eb procesin e fundit zgjedhor me num\u00ebrimin e votave t\u00eb kandidat\u00ebve p\u00ebr deputet\u00eb n\u00eb disa Qendra Komunale t\u00eb Num\u00ebrimit, theksoi r\u00ebnd\u00ebsin\u00eb p\u00ebr kujdes t\u00eb shtuar gjat\u00eb do faze t\u00eb p\u00ebrgatitjes s\u00eb zgjedhjeve, e deri te num\u00ebrimi dhe certifikimi i rezultateve.<\/p>\n<p>Po ashtu, an\u00ebtar\u00ebt prezent\u00eb t\u00eb KQZ-s\u00eb dhe ZEKKZ-t\u00eb, diskutuan sfidat q\u00eb hasen n\u00eb nivel lokal gjat\u00eb fazave t\u00eb ndryshme t\u00eb p\u00ebrgatitjes s\u00eb zgjedhjeve, si dhe m\u00ebnyrat e adresimit t\u00eb tyre.<\/p>\n<p>N\u00eb \u00e7do komun\u00eb t\u00eb Republik\u00ebs s\u00eb Kosov\u00ebs, KQZ ka t\u00eb pun\u00ebsuar t\u00eb p\u00ebrhersh\u00ebm Zyrtar\u00ebt Ekzekutiv t\u00eb Komisioneve Komunale t\u00eb Zgjedhjeve (ZEKKZ), t\u00eb cil\u00ebt, gjat\u00eb periudh\u00ebs s\u00eb zgjedhjeve jan\u00eb Kryesues t\u00eb Komisioneve Komunale t\u00eb Zgjedhjeve n\u00eb komunat e tyre p\u00ebrkat\u00ebse.<\/p>\n<p>KKZ jan\u00eb p\u00ebrgjegj\u00ebse p\u00ebr administrimin e zgjedhjeve brenda komunave, n\u00ebn mbik\u00ebqyrjen dhe udh\u00ebzimet e KQZ, n\u00ebp\u00ebrmjet Sekretariatit, me q\u00ebllim t\u00eb garantimit t\u00eb ligjshm\u00ebris\u00eb, legjitimitetit dhe efikasitetit t\u00eb procesit zgjedhor.<\/p>\n","protected":false},"excerpt":{"rendered":"<p>Prishtin\u00eb 30 Prill 2026 17:29 Komisioni Qendror i Zgjedhjeve k\u00ebt\u00eb t\u00eb enjte organizoi pun\u00ebtori me Zyrtar\u00ebt Ekzekutiv t\u00eb Komisioneve Komunale t\u00eb Zgjedhjeve (ZEKKZ), p\u00ebr t\u00eb<\/p>\n","protected":false},"author":6,"featured_media":45804,"comment_status":"open","ping_status":"open","sticky":false,"template":"","format":"standard","meta":{"footnotes":""},"categories":[60],"tags":[],"class_list":["post-45803","post","type-post","status-publish","format-standard","has-post-thumbnail","hentry","category-shoqerore-sq"],"yoast_head":"<!-- This site is optimized with the Yoast SEO plugin v25.3.1 - https:\/\/yoast.com\/wordpress\/plugins\/seo\/ -->\n<title>KQZ diskuton me zyrtar\u00ebt komunal\u00eb p\u00ebr sfidat e zgjedhjeve t\u00eb vitit 2025 dhe zgjedhjet e ardhshme -<\/title>\n<meta name=\"robots\" content=\"index, follow, max-snippet:-1, max-image-preview:large, max-video-preview:-1\" \/>\n<link rel=\"canonical\" href=\"https:\/\/veritasinfo.org\/?p=45803\" \/>\n<meta property=\"og:locale\" content=\"en_US\" \/>\n<meta property=\"og:type\" content=\"article\" \/>\n<meta property=\"og:title\" content=\"KQZ diskuton me zyrtar\u00ebt komunal\u00eb p\u00ebr sfidat e zgjedhjeve t\u00eb vitit 2025 dhe zgjedhjet e ardhshme -\" \/>\n<meta property=\"og:description\" content=\"Prishtin\u00eb 30 Prill 2026 17:29 Komisioni Qendror i Zgjedhjeve k\u00ebt\u00eb t\u00eb enjte organizoi pun\u00ebtori me Zyrtar\u00ebt Ekzekutiv t\u00eb Komisioneve Komunale t\u00eb Zgjedhjeve (ZEKKZ), p\u00ebr t\u00eb\" \/>\n<meta property=\"og:url\" content=\"https:\/\/veritasinfo.org\/?p=45803\" \/>\n<meta property=\"article:published_time\" content=\"2026-04-30T15:30:52+00:00\" \/>\n<meta property=\"og:image\" content=\"https:\/\/veritasinfo.org\/wp-content\/uploads\/2026\/04\/56d99b0a-df1a-40ea-a2d0-c5c9caca2fbc-1024x675-1.jpg\" \/>\n\t<meta property=\"og:image:width\" content=\"1024\" \/>\n\t<meta property=\"og:image:height\" content=\"675\" \/>\n\t<meta property=\"og:image:type\" content=\"image\/jpeg\" \/>\n<meta name=\"author\" content=\"US5\" \/>\n<meta name=\"twitter:card\" content=\"summary_large_image\" \/>\n<meta name=\"twitter:label1\" content=\"Written by\" \/>\n\t<meta name=\"twitter:data1\" content=\"US5\" \/>\n\t<meta name=\"twitter:label2\" content=\"Est. reading time\" \/>\n\t<meta name=\"twitter:data2\" content=\"1 minute\" \/>\n<script type=\"application\/ld+json\" class=\"yoast-schema-graph\">{\"@context\":\"https:\/\/schema.org\",\"@graph\":[{\"@type\":\"WebPage\",\"@id\":\"https:\/\/veritasinfo.org\/?p=45803\",\"url\":\"https:\/\/veritasinfo.org\/?p=45803\",\"name\":\"KQZ diskuton me zyrtar\u00ebt komunal\u00eb p\u00ebr sfidat e zgjedhjeve t\u00eb vitit 2025 dhe zgjedhjet e ardhshme -\",\"isPartOf\":{\"@id\":\"https:\/\/veritasinfo.org\/#website\"},\"primaryImageOfPage\":{\"@id\":\"https:\/\/veritasinfo.org\/?p=45803#primaryimage\"},\"image\":{\"@id\":\"https:\/\/veritasinfo.org\/?p=45803#primaryimage\"},\"thumbnailUrl\":\"https:\/\/veritasinfo.org\/wp-content\/uploads\/2026\/04\/56d99b0a-df1a-40ea-a2d0-c5c9caca2fbc-1024x675-1.jpg\",\"datePublished\":\"2026-04-30T15:30:52+00:00\",\"author\":{\"@id\":\"https:\/\/veritasinfo.org\/#\/schema\/person\/bc442336e35414d04494ab8fb45db4c6\"},\"breadcrumb\":{\"@id\":\"https:\/\/veritasinfo.org\/?p=45803#breadcrumb\"},\"inLanguage\":\"en-US\",\"potentialAction\":[{\"@type\":\"ReadAction\",\"target\":[\"https:\/\/veritasinfo.org\/?p=45803\"]}]},{\"@type\":\"ImageObject\",\"inLanguage\":\"en-US\",\"@id\":\"https:\/\/veritasinfo.org\/?p=45803#primaryimage\",\"url\":\"https:\/\/veritasinfo.org\/wp-content\/uploads\/2026\/04\/56d99b0a-df1a-40ea-a2d0-c5c9caca2fbc-1024x675-1.jpg\",\"contentUrl\":\"https:\/\/veritasinfo.org\/wp-content\/uploads\/2026\/04\/56d99b0a-df1a-40ea-a2d0-c5c9caca2fbc-1024x675-1.jpg\",\"width\":1024,\"height\":675},{\"@type\":\"BreadcrumbList\",\"@id\":\"https:\/\/veritasinfo.org\/?p=45803#breadcrumb\",\"itemListElement\":[{\"@type\":\"ListItem\",\"position\":1,\"name\":\"Home\",\"item\":\"https:\/\/veritasinfo.org\/\"},{\"@type\":\"ListItem\",\"position\":2,\"name\":\"KQZ diskuton me zyrtar\u00ebt komunal\u00eb p\u00ebr sfidat e zgjedhjeve t\u00eb vitit 2025 dhe zgjedhjet e ardhshme\"}]},{\"@type\":\"WebSite\",\"@id\":\"https:\/\/veritasinfo.org\/#website\",\"url\":\"https:\/\/veritasinfo.org\/\",\"name\":\"\",\"description\":\"\",\"potentialAction\":[{\"@type\":\"SearchAction\",\"target\":{\"@type\":\"EntryPoint\",\"urlTemplate\":\"https:\/\/veritasinfo.org\/?s={search_term_string}\"},\"query-input\":{\"@type\":\"PropertyValueSpecification\",\"valueRequired\":true,\"valueName\":\"search_term_string\"}}],\"inLanguage\":\"en-US\"},{\"@type\":\"Person\",\"@id\":\"https:\/\/veritasinfo.org\/#\/schema\/person\/bc442336e35414d04494ab8fb45db4c6\",\"name\":\"US5\",\"image\":{\"@type\":\"ImageObject\",\"inLanguage\":\"en-US\",\"@id\":\"https:\/\/veritasinfo.org\/#\/schema\/person\/image\/\",\"url\":\"https:\/\/secure.gravatar.com\/avatar\/16a61e7272a0c5d001121ebb9e60e925d5816e4ac1e443ed3e640d9a6ae55d0c?s=96&d=mm&r=g\",\"contentUrl\":\"https:\/\/secure.gravatar.com\/avatar\/16a61e7272a0c5d001121ebb9e60e925d5816e4ac1e443ed3e640d9a6ae55d0c?s=96&d=mm&r=g\",\"caption\":\"US5\"},\"url\":\"https:\/\/veritasinfo.org\/?author=6\"}]}<\/script>\n<!-- \/ Yoast SEO plugin. -->","yoast_head_json":{"title":"KQZ diskuton me zyrtar\u00ebt komunal\u00eb p\u00ebr sfidat e zgjedhjeve t\u00eb vitit 2025 dhe zgjedhjet e ardhshme -","robots":{"index":"index","follow":"follow","max-snippet":"max-snippet:-1","max-image-preview":"max-image-preview:large","max-video-preview":"max-video-preview:-1"},"canonical":"https:\/\/veritasinfo.org\/?p=45803","og_locale":"en_US","og_type":"article","og_title":"KQZ diskuton me zyrtar\u00ebt komunal\u00eb p\u00ebr sfidat e zgjedhjeve t\u00eb vitit 2025 dhe zgjedhjet e ardhshme -","og_description":"Prishtin\u00eb 30 Prill 2026 17:29 Komisioni Qendror i Zgjedhjeve k\u00ebt\u00eb t\u00eb enjte organizoi pun\u00ebtori me Zyrtar\u00ebt Ekzekutiv t\u00eb Komisioneve Komunale t\u00eb Zgjedhjeve (ZEKKZ), p\u00ebr t\u00eb","og_url":"https:\/\/veritasinfo.org\/?p=45803","article_published_time":"2026-04-30T15:30:52+00:00","og_image":[{"width":1024,"height":675,"url":"https:\/\/veritasinfo.org\/wp-content\/uploads\/2026\/04\/56d99b0a-df1a-40ea-a2d0-c5c9caca2fbc-1024x675-1.jpg","type":"image\/jpeg"}],"author":"US5","twitter_card":"summary_large_image","twitter_misc":{"Written by":"US5","Est. reading time":"1 minute"},"schema":{"@context":"https:\/\/schema.org","@graph":[{"@type":"WebPage","@id":"https:\/\/veritasinfo.org\/?p=45803","url":"https:\/\/veritasinfo.org\/?p=45803","name":"KQZ diskuton me zyrtar\u00ebt komunal\u00eb p\u00ebr sfidat e zgjedhjeve t\u00eb vitit 2025 dhe zgjedhjet e ardhshme -","isPartOf":{"@id":"https:\/\/veritasinfo.org\/#website"},"primaryImageOfPage":{"@id":"https:\/\/veritasinfo.org\/?p=45803#primaryimage"},"image":{"@id":"https:\/\/veritasinfo.org\/?p=45803#primaryimage"},"thumbnailUrl":"https:\/\/veritasinfo.org\/wp-content\/uploads\/2026\/04\/56d99b0a-df1a-40ea-a2d0-c5c9caca2fbc-1024x675-1.jpg","datePublished":"2026-04-30T15:30:52+00:00","author":{"@id":"https:\/\/veritasinfo.org\/#\/schema\/person\/bc442336e35414d04494ab8fb45db4c6"},"breadcrumb":{"@id":"https:\/\/veritasinfo.org\/?p=45803#breadcrumb"},"inLanguage":"en-US","potentialAction":[{"@type":"ReadAction","target":["https:\/\/veritasinfo.org\/?p=45803"]}]},{"@type":"ImageObject","inLanguage":"en-US","@id":"https:\/\/veritasinfo.org\/?p=45803#primaryimage","url":"https:\/\/veritasinfo.org\/wp-content\/uploads\/2026\/04\/56d99b0a-df1a-40ea-a2d0-c5c9caca2fbc-1024x675-1.jpg","contentUrl":"https:\/\/veritasinfo.org\/wp-content\/uploads\/2026\/04\/56d99b0a-df1a-40ea-a2d0-c5c9caca2fbc-1024x675-1.jpg","width":1024,"height":675},{"@type":"BreadcrumbList","@id":"https:\/\/veritasinfo.org\/?p=45803#breadcrumb","itemListElement":[{"@type":"ListItem","position":1,"name":"Home","item":"https:\/\/veritasinfo.org\/"},{"@type":"ListItem","position":2,"name":"KQZ diskuton me zyrtar\u00ebt komunal\u00eb p\u00ebr sfidat e zgjedhjeve t\u00eb vitit 2025 dhe zgjedhjet e ardhshme"}]},{"@type":"WebSite","@id":"https:\/\/veritasinfo.org\/#website","url":"https:\/\/veritasinfo.org\/","name":"","description":"","potentialAction":[{"@type":"SearchAction","target":{"@type":"EntryPoint","urlTemplate":"https:\/\/veritasinfo.org\/?s={search_term_string}"},"query-input":{"@type":"PropertyValueSpecification","valueRequired":true,"valueName":"search_term_string"}}],"inLanguage":"en-US"},{"@type":"Person","@id":"https:\/\/veritasinfo.org\/#\/schema\/person\/bc442336e35414d04494ab8fb45db4c6","name":"US5","image":{"@type":"ImageObject","inLanguage":"en-US","@id":"https:\/\/veritasinfo.org\/#\/schema\/person\/image\/","url":"https:\/\/secure.gravatar.com\/avatar\/16a61e7272a0c5d001121ebb9e60e925d5816e4ac1e443ed3e640d9a6ae55d0c?s=96&d=mm&r=g","contentUrl":"https:\/\/secure.gravatar.com\/avatar\/16a61e7272a0c5d001121ebb9e60e925d5816e4ac1e443ed3e640d9a6ae55d0c?s=96&d=mm&r=g","caption":"US5"},"url":"https:\/\/veritasinfo.org\/?author=6"}]}},"featured_image_urls":{"full":["https:\/\/veritasinfo.org\/wp-content\/uploads\/2026\/04\/56d99b0a-df1a-40ea-a2d0-c5c9caca2fbc-1024x675-1.jpg",1024,675,false],"thumbnail":["https:\/\/veritasinfo.org\/wp-content\/uploads\/2026\/04\/56d99b0a-df1a-40ea-a2d0-c5c9caca2fbc-1024x675-1-150x150.jpg",150,150,true],"medium":["https:\/\/veritasinfo.org\/wp-content\/uploads\/2026\/04\/56d99b0a-df1a-40ea-a2d0-c5c9caca2fbc-1024x675-1-300x198.jpg",300,198,true],"medium_large":["https:\/\/veritasinfo.org\/wp-content\/uploads\/2026\/04\/56d99b0a-df1a-40ea-a2d0-c5c9caca2fbc-1024x675-1-768x506.jpg",640,422,true],"large":["https:\/\/veritasinfo.org\/wp-content\/uploads\/2026\/04\/56d99b0a-df1a-40ea-a2d0-c5c9caca2fbc-1024x675-1.jpg",640,422,false],"1536x1536":["https:\/\/veritasinfo.org\/wp-content\/uploads\/2026\/04\/56d99b0a-df1a-40ea-a2d0-c5c9caca2fbc-1024x675-1.jpg",1024,675,false],"2048x2048":["https:\/\/veritasinfo.org\/wp-content\/uploads\/2026\/04\/56d99b0a-df1a-40ea-a2d0-c5c9caca2fbc-1024x675-1.jpg",1024,675,false],"kreeti-slider-full":["https:\/\/veritasinfo.org\/wp-content\/uploads\/2026\/04\/56d99b0a-df1a-40ea-a2d0-c5c9caca2fbc-1024x675-1.jpg",1024,675,false],"kreeti-featured":["https:\/\/veritasinfo.org\/wp-content\/uploads\/2026\/04\/56d99b0a-df1a-40ea-a2d0-c5c9caca2fbc-1024x675-1.jpg",1024,675,false],"kreeti-medium":["https:\/\/veritasinfo.org\/wp-content\/uploads\/2026\/04\/56d99b0a-df1a-40ea-a2d0-c5c9caca2fbc-1024x675-1-720x530.jpg",720,530,true],"kreeti-medium-square":["https:\/\/veritasinfo.org\/wp-content\/uploads\/2026\/04\/56d99b0a-df1a-40ea-a2d0-c5c9caca2fbc-1024x675-1-350x350.jpg",350,350,true]},"author_info":{"info":["US5"]},"category_info":"<a href=\"https:\/\/veritasinfo.org\/?cat=60\" rel=\"category\">Shoq\u00ebrore<\/a>","tag_info":"Shoq\u00ebrore","comment_count":"0","_links":{"self":[{"href":"https:\/\/veritasinfo.org\/index.php?rest_route=\/wp\/v2\/posts\/45803","targetHints":{"allow":["GET"]}}],"collection":[{"href":"https:\/\/veritasinfo.org\/index.php?rest_route=\/wp\/v2\/posts"}],"about":[{"href":"https:\/\/veritasinfo.org\/index.php?rest_route=\/wp\/v2\/types\/post"}],"author":[{"embeddable":true,"href":"https:\/\/veritasinfo.org\/index.php?rest_route=\/wp\/v2\/users\/6"}],"replies":[{"embeddable":true,"href":"https:\/\/veritasinfo.org\/index.php?rest_route=%2Fwp%2Fv2%2Fcomments&post=45803"}],"version-history":[{"count":2,"href":"https:\/\/veritasinfo.org\/index.php?rest_route=\/wp\/v2\/posts\/45803\/revisions"}],"predecessor-version":[{"id":45806,"href":"https:\/\/veritasinfo.org\/index.php?rest_route=\/wp\/v2\/posts\/45803\/revisions\/45806"}],"wp:featuredmedia":[{"embeddable":true,"href":"https:\/\/veritasinfo.org\/index.php?rest_route=\/wp\/v2\/media\/45804"}],"wp:attachment":[{"href":"https:\/\/veritasinfo.org\/index.php?rest_route=%2Fwp%2Fv2%2Fmedia&parent=45803"}],"wp:term":[{"taxonomy":"category","embeddable":true,"href":"https:\/\/veritasinfo.org\/index.php?rest_route=%2Fwp%2Fv2%2Fcategories&post=45803"},{"taxonomy":"post_tag","embeddable":true,"href":"https:\/\/veritasinfo.org\/index.php?rest_route=%2Fwp%2Fv2%2Ftags&post=45803"}],"curies":[{"name":"wp","href":"https:\/\/api.w.org\/{rel}","templated":true}]}}