{"id":45800,"date":"2026-04-30T16:44:56","date_gmt":"2026-04-30T14:44:56","guid":{"rendered":"https:\/\/veritasinfo.org\/?p=45800"},"modified":"2026-04-30T16:44:56","modified_gmt":"2026-04-30T14:44:56","slug":"prevremeni-izbori-7-juna","status":"publish","type":"post","link":"https:\/\/veritasinfo.org\/?p=45800&lang=sr","title":{"rendered":"Prevremeni izbori 7. juna"},"content":{"rendered":"<p>Pri\u0161tina, 30. april 2026. 16:42<\/p>\n<p>Vr\u0161ilac du\u017enosti predsednice Albulena Had\u017eiju odredila je 7. jun kao datum odr\u017eavanja novih parlamentarnih izbora na Kosovu.<\/p>\n<p>Had\u017eiju je objavila da ova odluka dolazi nakon neuspeha Skup\u0161tine da izabere predsednika, \u0161to, prema njenim re\u010dima, automatski vodi zemlju ka prevremenim izborima u okviru ustavnih rokova.<\/p>\n<p>\u201eKao \u0161to vam je poznato, nakon neuspeha Skup\u0161tine da izabere predsednika, Skup\u0161tina se smatra raspu\u0161tenom i izbori moraju biti odr\u017eani u roku od 45 dana. Ju\u010de sam na sastanku primila predsednika Skup\u0161tine Kre\u0161nika Radonic\u0301ija, sa kojim smo razgovarali o izborima. Danas sam zavr\u0161ila sastanak sa predstavnicima politi\u010dkih subjekata. Saslu\u0161ala sam predloge stranaka za datum izbora. Nakon procene ustavnih rokova, organizacionih potreba CIK-a i va\u017enosti u\u010de\u0161c\u0301a, odlu\u010dila sam da c\u0301e prevremeni izbori biti odr\u017eani 7. juna\u201c, rekla je Had\u017eiju.<\/p>\n<p>Dodala je da trenutna situacija nije ono \u0161to su gra\u0111ani o\u010dekivali.<\/p>\n<p>\u201eOvo nije ono \u0161to su gra\u0111ani \u017eeleli, jer o\u010dekuju jedinstvo, stabilne institucije, a ne suprotno\u201c, rekla je ona.<\/p>\n<p>Had\u017eiju je naglasila da zemlja nema vremena za gubljenje i da odgovornost pada na sve politi\u010dke aktere.<\/p>\n<p>\u201ePred nama je mnogo posla i nemamo luksuz da gubimo vreme. U demokratiji, kada je institucionalni put blokiran, re\u010d se vrac\u0301a gra\u0111anima. Odgovornost je na svima.\u201c<\/p>\n<p>Na kraju, pohvalila je kapacitet Kosova da organizuje izbore.<\/p>\n<p>\u201eKosovo je dokazalo da zna kako da organizuje slobodne, demokratske i verodostojne izborne procese\u201c, zaklju\u010dila je Had\u017eiju<\/p>\n","protected":false},"excerpt":{"rendered":"<p>Pri\u0161tina, 30. april 2026. 16:42 Vr\u0161ilac du\u017enosti predsednice Albulena Had\u017eiju odredila je 7. jun kao datum odr\u017eavanja novih parlamentarnih izbora na Kosovu. Had\u017eiju je objavila<\/p>\n","protected":false},"author":7,"featured_media":45801,"comment_status":"open","ping_status":"open","sticky":false,"template":"","format":"standard","meta":{"footnotes":""},"categories":[28],"tags":[],"class_list":["post-45800","post","type-post","status-publish","format-standard","has-post-thumbnail","hentry","category-politika"],"yoast_head":"<!-- This site is optimized with the Yoast SEO plugin v25.3.1 - https:\/\/yoast.com\/wordpress\/plugins\/seo\/ -->\n<title>Prevremeni izbori 7. juna -<\/title>\n<meta name=\"robots\" content=\"index, follow, max-snippet:-1, max-image-preview:large, max-video-preview:-1\" \/>\n<link rel=\"canonical\" href=\"https:\/\/veritasinfo.org\/?p=45800&lang=sr\" \/>\n<meta property=\"og:locale\" content=\"en_US\" \/>\n<meta property=\"og:type\" content=\"article\" \/>\n<meta property=\"og:title\" content=\"Prevremeni izbori 7. juna -\" \/>\n<meta property=\"og:description\" content=\"Pri\u0161tina, 30. april 2026. 16:42 Vr\u0161ilac du\u017enosti predsednice Albulena Had\u017eiju odredila je 7. jun kao datum odr\u017eavanja novih parlamentarnih izbora na Kosovu. Had\u017eiju je objavila\" \/>\n<meta property=\"og:url\" content=\"https:\/\/veritasinfo.org\/?p=45800&amp;lang=sr\" \/>\n<meta property=\"article:published_time\" content=\"2026-04-30T14:44:56+00:00\" \/>\n<meta property=\"og:image\" content=\"https:\/\/veritasinfo.org\/wp-content\/uploads\/2026\/04\/Screenshot_20260430_164212_Chrome-1.jpg\" \/>\n\t<meta property=\"og:image:width\" content=\"1026\" \/>\n\t<meta property=\"og:image:height\" content=\"785\" \/>\n\t<meta property=\"og:image:type\" content=\"image\/jpeg\" \/>\n<meta name=\"author\" content=\"US6\" \/>\n<meta name=\"twitter:card\" content=\"summary_large_image\" \/>\n<meta name=\"twitter:label1\" content=\"Written by\" \/>\n\t<meta name=\"twitter:data1\" content=\"US6\" \/>\n\t<meta name=\"twitter:label2\" content=\"Est. reading time\" \/>\n\t<meta name=\"twitter:data2\" content=\"2 minutes\" \/>\n<script type=\"application\/ld+json\" class=\"yoast-schema-graph\">{\"@context\":\"https:\/\/schema.org\",\"@graph\":[{\"@type\":\"WebPage\",\"@id\":\"https:\/\/veritasinfo.org\/?p=45800&lang=sr\",\"url\":\"https:\/\/veritasinfo.org\/?p=45800&lang=sr\",\"name\":\"Prevremeni izbori 7. juna -\",\"isPartOf\":{\"@id\":\"https:\/\/veritasinfo.org\/#website\"},\"primaryImageOfPage\":{\"@id\":\"https:\/\/veritasinfo.org\/?p=45800&lang=sr#primaryimage\"},\"image\":{\"@id\":\"https:\/\/veritasinfo.org\/?p=45800&lang=sr#primaryimage\"},\"thumbnailUrl\":\"https:\/\/veritasinfo.org\/wp-content\/uploads\/2026\/04\/Screenshot_20260430_164212_Chrome-1.jpg\",\"datePublished\":\"2026-04-30T14:44:56+00:00\",\"author\":{\"@id\":\"https:\/\/veritasinfo.org\/#\/schema\/person\/fe199eede04c3937362892b7444747cc\"},\"breadcrumb\":{\"@id\":\"https:\/\/veritasinfo.org\/?p=45800&lang=sr#breadcrumb\"},\"inLanguage\":\"en-US\",\"potentialAction\":[{\"@type\":\"ReadAction\",\"target\":[\"https:\/\/veritasinfo.org\/?p=45800&lang=sr\"]}]},{\"@type\":\"ImageObject\",\"inLanguage\":\"en-US\",\"@id\":\"https:\/\/veritasinfo.org\/?p=45800&lang=sr#primaryimage\",\"url\":\"https:\/\/veritasinfo.org\/wp-content\/uploads\/2026\/04\/Screenshot_20260430_164212_Chrome-1.jpg\",\"contentUrl\":\"https:\/\/veritasinfo.org\/wp-content\/uploads\/2026\/04\/Screenshot_20260430_164212_Chrome-1.jpg\",\"width\":1026,\"height\":785},{\"@type\":\"BreadcrumbList\",\"@id\":\"https:\/\/veritasinfo.org\/?p=45800&lang=sr#breadcrumb\",\"itemListElement\":[{\"@type\":\"ListItem\",\"position\":1,\"name\":\"Home\",\"item\":\"https:\/\/veritasinfo.org\/\"},{\"@type\":\"ListItem\",\"position\":2,\"name\":\"Prevremeni izbori 7. juna\"}]},{\"@type\":\"WebSite\",\"@id\":\"https:\/\/veritasinfo.org\/#website\",\"url\":\"https:\/\/veritasinfo.org\/\",\"name\":\"\",\"description\":\"\",\"potentialAction\":[{\"@type\":\"SearchAction\",\"target\":{\"@type\":\"EntryPoint\",\"urlTemplate\":\"https:\/\/veritasinfo.org\/?s={search_term_string}\"},\"query-input\":{\"@type\":\"PropertyValueSpecification\",\"valueRequired\":true,\"valueName\":\"search_term_string\"}}],\"inLanguage\":\"en-US\"},{\"@type\":\"Person\",\"@id\":\"https:\/\/veritasinfo.org\/#\/schema\/person\/fe199eede04c3937362892b7444747cc\",\"name\":\"US6\",\"image\":{\"@type\":\"ImageObject\",\"inLanguage\":\"en-US\",\"@id\":\"https:\/\/veritasinfo.org\/#\/schema\/person\/image\/\",\"url\":\"https:\/\/secure.gravatar.com\/avatar\/cb16c3c31c9d23b9b8c705964598220b3014e42ff51eb540ff23cefa3ae8c15f?s=96&d=mm&r=g\",\"contentUrl\":\"https:\/\/secure.gravatar.com\/avatar\/cb16c3c31c9d23b9b8c705964598220b3014e42ff51eb540ff23cefa3ae8c15f?s=96&d=mm&r=g\",\"caption\":\"US6\"},\"url\":\"https:\/\/veritasinfo.org\/?author=7\"}]}<\/script>\n<!-- \/ Yoast SEO plugin. -->","yoast_head_json":{"title":"Prevremeni izbori 7. juna -","robots":{"index":"index","follow":"follow","max-snippet":"max-snippet:-1","max-image-preview":"max-image-preview:large","max-video-preview":"max-video-preview:-1"},"canonical":"https:\/\/veritasinfo.org\/?p=45800&lang=sr","og_locale":"en_US","og_type":"article","og_title":"Prevremeni izbori 7. juna -","og_description":"Pri\u0161tina, 30. april 2026. 16:42 Vr\u0161ilac du\u017enosti predsednice Albulena Had\u017eiju odredila je 7. jun kao datum odr\u017eavanja novih parlamentarnih izbora na Kosovu. Had\u017eiju je objavila","og_url":"https:\/\/veritasinfo.org\/?p=45800&lang=sr","article_published_time":"2026-04-30T14:44:56+00:00","og_image":[{"width":1026,"height":785,"url":"https:\/\/veritasinfo.org\/wp-content\/uploads\/2026\/04\/Screenshot_20260430_164212_Chrome-1.jpg","type":"image\/jpeg"}],"author":"US6","twitter_card":"summary_large_image","twitter_misc":{"Written by":"US6","Est. reading time":"2 minutes"},"schema":{"@context":"https:\/\/schema.org","@graph":[{"@type":"WebPage","@id":"https:\/\/veritasinfo.org\/?p=45800&lang=sr","url":"https:\/\/veritasinfo.org\/?p=45800&lang=sr","name":"Prevremeni izbori 7. juna -","isPartOf":{"@id":"https:\/\/veritasinfo.org\/#website"},"primaryImageOfPage":{"@id":"https:\/\/veritasinfo.org\/?p=45800&lang=sr#primaryimage"},"image":{"@id":"https:\/\/veritasinfo.org\/?p=45800&lang=sr#primaryimage"},"thumbnailUrl":"https:\/\/veritasinfo.org\/wp-content\/uploads\/2026\/04\/Screenshot_20260430_164212_Chrome-1.jpg","datePublished":"2026-04-30T14:44:56+00:00","author":{"@id":"https:\/\/veritasinfo.org\/#\/schema\/person\/fe199eede04c3937362892b7444747cc"},"breadcrumb":{"@id":"https:\/\/veritasinfo.org\/?p=45800&lang=sr#breadcrumb"},"inLanguage":"en-US","potentialAction":[{"@type":"ReadAction","target":["https:\/\/veritasinfo.org\/?p=45800&lang=sr"]}]},{"@type":"ImageObject","inLanguage":"en-US","@id":"https:\/\/veritasinfo.org\/?p=45800&lang=sr#primaryimage","url":"https:\/\/veritasinfo.org\/wp-content\/uploads\/2026\/04\/Screenshot_20260430_164212_Chrome-1.jpg","contentUrl":"https:\/\/veritasinfo.org\/wp-content\/uploads\/2026\/04\/Screenshot_20260430_164212_Chrome-1.jpg","width":1026,"height":785},{"@type":"BreadcrumbList","@id":"https:\/\/veritasinfo.org\/?p=45800&lang=sr#breadcrumb","itemListElement":[{"@type":"ListItem","position":1,"name":"Home","item":"https:\/\/veritasinfo.org\/"},{"@type":"ListItem","position":2,"name":"Prevremeni izbori 7. juna"}]},{"@type":"WebSite","@id":"https:\/\/veritasinfo.org\/#website","url":"https:\/\/veritasinfo.org\/","name":"","description":"","potentialAction":[{"@type":"SearchAction","target":{"@type":"EntryPoint","urlTemplate":"https:\/\/veritasinfo.org\/?s={search_term_string}"},"query-input":{"@type":"PropertyValueSpecification","valueRequired":true,"valueName":"search_term_string"}}],"inLanguage":"en-US"},{"@type":"Person","@id":"https:\/\/veritasinfo.org\/#\/schema\/person\/fe199eede04c3937362892b7444747cc","name":"US6","image":{"@type":"ImageObject","inLanguage":"en-US","@id":"https:\/\/veritasinfo.org\/#\/schema\/person\/image\/","url":"https:\/\/secure.gravatar.com\/avatar\/cb16c3c31c9d23b9b8c705964598220b3014e42ff51eb540ff23cefa3ae8c15f?s=96&d=mm&r=g","contentUrl":"https:\/\/secure.gravatar.com\/avatar\/cb16c3c31c9d23b9b8c705964598220b3014e42ff51eb540ff23cefa3ae8c15f?s=96&d=mm&r=g","caption":"US6"},"url":"https:\/\/veritasinfo.org\/?author=7"}]}},"featured_image_urls":{"full":["https:\/\/veritasinfo.org\/wp-content\/uploads\/2026\/04\/Screenshot_20260430_164212_Chrome-1.jpg",1026,785,false],"thumbnail":["https:\/\/veritasinfo.org\/wp-content\/uploads\/2026\/04\/Screenshot_20260430_164212_Chrome-1-150x150.jpg",150,150,true],"medium":["https:\/\/veritasinfo.org\/wp-content\/uploads\/2026\/04\/Screenshot_20260430_164212_Chrome-1-300x230.jpg",300,230,true],"medium_large":["https:\/\/veritasinfo.org\/wp-content\/uploads\/2026\/04\/Screenshot_20260430_164212_Chrome-1-768x588.jpg",640,490,true],"large":["https:\/\/veritasinfo.org\/wp-content\/uploads\/2026\/04\/Screenshot_20260430_164212_Chrome-1-1024x783.jpg",640,489,true],"1536x1536":["https:\/\/veritasinfo.org\/wp-content\/uploads\/2026\/04\/Screenshot_20260430_164212_Chrome-1.jpg",1026,785,false],"2048x2048":["https:\/\/veritasinfo.org\/wp-content\/uploads\/2026\/04\/Screenshot_20260430_164212_Chrome-1.jpg",1026,785,false],"kreeti-slider-full":["https:\/\/veritasinfo.org\/wp-content\/uploads\/2026\/04\/Screenshot_20260430_164212_Chrome-1-1026x720.jpg",1026,720,true],"kreeti-featured":["https:\/\/veritasinfo.org\/wp-content\/uploads\/2026\/04\/Screenshot_20260430_164212_Chrome-1-1024x783.jpg",1024,783,true],"kreeti-medium":["https:\/\/veritasinfo.org\/wp-content\/uploads\/2026\/04\/Screenshot_20260430_164212_Chrome-1-720x530.jpg",720,530,true],"kreeti-medium-square":["https:\/\/veritasinfo.org\/wp-content\/uploads\/2026\/04\/Screenshot_20260430_164212_Chrome-1-350x350.jpg",350,350,true]},"author_info":{"info":["US6"]},"category_info":"<a href=\"https:\/\/veritasinfo.org\/?cat=28&#038;lang=sr\" rel=\"category\">Politika<\/a>","tag_info":"Politika","comment_count":"0","_links":{"self":[{"href":"https:\/\/veritasinfo.org\/index.php?rest_route=\/wp\/v2\/posts\/45800","targetHints":{"allow":["GET"]}}],"collection":[{"href":"https:\/\/veritasinfo.org\/index.php?rest_route=\/wp\/v2\/posts"}],"about":[{"href":"https:\/\/veritasinfo.org\/index.php?rest_route=\/wp\/v2\/types\/post"}],"author":[{"embeddable":true,"href":"https:\/\/veritasinfo.org\/index.php?rest_route=\/wp\/v2\/users\/7"}],"replies":[{"embeddable":true,"href":"https:\/\/veritasinfo.org\/index.php?rest_route=%2Fwp%2Fv2%2Fcomments&post=45800"}],"version-history":[{"count":1,"href":"https:\/\/veritasinfo.org\/index.php?rest_route=\/wp\/v2\/posts\/45800\/revisions"}],"predecessor-version":[{"id":45802,"href":"https:\/\/veritasinfo.org\/index.php?rest_route=\/wp\/v2\/posts\/45800\/revisions\/45802"}],"wp:featuredmedia":[{"embeddable":true,"href":"https:\/\/veritasinfo.org\/index.php?rest_route=\/wp\/v2\/media\/45801"}],"wp:attachment":[{"href":"https:\/\/veritasinfo.org\/index.php?rest_route=%2Fwp%2Fv2%2Fmedia&parent=45800"}],"wp:term":[{"taxonomy":"category","embeddable":true,"href":"https:\/\/veritasinfo.org\/index.php?rest_route=%2Fwp%2Fv2%2Fcategories&post=45800"},{"taxonomy":"post_tag","embeddable":true,"href":"https:\/\/veritasinfo.org\/index.php?rest_route=%2Fwp%2Fv2%2Ftags&post=45800"}],"curies":[{"name":"wp","href":"https:\/\/api.w.org\/{rel}","templated":true}]}}