{"id":45797,"date":"2026-04-30T16:43:03","date_gmt":"2026-04-30T14:43:03","guid":{"rendered":"https:\/\/veritasinfo.org\/?p=45797"},"modified":"2026-04-30T16:43:03","modified_gmt":"2026-04-30T14:43:03","slug":"zgjedhjet-e-parakohshme-mbahen-me-7-qershor","status":"publish","type":"post","link":"https:\/\/veritasinfo.org\/?p=45797","title":{"rendered":"Zgjedhjet e parakohshme mbahen m\u00eb 7 qershor"},"content":{"rendered":"<p>Prishtin\u00eb, 30 prill 2026 16:42<\/p>\n<p>Ushtruesja e detyr\u00ebs s\u00eb presidentes, Albulena Haxhiu, ka caktuar 7 qershorin si dat\u00eb p\u00ebr mbajtjen e zgjedhjeve t\u00eb reja parlamentare n\u00eb Kosov\u00eb.<\/p>\n<p>Haxhiu b\u00ebri t\u00eb ditur se ky vendim vjen pas d\u00ebshtimit t\u00eb Kuvendit p\u00ebr t\u00eb zgjedhur presidentin, \u00e7ka sipas saj e \u00e7on automatikisht vendin n\u00eb zgjedhje t\u00eb parakohshme brenda afateve kushtetuese.<\/p>\n<p>\u201cSi\u00e7 jeni n\u00eb dijeni, pas d\u00ebshtimit t\u00eb Kuvendit p\u00ebr t\u00eb zgjedhur presidentin, Kuvendi konsiderohet i shp\u00ebrndar\u00eb dhe zgjedhjet duhet t\u00eb mbahen brenda afatit prej 45 dit\u00ebve. Dje kam pritur n\u00eb takim Kryesuesin Kreshnik Radoniqi, me t\u00eb cilin kemi diskutuar p\u00ebr zgjedhjet. Nd\u00ebrsa sot p\u00ebrmbylla takimin me p\u00ebrfaq\u00ebsues t\u00eb subjekteve politike. D\u00ebgjova propozimet e partive p\u00ebr dat\u00ebn e zgjedhjeve. Pas vler\u00ebsimit t\u00eb afateve kushtetuese, nevojave organizative t\u00eb KQZ-s\u00eb dhe r\u00ebnd\u00ebsis\u00eb s\u00eb pjes\u00ebmarrjes, kam vendosur q\u00eb zgjedhjet e parakohshme t\u00eb mbahen m\u00eb 7 qershor\u201d, tha Haxhiu.<\/p>\n<p>Ajo shtoi se situata aktuale nuk \u00ebsht\u00eb ajo q\u00eb qytetar\u00ebt kan\u00eb pritur.<\/p>\n<p>\u201cKjo nuk \u00ebsht\u00eb ajo \u00e7far\u00eb qytetar\u00ebt kan\u00eb dashur, pasi ata presin p\u00ebrbashkim, institucione stabile dhe jo t\u00eb kund\u00ebrt\u00ebn e saj\u201d, u shpreh ajo.<\/p>\n<p>Haxhiu theksoi se vendi nuk ka koh\u00eb p\u00ebr t\u00eb humbur dhe se p\u00ebrgjegj\u00ebsia bie mbi t\u00eb gjith\u00eb akter\u00ebt politik\u00eb.<\/p>\n<p>\u201cShum\u00eb pun\u00eb kemi para vetes dhe nuk kemi komoditetin t\u00eb humbim koh\u00eb. N\u00eb demokraci, kur rruga institucionale bllokohet, fjala i kthehet qytetar\u00ebve. P\u00ebrgjegj\u00ebsia \u00ebsht\u00eb e t\u00eb gjith\u00ebve\u201d.<\/p>\n<p>N\u00eb fund, ajo vler\u00ebsoi kapacitetin e Kosov\u00ebs p\u00ebr organizimin e zgjedhjeve.<\/p>\n<p>\u201cKosova ka d\u00ebshmuar se di t\u00eb organizoj\u00eb procese zgjedhore t\u00eb lira, demokratike dhe t\u00eb besueshme\u201d, p\u00ebrfundoi Haxhiu.<\/p>\n","protected":false},"excerpt":{"rendered":"<p>Prishtin\u00eb, 30 prill 2026 16:42 Ushtruesja e detyr\u00ebs s\u00eb presidentes, Albulena Haxhiu, ka caktuar 7 qershorin si dat\u00eb p\u00ebr mbajtjen e zgjedhjeve t\u00eb reja parlamentare<\/p>\n","protected":false},"author":7,"featured_media":45798,"comment_status":"open","ping_status":"open","sticky":false,"template":"","format":"standard","meta":{"footnotes":""},"categories":[58],"tags":[],"class_list":["post-45797","post","type-post","status-publish","format-standard","has-post-thumbnail","hentry","category-politike-sq"],"yoast_head":"<!-- This site is optimized with the Yoast SEO plugin v25.3.1 - https:\/\/yoast.com\/wordpress\/plugins\/seo\/ -->\n<title>Zgjedhjet e parakohshme mbahen m\u00eb 7 qershor -<\/title>\n<meta name=\"robots\" content=\"index, follow, max-snippet:-1, max-image-preview:large, max-video-preview:-1\" \/>\n<link rel=\"canonical\" href=\"https:\/\/veritasinfo.org\/?p=45797\" \/>\n<meta property=\"og:locale\" content=\"en_US\" \/>\n<meta property=\"og:type\" content=\"article\" \/>\n<meta property=\"og:title\" content=\"Zgjedhjet e parakohshme mbahen m\u00eb 7 qershor -\" \/>\n<meta property=\"og:description\" content=\"Prishtin\u00eb, 30 prill 2026 16:42 Ushtruesja e detyr\u00ebs s\u00eb presidentes, Albulena Haxhiu, ka caktuar 7 qershorin si dat\u00eb p\u00ebr mbajtjen e zgjedhjeve t\u00eb reja parlamentare\" \/>\n<meta property=\"og:url\" content=\"https:\/\/veritasinfo.org\/?p=45797\" \/>\n<meta property=\"article:published_time\" content=\"2026-04-30T14:43:03+00:00\" \/>\n<meta property=\"og:image\" content=\"https:\/\/veritasinfo.org\/wp-content\/uploads\/2026\/04\/Screenshot_20260430_164212_Chrome.jpg\" \/>\n\t<meta property=\"og:image:width\" content=\"1026\" \/>\n\t<meta property=\"og:image:height\" content=\"785\" \/>\n\t<meta property=\"og:image:type\" content=\"image\/jpeg\" \/>\n<meta name=\"author\" content=\"US6\" \/>\n<meta name=\"twitter:card\" content=\"summary_large_image\" \/>\n<meta name=\"twitter:label1\" content=\"Written by\" \/>\n\t<meta name=\"twitter:data1\" content=\"US6\" \/>\n\t<meta name=\"twitter:label2\" content=\"Est. reading time\" \/>\n\t<meta name=\"twitter:data2\" content=\"2 minutes\" \/>\n<script type=\"application\/ld+json\" class=\"yoast-schema-graph\">{\"@context\":\"https:\/\/schema.org\",\"@graph\":[{\"@type\":\"WebPage\",\"@id\":\"https:\/\/veritasinfo.org\/?p=45797\",\"url\":\"https:\/\/veritasinfo.org\/?p=45797\",\"name\":\"Zgjedhjet e parakohshme mbahen m\u00eb 7 qershor -\",\"isPartOf\":{\"@id\":\"https:\/\/veritasinfo.org\/#website\"},\"primaryImageOfPage\":{\"@id\":\"https:\/\/veritasinfo.org\/?p=45797#primaryimage\"},\"image\":{\"@id\":\"https:\/\/veritasinfo.org\/?p=45797#primaryimage\"},\"thumbnailUrl\":\"https:\/\/veritasinfo.org\/wp-content\/uploads\/2026\/04\/Screenshot_20260430_164212_Chrome.jpg\",\"datePublished\":\"2026-04-30T14:43:03+00:00\",\"author\":{\"@id\":\"https:\/\/veritasinfo.org\/#\/schema\/person\/fe199eede04c3937362892b7444747cc\"},\"breadcrumb\":{\"@id\":\"https:\/\/veritasinfo.org\/?p=45797#breadcrumb\"},\"inLanguage\":\"en-US\",\"potentialAction\":[{\"@type\":\"ReadAction\",\"target\":[\"https:\/\/veritasinfo.org\/?p=45797\"]}]},{\"@type\":\"ImageObject\",\"inLanguage\":\"en-US\",\"@id\":\"https:\/\/veritasinfo.org\/?p=45797#primaryimage\",\"url\":\"https:\/\/veritasinfo.org\/wp-content\/uploads\/2026\/04\/Screenshot_20260430_164212_Chrome.jpg\",\"contentUrl\":\"https:\/\/veritasinfo.org\/wp-content\/uploads\/2026\/04\/Screenshot_20260430_164212_Chrome.jpg\",\"width\":1026,\"height\":785},{\"@type\":\"BreadcrumbList\",\"@id\":\"https:\/\/veritasinfo.org\/?p=45797#breadcrumb\",\"itemListElement\":[{\"@type\":\"ListItem\",\"position\":1,\"name\":\"Home\",\"item\":\"https:\/\/veritasinfo.org\/\"},{\"@type\":\"ListItem\",\"position\":2,\"name\":\"Zgjedhjet e parakohshme mbahen m\u00eb 7 qershor\"}]},{\"@type\":\"WebSite\",\"@id\":\"https:\/\/veritasinfo.org\/#website\",\"url\":\"https:\/\/veritasinfo.org\/\",\"name\":\"\",\"description\":\"\",\"potentialAction\":[{\"@type\":\"SearchAction\",\"target\":{\"@type\":\"EntryPoint\",\"urlTemplate\":\"https:\/\/veritasinfo.org\/?s={search_term_string}\"},\"query-input\":{\"@type\":\"PropertyValueSpecification\",\"valueRequired\":true,\"valueName\":\"search_term_string\"}}],\"inLanguage\":\"en-US\"},{\"@type\":\"Person\",\"@id\":\"https:\/\/veritasinfo.org\/#\/schema\/person\/fe199eede04c3937362892b7444747cc\",\"name\":\"US6\",\"image\":{\"@type\":\"ImageObject\",\"inLanguage\":\"en-US\",\"@id\":\"https:\/\/veritasinfo.org\/#\/schema\/person\/image\/\",\"url\":\"https:\/\/secure.gravatar.com\/avatar\/cb16c3c31c9d23b9b8c705964598220b3014e42ff51eb540ff23cefa3ae8c15f?s=96&d=mm&r=g\",\"contentUrl\":\"https:\/\/secure.gravatar.com\/avatar\/cb16c3c31c9d23b9b8c705964598220b3014e42ff51eb540ff23cefa3ae8c15f?s=96&d=mm&r=g\",\"caption\":\"US6\"},\"url\":\"https:\/\/veritasinfo.org\/?author=7\"}]}<\/script>\n<!-- \/ Yoast SEO plugin. -->","yoast_head_json":{"title":"Zgjedhjet e parakohshme mbahen m\u00eb 7 qershor -","robots":{"index":"index","follow":"follow","max-snippet":"max-snippet:-1","max-image-preview":"max-image-preview:large","max-video-preview":"max-video-preview:-1"},"canonical":"https:\/\/veritasinfo.org\/?p=45797","og_locale":"en_US","og_type":"article","og_title":"Zgjedhjet e parakohshme mbahen m\u00eb 7 qershor -","og_description":"Prishtin\u00eb, 30 prill 2026 16:42 Ushtruesja e detyr\u00ebs s\u00eb presidentes, Albulena Haxhiu, ka caktuar 7 qershorin si dat\u00eb p\u00ebr mbajtjen e zgjedhjeve t\u00eb reja parlamentare","og_url":"https:\/\/veritasinfo.org\/?p=45797","article_published_time":"2026-04-30T14:43:03+00:00","og_image":[{"width":1026,"height":785,"url":"https:\/\/veritasinfo.org\/wp-content\/uploads\/2026\/04\/Screenshot_20260430_164212_Chrome.jpg","type":"image\/jpeg"}],"author":"US6","twitter_card":"summary_large_image","twitter_misc":{"Written by":"US6","Est. reading time":"2 minutes"},"schema":{"@context":"https:\/\/schema.org","@graph":[{"@type":"WebPage","@id":"https:\/\/veritasinfo.org\/?p=45797","url":"https:\/\/veritasinfo.org\/?p=45797","name":"Zgjedhjet e parakohshme mbahen m\u00eb 7 qershor -","isPartOf":{"@id":"https:\/\/veritasinfo.org\/#website"},"primaryImageOfPage":{"@id":"https:\/\/veritasinfo.org\/?p=45797#primaryimage"},"image":{"@id":"https:\/\/veritasinfo.org\/?p=45797#primaryimage"},"thumbnailUrl":"https:\/\/veritasinfo.org\/wp-content\/uploads\/2026\/04\/Screenshot_20260430_164212_Chrome.jpg","datePublished":"2026-04-30T14:43:03+00:00","author":{"@id":"https:\/\/veritasinfo.org\/#\/schema\/person\/fe199eede04c3937362892b7444747cc"},"breadcrumb":{"@id":"https:\/\/veritasinfo.org\/?p=45797#breadcrumb"},"inLanguage":"en-US","potentialAction":[{"@type":"ReadAction","target":["https:\/\/veritasinfo.org\/?p=45797"]}]},{"@type":"ImageObject","inLanguage":"en-US","@id":"https:\/\/veritasinfo.org\/?p=45797#primaryimage","url":"https:\/\/veritasinfo.org\/wp-content\/uploads\/2026\/04\/Screenshot_20260430_164212_Chrome.jpg","contentUrl":"https:\/\/veritasinfo.org\/wp-content\/uploads\/2026\/04\/Screenshot_20260430_164212_Chrome.jpg","width":1026,"height":785},{"@type":"BreadcrumbList","@id":"https:\/\/veritasinfo.org\/?p=45797#breadcrumb","itemListElement":[{"@type":"ListItem","position":1,"name":"Home","item":"https:\/\/veritasinfo.org\/"},{"@type":"ListItem","position":2,"name":"Zgjedhjet e parakohshme mbahen m\u00eb 7 qershor"}]},{"@type":"WebSite","@id":"https:\/\/veritasinfo.org\/#website","url":"https:\/\/veritasinfo.org\/","name":"","description":"","potentialAction":[{"@type":"SearchAction","target":{"@type":"EntryPoint","urlTemplate":"https:\/\/veritasinfo.org\/?s={search_term_string}"},"query-input":{"@type":"PropertyValueSpecification","valueRequired":true,"valueName":"search_term_string"}}],"inLanguage":"en-US"},{"@type":"Person","@id":"https:\/\/veritasinfo.org\/#\/schema\/person\/fe199eede04c3937362892b7444747cc","name":"US6","image":{"@type":"ImageObject","inLanguage":"en-US","@id":"https:\/\/veritasinfo.org\/#\/schema\/person\/image\/","url":"https:\/\/secure.gravatar.com\/avatar\/cb16c3c31c9d23b9b8c705964598220b3014e42ff51eb540ff23cefa3ae8c15f?s=96&d=mm&r=g","contentUrl":"https:\/\/secure.gravatar.com\/avatar\/cb16c3c31c9d23b9b8c705964598220b3014e42ff51eb540ff23cefa3ae8c15f?s=96&d=mm&r=g","caption":"US6"},"url":"https:\/\/veritasinfo.org\/?author=7"}]}},"featured_image_urls":{"full":["https:\/\/veritasinfo.org\/wp-content\/uploads\/2026\/04\/Screenshot_20260430_164212_Chrome.jpg",1026,785,false],"thumbnail":["https:\/\/veritasinfo.org\/wp-content\/uploads\/2026\/04\/Screenshot_20260430_164212_Chrome-150x150.jpg",150,150,true],"medium":["https:\/\/veritasinfo.org\/wp-content\/uploads\/2026\/04\/Screenshot_20260430_164212_Chrome-300x230.jpg",300,230,true],"medium_large":["https:\/\/veritasinfo.org\/wp-content\/uploads\/2026\/04\/Screenshot_20260430_164212_Chrome-768x588.jpg",640,490,true],"large":["https:\/\/veritasinfo.org\/wp-content\/uploads\/2026\/04\/Screenshot_20260430_164212_Chrome-1024x783.jpg",640,489,true],"1536x1536":["https:\/\/veritasinfo.org\/wp-content\/uploads\/2026\/04\/Screenshot_20260430_164212_Chrome.jpg",1026,785,false],"2048x2048":["https:\/\/veritasinfo.org\/wp-content\/uploads\/2026\/04\/Screenshot_20260430_164212_Chrome.jpg",1026,785,false],"kreeti-slider-full":["https:\/\/veritasinfo.org\/wp-content\/uploads\/2026\/04\/Screenshot_20260430_164212_Chrome-1026x720.jpg",1026,720,true],"kreeti-featured":["https:\/\/veritasinfo.org\/wp-content\/uploads\/2026\/04\/Screenshot_20260430_164212_Chrome-1024x783.jpg",1024,783,true],"kreeti-medium":["https:\/\/veritasinfo.org\/wp-content\/uploads\/2026\/04\/Screenshot_20260430_164212_Chrome-720x530.jpg",720,530,true],"kreeti-medium-square":["https:\/\/veritasinfo.org\/wp-content\/uploads\/2026\/04\/Screenshot_20260430_164212_Chrome-350x350.jpg",350,350,true]},"author_info":{"info":["US6"]},"category_info":"<a href=\"https:\/\/veritasinfo.org\/?cat=58\" rel=\"category\">Politik\u00eb<\/a>","tag_info":"Politik\u00eb","comment_count":"0","_links":{"self":[{"href":"https:\/\/veritasinfo.org\/index.php?rest_route=\/wp\/v2\/posts\/45797","targetHints":{"allow":["GET"]}}],"collection":[{"href":"https:\/\/veritasinfo.org\/index.php?rest_route=\/wp\/v2\/posts"}],"about":[{"href":"https:\/\/veritasinfo.org\/index.php?rest_route=\/wp\/v2\/types\/post"}],"author":[{"embeddable":true,"href":"https:\/\/veritasinfo.org\/index.php?rest_route=\/wp\/v2\/users\/7"}],"replies":[{"embeddable":true,"href":"https:\/\/veritasinfo.org\/index.php?rest_route=%2Fwp%2Fv2%2Fcomments&post=45797"}],"version-history":[{"count":1,"href":"https:\/\/veritasinfo.org\/index.php?rest_route=\/wp\/v2\/posts\/45797\/revisions"}],"predecessor-version":[{"id":45799,"href":"https:\/\/veritasinfo.org\/index.php?rest_route=\/wp\/v2\/posts\/45797\/revisions\/45799"}],"wp:featuredmedia":[{"embeddable":true,"href":"https:\/\/veritasinfo.org\/index.php?rest_route=\/wp\/v2\/media\/45798"}],"wp:attachment":[{"href":"https:\/\/veritasinfo.org\/index.php?rest_route=%2Fwp%2Fv2%2Fmedia&parent=45797"}],"wp:term":[{"taxonomy":"category","embeddable":true,"href":"https:\/\/veritasinfo.org\/index.php?rest_route=%2Fwp%2Fv2%2Fcategories&post=45797"},{"taxonomy":"post_tag","embeddable":true,"href":"https:\/\/veritasinfo.org\/index.php?rest_route=%2Fwp%2Fv2%2Ftags&post=45797"}],"curies":[{"name":"wp","href":"https:\/\/api.w.org\/{rel}","templated":true}]}}