{"id":45777,"date":"2026-04-30T14:54:49","date_gmt":"2026-04-30T12:54:49","guid":{"rendered":"https:\/\/veritasinfo.org\/?p=45777"},"modified":"2026-04-30T14:54:49","modified_gmt":"2026-04-30T12:54:49","slug":"denimet-per-banjsken-forcojne-shtetin-por-nuk-eliminojne-rrezikun-e-ri","status":"publish","type":"post","link":"https:\/\/veritasinfo.org\/?p=45777","title":{"rendered":"\u201cD\u00ebnimet p\u00ebr Banjsk\u00ebn forcojn\u00eb shtetin, por nuk eliminojn\u00eb rrezikun e ri\u201d"},"content":{"rendered":"<p>Prishtin\u00eb 30 Prill 2026 14:53<\/p>\n<p>Dy vite e gjys\u00ebm pasi ndodhi sulmi terrorist serb\u00eb n\u00eb Banjsk\u00eb, fajtor\u00ebt mor\u00ebn d\u00ebnimin meritor. Dy nga serb\u00ebt e p\u00ebrfshir\u00eb n\u00eb k\u00ebt\u00eb rast, ku mbeti i vdekur rreshteri Afrim Bunjaku, mor\u00ebn d\u00ebnimin me burg t\u00eb p\u00ebrjetsh\u00ebm, nd\u00ebrsa i treti u d\u00ebnua me 30 vite burg.<\/p>\n<p>Ky vendim ka m\u00eb tep\u00ebr se dy vite q\u00eb k\u00ebrkohet, madje ky rast u p\u00ebrmend shum\u00eb her\u00eb edhe nga nd\u00ebrkomb\u00ebtar\u00ebt, t\u00eb cil\u00ebt e d\u00ebnuan rastin si t\u00eb till\u00eb. E vendimit t\u00eb gjykat\u00ebs n\u00eb Kosov\u00eb p\u00ebr d\u00ebnimin e tyre, iu g\u00ebzuan t\u00eb gjith\u00eb.<\/p>\n<p>Por nj\u00eb vendim i till\u00eb, a do t\u2019ia ndal\u00eb hovin serb\u00ebve, p\u00ebr organizime t\u00eb tilla, kur dihet q\u00eb \u00ebsht\u00eb p\u00ebrmendur shum\u00eb her\u00eb q\u00eb Banjska, mund t\u00eb p\u00ebrs\u00ebritet? A do t\u00eb bindet Serbia q\u00eb n\u00eb Kosov\u00eb ekziston drejt\u00ebsia dhe q\u00eb Kosova mund t\u00eb veproj\u00eb si shtet i pavaruar dhe si shtet i fuqish\u00ebm?<\/p>\n<p>Lidhur me k\u00ebt\u00eb \u04ab\u00ebshtje, njoh\u00ebsit e siguris\u00eb kan\u00eb dh\u00ebn\u00eb q\u00ebndrimet e tyre.<\/p>\n<p>Vendimi shihet si mesazh i fort\u00eb ndaj destabilizimit, por rreziku mbetet pa presion nd\u00ebrkomb\u00ebtar<\/p>\n<p>K\u00ebshtu, eksperti i siguris\u00eb, Fidair Berisha, p\u00ebr \u201cBota sot\u201d vler\u00ebson se, d\u00ebnimi p\u00ebr rastin e Banjsk\u00ebs \u00ebsht\u00eb d\u00ebshmi se Kosova funksionon si shtet i s\u00eb drejt\u00ebs dhe nuk toleron veprime destabilizuese.<\/p>\n<p>\u201cD\u00ebnimi p\u00ebr rastin e Banjsk\u00ebs \u00ebsht\u00eb nj\u00eb mesazh i qart\u00eb se Republika e Kosov\u00ebs \u00ebsht\u00eb shtet i s\u00eb drejt\u00ebs p\u00ebr t\u00eb gjith\u00eb dhe nuk toleron q\u00eb organizime t\u00eb tilla t\u00eb mbesin pa u nd\u00ebshkuar\u201d, theksoi ai.<\/p>\n","protected":false},"excerpt":{"rendered":"<p>Prishtin\u00eb 30 Prill 2026 14:53 Dy vite e gjys\u00ebm pasi ndodhi sulmi terrorist serb\u00eb n\u00eb Banjsk\u00eb, fajtor\u00ebt mor\u00ebn d\u00ebnimin meritor. Dy nga serb\u00ebt e p\u00ebrfshir\u00eb<\/p>\n","protected":false},"author":6,"featured_media":45778,"comment_status":"open","ping_status":"open","sticky":false,"template":"","format":"standard","meta":{"footnotes":""},"categories":[60],"tags":[],"class_list":["post-45777","post","type-post","status-publish","format-standard","has-post-thumbnail","hentry","category-shoqerore-sq"],"yoast_head":"<!-- This site is optimized with the Yoast SEO plugin v25.3.1 - https:\/\/yoast.com\/wordpress\/plugins\/seo\/ -->\n<title>\u201cD\u00ebnimet p\u00ebr Banjsk\u00ebn forcojn\u00eb shtetin, por nuk eliminojn\u00eb rrezikun e ri\u201d -<\/title>\n<meta name=\"robots\" content=\"index, follow, max-snippet:-1, max-image-preview:large, max-video-preview:-1\" \/>\n<link rel=\"canonical\" href=\"https:\/\/veritasinfo.org\/?p=45777\" \/>\n<meta property=\"og:locale\" content=\"en_US\" \/>\n<meta property=\"og:type\" content=\"article\" \/>\n<meta property=\"og:title\" content=\"\u201cD\u00ebnimet p\u00ebr Banjsk\u00ebn forcojn\u00eb shtetin, por nuk eliminojn\u00eb rrezikun e ri\u201d -\" \/>\n<meta property=\"og:description\" content=\"Prishtin\u00eb 30 Prill 2026 14:53 Dy vite e gjys\u00ebm pasi ndodhi sulmi terrorist serb\u00eb n\u00eb Banjsk\u00eb, fajtor\u00ebt mor\u00ebn d\u00ebnimin meritor. Dy nga serb\u00ebt e p\u00ebrfshir\u00eb\" \/>\n<meta property=\"og:url\" content=\"https:\/\/veritasinfo.org\/?p=45777\" \/>\n<meta property=\"article:published_time\" content=\"2026-04-30T12:54:49+00:00\" \/>\n<meta property=\"og:image\" content=\"https:\/\/veritasinfo.org\/wp-content\/uploads\/2026\/04\/auto_3016959338841777551750.webp\" \/>\n\t<meta property=\"og:image:width\" content=\"851\" \/>\n\t<meta property=\"og:image:height\" content=\"478\" \/>\n\t<meta property=\"og:image:type\" content=\"image\/webp\" \/>\n<meta name=\"author\" content=\"US5\" \/>\n<meta name=\"twitter:card\" content=\"summary_large_image\" \/>\n<meta name=\"twitter:label1\" content=\"Written by\" \/>\n\t<meta name=\"twitter:data1\" content=\"US5\" \/>\n\t<meta name=\"twitter:label2\" content=\"Est. reading time\" \/>\n\t<meta name=\"twitter:data2\" content=\"1 minute\" \/>\n<script type=\"application\/ld+json\" class=\"yoast-schema-graph\">{\"@context\":\"https:\/\/schema.org\",\"@graph\":[{\"@type\":\"WebPage\",\"@id\":\"https:\/\/veritasinfo.org\/?p=45777\",\"url\":\"https:\/\/veritasinfo.org\/?p=45777\",\"name\":\"\u201cD\u00ebnimet p\u00ebr Banjsk\u00ebn forcojn\u00eb shtetin, por nuk eliminojn\u00eb rrezikun e ri\u201d -\",\"isPartOf\":{\"@id\":\"https:\/\/veritasinfo.org\/#website\"},\"primaryImageOfPage\":{\"@id\":\"https:\/\/veritasinfo.org\/?p=45777#primaryimage\"},\"image\":{\"@id\":\"https:\/\/veritasinfo.org\/?p=45777#primaryimage\"},\"thumbnailUrl\":\"https:\/\/veritasinfo.org\/wp-content\/uploads\/2026\/04\/auto_3016959338841777551750.webp\",\"datePublished\":\"2026-04-30T12:54:49+00:00\",\"author\":{\"@id\":\"https:\/\/veritasinfo.org\/#\/schema\/person\/bc442336e35414d04494ab8fb45db4c6\"},\"breadcrumb\":{\"@id\":\"https:\/\/veritasinfo.org\/?p=45777#breadcrumb\"},\"inLanguage\":\"en-US\",\"potentialAction\":[{\"@type\":\"ReadAction\",\"target\":[\"https:\/\/veritasinfo.org\/?p=45777\"]}]},{\"@type\":\"ImageObject\",\"inLanguage\":\"en-US\",\"@id\":\"https:\/\/veritasinfo.org\/?p=45777#primaryimage\",\"url\":\"https:\/\/veritasinfo.org\/wp-content\/uploads\/2026\/04\/auto_3016959338841777551750.webp\",\"contentUrl\":\"https:\/\/veritasinfo.org\/wp-content\/uploads\/2026\/04\/auto_3016959338841777551750.webp\",\"width\":851,\"height\":478},{\"@type\":\"BreadcrumbList\",\"@id\":\"https:\/\/veritasinfo.org\/?p=45777#breadcrumb\",\"itemListElement\":[{\"@type\":\"ListItem\",\"position\":1,\"name\":\"Home\",\"item\":\"https:\/\/veritasinfo.org\/\"},{\"@type\":\"ListItem\",\"position\":2,\"name\":\"\u201cD\u00ebnimet p\u00ebr Banjsk\u00ebn forcojn\u00eb shtetin, por nuk eliminojn\u00eb rrezikun e ri\u201d\"}]},{\"@type\":\"WebSite\",\"@id\":\"https:\/\/veritasinfo.org\/#website\",\"url\":\"https:\/\/veritasinfo.org\/\",\"name\":\"\",\"description\":\"\",\"potentialAction\":[{\"@type\":\"SearchAction\",\"target\":{\"@type\":\"EntryPoint\",\"urlTemplate\":\"https:\/\/veritasinfo.org\/?s={search_term_string}\"},\"query-input\":{\"@type\":\"PropertyValueSpecification\",\"valueRequired\":true,\"valueName\":\"search_term_string\"}}],\"inLanguage\":\"en-US\"},{\"@type\":\"Person\",\"@id\":\"https:\/\/veritasinfo.org\/#\/schema\/person\/bc442336e35414d04494ab8fb45db4c6\",\"name\":\"US5\",\"image\":{\"@type\":\"ImageObject\",\"inLanguage\":\"en-US\",\"@id\":\"https:\/\/veritasinfo.org\/#\/schema\/person\/image\/\",\"url\":\"https:\/\/secure.gravatar.com\/avatar\/16a61e7272a0c5d001121ebb9e60e925d5816e4ac1e443ed3e640d9a6ae55d0c?s=96&d=mm&r=g\",\"contentUrl\":\"https:\/\/secure.gravatar.com\/avatar\/16a61e7272a0c5d001121ebb9e60e925d5816e4ac1e443ed3e640d9a6ae55d0c?s=96&d=mm&r=g\",\"caption\":\"US5\"},\"url\":\"https:\/\/veritasinfo.org\/?author=6\"}]}<\/script>\n<!-- \/ Yoast SEO plugin. -->","yoast_head_json":{"title":"\u201cD\u00ebnimet p\u00ebr Banjsk\u00ebn forcojn\u00eb shtetin, por nuk eliminojn\u00eb rrezikun e ri\u201d -","robots":{"index":"index","follow":"follow","max-snippet":"max-snippet:-1","max-image-preview":"max-image-preview:large","max-video-preview":"max-video-preview:-1"},"canonical":"https:\/\/veritasinfo.org\/?p=45777","og_locale":"en_US","og_type":"article","og_title":"\u201cD\u00ebnimet p\u00ebr Banjsk\u00ebn forcojn\u00eb shtetin, por nuk eliminojn\u00eb rrezikun e ri\u201d -","og_description":"Prishtin\u00eb 30 Prill 2026 14:53 Dy vite e gjys\u00ebm pasi ndodhi sulmi terrorist serb\u00eb n\u00eb Banjsk\u00eb, fajtor\u00ebt mor\u00ebn d\u00ebnimin meritor. Dy nga serb\u00ebt e p\u00ebrfshir\u00eb","og_url":"https:\/\/veritasinfo.org\/?p=45777","article_published_time":"2026-04-30T12:54:49+00:00","og_image":[{"width":851,"height":478,"url":"https:\/\/veritasinfo.org\/wp-content\/uploads\/2026\/04\/auto_3016959338841777551750.webp","type":"image\/webp"}],"author":"US5","twitter_card":"summary_large_image","twitter_misc":{"Written by":"US5","Est. reading time":"1 minute"},"schema":{"@context":"https:\/\/schema.org","@graph":[{"@type":"WebPage","@id":"https:\/\/veritasinfo.org\/?p=45777","url":"https:\/\/veritasinfo.org\/?p=45777","name":"\u201cD\u00ebnimet p\u00ebr Banjsk\u00ebn forcojn\u00eb shtetin, por nuk eliminojn\u00eb rrezikun e ri\u201d -","isPartOf":{"@id":"https:\/\/veritasinfo.org\/#website"},"primaryImageOfPage":{"@id":"https:\/\/veritasinfo.org\/?p=45777#primaryimage"},"image":{"@id":"https:\/\/veritasinfo.org\/?p=45777#primaryimage"},"thumbnailUrl":"https:\/\/veritasinfo.org\/wp-content\/uploads\/2026\/04\/auto_3016959338841777551750.webp","datePublished":"2026-04-30T12:54:49+00:00","author":{"@id":"https:\/\/veritasinfo.org\/#\/schema\/person\/bc442336e35414d04494ab8fb45db4c6"},"breadcrumb":{"@id":"https:\/\/veritasinfo.org\/?p=45777#breadcrumb"},"inLanguage":"en-US","potentialAction":[{"@type":"ReadAction","target":["https:\/\/veritasinfo.org\/?p=45777"]}]},{"@type":"ImageObject","inLanguage":"en-US","@id":"https:\/\/veritasinfo.org\/?p=45777#primaryimage","url":"https:\/\/veritasinfo.org\/wp-content\/uploads\/2026\/04\/auto_3016959338841777551750.webp","contentUrl":"https:\/\/veritasinfo.org\/wp-content\/uploads\/2026\/04\/auto_3016959338841777551750.webp","width":851,"height":478},{"@type":"BreadcrumbList","@id":"https:\/\/veritasinfo.org\/?p=45777#breadcrumb","itemListElement":[{"@type":"ListItem","position":1,"name":"Home","item":"https:\/\/veritasinfo.org\/"},{"@type":"ListItem","position":2,"name":"\u201cD\u00ebnimet p\u00ebr Banjsk\u00ebn forcojn\u00eb shtetin, por nuk eliminojn\u00eb rrezikun e ri\u201d"}]},{"@type":"WebSite","@id":"https:\/\/veritasinfo.org\/#website","url":"https:\/\/veritasinfo.org\/","name":"","description":"","potentialAction":[{"@type":"SearchAction","target":{"@type":"EntryPoint","urlTemplate":"https:\/\/veritasinfo.org\/?s={search_term_string}"},"query-input":{"@type":"PropertyValueSpecification","valueRequired":true,"valueName":"search_term_string"}}],"inLanguage":"en-US"},{"@type":"Person","@id":"https:\/\/veritasinfo.org\/#\/schema\/person\/bc442336e35414d04494ab8fb45db4c6","name":"US5","image":{"@type":"ImageObject","inLanguage":"en-US","@id":"https:\/\/veritasinfo.org\/#\/schema\/person\/image\/","url":"https:\/\/secure.gravatar.com\/avatar\/16a61e7272a0c5d001121ebb9e60e925d5816e4ac1e443ed3e640d9a6ae55d0c?s=96&d=mm&r=g","contentUrl":"https:\/\/secure.gravatar.com\/avatar\/16a61e7272a0c5d001121ebb9e60e925d5816e4ac1e443ed3e640d9a6ae55d0c?s=96&d=mm&r=g","caption":"US5"},"url":"https:\/\/veritasinfo.org\/?author=6"}]}},"featured_image_urls":{"full":["https:\/\/veritasinfo.org\/wp-content\/uploads\/2026\/04\/auto_3016959338841777551750.webp",851,478,false],"thumbnail":["https:\/\/veritasinfo.org\/wp-content\/uploads\/2026\/04\/auto_3016959338841777551750-150x150.webp",150,150,true],"medium":["https:\/\/veritasinfo.org\/wp-content\/uploads\/2026\/04\/auto_3016959338841777551750-300x169.webp",300,169,true],"medium_large":["https:\/\/veritasinfo.org\/wp-content\/uploads\/2026\/04\/auto_3016959338841777551750-768x431.webp",640,359,true],"large":["https:\/\/veritasinfo.org\/wp-content\/uploads\/2026\/04\/auto_3016959338841777551750.webp",640,359,false],"1536x1536":["https:\/\/veritasinfo.org\/wp-content\/uploads\/2026\/04\/auto_3016959338841777551750.webp",851,478,false],"2048x2048":["https:\/\/veritasinfo.org\/wp-content\/uploads\/2026\/04\/auto_3016959338841777551750.webp",851,478,false],"kreeti-slider-full":["https:\/\/veritasinfo.org\/wp-content\/uploads\/2026\/04\/auto_3016959338841777551750.webp",851,478,false],"kreeti-featured":["https:\/\/veritasinfo.org\/wp-content\/uploads\/2026\/04\/auto_3016959338841777551750.webp",851,478,false],"kreeti-medium":["https:\/\/veritasinfo.org\/wp-content\/uploads\/2026\/04\/auto_3016959338841777551750-720x478.webp",720,478,true],"kreeti-medium-square":["https:\/\/veritasinfo.org\/wp-content\/uploads\/2026\/04\/auto_3016959338841777551750-350x350.webp",350,350,true]},"author_info":{"info":["US5"]},"category_info":"<a href=\"https:\/\/veritasinfo.org\/?cat=60\" rel=\"category\">Shoq\u00ebrore<\/a>","tag_info":"Shoq\u00ebrore","comment_count":"0","_links":{"self":[{"href":"https:\/\/veritasinfo.org\/index.php?rest_route=\/wp\/v2\/posts\/45777","targetHints":{"allow":["GET"]}}],"collection":[{"href":"https:\/\/veritasinfo.org\/index.php?rest_route=\/wp\/v2\/posts"}],"about":[{"href":"https:\/\/veritasinfo.org\/index.php?rest_route=\/wp\/v2\/types\/post"}],"author":[{"embeddable":true,"href":"https:\/\/veritasinfo.org\/index.php?rest_route=\/wp\/v2\/users\/6"}],"replies":[{"embeddable":true,"href":"https:\/\/veritasinfo.org\/index.php?rest_route=%2Fwp%2Fv2%2Fcomments&post=45777"}],"version-history":[{"count":2,"href":"https:\/\/veritasinfo.org\/index.php?rest_route=\/wp\/v2\/posts\/45777\/revisions"}],"predecessor-version":[{"id":45780,"href":"https:\/\/veritasinfo.org\/index.php?rest_route=\/wp\/v2\/posts\/45777\/revisions\/45780"}],"wp:featuredmedia":[{"embeddable":true,"href":"https:\/\/veritasinfo.org\/index.php?rest_route=\/wp\/v2\/media\/45778"}],"wp:attachment":[{"href":"https:\/\/veritasinfo.org\/index.php?rest_route=%2Fwp%2Fv2%2Fmedia&parent=45777"}],"wp:term":[{"taxonomy":"category","embeddable":true,"href":"https:\/\/veritasinfo.org\/index.php?rest_route=%2Fwp%2Fv2%2Fcategories&post=45777"},{"taxonomy":"post_tag","embeddable":true,"href":"https:\/\/veritasinfo.org\/index.php?rest_route=%2Fwp%2Fv2%2Ftags&post=45777"}],"curies":[{"name":"wp","href":"https:\/\/api.w.org\/{rel}","templated":true}]}}