{"id":45768,"date":"2026-04-30T14:40:43","date_gmt":"2026-04-30T12:40:43","guid":{"rendered":"https:\/\/veritasinfo.org\/?p=45768"},"modified":"2026-04-30T14:40:43","modified_gmt":"2026-04-30T12:40:43","slug":"zvicra-dhe-kosova-forcojne-partneritetin","status":"publish","type":"post","link":"https:\/\/veritasinfo.org\/?p=45768","title":{"rendered":"Zvicra dhe Kosova forcojn\u00eb partneritetin"},"content":{"rendered":"<p>Prishtin\u00eb 30 Prill 2026. 14:30<\/p>\n<p>Gjat\u00eb 27 viteve t\u00eb fundit, Zvicra dhe Kosova kan\u00eb nd\u00ebrtuar nj\u00eb partneritet t\u00eb bazuar n\u00eb besim, vlera t\u00eb p\u00ebrbashk\u00ebta dhe rezultate t\u00eb prekshme. Gjat\u00eb k\u00ebsaj jave, ky bashk\u00ebpunim ka hyr\u00eb n\u00eb nj\u00eb faz\u00eb t\u00eb re, duke u orientuar drejt nj\u00eb partneriteti m\u00eb strategjik dhe t\u00eb nd\u00ebrsjell\u00eb mes dy vendeve.<\/p>\n<p>Programi i ri i Bashk\u00ebpunimit Zviceran p\u00ebr Kosov\u00ebn 2026-2029 pasqyron m\u00eb s\u00eb miri k\u00ebt\u00eb transformim, duke vazhduar mb\u00ebshtetjen p\u00ebr zhvillimin e Kosov\u00ebs, fuqizimin e institucioneve dhe qytetar\u00ebve p\u00ebrmes adresimit t\u00eb sfidave t\u00eb reja n\u00eb nj\u00eb kontekst q\u00eb po ndryshon me shpejt\u00ebsi.<\/p>\n<p>Nj\u00eb partneritet i nd\u00ebrtuar mbi rezultate<\/p>\n<p>Programi i ri i lansuar k\u00ebt\u00eb jav\u00eb nd\u00ebrtohet mbi nj\u00eb baz\u00eb t\u00eb fort\u00eb ve\u00e7an\u00ebrisht t\u00eb krijuar gjat\u00eb kat\u00ebr viteve t\u00eb fundit. N\u00eb krejt Kosov\u00ebn, iniciativat e mb\u00ebshtetura nga Zvicra kan\u00eb p\u00ebrmir\u00ebsuar jet\u00ebn e p\u00ebrditshme t\u00eb qytetar\u00ebve n\u00eb m\u00ebnyr\u00eb t\u00eb dukshme dhe dometh\u00ebn\u00ebse.<\/p>\n<p>Qeverisja lokale \u00ebsht\u00eb forcuar me mbi 700,000 qytetar\u00eb q\u00eb kan\u00eb p\u00ebrfituar nga infrastruktura dhe sh\u00ebrbimet m\u00eb t\u00eb mira komunale. Zhvillimi ekonomik \u00ebsht\u00eb mb\u00ebshtetur p\u00ebrmes krijimit t\u00eb vendeve t\u00eb pun\u00ebs, ku mbi 10,000 persona kan\u00eb siguruar pun\u00ebsim t\u00eb ri ose m\u00eb t\u00eb mir\u00eb, p\u00ebrfshir\u00eb gra dhe pjes\u00ebtar\u00eb t\u00eb komuniteteve jo-shumic\u00eb.<\/p>\n<p>P\u00ebrmes programit t\u00eb paqes, Zvicra ka mb\u00ebshtetur t\u00eb drejtat e njeriut, p\u00ebrballjen me t\u00eb kaluar\u00ebn dhe procesin e normalizimit me Serbin\u00eb, duke nxitur besimin dhe dialogun.<\/p>\n<p>N\u00eb t\u00eb nj\u00ebjt\u00ebn koh\u00eb, investimet n\u00eb sh\u00ebndet\u00ebsi kan\u00eb ndihmuar n\u00eb orientimin e sistemit drejt parandalimit, duke mb\u00ebshtetur mbi 140,000 persona n\u00eb menaxhimin e s\u00ebmundjeve kronike. Iniciativat n\u00eb mjedis dhe uj\u00eb kan\u00eb p\u00ebrmir\u00ebsuar q\u00ebndrueshm\u00ebrin\u00eb dhe menaxhimin e burimeve ujore, nd\u00ebrsa mb\u00ebshtetja p\u00ebr shoq\u00ebrin\u00eb civile dhe p\u00ebrfshirjen e saj ka zgjeruar mund\u00ebsit\u00eb p\u00ebr grupet e cenueshme. Bashk\u00ebpunimi n\u00eb fush\u00ebn e migrimit \u00ebsht\u00eb forcuar, duke p\u00ebrmir\u00ebsuar sistemet dhe kapacitetet n\u00eb p\u00ebrputhje me strategjit\u00eb komb\u00ebtare.<\/p>\n<p>K\u00ebto rezultate jo vet\u00ebm q\u00eb kan\u00eb forcuar institucionet e Kosov\u00ebs, por edhe kan\u00eb rritur besimin, kan\u00eb p\u00ebrmir\u00ebsuar sh\u00ebrbimet dhe kan\u00eb krijuar mund\u00ebsi t\u00eb reja n\u00eb t\u00eb gjith\u00eb vendin.<\/p>\n<p>Me shikimin nga e ardhmja: Nj\u00eb program i harmonizuar strategjikisht p\u00ebr 2026-2029<\/p>\n<p>Nd\u00ebrsa Kosova vazhdon rrug\u00ebn e saj t\u00eb zhvillimit, partneriteti zvicerano-kosovar avancon p\u00ebrmes nj\u00eb programi t\u00eb harmonizuar ngusht\u00eb me Strategjin\u00eb Komb\u00ebtare t\u00eb Zhvillimit t\u00eb Kosov\u00ebs, duke forcuar prioritetet e p\u00ebrbashk\u00ebta dhe objektivat afatgjata.<\/p>\n<p>Programi i ri fokusohet n\u00eb tre fusha kryesore:<\/p>\n<p>Qeverisja Demokratike dhe Paqja do t\u00eb mb\u00ebshtes\u00eb forcimin e institucioneve, p\u00ebrmir\u00ebsimin e llogaridh\u00ebnies dhe rritjen e pjes\u00ebmarrjes qytetare. Ai gjithashtu do t\u00eb vazhdoj\u00eb t\u00eb promovoj\u00eb dialogun, pajtimin dhe proceset gjith\u00ebp\u00ebrfshir\u00ebse q\u00eb kontribuojn\u00eb n\u00eb stabilitetin afatgjat\u00eb.<\/p>\n<p>Zhvillimi Ekonomik i Q\u00ebndruesh\u00ebm dhe Tranzicioni i Gjelb\u00ebr synon nd\u00ebrtimin e nj\u00eb ekonomie m\u00eb konkurruese dhe gjith\u00ebp\u00ebrfshir\u00ebse. Kjo p\u00ebrfshin mb\u00ebshtetjen e bizneseve, nxitjen e inovacionit dhe investimin n\u00eb zgjidhje t\u00eb q\u00ebndrueshme mjedisore, si zhvillimi urban i q\u00ebndruesh\u00ebm ndaj ndryshimeve klimatike dhe menaxhimi m\u00eb i mir\u00eb i ujit.<\/p>\n<p>Zhvillimi i Barabart\u00eb Njer\u00ebzor vendos n\u00eb qend\u00ebr qytetarin, duke p\u00ebrmir\u00ebsuar qasjen n\u00eb sh\u00ebrbimet sh\u00ebndet\u00ebsore, duke forcuar aft\u00ebsit\u00eb dhe mund\u00ebsit\u00eb p\u00ebr pun\u00ebsim, si dhe duke promovuar p\u00ebrfshirjen, ve\u00e7an\u00ebrisht p\u00ebr grat\u00eb dhe komunitetet n\u00eb nevoj\u00eb.<\/p>\n<p>N\u00eb t\u00eb nj\u00ebjt\u00ebn koh\u00eb, partneriteti i vazhduesh\u00ebm n\u00eb fush\u00ebn e migrimit nd\u00ebrmjet Zvicr\u00ebs dhe Kosov\u00ebs do t\u00eb vazhdoj\u00eb t\u00eb forcoj\u00eb sistemet e menaxhimit t\u00eb migrimit dhe bashk\u00ebpunimin n\u00eb k\u00ebt\u00eb fush\u00eb t\u00eb r\u00ebnd\u00ebsishme.<\/p>\n<p>Ajo q\u00eb e karakterizon k\u00ebt\u00eb faz\u00eb t\u00eb re nuk \u00ebsht\u00eb vet\u00ebm niveli i investimit prej 70 milion\u00eb eurove gjat\u00eb kat\u00ebr viteve t\u00eb ardhshme, por edhe natyra e k\u00ebtij partneriteti t\u00eb ve\u00e7ant\u00eb.<\/p>\n<p>Zvicra dhe Kosova po avancojn\u00eb drejt nj\u00eb partneriteti m\u00eb t\u00eb balancuar dhe t\u00eb vazhduesh\u00ebm, nj\u00eb partneritet i harmonizuar me prioritetet shtet\u00ebrore t\u00eb Kosov\u00ebs, i udh\u00ebhequr nga institucionet e saj dhe i mb\u00ebshtetur nga Zvicra p\u00ebr t\u00eb siguruar nj\u00eb ndikimm\u00eb afatgjat\u00eb.<\/p>\n<p>Nd\u00ebrsa Kosova vazhdon rrug\u00ebtimin e saj drejt zhvillimit, Zvicra mbetet nj\u00eb partner i p\u00ebrkushtuar, duke q\u00ebndruar pran\u00eb institucioneve, komuniteteve dhe qytetar\u00ebve n\u00eb nd\u00ebrtimin e nj\u00eb t\u00eb ardhmeje m\u00eb gjith\u00ebp\u00ebrfshir\u00ebse, t\u00eb q\u00ebndrueshme dhe m\u00eb prosperuese.<\/p>\n","protected":false},"excerpt":{"rendered":"<p>Prishtin\u00eb 30 Prill 2026. 14:30 Gjat\u00eb 27 viteve t\u00eb fundit, Zvicra dhe Kosova kan\u00eb nd\u00ebrtuar nj\u00eb partneritet t\u00eb bazuar n\u00eb besim, vlera t\u00eb p\u00ebrbashk\u00ebta dhe<\/p>\n","protected":false},"author":6,"featured_media":45769,"comment_status":"open","ping_status":"open","sticky":false,"template":"","format":"standard","meta":{"footnotes":""},"categories":[60],"tags":[],"class_list":["post-45768","post","type-post","status-publish","format-standard","has-post-thumbnail","hentry","category-shoqerore-sq"],"yoast_head":"<!-- This site is optimized with the Yoast SEO plugin v25.3.1 - https:\/\/yoast.com\/wordpress\/plugins\/seo\/ -->\n<title>Zvicra dhe Kosova forcojn\u00eb partneritetin -<\/title>\n<meta name=\"robots\" content=\"index, follow, max-snippet:-1, max-image-preview:large, max-video-preview:-1\" \/>\n<link rel=\"canonical\" href=\"https:\/\/veritasinfo.org\/?p=45768\" \/>\n<meta property=\"og:locale\" content=\"en_US\" \/>\n<meta property=\"og:type\" content=\"article\" \/>\n<meta property=\"og:title\" content=\"Zvicra dhe Kosova forcojn\u00eb partneritetin -\" \/>\n<meta property=\"og:description\" content=\"Prishtin\u00eb 30 Prill 2026. 14:30 Gjat\u00eb 27 viteve t\u00eb fundit, Zvicra dhe Kosova kan\u00eb nd\u00ebrtuar nj\u00eb partneritet t\u00eb bazuar n\u00eb besim, vlera t\u00eb p\u00ebrbashk\u00ebta dhe\" \/>\n<meta property=\"og:url\" content=\"https:\/\/veritasinfo.org\/?p=45768\" \/>\n<meta property=\"article:published_time\" content=\"2026-04-30T12:40:43+00:00\" \/>\n<meta property=\"og:image\" content=\"https:\/\/veritasinfo.org\/wp-content\/uploads\/2026\/04\/q3.jpg\" \/>\n\t<meta property=\"og:image:width\" content=\"1200\" \/>\n\t<meta property=\"og:image:height\" content=\"799\" \/>\n\t<meta property=\"og:image:type\" content=\"image\/jpeg\" \/>\n<meta name=\"author\" content=\"US5\" \/>\n<meta name=\"twitter:card\" content=\"summary_large_image\" \/>\n<meta name=\"twitter:label1\" content=\"Written by\" \/>\n\t<meta name=\"twitter:data1\" content=\"US5\" \/>\n\t<meta name=\"twitter:label2\" content=\"Est. reading time\" \/>\n\t<meta name=\"twitter:data2\" content=\"3 minutes\" \/>\n<script type=\"application\/ld+json\" class=\"yoast-schema-graph\">{\"@context\":\"https:\/\/schema.org\",\"@graph\":[{\"@type\":\"WebPage\",\"@id\":\"https:\/\/veritasinfo.org\/?p=45768\",\"url\":\"https:\/\/veritasinfo.org\/?p=45768\",\"name\":\"Zvicra dhe Kosova forcojn\u00eb partneritetin -\",\"isPartOf\":{\"@id\":\"https:\/\/veritasinfo.org\/#website\"},\"primaryImageOfPage\":{\"@id\":\"https:\/\/veritasinfo.org\/?p=45768#primaryimage\"},\"image\":{\"@id\":\"https:\/\/veritasinfo.org\/?p=45768#primaryimage\"},\"thumbnailUrl\":\"https:\/\/veritasinfo.org\/wp-content\/uploads\/2026\/04\/q3.jpg\",\"datePublished\":\"2026-04-30T12:40:43+00:00\",\"author\":{\"@id\":\"https:\/\/veritasinfo.org\/#\/schema\/person\/bc442336e35414d04494ab8fb45db4c6\"},\"breadcrumb\":{\"@id\":\"https:\/\/veritasinfo.org\/?p=45768#breadcrumb\"},\"inLanguage\":\"en-US\",\"potentialAction\":[{\"@type\":\"ReadAction\",\"target\":[\"https:\/\/veritasinfo.org\/?p=45768\"]}]},{\"@type\":\"ImageObject\",\"inLanguage\":\"en-US\",\"@id\":\"https:\/\/veritasinfo.org\/?p=45768#primaryimage\",\"url\":\"https:\/\/veritasinfo.org\/wp-content\/uploads\/2026\/04\/q3.jpg\",\"contentUrl\":\"https:\/\/veritasinfo.org\/wp-content\/uploads\/2026\/04\/q3.jpg\",\"width\":1200,\"height\":799},{\"@type\":\"BreadcrumbList\",\"@id\":\"https:\/\/veritasinfo.org\/?p=45768#breadcrumb\",\"itemListElement\":[{\"@type\":\"ListItem\",\"position\":1,\"name\":\"Home\",\"item\":\"https:\/\/veritasinfo.org\/\"},{\"@type\":\"ListItem\",\"position\":2,\"name\":\"Zvicra dhe Kosova forcojn\u00eb partneritetin\"}]},{\"@type\":\"WebSite\",\"@id\":\"https:\/\/veritasinfo.org\/#website\",\"url\":\"https:\/\/veritasinfo.org\/\",\"name\":\"\",\"description\":\"\",\"potentialAction\":[{\"@type\":\"SearchAction\",\"target\":{\"@type\":\"EntryPoint\",\"urlTemplate\":\"https:\/\/veritasinfo.org\/?s={search_term_string}\"},\"query-input\":{\"@type\":\"PropertyValueSpecification\",\"valueRequired\":true,\"valueName\":\"search_term_string\"}}],\"inLanguage\":\"en-US\"},{\"@type\":\"Person\",\"@id\":\"https:\/\/veritasinfo.org\/#\/schema\/person\/bc442336e35414d04494ab8fb45db4c6\",\"name\":\"US5\",\"image\":{\"@type\":\"ImageObject\",\"inLanguage\":\"en-US\",\"@id\":\"https:\/\/veritasinfo.org\/#\/schema\/person\/image\/\",\"url\":\"https:\/\/secure.gravatar.com\/avatar\/16a61e7272a0c5d001121ebb9e60e925d5816e4ac1e443ed3e640d9a6ae55d0c?s=96&d=mm&r=g\",\"contentUrl\":\"https:\/\/secure.gravatar.com\/avatar\/16a61e7272a0c5d001121ebb9e60e925d5816e4ac1e443ed3e640d9a6ae55d0c?s=96&d=mm&r=g\",\"caption\":\"US5\"},\"url\":\"https:\/\/veritasinfo.org\/?author=6\"}]}<\/script>\n<!-- \/ Yoast SEO plugin. -->","yoast_head_json":{"title":"Zvicra dhe Kosova forcojn\u00eb partneritetin -","robots":{"index":"index","follow":"follow","max-snippet":"max-snippet:-1","max-image-preview":"max-image-preview:large","max-video-preview":"max-video-preview:-1"},"canonical":"https:\/\/veritasinfo.org\/?p=45768","og_locale":"en_US","og_type":"article","og_title":"Zvicra dhe Kosova forcojn\u00eb partneritetin -","og_description":"Prishtin\u00eb 30 Prill 2026. 14:30 Gjat\u00eb 27 viteve t\u00eb fundit, Zvicra dhe Kosova kan\u00eb nd\u00ebrtuar nj\u00eb partneritet t\u00eb bazuar n\u00eb besim, vlera t\u00eb p\u00ebrbashk\u00ebta dhe","og_url":"https:\/\/veritasinfo.org\/?p=45768","article_published_time":"2026-04-30T12:40:43+00:00","og_image":[{"width":1200,"height":799,"url":"https:\/\/veritasinfo.org\/wp-content\/uploads\/2026\/04\/q3.jpg","type":"image\/jpeg"}],"author":"US5","twitter_card":"summary_large_image","twitter_misc":{"Written by":"US5","Est. reading time":"3 minutes"},"schema":{"@context":"https:\/\/schema.org","@graph":[{"@type":"WebPage","@id":"https:\/\/veritasinfo.org\/?p=45768","url":"https:\/\/veritasinfo.org\/?p=45768","name":"Zvicra dhe Kosova forcojn\u00eb partneritetin -","isPartOf":{"@id":"https:\/\/veritasinfo.org\/#website"},"primaryImageOfPage":{"@id":"https:\/\/veritasinfo.org\/?p=45768#primaryimage"},"image":{"@id":"https:\/\/veritasinfo.org\/?p=45768#primaryimage"},"thumbnailUrl":"https:\/\/veritasinfo.org\/wp-content\/uploads\/2026\/04\/q3.jpg","datePublished":"2026-04-30T12:40:43+00:00","author":{"@id":"https:\/\/veritasinfo.org\/#\/schema\/person\/bc442336e35414d04494ab8fb45db4c6"},"breadcrumb":{"@id":"https:\/\/veritasinfo.org\/?p=45768#breadcrumb"},"inLanguage":"en-US","potentialAction":[{"@type":"ReadAction","target":["https:\/\/veritasinfo.org\/?p=45768"]}]},{"@type":"ImageObject","inLanguage":"en-US","@id":"https:\/\/veritasinfo.org\/?p=45768#primaryimage","url":"https:\/\/veritasinfo.org\/wp-content\/uploads\/2026\/04\/q3.jpg","contentUrl":"https:\/\/veritasinfo.org\/wp-content\/uploads\/2026\/04\/q3.jpg","width":1200,"height":799},{"@type":"BreadcrumbList","@id":"https:\/\/veritasinfo.org\/?p=45768#breadcrumb","itemListElement":[{"@type":"ListItem","position":1,"name":"Home","item":"https:\/\/veritasinfo.org\/"},{"@type":"ListItem","position":2,"name":"Zvicra dhe Kosova forcojn\u00eb partneritetin"}]},{"@type":"WebSite","@id":"https:\/\/veritasinfo.org\/#website","url":"https:\/\/veritasinfo.org\/","name":"","description":"","potentialAction":[{"@type":"SearchAction","target":{"@type":"EntryPoint","urlTemplate":"https:\/\/veritasinfo.org\/?s={search_term_string}"},"query-input":{"@type":"PropertyValueSpecification","valueRequired":true,"valueName":"search_term_string"}}],"inLanguage":"en-US"},{"@type":"Person","@id":"https:\/\/veritasinfo.org\/#\/schema\/person\/bc442336e35414d04494ab8fb45db4c6","name":"US5","image":{"@type":"ImageObject","inLanguage":"en-US","@id":"https:\/\/veritasinfo.org\/#\/schema\/person\/image\/","url":"https:\/\/secure.gravatar.com\/avatar\/16a61e7272a0c5d001121ebb9e60e925d5816e4ac1e443ed3e640d9a6ae55d0c?s=96&d=mm&r=g","contentUrl":"https:\/\/secure.gravatar.com\/avatar\/16a61e7272a0c5d001121ebb9e60e925d5816e4ac1e443ed3e640d9a6ae55d0c?s=96&d=mm&r=g","caption":"US5"},"url":"https:\/\/veritasinfo.org\/?author=6"}]}},"featured_image_urls":{"full":["https:\/\/veritasinfo.org\/wp-content\/uploads\/2026\/04\/q3.jpg",1200,799,false],"thumbnail":["https:\/\/veritasinfo.org\/wp-content\/uploads\/2026\/04\/q3-150x150.jpg",150,150,true],"medium":["https:\/\/veritasinfo.org\/wp-content\/uploads\/2026\/04\/q3-300x200.jpg",300,200,true],"medium_large":["https:\/\/veritasinfo.org\/wp-content\/uploads\/2026\/04\/q3-768x511.jpg",640,426,true],"large":["https:\/\/veritasinfo.org\/wp-content\/uploads\/2026\/04\/q3-1024x682.jpg",640,426,true],"1536x1536":["https:\/\/veritasinfo.org\/wp-content\/uploads\/2026\/04\/q3.jpg",1200,799,false],"2048x2048":["https:\/\/veritasinfo.org\/wp-content\/uploads\/2026\/04\/q3.jpg",1200,799,false],"kreeti-slider-full":["https:\/\/veritasinfo.org\/wp-content\/uploads\/2026\/04\/q3-1200x720.jpg",1200,720,true],"kreeti-featured":["https:\/\/veritasinfo.org\/wp-content\/uploads\/2026\/04\/q3-1024x682.jpg",1024,682,true],"kreeti-medium":["https:\/\/veritasinfo.org\/wp-content\/uploads\/2026\/04\/q3-720x530.jpg",720,530,true],"kreeti-medium-square":["https:\/\/veritasinfo.org\/wp-content\/uploads\/2026\/04\/q3-350x350.jpg",350,350,true]},"author_info":{"info":["US5"]},"category_info":"<a href=\"https:\/\/veritasinfo.org\/?cat=60\" rel=\"category\">Shoq\u00ebrore<\/a>","tag_info":"Shoq\u00ebrore","comment_count":"0","_links":{"self":[{"href":"https:\/\/veritasinfo.org\/index.php?rest_route=\/wp\/v2\/posts\/45768","targetHints":{"allow":["GET"]}}],"collection":[{"href":"https:\/\/veritasinfo.org\/index.php?rest_route=\/wp\/v2\/posts"}],"about":[{"href":"https:\/\/veritasinfo.org\/index.php?rest_route=\/wp\/v2\/types\/post"}],"author":[{"embeddable":true,"href":"https:\/\/veritasinfo.org\/index.php?rest_route=\/wp\/v2\/users\/6"}],"replies":[{"embeddable":true,"href":"https:\/\/veritasinfo.org\/index.php?rest_route=%2Fwp%2Fv2%2Fcomments&post=45768"}],"version-history":[{"count":2,"href":"https:\/\/veritasinfo.org\/index.php?rest_route=\/wp\/v2\/posts\/45768\/revisions"}],"predecessor-version":[{"id":45771,"href":"https:\/\/veritasinfo.org\/index.php?rest_route=\/wp\/v2\/posts\/45768\/revisions\/45771"}],"wp:featuredmedia":[{"embeddable":true,"href":"https:\/\/veritasinfo.org\/index.php?rest_route=\/wp\/v2\/media\/45769"}],"wp:attachment":[{"href":"https:\/\/veritasinfo.org\/index.php?rest_route=%2Fwp%2Fv2%2Fmedia&parent=45768"}],"wp:term":[{"taxonomy":"category","embeddable":true,"href":"https:\/\/veritasinfo.org\/index.php?rest_route=%2Fwp%2Fv2%2Fcategories&post=45768"},{"taxonomy":"post_tag","embeddable":true,"href":"https:\/\/veritasinfo.org\/index.php?rest_route=%2Fwp%2Fv2%2Ftags&post=45768"}],"curies":[{"name":"wp","href":"https:\/\/api.w.org\/{rel}","templated":true}]}}