{"id":45764,"date":"2026-04-30T14:11:20","date_gmt":"2026-04-30T12:11:20","guid":{"rendered":"https:\/\/veritasinfo.org\/?p=45764"},"modified":"2026-04-30T14:11:36","modified_gmt":"2026-04-30T12:11:36","slug":"tuzilastvo-u-peci-odrzava-okrugli-sto-protiv-nasilja-u-porodici","status":"publish","type":"post","link":"https:\/\/veritasinfo.org\/?p=45764&lang=sr","title":{"rendered":"Tu\u017eila\u0161tvo u Pec\u0301i odr\u017eava okrugli sto protiv nasilja u porodici"},"content":{"rendered":"<p>Pri\u0161tina, 30. april 2026. 14:04<\/p>\n<p>Osnovno tu\u017eila\u0161tvo u Pec\u0301i odr\u017ealo je zajedni\u010dki sastanak sa predstavnicima lokalnih i me\u0111unarodnih institucija, u vezi sa postupanjem u slu\u010dajevima nasilja u porodici.<\/p>\n<p>Sastankom je rukovodila glavna tu\u017eiljka Osnovnog tu\u017eila\u0161tva u Pec\u0301i, Ljumturije Vu\u010detaj, zajedno sa koordinatorkom za slu\u010dajeve krivi\u010dnih dela \u201eNasilje u porodici\u201c, zamenikom glavnog tu\u017eioca Arlindom Nalbani-Gad\u017eaferi.<\/p>\n<p>Ovom sastanku su prisustvovali predstavnici Osnovnog suda u Pec\u0301i, Kosovske policije, zastupnika \u017ertava, centara za socijalni rad, skloni\u0161ta, regionalne bolnice u Pec\u0301i, psiholo\u0161ki stru\u010dnjak, kao i predstavnici me\u0111unarodnih misija Euleks i OEBS na Kosovu.<\/p>\n<p>Tokom sastanka razmatrano je postupanje u slu\u010dajevima nasilja u porodici, identifikacija i izbegavanje postojec\u0301ih nedostataka, kao i ja\u010danje institucionalnih saradnji u cilju povec\u0301anja efikasnosti i efikasnosti u postupanju u ovim slu\u010dajevima.<\/p>\n<p>Tako\u0111e su razmotreni predlozi za izricanje dodatnih kazni za slu\u010dajeve porodi\u010dnog nasilja, u skladu sa nedavnim izmenama Krivi\u010dnog zakona Republike Kosovo.<\/p>\n<p>Osnovno tu\u017eila\u0161tvo u Pec\u0301i, u saradnji sa svim relevantnim institucijama, ostaje posvec\u0301eno povec\u0301anju me\u0111uinstitucionalne saradnje i koordinacije u cilju spre\u010davanja slu\u010dajeva porodi\u010dnog nasilja, pru\u017eanja za\u0161tite i brige o \u017ertvama i izvo\u0111enja pred lice pravde svih koji vr\u0161e nasilje.<\/p>\n<p>Predsednik PDK-a Bedri Hamza odao je danas po\u010dast u Prekazu u \u010dast heroja Ilaz Kodre.<\/p>\n<p>Hamza je rekao da su Kodra i njegove saborce bili veliki ljudi koji nisu \u0161tedeli ni svoje \u017eivote za slobodu i domovinu.<\/p>\n<p>\u201eSa svojim kolegama, ovde sam da izrazim svoje po\u0161tovanje, svoju zahvalnost do ta\u010dke poniznosti prema nacionalnom heroju Ilazu Kodri, njegovim saborcima, mu\u010denicima koji su dali svoje \u017eivote za slobodu koju danas u\u017eivamo. Ve\u010dno zahvalan\u201c, izjavio je lider PDK-a.<\/p>\n<p>\u201eBili su to veliki ljudi, a veliki ljudi ne \u0161tede ni svoje \u017eivote za slobodu i za domovinu. Ve\u010dno po\u0161tovanje i zahvalnost nacionalnom heroju Ilazu Kodri i njegovim saborcima\u201c, rekao je.<\/p>\n","protected":false},"excerpt":{"rendered":"<p>Pri\u0161tina, 30. april 2026. 14:04 Osnovno tu\u017eila\u0161tvo u Pec\u0301i odr\u017ealo je zajedni\u010dki sastanak sa predstavnicima lokalnih i me\u0111unarodnih institucija, u vezi sa postupanjem u slu\u010dajevima<\/p>\n","protected":false},"author":6,"featured_media":45766,"comment_status":"open","ping_status":"open","sticky":false,"template":"","format":"standard","meta":{"footnotes":""},"categories":[30],"tags":[],"class_list":["post-45764","post","type-post","status-publish","format-standard","has-post-thumbnail","hentry","category-drustvo"],"yoast_head":"<!-- This site is optimized with the Yoast SEO plugin v25.3.1 - https:\/\/yoast.com\/wordpress\/plugins\/seo\/ -->\n<title>Tu\u017eila\u0161tvo u Pec\u0301i odr\u017eava okrugli sto protiv nasilja u porodici -<\/title>\n<meta name=\"robots\" content=\"index, follow, max-snippet:-1, max-image-preview:large, max-video-preview:-1\" \/>\n<link rel=\"canonical\" href=\"https:\/\/veritasinfo.org\/?p=45764&lang=sr\" \/>\n<meta property=\"og:locale\" content=\"en_US\" \/>\n<meta property=\"og:type\" content=\"article\" \/>\n<meta property=\"og:title\" content=\"Tu\u017eila\u0161tvo u Pec\u0301i odr\u017eava okrugli sto protiv nasilja u porodici -\" \/>\n<meta property=\"og:description\" content=\"Pri\u0161tina, 30. april 2026. 14:04 Osnovno tu\u017eila\u0161tvo u Pec\u0301i odr\u017ealo je zajedni\u010dki sastanak sa predstavnicima lokalnih i me\u0111unarodnih institucija, u vezi sa postupanjem u slu\u010dajevima\" \/>\n<meta property=\"og:url\" content=\"https:\/\/veritasinfo.org\/?p=45764&amp;lang=sr\" \/>\n<meta property=\"article:published_time\" content=\"2026-04-30T12:11:20+00:00\" \/>\n<meta property=\"article:modified_time\" content=\"2026-04-30T12:11:36+00:00\" \/>\n<meta property=\"og:image\" content=\"https:\/\/veritasinfo.org\/wp-content\/uploads\/2026\/04\/IMG-20260430-WA0001-1.jpg\" \/>\n\t<meta property=\"og:image:width\" content=\"1140\" \/>\n\t<meta property=\"og:image:height\" content=\"570\" \/>\n\t<meta property=\"og:image:type\" content=\"image\/jpeg\" \/>\n<meta name=\"author\" content=\"US5\" \/>\n<meta name=\"twitter:card\" content=\"summary_large_image\" \/>\n<meta name=\"twitter:label1\" content=\"Written by\" \/>\n\t<meta name=\"twitter:data1\" content=\"US5\" \/>\n\t<meta name=\"twitter:label2\" content=\"Est. reading time\" \/>\n\t<meta name=\"twitter:data2\" content=\"2 minutes\" \/>\n<script type=\"application\/ld+json\" class=\"yoast-schema-graph\">{\"@context\":\"https:\/\/schema.org\",\"@graph\":[{\"@type\":\"WebPage\",\"@id\":\"https:\/\/veritasinfo.org\/?p=45764&lang=sr\",\"url\":\"https:\/\/veritasinfo.org\/?p=45764&lang=sr\",\"name\":\"Tu\u017eila\u0161tvo u Pec\u0301i odr\u017eava okrugli sto protiv nasilja u porodici -\",\"isPartOf\":{\"@id\":\"https:\/\/veritasinfo.org\/#website\"},\"primaryImageOfPage\":{\"@id\":\"https:\/\/veritasinfo.org\/?p=45764&lang=sr#primaryimage\"},\"image\":{\"@id\":\"https:\/\/veritasinfo.org\/?p=45764&lang=sr#primaryimage\"},\"thumbnailUrl\":\"https:\/\/veritasinfo.org\/wp-content\/uploads\/2026\/04\/IMG-20260430-WA0001-1.jpg\",\"datePublished\":\"2026-04-30T12:11:20+00:00\",\"dateModified\":\"2026-04-30T12:11:36+00:00\",\"author\":{\"@id\":\"https:\/\/veritasinfo.org\/#\/schema\/person\/bc442336e35414d04494ab8fb45db4c6\"},\"breadcrumb\":{\"@id\":\"https:\/\/veritasinfo.org\/?p=45764&lang=sr#breadcrumb\"},\"inLanguage\":\"en-US\",\"potentialAction\":[{\"@type\":\"ReadAction\",\"target\":[\"https:\/\/veritasinfo.org\/?p=45764&lang=sr\"]}]},{\"@type\":\"ImageObject\",\"inLanguage\":\"en-US\",\"@id\":\"https:\/\/veritasinfo.org\/?p=45764&lang=sr#primaryimage\",\"url\":\"https:\/\/veritasinfo.org\/wp-content\/uploads\/2026\/04\/IMG-20260430-WA0001-1.jpg\",\"contentUrl\":\"https:\/\/veritasinfo.org\/wp-content\/uploads\/2026\/04\/IMG-20260430-WA0001-1.jpg\",\"width\":1140,\"height\":570},{\"@type\":\"BreadcrumbList\",\"@id\":\"https:\/\/veritasinfo.org\/?p=45764&lang=sr#breadcrumb\",\"itemListElement\":[{\"@type\":\"ListItem\",\"position\":1,\"name\":\"Home\",\"item\":\"https:\/\/veritasinfo.org\/\"},{\"@type\":\"ListItem\",\"position\":2,\"name\":\"Tu\u017eila\u0161tvo u Pec\u0301i odr\u017eava okrugli sto protiv nasilja u porodici\"}]},{\"@type\":\"WebSite\",\"@id\":\"https:\/\/veritasinfo.org\/#website\",\"url\":\"https:\/\/veritasinfo.org\/\",\"name\":\"\",\"description\":\"\",\"potentialAction\":[{\"@type\":\"SearchAction\",\"target\":{\"@type\":\"EntryPoint\",\"urlTemplate\":\"https:\/\/veritasinfo.org\/?s={search_term_string}\"},\"query-input\":{\"@type\":\"PropertyValueSpecification\",\"valueRequired\":true,\"valueName\":\"search_term_string\"}}],\"inLanguage\":\"en-US\"},{\"@type\":\"Person\",\"@id\":\"https:\/\/veritasinfo.org\/#\/schema\/person\/bc442336e35414d04494ab8fb45db4c6\",\"name\":\"US5\",\"image\":{\"@type\":\"ImageObject\",\"inLanguage\":\"en-US\",\"@id\":\"https:\/\/veritasinfo.org\/#\/schema\/person\/image\/\",\"url\":\"https:\/\/secure.gravatar.com\/avatar\/16a61e7272a0c5d001121ebb9e60e925d5816e4ac1e443ed3e640d9a6ae55d0c?s=96&d=mm&r=g\",\"contentUrl\":\"https:\/\/secure.gravatar.com\/avatar\/16a61e7272a0c5d001121ebb9e60e925d5816e4ac1e443ed3e640d9a6ae55d0c?s=96&d=mm&r=g\",\"caption\":\"US5\"},\"url\":\"https:\/\/veritasinfo.org\/?author=6\"}]}<\/script>\n<!-- \/ Yoast SEO plugin. -->","yoast_head_json":{"title":"Tu\u017eila\u0161tvo u Pec\u0301i odr\u017eava okrugli sto protiv nasilja u porodici -","robots":{"index":"index","follow":"follow","max-snippet":"max-snippet:-1","max-image-preview":"max-image-preview:large","max-video-preview":"max-video-preview:-1"},"canonical":"https:\/\/veritasinfo.org\/?p=45764&lang=sr","og_locale":"en_US","og_type":"article","og_title":"Tu\u017eila\u0161tvo u Pec\u0301i odr\u017eava okrugli sto protiv nasilja u porodici -","og_description":"Pri\u0161tina, 30. april 2026. 14:04 Osnovno tu\u017eila\u0161tvo u Pec\u0301i odr\u017ealo je zajedni\u010dki sastanak sa predstavnicima lokalnih i me\u0111unarodnih institucija, u vezi sa postupanjem u slu\u010dajevima","og_url":"https:\/\/veritasinfo.org\/?p=45764&lang=sr","article_published_time":"2026-04-30T12:11:20+00:00","article_modified_time":"2026-04-30T12:11:36+00:00","og_image":[{"width":1140,"height":570,"url":"https:\/\/veritasinfo.org\/wp-content\/uploads\/2026\/04\/IMG-20260430-WA0001-1.jpg","type":"image\/jpeg"}],"author":"US5","twitter_card":"summary_large_image","twitter_misc":{"Written by":"US5","Est. reading time":"2 minutes"},"schema":{"@context":"https:\/\/schema.org","@graph":[{"@type":"WebPage","@id":"https:\/\/veritasinfo.org\/?p=45764&lang=sr","url":"https:\/\/veritasinfo.org\/?p=45764&lang=sr","name":"Tu\u017eila\u0161tvo u Pec\u0301i odr\u017eava okrugli sto protiv nasilja u porodici -","isPartOf":{"@id":"https:\/\/veritasinfo.org\/#website"},"primaryImageOfPage":{"@id":"https:\/\/veritasinfo.org\/?p=45764&lang=sr#primaryimage"},"image":{"@id":"https:\/\/veritasinfo.org\/?p=45764&lang=sr#primaryimage"},"thumbnailUrl":"https:\/\/veritasinfo.org\/wp-content\/uploads\/2026\/04\/IMG-20260430-WA0001-1.jpg","datePublished":"2026-04-30T12:11:20+00:00","dateModified":"2026-04-30T12:11:36+00:00","author":{"@id":"https:\/\/veritasinfo.org\/#\/schema\/person\/bc442336e35414d04494ab8fb45db4c6"},"breadcrumb":{"@id":"https:\/\/veritasinfo.org\/?p=45764&lang=sr#breadcrumb"},"inLanguage":"en-US","potentialAction":[{"@type":"ReadAction","target":["https:\/\/veritasinfo.org\/?p=45764&lang=sr"]}]},{"@type":"ImageObject","inLanguage":"en-US","@id":"https:\/\/veritasinfo.org\/?p=45764&lang=sr#primaryimage","url":"https:\/\/veritasinfo.org\/wp-content\/uploads\/2026\/04\/IMG-20260430-WA0001-1.jpg","contentUrl":"https:\/\/veritasinfo.org\/wp-content\/uploads\/2026\/04\/IMG-20260430-WA0001-1.jpg","width":1140,"height":570},{"@type":"BreadcrumbList","@id":"https:\/\/veritasinfo.org\/?p=45764&lang=sr#breadcrumb","itemListElement":[{"@type":"ListItem","position":1,"name":"Home","item":"https:\/\/veritasinfo.org\/"},{"@type":"ListItem","position":2,"name":"Tu\u017eila\u0161tvo u Pec\u0301i odr\u017eava okrugli sto protiv nasilja u porodici"}]},{"@type":"WebSite","@id":"https:\/\/veritasinfo.org\/#website","url":"https:\/\/veritasinfo.org\/","name":"","description":"","potentialAction":[{"@type":"SearchAction","target":{"@type":"EntryPoint","urlTemplate":"https:\/\/veritasinfo.org\/?s={search_term_string}"},"query-input":{"@type":"PropertyValueSpecification","valueRequired":true,"valueName":"search_term_string"}}],"inLanguage":"en-US"},{"@type":"Person","@id":"https:\/\/veritasinfo.org\/#\/schema\/person\/bc442336e35414d04494ab8fb45db4c6","name":"US5","image":{"@type":"ImageObject","inLanguage":"en-US","@id":"https:\/\/veritasinfo.org\/#\/schema\/person\/image\/","url":"https:\/\/secure.gravatar.com\/avatar\/16a61e7272a0c5d001121ebb9e60e925d5816e4ac1e443ed3e640d9a6ae55d0c?s=96&d=mm&r=g","contentUrl":"https:\/\/secure.gravatar.com\/avatar\/16a61e7272a0c5d001121ebb9e60e925d5816e4ac1e443ed3e640d9a6ae55d0c?s=96&d=mm&r=g","caption":"US5"},"url":"https:\/\/veritasinfo.org\/?author=6"}]}},"featured_image_urls":{"full":["https:\/\/veritasinfo.org\/wp-content\/uploads\/2026\/04\/IMG-20260430-WA0001-1.jpg",1140,570,false],"thumbnail":["https:\/\/veritasinfo.org\/wp-content\/uploads\/2026\/04\/IMG-20260430-WA0001-1-150x150.jpg",150,150,true],"medium":["https:\/\/veritasinfo.org\/wp-content\/uploads\/2026\/04\/IMG-20260430-WA0001-1-300x150.jpg",300,150,true],"medium_large":["https:\/\/veritasinfo.org\/wp-content\/uploads\/2026\/04\/IMG-20260430-WA0001-1-768x384.jpg",640,320,true],"large":["https:\/\/veritasinfo.org\/wp-content\/uploads\/2026\/04\/IMG-20260430-WA0001-1-1024x512.jpg",640,320,true],"1536x1536":["https:\/\/veritasinfo.org\/wp-content\/uploads\/2026\/04\/IMG-20260430-WA0001-1.jpg",1140,570,false],"2048x2048":["https:\/\/veritasinfo.org\/wp-content\/uploads\/2026\/04\/IMG-20260430-WA0001-1.jpg",1140,570,false],"kreeti-slider-full":["https:\/\/veritasinfo.org\/wp-content\/uploads\/2026\/04\/IMG-20260430-WA0001-1.jpg",1140,570,false],"kreeti-featured":["https:\/\/veritasinfo.org\/wp-content\/uploads\/2026\/04\/IMG-20260430-WA0001-1-1024x512.jpg",1024,512,true],"kreeti-medium":["https:\/\/veritasinfo.org\/wp-content\/uploads\/2026\/04\/IMG-20260430-WA0001-1-720x530.jpg",720,530,true],"kreeti-medium-square":["https:\/\/veritasinfo.org\/wp-content\/uploads\/2026\/04\/IMG-20260430-WA0001-1-350x350.jpg",350,350,true]},"author_info":{"info":["US5"]},"category_info":"<a href=\"https:\/\/veritasinfo.org\/?cat=30&#038;lang=sr\" rel=\"category\">Dru\u0161tvo<\/a>","tag_info":"Dru\u0161tvo","comment_count":"0","_links":{"self":[{"href":"https:\/\/veritasinfo.org\/index.php?rest_route=\/wp\/v2\/posts\/45764","targetHints":{"allow":["GET"]}}],"collection":[{"href":"https:\/\/veritasinfo.org\/index.php?rest_route=\/wp\/v2\/posts"}],"about":[{"href":"https:\/\/veritasinfo.org\/index.php?rest_route=\/wp\/v2\/types\/post"}],"author":[{"embeddable":true,"href":"https:\/\/veritasinfo.org\/index.php?rest_route=\/wp\/v2\/users\/6"}],"replies":[{"embeddable":true,"href":"https:\/\/veritasinfo.org\/index.php?rest_route=%2Fwp%2Fv2%2Fcomments&post=45764"}],"version-history":[{"count":1,"href":"https:\/\/veritasinfo.org\/index.php?rest_route=\/wp\/v2\/posts\/45764\/revisions"}],"predecessor-version":[{"id":45767,"href":"https:\/\/veritasinfo.org\/index.php?rest_route=\/wp\/v2\/posts\/45764\/revisions\/45767"}],"wp:featuredmedia":[{"embeddable":true,"href":"https:\/\/veritasinfo.org\/index.php?rest_route=\/wp\/v2\/media\/45766"}],"wp:attachment":[{"href":"https:\/\/veritasinfo.org\/index.php?rest_route=%2Fwp%2Fv2%2Fmedia&parent=45764"}],"wp:term":[{"taxonomy":"category","embeddable":true,"href":"https:\/\/veritasinfo.org\/index.php?rest_route=%2Fwp%2Fv2%2Fcategories&post=45764"},{"taxonomy":"post_tag","embeddable":true,"href":"https:\/\/veritasinfo.org\/index.php?rest_route=%2Fwp%2Fv2%2Ftags&post=45764"}],"curies":[{"name":"wp","href":"https:\/\/api.w.org\/{rel}","templated":true}]}}