{"id":45759,"date":"2026-04-30T14:06:04","date_gmt":"2026-04-30T12:06:04","guid":{"rendered":"https:\/\/veritasinfo.org\/?p=45759"},"modified":"2026-04-30T14:06:04","modified_gmt":"2026-04-30T12:06:04","slug":"prokuroria-ne-peje-tryeze-kunder-dhunes-ne-familje","status":"publish","type":"post","link":"https:\/\/veritasinfo.org\/?p=45759","title":{"rendered":"Prokuroria n\u00eb Pej\u00eb tryez\u00eb kund\u00ebr dhun\u00ebs n\u00eb familje"},"content":{"rendered":"<p>Prishtin\u00eb 30 Prill 2026. 14:04<\/p>\n<p>Prokuroria Themelore n\u00eb Pej\u00eb ka mbajtur nj\u00eb takim t\u00eb p\u00ebrbashk\u00ebt me p\u00ebrfaq\u00ebsues t\u00eb institucioneve vendore dhe nd\u00ebrkomb\u00ebtare, lidhur me trajtimin e rasteve t\u00eb dhun\u00ebs n\u00eb familje.<\/p>\n<p>Takimi u udh\u00ebhoq nga kryeprokurorja e Prokuroris\u00eb Themelore n\u00eb Pej\u00eb, Lumturije Vucetaj, s\u00eb bashku me koordinatoren p\u00ebr rastet e veprave penale t\u00eb \u201cDhun\u00ebs n\u00eb familje\u201d, z\u00ebvend\u00ebs-kryeprokuroren Arlinda Nallbani-Gacaferri.<\/p>\n<p>N\u00eb k\u00ebt\u00eb takim mor\u00ebn pjes\u00eb p\u00ebrfaq\u00ebsues t\u00eb Gjykat\u00ebs Themelore n\u00eb Pej\u00eb, Policis\u00eb s\u00eb Kosov\u00ebs, Mbrojt\u00ebsi i viktimave, Qendrave p\u00ebr Pun\u00eb Sociale, Strehimores, Spitalit Rajonal t\u00eb Pej\u00ebs, ekspert psikolog si dhe p\u00ebrfaq\u00ebsues t\u00eb misioneve nd\u00ebrkomb\u00ebtare EULEX dhe OSCE n\u00eb Kosov\u00eb.<\/p>\n<p>Gjat\u00eb takimit u diskutua p\u00ebr trajtimin e rasteve t\u00eb dhun\u00ebs n\u00eb familje, identifikimin dhe evitimin e mang\u00ebsive ekzistuese, si dhe p\u00ebr forcimin e hallkave t\u00eb bashk\u00ebpunimit institucional me q\u00ebllim rritjen e efektivitetit dhe efikasitetit n\u00eb trajtimin e k\u00ebtyre rasteve.<\/p>\n<p>Po ashtu, u shqyrtuan propozime p\u00ebr shqiptimin e d\u00ebnimeve plot\u00ebsuese p\u00ebr rastet e dhun\u00ebs n\u00eb familje, n\u00eb p\u00ebrputhje me ndryshimet e fundit n\u00eb Kodin Penal t\u00eb Republik\u00ebs s\u00eb Kosov\u00ebs.<\/p>\n<p>Prokuroria Themelore n\u00eb Pej\u00eb, n\u00eb bashk\u00ebpunim me t\u00eb gjitha institucionet relevante, mbetet e p\u00ebrkushtuar n\u00eb rritjen e bashk\u00ebpunimit dhe bashk\u00ebrendimit nd\u00ebrinstitucional p\u00ebr parandalimin e rasteve t\u00eb dhun\u00ebs n\u00eb familje, ofrimin e mbrojtjes dhe kujdesit p\u00ebr viktimat, si dhe v\u00ebnien para drejt\u00ebsis\u00eb t\u00eb t\u00eb gjith\u00eb atyre q\u00eb ushtrojn\u00eb dhun\u00eb.<\/p>\n<p>Kryetari i PDK-s\u00eb Bedri Hamza, ka b\u00ebr\u00eb homazhe sot n\u00eb Prekaz n\u00eb nderim t\u00eb heroit Ilaz Kodra.<\/p>\n<p>Hamza tha se Kodra dhe bashk\u00eb luft\u00ebtar\u00ebt e tij ishin njer\u00ebz t\u00eb m\u00ebdhenj q\u00eb nuk e kursyen as jet\u00ebn p\u00ebr liri dhe p\u00ebr atdhe.<\/p>\n<p>\u201cMe bashk\u00ebpun\u00ebtor\u00eb jam k\u00ebtu p\u00ebr t\u00eb shprehur respektin, fal\u00ebnderimin deri n\u00eb p\u00ebrulje p\u00ebr heroin e kombit Ilaz Kodra, me bashk\u00ebluft\u00ebtar\u00ebt e tij, me d\u00ebshmor\u00ebt q\u00eb e dhan\u00eb jet\u00ebn q\u00eb dhan\u00eb jet\u00ebn p\u00ebr liri q\u00eb na sot e g\u00ebzojm\u00eb. Mir\u00ebnjoh\u00ebs p\u00ebrjet\u00eb\u201d, deklaroi kreu i PDK-s\u00eb.<\/p>\n<p>\u201cKan\u00eb qen\u00eb njer\u00ebz t\u00eb m\u00ebdhenj dhe njer\u00ebzit e m\u00ebdhenj, p\u00ebr lirin\u00eb dhe p\u00ebr atdheun nuk e kursejn\u00eb as jet\u00ebn. Respekt dhe fal\u00ebnderim i p\u00ebrjetsh\u00ebm p\u00ebr heroin e kombit Ilaz Kodra dhe bashk\u00ebluft\u00ebtar\u00ebt e tij\u201d, u shpreh ai<\/p>\n","protected":false},"excerpt":{"rendered":"<p>Prishtin\u00eb 30 Prill 2026. 14:04 Prokuroria Themelore n\u00eb Pej\u00eb ka mbajtur nj\u00eb takim t\u00eb p\u00ebrbashk\u00ebt me p\u00ebrfaq\u00ebsues t\u00eb institucioneve vendore dhe nd\u00ebrkomb\u00ebtare, lidhur me trajtimin<\/p>\n","protected":false},"author":6,"featured_media":45760,"comment_status":"open","ping_status":"open","sticky":false,"template":"","format":"standard","meta":{"footnotes":""},"categories":[60],"tags":[],"class_list":["post-45759","post","type-post","status-publish","format-standard","has-post-thumbnail","hentry","category-shoqerore-sq"],"yoast_head":"<!-- This site is optimized with the Yoast SEO plugin v25.3.1 - https:\/\/yoast.com\/wordpress\/plugins\/seo\/ -->\n<title>Prokuroria n\u00eb Pej\u00eb tryez\u00eb kund\u00ebr dhun\u00ebs n\u00eb familje -<\/title>\n<meta name=\"robots\" content=\"index, follow, max-snippet:-1, max-image-preview:large, max-video-preview:-1\" \/>\n<link rel=\"canonical\" href=\"https:\/\/veritasinfo.org\/?p=45759\" \/>\n<meta property=\"og:locale\" content=\"en_US\" \/>\n<meta property=\"og:type\" content=\"article\" \/>\n<meta property=\"og:title\" content=\"Prokuroria n\u00eb Pej\u00eb tryez\u00eb kund\u00ebr dhun\u00ebs n\u00eb familje -\" \/>\n<meta property=\"og:description\" content=\"Prishtin\u00eb 30 Prill 2026. 14:04 Prokuroria Themelore n\u00eb Pej\u00eb ka mbajtur nj\u00eb takim t\u00eb p\u00ebrbashk\u00ebt me p\u00ebrfaq\u00ebsues t\u00eb institucioneve vendore dhe nd\u00ebrkomb\u00ebtare, lidhur me trajtimin\" \/>\n<meta property=\"og:url\" content=\"https:\/\/veritasinfo.org\/?p=45759\" \/>\n<meta property=\"article:published_time\" content=\"2026-04-30T12:06:04+00:00\" \/>\n<meta property=\"og:image\" content=\"https:\/\/veritasinfo.org\/wp-content\/uploads\/2026\/04\/IMG-20260430-WA0001.jpg\" \/>\n\t<meta property=\"og:image:width\" content=\"1140\" \/>\n\t<meta property=\"og:image:height\" content=\"570\" \/>\n\t<meta property=\"og:image:type\" content=\"image\/jpeg\" \/>\n<meta name=\"author\" content=\"US5\" \/>\n<meta name=\"twitter:card\" content=\"summary_large_image\" \/>\n<meta name=\"twitter:label1\" content=\"Written by\" \/>\n\t<meta name=\"twitter:data1\" content=\"US5\" \/>\n\t<meta name=\"twitter:label2\" content=\"Est. reading time\" \/>\n\t<meta name=\"twitter:data2\" content=\"1 minute\" \/>\n<script type=\"application\/ld+json\" class=\"yoast-schema-graph\">{\"@context\":\"https:\/\/schema.org\",\"@graph\":[{\"@type\":\"WebPage\",\"@id\":\"https:\/\/veritasinfo.org\/?p=45759\",\"url\":\"https:\/\/veritasinfo.org\/?p=45759\",\"name\":\"Prokuroria n\u00eb Pej\u00eb tryez\u00eb kund\u00ebr dhun\u00ebs n\u00eb familje -\",\"isPartOf\":{\"@id\":\"https:\/\/veritasinfo.org\/#website\"},\"primaryImageOfPage\":{\"@id\":\"https:\/\/veritasinfo.org\/?p=45759#primaryimage\"},\"image\":{\"@id\":\"https:\/\/veritasinfo.org\/?p=45759#primaryimage\"},\"thumbnailUrl\":\"https:\/\/veritasinfo.org\/wp-content\/uploads\/2026\/04\/IMG-20260430-WA0001.jpg\",\"datePublished\":\"2026-04-30T12:06:04+00:00\",\"author\":{\"@id\":\"https:\/\/veritasinfo.org\/#\/schema\/person\/bc442336e35414d04494ab8fb45db4c6\"},\"breadcrumb\":{\"@id\":\"https:\/\/veritasinfo.org\/?p=45759#breadcrumb\"},\"inLanguage\":\"en-US\",\"potentialAction\":[{\"@type\":\"ReadAction\",\"target\":[\"https:\/\/veritasinfo.org\/?p=45759\"]}]},{\"@type\":\"ImageObject\",\"inLanguage\":\"en-US\",\"@id\":\"https:\/\/veritasinfo.org\/?p=45759#primaryimage\",\"url\":\"https:\/\/veritasinfo.org\/wp-content\/uploads\/2026\/04\/IMG-20260430-WA0001.jpg\",\"contentUrl\":\"https:\/\/veritasinfo.org\/wp-content\/uploads\/2026\/04\/IMG-20260430-WA0001.jpg\",\"width\":1140,\"height\":570},{\"@type\":\"BreadcrumbList\",\"@id\":\"https:\/\/veritasinfo.org\/?p=45759#breadcrumb\",\"itemListElement\":[{\"@type\":\"ListItem\",\"position\":1,\"name\":\"Home\",\"item\":\"https:\/\/veritasinfo.org\/\"},{\"@type\":\"ListItem\",\"position\":2,\"name\":\"Prokuroria n\u00eb Pej\u00eb tryez\u00eb kund\u00ebr dhun\u00ebs n\u00eb familje\"}]},{\"@type\":\"WebSite\",\"@id\":\"https:\/\/veritasinfo.org\/#website\",\"url\":\"https:\/\/veritasinfo.org\/\",\"name\":\"\",\"description\":\"\",\"potentialAction\":[{\"@type\":\"SearchAction\",\"target\":{\"@type\":\"EntryPoint\",\"urlTemplate\":\"https:\/\/veritasinfo.org\/?s={search_term_string}\"},\"query-input\":{\"@type\":\"PropertyValueSpecification\",\"valueRequired\":true,\"valueName\":\"search_term_string\"}}],\"inLanguage\":\"en-US\"},{\"@type\":\"Person\",\"@id\":\"https:\/\/veritasinfo.org\/#\/schema\/person\/bc442336e35414d04494ab8fb45db4c6\",\"name\":\"US5\",\"image\":{\"@type\":\"ImageObject\",\"inLanguage\":\"en-US\",\"@id\":\"https:\/\/veritasinfo.org\/#\/schema\/person\/image\/\",\"url\":\"https:\/\/secure.gravatar.com\/avatar\/16a61e7272a0c5d001121ebb9e60e925d5816e4ac1e443ed3e640d9a6ae55d0c?s=96&d=mm&r=g\",\"contentUrl\":\"https:\/\/secure.gravatar.com\/avatar\/16a61e7272a0c5d001121ebb9e60e925d5816e4ac1e443ed3e640d9a6ae55d0c?s=96&d=mm&r=g\",\"caption\":\"US5\"},\"url\":\"https:\/\/veritasinfo.org\/?author=6\"}]}<\/script>\n<!-- \/ Yoast SEO plugin. -->","yoast_head_json":{"title":"Prokuroria n\u00eb Pej\u00eb tryez\u00eb kund\u00ebr dhun\u00ebs n\u00eb familje -","robots":{"index":"index","follow":"follow","max-snippet":"max-snippet:-1","max-image-preview":"max-image-preview:large","max-video-preview":"max-video-preview:-1"},"canonical":"https:\/\/veritasinfo.org\/?p=45759","og_locale":"en_US","og_type":"article","og_title":"Prokuroria n\u00eb Pej\u00eb tryez\u00eb kund\u00ebr dhun\u00ebs n\u00eb familje -","og_description":"Prishtin\u00eb 30 Prill 2026. 14:04 Prokuroria Themelore n\u00eb Pej\u00eb ka mbajtur nj\u00eb takim t\u00eb p\u00ebrbashk\u00ebt me p\u00ebrfaq\u00ebsues t\u00eb institucioneve vendore dhe nd\u00ebrkomb\u00ebtare, lidhur me trajtimin","og_url":"https:\/\/veritasinfo.org\/?p=45759","article_published_time":"2026-04-30T12:06:04+00:00","og_image":[{"width":1140,"height":570,"url":"https:\/\/veritasinfo.org\/wp-content\/uploads\/2026\/04\/IMG-20260430-WA0001.jpg","type":"image\/jpeg"}],"author":"US5","twitter_card":"summary_large_image","twitter_misc":{"Written by":"US5","Est. reading time":"1 minute"},"schema":{"@context":"https:\/\/schema.org","@graph":[{"@type":"WebPage","@id":"https:\/\/veritasinfo.org\/?p=45759","url":"https:\/\/veritasinfo.org\/?p=45759","name":"Prokuroria n\u00eb Pej\u00eb tryez\u00eb kund\u00ebr dhun\u00ebs n\u00eb familje -","isPartOf":{"@id":"https:\/\/veritasinfo.org\/#website"},"primaryImageOfPage":{"@id":"https:\/\/veritasinfo.org\/?p=45759#primaryimage"},"image":{"@id":"https:\/\/veritasinfo.org\/?p=45759#primaryimage"},"thumbnailUrl":"https:\/\/veritasinfo.org\/wp-content\/uploads\/2026\/04\/IMG-20260430-WA0001.jpg","datePublished":"2026-04-30T12:06:04+00:00","author":{"@id":"https:\/\/veritasinfo.org\/#\/schema\/person\/bc442336e35414d04494ab8fb45db4c6"},"breadcrumb":{"@id":"https:\/\/veritasinfo.org\/?p=45759#breadcrumb"},"inLanguage":"en-US","potentialAction":[{"@type":"ReadAction","target":["https:\/\/veritasinfo.org\/?p=45759"]}]},{"@type":"ImageObject","inLanguage":"en-US","@id":"https:\/\/veritasinfo.org\/?p=45759#primaryimage","url":"https:\/\/veritasinfo.org\/wp-content\/uploads\/2026\/04\/IMG-20260430-WA0001.jpg","contentUrl":"https:\/\/veritasinfo.org\/wp-content\/uploads\/2026\/04\/IMG-20260430-WA0001.jpg","width":1140,"height":570},{"@type":"BreadcrumbList","@id":"https:\/\/veritasinfo.org\/?p=45759#breadcrumb","itemListElement":[{"@type":"ListItem","position":1,"name":"Home","item":"https:\/\/veritasinfo.org\/"},{"@type":"ListItem","position":2,"name":"Prokuroria n\u00eb Pej\u00eb tryez\u00eb kund\u00ebr dhun\u00ebs n\u00eb familje"}]},{"@type":"WebSite","@id":"https:\/\/veritasinfo.org\/#website","url":"https:\/\/veritasinfo.org\/","name":"","description":"","potentialAction":[{"@type":"SearchAction","target":{"@type":"EntryPoint","urlTemplate":"https:\/\/veritasinfo.org\/?s={search_term_string}"},"query-input":{"@type":"PropertyValueSpecification","valueRequired":true,"valueName":"search_term_string"}}],"inLanguage":"en-US"},{"@type":"Person","@id":"https:\/\/veritasinfo.org\/#\/schema\/person\/bc442336e35414d04494ab8fb45db4c6","name":"US5","image":{"@type":"ImageObject","inLanguage":"en-US","@id":"https:\/\/veritasinfo.org\/#\/schema\/person\/image\/","url":"https:\/\/secure.gravatar.com\/avatar\/16a61e7272a0c5d001121ebb9e60e925d5816e4ac1e443ed3e640d9a6ae55d0c?s=96&d=mm&r=g","contentUrl":"https:\/\/secure.gravatar.com\/avatar\/16a61e7272a0c5d001121ebb9e60e925d5816e4ac1e443ed3e640d9a6ae55d0c?s=96&d=mm&r=g","caption":"US5"},"url":"https:\/\/veritasinfo.org\/?author=6"}]}},"featured_image_urls":{"full":["https:\/\/veritasinfo.org\/wp-content\/uploads\/2026\/04\/IMG-20260430-WA0001.jpg",1140,570,false],"thumbnail":["https:\/\/veritasinfo.org\/wp-content\/uploads\/2026\/04\/IMG-20260430-WA0001-150x150.jpg",150,150,true],"medium":["https:\/\/veritasinfo.org\/wp-content\/uploads\/2026\/04\/IMG-20260430-WA0001-300x150.jpg",300,150,true],"medium_large":["https:\/\/veritasinfo.org\/wp-content\/uploads\/2026\/04\/IMG-20260430-WA0001-768x384.jpg",640,320,true],"large":["https:\/\/veritasinfo.org\/wp-content\/uploads\/2026\/04\/IMG-20260430-WA0001-1024x512.jpg",640,320,true],"1536x1536":["https:\/\/veritasinfo.org\/wp-content\/uploads\/2026\/04\/IMG-20260430-WA0001.jpg",1140,570,false],"2048x2048":["https:\/\/veritasinfo.org\/wp-content\/uploads\/2026\/04\/IMG-20260430-WA0001.jpg",1140,570,false],"kreeti-slider-full":["https:\/\/veritasinfo.org\/wp-content\/uploads\/2026\/04\/IMG-20260430-WA0001.jpg",1140,570,false],"kreeti-featured":["https:\/\/veritasinfo.org\/wp-content\/uploads\/2026\/04\/IMG-20260430-WA0001-1024x512.jpg",1024,512,true],"kreeti-medium":["https:\/\/veritasinfo.org\/wp-content\/uploads\/2026\/04\/IMG-20260430-WA0001-720x530.jpg",720,530,true],"kreeti-medium-square":["https:\/\/veritasinfo.org\/wp-content\/uploads\/2026\/04\/IMG-20260430-WA0001-350x350.jpg",350,350,true]},"author_info":{"info":["US5"]},"category_info":"<a href=\"https:\/\/veritasinfo.org\/?cat=60\" rel=\"category\">Shoq\u00ebrore<\/a>","tag_info":"Shoq\u00ebrore","comment_count":"0","_links":{"self":[{"href":"https:\/\/veritasinfo.org\/index.php?rest_route=\/wp\/v2\/posts\/45759","targetHints":{"allow":["GET"]}}],"collection":[{"href":"https:\/\/veritasinfo.org\/index.php?rest_route=\/wp\/v2\/posts"}],"about":[{"href":"https:\/\/veritasinfo.org\/index.php?rest_route=\/wp\/v2\/types\/post"}],"author":[{"embeddable":true,"href":"https:\/\/veritasinfo.org\/index.php?rest_route=\/wp\/v2\/users\/6"}],"replies":[{"embeddable":true,"href":"https:\/\/veritasinfo.org\/index.php?rest_route=%2Fwp%2Fv2%2Fcomments&post=45759"}],"version-history":[{"count":2,"href":"https:\/\/veritasinfo.org\/index.php?rest_route=\/wp\/v2\/posts\/45759\/revisions"}],"predecessor-version":[{"id":45762,"href":"https:\/\/veritasinfo.org\/index.php?rest_route=\/wp\/v2\/posts\/45759\/revisions\/45762"}],"wp:featuredmedia":[{"embeddable":true,"href":"https:\/\/veritasinfo.org\/index.php?rest_route=\/wp\/v2\/media\/45760"}],"wp:attachment":[{"href":"https:\/\/veritasinfo.org\/index.php?rest_route=%2Fwp%2Fv2%2Fmedia&parent=45759"}],"wp:term":[{"taxonomy":"category","embeddable":true,"href":"https:\/\/veritasinfo.org\/index.php?rest_route=%2Fwp%2Fv2%2Fcategories&post=45759"},{"taxonomy":"post_tag","embeddable":true,"href":"https:\/\/veritasinfo.org\/index.php?rest_route=%2Fwp%2Fv2%2Ftags&post=45759"}],"curies":[{"name":"wp","href":"https:\/\/api.w.org\/{rel}","templated":true}]}}