{"id":45756,"date":"2026-04-30T13:55:29","date_gmt":"2026-04-30T11:55:29","guid":{"rendered":"https:\/\/veritasinfo.org\/?p=45756"},"modified":"2026-04-30T13:55:29","modified_gmt":"2026-04-30T11:55:29","slug":"redzepi-srbija-blokira-sredstva-za-kosovo-ucenici-u-dolini-ostaju-bez-knjiga","status":"publish","type":"post","link":"https:\/\/veritasinfo.org\/?p=45756&lang=sr","title":{"rendered":"Red\u017eepi: Srbija blokira sredstva za Kosovo, u\u010denici u dolini ostaju bez knjiga"},"content":{"rendered":"<p>Pri\u0161tina, 30. april 2026. 13:53<\/p>\n<p>Sredstva koja su Vlada Kosova i Albanije izdvojile za Albance Pre\u0161evske doline blokiraju srpske vlasti. Ovo je izjavio predsednik Albanskog nacionalnog saveta u Pre\u0161evskoj dolini, Enkel Red\u017eepi, upozoravajuc\u0301i da nerealizacija ovih sredstava direktno uti\u010de na obrazovanje i ugro\u017eava o\u010duvanje nacionalnog identiteta u dolini.<\/p>\n<p>\u201eBanka je prihvatila ova sredstva, potpisali smo ih, ali ih je Vlada Srbije vratila. Vlada Srbije blokira sredstva Kosova i Albanije koja su namenjena Pre\u0161evskoj dolini\u201c, izjavio je Red\u017eepi.<\/p>\n<p>On je objavio da je NSHS obavestio me\u0111unarodne faktore, relevantne organizacije i poverenika za ravnopravnost u vezi sa blokiranjem transfera i donacija, koje su, prema njegovim re\u010dima, usmerene na razvoj i o\u010duvanje nacionalnog identiteta u dolini.<\/p>\n<p>Red\u017eepi je naglasio da ovo nije tehni\u010dko pitanje, vec\u0301 politi\u010dka odluka koja direktno uti\u010de na hiljade gra\u0111ana.<\/p>\n<p>\u201eOvo nije tehni\u010dko pitanje. Radi se o blokiranju sredstava od strane Vlade Kosova, \u0161to direktno poga\u0111a 3.650 studenata, 94 siro\u010dadi, 957 poljoprivrednika, preko 756 studenata, 139 nevladinih organizacija i hiljade gra\u0111ana koji zavise od ovih programa\u201c, rekao je on.<\/p>\n<p>Prema njegovim re\u010dima, ova akcija ne predstavlja samo blokiranje sredstava, vec\u0301 \u201eblokiranje razvoja, obrazovanja i podr\u0161ke Albancima u Pre\u0161evskoj dolini i Sand\u017eaku\u201c.<\/p>\n<p>Red\u017eepi je optu\u017eio Vladu Srbije i ministra za manjine, Dema Beri\u0161u, da deluju preko banaka, blokirajuc\u0301i sredstva.<\/p>\n<p>\u201eOvo je otvorena diskriminacija i kao takvu treba da se odnose svi, bez izuzetka. Nec\u0301emo stati. Nastavic\u0301emo svim demokratskim, institucionalnim i me\u0111unarodnim sredstvima\u201c, zaklju\u010dio je Red\u017eepi.<\/p>\n<p>Podsec\u0301amo da je Vlada Kosova, na sastanku odr\u017eanom 03.04.2026. godine, odobrila odluku o dodeli finansijskih sredstava za Pre\u0161evsku dolinu. Premijer Albin Kurti je rekao da ova odluka predstavlja odr\u017eivu posvec\u0301enost Republike Kosovo podr\u0161ci Albancima u Pre\u0161evskoj dolini.<\/p>\n<p>\u201eOva odluka predstavlja odr\u017eivu posvec\u0301enost Republike Kosovo podr\u0161ci Albancima u Pre\u0161evskoj dolini kroz konkretan paket koji se bavi vitalnim potrebama gra\u0111ana tamo. Ovo nije samo odluka, vec\u0301 dr\u017eavna odgovornost\u201c, rekao je Kurt.<\/p>\n<p>Vlada je planirala da ove godine izdvoji 4 miliona evra za Pre\u0161evsku dolinu i Sand\u017eak.<\/p>\n","protected":false},"excerpt":{"rendered":"<p>Pri\u0161tina, 30. april 2026. 13:53 Sredstva koja su Vlada Kosova i Albanije izdvojile za Albance Pre\u0161evske doline blokiraju srpske vlasti. Ovo je izjavio predsednik Albanskog<\/p>\n","protected":false},"author":7,"featured_media":45757,"comment_status":"open","ping_status":"open","sticky":false,"template":"","format":"standard","meta":{"footnotes":""},"categories":[28],"tags":[],"class_list":["post-45756","post","type-post","status-publish","format-standard","has-post-thumbnail","hentry","category-politika"],"yoast_head":"<!-- This site is optimized with the Yoast SEO plugin v25.3.1 - https:\/\/yoast.com\/wordpress\/plugins\/seo\/ -->\n<title>Red\u017eepi: Srbija blokira sredstva za Kosovo, u\u010denici u dolini ostaju bez knjiga -<\/title>\n<meta name=\"robots\" content=\"index, follow, max-snippet:-1, max-image-preview:large, max-video-preview:-1\" \/>\n<link rel=\"canonical\" href=\"https:\/\/veritasinfo.org\/?p=45756&lang=sr\" \/>\n<meta property=\"og:locale\" content=\"en_US\" \/>\n<meta property=\"og:type\" content=\"article\" \/>\n<meta property=\"og:title\" content=\"Red\u017eepi: Srbija blokira sredstva za Kosovo, u\u010denici u dolini ostaju bez knjiga -\" \/>\n<meta property=\"og:description\" content=\"Pri\u0161tina, 30. april 2026. 13:53 Sredstva koja su Vlada Kosova i Albanije izdvojile za Albance Pre\u0161evske doline blokiraju srpske vlasti. Ovo je izjavio predsednik Albanskog\" \/>\n<meta property=\"og:url\" content=\"https:\/\/veritasinfo.org\/?p=45756&amp;lang=sr\" \/>\n<meta property=\"article:published_time\" content=\"2026-04-30T11:55:29+00:00\" \/>\n<meta property=\"og:image\" content=\"https:\/\/veritasinfo.org\/wp-content\/uploads\/2026\/04\/1-85.jpg\" \/>\n\t<meta property=\"og:image:width\" content=\"780\" \/>\n\t<meta property=\"og:image:height\" content=\"500\" \/>\n\t<meta property=\"og:image:type\" content=\"image\/jpeg\" \/>\n<meta name=\"author\" content=\"US6\" \/>\n<meta name=\"twitter:card\" content=\"summary_large_image\" \/>\n<meta name=\"twitter:label1\" content=\"Written by\" \/>\n\t<meta name=\"twitter:data1\" content=\"US6\" \/>\n\t<meta name=\"twitter:label2\" content=\"Est. reading time\" \/>\n\t<meta name=\"twitter:data2\" content=\"2 minutes\" \/>\n<script type=\"application\/ld+json\" class=\"yoast-schema-graph\">{\"@context\":\"https:\/\/schema.org\",\"@graph\":[{\"@type\":\"WebPage\",\"@id\":\"https:\/\/veritasinfo.org\/?p=45756&lang=sr\",\"url\":\"https:\/\/veritasinfo.org\/?p=45756&lang=sr\",\"name\":\"Red\u017eepi: Srbija blokira sredstva za Kosovo, u\u010denici u dolini ostaju bez knjiga -\",\"isPartOf\":{\"@id\":\"https:\/\/veritasinfo.org\/#website\"},\"primaryImageOfPage\":{\"@id\":\"https:\/\/veritasinfo.org\/?p=45756&lang=sr#primaryimage\"},\"image\":{\"@id\":\"https:\/\/veritasinfo.org\/?p=45756&lang=sr#primaryimage\"},\"thumbnailUrl\":\"https:\/\/veritasinfo.org\/wp-content\/uploads\/2026\/04\/1-85.jpg\",\"datePublished\":\"2026-04-30T11:55:29+00:00\",\"author\":{\"@id\":\"https:\/\/veritasinfo.org\/#\/schema\/person\/fe199eede04c3937362892b7444747cc\"},\"breadcrumb\":{\"@id\":\"https:\/\/veritasinfo.org\/?p=45756&lang=sr#breadcrumb\"},\"inLanguage\":\"en-US\",\"potentialAction\":[{\"@type\":\"ReadAction\",\"target\":[\"https:\/\/veritasinfo.org\/?p=45756&lang=sr\"]}]},{\"@type\":\"ImageObject\",\"inLanguage\":\"en-US\",\"@id\":\"https:\/\/veritasinfo.org\/?p=45756&lang=sr#primaryimage\",\"url\":\"https:\/\/veritasinfo.org\/wp-content\/uploads\/2026\/04\/1-85.jpg\",\"contentUrl\":\"https:\/\/veritasinfo.org\/wp-content\/uploads\/2026\/04\/1-85.jpg\",\"width\":780,\"height\":500},{\"@type\":\"BreadcrumbList\",\"@id\":\"https:\/\/veritasinfo.org\/?p=45756&lang=sr#breadcrumb\",\"itemListElement\":[{\"@type\":\"ListItem\",\"position\":1,\"name\":\"Home\",\"item\":\"https:\/\/veritasinfo.org\/\"},{\"@type\":\"ListItem\",\"position\":2,\"name\":\"Red\u017eepi: Srbija blokira sredstva za Kosovo, u\u010denici u dolini ostaju bez knjiga\"}]},{\"@type\":\"WebSite\",\"@id\":\"https:\/\/veritasinfo.org\/#website\",\"url\":\"https:\/\/veritasinfo.org\/\",\"name\":\"\",\"description\":\"\",\"potentialAction\":[{\"@type\":\"SearchAction\",\"target\":{\"@type\":\"EntryPoint\",\"urlTemplate\":\"https:\/\/veritasinfo.org\/?s={search_term_string}\"},\"query-input\":{\"@type\":\"PropertyValueSpecification\",\"valueRequired\":true,\"valueName\":\"search_term_string\"}}],\"inLanguage\":\"en-US\"},{\"@type\":\"Person\",\"@id\":\"https:\/\/veritasinfo.org\/#\/schema\/person\/fe199eede04c3937362892b7444747cc\",\"name\":\"US6\",\"image\":{\"@type\":\"ImageObject\",\"inLanguage\":\"en-US\",\"@id\":\"https:\/\/veritasinfo.org\/#\/schema\/person\/image\/\",\"url\":\"https:\/\/secure.gravatar.com\/avatar\/cb16c3c31c9d23b9b8c705964598220b3014e42ff51eb540ff23cefa3ae8c15f?s=96&d=mm&r=g\",\"contentUrl\":\"https:\/\/secure.gravatar.com\/avatar\/cb16c3c31c9d23b9b8c705964598220b3014e42ff51eb540ff23cefa3ae8c15f?s=96&d=mm&r=g\",\"caption\":\"US6\"},\"url\":\"https:\/\/veritasinfo.org\/?author=7\"}]}<\/script>\n<!-- \/ Yoast SEO plugin. -->","yoast_head_json":{"title":"Red\u017eepi: Srbija blokira sredstva za Kosovo, u\u010denici u dolini ostaju bez knjiga -","robots":{"index":"index","follow":"follow","max-snippet":"max-snippet:-1","max-image-preview":"max-image-preview:large","max-video-preview":"max-video-preview:-1"},"canonical":"https:\/\/veritasinfo.org\/?p=45756&lang=sr","og_locale":"en_US","og_type":"article","og_title":"Red\u017eepi: Srbija blokira sredstva za Kosovo, u\u010denici u dolini ostaju bez knjiga -","og_description":"Pri\u0161tina, 30. april 2026. 13:53 Sredstva koja su Vlada Kosova i Albanije izdvojile za Albance Pre\u0161evske doline blokiraju srpske vlasti. Ovo je izjavio predsednik Albanskog","og_url":"https:\/\/veritasinfo.org\/?p=45756&lang=sr","article_published_time":"2026-04-30T11:55:29+00:00","og_image":[{"width":780,"height":500,"url":"https:\/\/veritasinfo.org\/wp-content\/uploads\/2026\/04\/1-85.jpg","type":"image\/jpeg"}],"author":"US6","twitter_card":"summary_large_image","twitter_misc":{"Written by":"US6","Est. reading time":"2 minutes"},"schema":{"@context":"https:\/\/schema.org","@graph":[{"@type":"WebPage","@id":"https:\/\/veritasinfo.org\/?p=45756&lang=sr","url":"https:\/\/veritasinfo.org\/?p=45756&lang=sr","name":"Red\u017eepi: Srbija blokira sredstva za Kosovo, u\u010denici u dolini ostaju bez knjiga -","isPartOf":{"@id":"https:\/\/veritasinfo.org\/#website"},"primaryImageOfPage":{"@id":"https:\/\/veritasinfo.org\/?p=45756&lang=sr#primaryimage"},"image":{"@id":"https:\/\/veritasinfo.org\/?p=45756&lang=sr#primaryimage"},"thumbnailUrl":"https:\/\/veritasinfo.org\/wp-content\/uploads\/2026\/04\/1-85.jpg","datePublished":"2026-04-30T11:55:29+00:00","author":{"@id":"https:\/\/veritasinfo.org\/#\/schema\/person\/fe199eede04c3937362892b7444747cc"},"breadcrumb":{"@id":"https:\/\/veritasinfo.org\/?p=45756&lang=sr#breadcrumb"},"inLanguage":"en-US","potentialAction":[{"@type":"ReadAction","target":["https:\/\/veritasinfo.org\/?p=45756&lang=sr"]}]},{"@type":"ImageObject","inLanguage":"en-US","@id":"https:\/\/veritasinfo.org\/?p=45756&lang=sr#primaryimage","url":"https:\/\/veritasinfo.org\/wp-content\/uploads\/2026\/04\/1-85.jpg","contentUrl":"https:\/\/veritasinfo.org\/wp-content\/uploads\/2026\/04\/1-85.jpg","width":780,"height":500},{"@type":"BreadcrumbList","@id":"https:\/\/veritasinfo.org\/?p=45756&lang=sr#breadcrumb","itemListElement":[{"@type":"ListItem","position":1,"name":"Home","item":"https:\/\/veritasinfo.org\/"},{"@type":"ListItem","position":2,"name":"Red\u017eepi: Srbija blokira sredstva za Kosovo, u\u010denici u dolini ostaju bez knjiga"}]},{"@type":"WebSite","@id":"https:\/\/veritasinfo.org\/#website","url":"https:\/\/veritasinfo.org\/","name":"","description":"","potentialAction":[{"@type":"SearchAction","target":{"@type":"EntryPoint","urlTemplate":"https:\/\/veritasinfo.org\/?s={search_term_string}"},"query-input":{"@type":"PropertyValueSpecification","valueRequired":true,"valueName":"search_term_string"}}],"inLanguage":"en-US"},{"@type":"Person","@id":"https:\/\/veritasinfo.org\/#\/schema\/person\/fe199eede04c3937362892b7444747cc","name":"US6","image":{"@type":"ImageObject","inLanguage":"en-US","@id":"https:\/\/veritasinfo.org\/#\/schema\/person\/image\/","url":"https:\/\/secure.gravatar.com\/avatar\/cb16c3c31c9d23b9b8c705964598220b3014e42ff51eb540ff23cefa3ae8c15f?s=96&d=mm&r=g","contentUrl":"https:\/\/secure.gravatar.com\/avatar\/cb16c3c31c9d23b9b8c705964598220b3014e42ff51eb540ff23cefa3ae8c15f?s=96&d=mm&r=g","caption":"US6"},"url":"https:\/\/veritasinfo.org\/?author=7"}]}},"featured_image_urls":{"full":["https:\/\/veritasinfo.org\/wp-content\/uploads\/2026\/04\/1-85.jpg",780,500,false],"thumbnail":["https:\/\/veritasinfo.org\/wp-content\/uploads\/2026\/04\/1-85-150x150.jpg",150,150,true],"medium":["https:\/\/veritasinfo.org\/wp-content\/uploads\/2026\/04\/1-85-300x192.jpg",300,192,true],"medium_large":["https:\/\/veritasinfo.org\/wp-content\/uploads\/2026\/04\/1-85-768x492.jpg",640,410,true],"large":["https:\/\/veritasinfo.org\/wp-content\/uploads\/2026\/04\/1-85.jpg",640,410,false],"1536x1536":["https:\/\/veritasinfo.org\/wp-content\/uploads\/2026\/04\/1-85.jpg",780,500,false],"2048x2048":["https:\/\/veritasinfo.org\/wp-content\/uploads\/2026\/04\/1-85.jpg",780,500,false],"kreeti-slider-full":["https:\/\/veritasinfo.org\/wp-content\/uploads\/2026\/04\/1-85.jpg",780,500,false],"kreeti-featured":["https:\/\/veritasinfo.org\/wp-content\/uploads\/2026\/04\/1-85.jpg",780,500,false],"kreeti-medium":["https:\/\/veritasinfo.org\/wp-content\/uploads\/2026\/04\/1-85-720x500.jpg",720,500,true],"kreeti-medium-square":["https:\/\/veritasinfo.org\/wp-content\/uploads\/2026\/04\/1-85-350x350.jpg",350,350,true]},"author_info":{"info":["US6"]},"category_info":"<a href=\"https:\/\/veritasinfo.org\/?cat=28&#038;lang=sr\" rel=\"category\">Politika<\/a>","tag_info":"Politika","comment_count":"0","_links":{"self":[{"href":"https:\/\/veritasinfo.org\/index.php?rest_route=\/wp\/v2\/posts\/45756","targetHints":{"allow":["GET"]}}],"collection":[{"href":"https:\/\/veritasinfo.org\/index.php?rest_route=\/wp\/v2\/posts"}],"about":[{"href":"https:\/\/veritasinfo.org\/index.php?rest_route=\/wp\/v2\/types\/post"}],"author":[{"embeddable":true,"href":"https:\/\/veritasinfo.org\/index.php?rest_route=\/wp\/v2\/users\/7"}],"replies":[{"embeddable":true,"href":"https:\/\/veritasinfo.org\/index.php?rest_route=%2Fwp%2Fv2%2Fcomments&post=45756"}],"version-history":[{"count":1,"href":"https:\/\/veritasinfo.org\/index.php?rest_route=\/wp\/v2\/posts\/45756\/revisions"}],"predecessor-version":[{"id":45758,"href":"https:\/\/veritasinfo.org\/index.php?rest_route=\/wp\/v2\/posts\/45756\/revisions\/45758"}],"wp:featuredmedia":[{"embeddable":true,"href":"https:\/\/veritasinfo.org\/index.php?rest_route=\/wp\/v2\/media\/45757"}],"wp:attachment":[{"href":"https:\/\/veritasinfo.org\/index.php?rest_route=%2Fwp%2Fv2%2Fmedia&parent=45756"}],"wp:term":[{"taxonomy":"category","embeddable":true,"href":"https:\/\/veritasinfo.org\/index.php?rest_route=%2Fwp%2Fv2%2Fcategories&post=45756"},{"taxonomy":"post_tag","embeddable":true,"href":"https:\/\/veritasinfo.org\/index.php?rest_route=%2Fwp%2Fv2%2Ftags&post=45756"}],"curies":[{"name":"wp","href":"https:\/\/api.w.org\/{rel}","templated":true}]}}