{"id":45753,"date":"2026-04-30T13:53:11","date_gmt":"2026-04-30T11:53:11","guid":{"rendered":"https:\/\/veritasinfo.org\/?p=45753"},"modified":"2026-04-30T13:53:11","modified_gmt":"2026-04-30T11:53:11","slug":"rexhepiserbia-bllokon-fondet-e-kosoves-nxenesit-e-lugines-mbesin-pa-libra","status":"publish","type":"post","link":"https:\/\/veritasinfo.org\/?p=45753","title":{"rendered":"Rexhepi:Serbia bllokon fondet e Kosov\u00ebs, nx\u00ebn\u00ebsit e Lugin\u00ebs mbesin pa libra"},"content":{"rendered":"<p>Prishtin\u00eb, 30 prill 2026 13:53<\/p>\n<p>Fondet q\u00eb Qeveria e Kosov\u00ebs dhe ajo e Shqip\u00ebris\u00eb kan\u00eb ndar\u00eb p\u00ebr shqiptar\u00ebt e Lugin\u00ebs s\u00eb Preshev\u00ebs po bllokohen nga autoritetet serbe. K\u00ebshtu ka deklaruar kryetari i K\u00ebshillit Komb\u00ebtar Shqiptar n\u00eb Lugin\u00ebn e Preshev\u00ebs, Enkel Rexhepi, duke paralajm\u00ebruar se mosrealizimi i k\u00ebtyre mjeteve po ndikon drejtp\u00ebrdrejt n\u00eb arsim dhe po rrezikon ruajtjen e identitetit komb\u00ebtar n\u00eb Lugin\u00eb.<\/p>\n<p>\u201cBanka i ka pranuar k\u00ebto fonde, i kemi n\u00ebnshkruar, por m\u00eb pas Qeveria e Serbis\u00eb i ka kthyer pas. Qeveria e Serbis\u00eb po i bllokon fondet e Kosov\u00ebs dhe t\u00eb Shqip\u00ebris\u00eb q\u00eb jan\u00eb destinacion p\u00ebr Lugin\u00ebn e Preshev\u00ebs\u201d, ka deklaruar Rexhepi.<\/p>\n<p>Ai ka b\u00ebr\u00eb t\u00eb ditur se KKSH ka njoftuar faktor\u00ebt nd\u00ebrkomb\u00ebtar\u00eb, organizatat relevante dhe Komisionerin p\u00ebr Barazi lidhur me bllokimin e transfereve dhe donacioneve, t\u00eb cilat sipas tij kan\u00eb p\u00ebr q\u00ebllim zhvillimin dhe ruajtjen e identitetit komb\u00ebtar n\u00eb Lugin\u00eb.<\/p>\n<p>Rexhepi ka theksuar se nuk b\u00ebhet fjal\u00eb p\u00ebr nj\u00eb \u00e7\u00ebshtje teknike, por p\u00ebr nj\u00eb vendim politik q\u00eb prek drejtp\u00ebrdrejt mij\u00ebra qytetar\u00eb.<\/p>\n<p>\u201cNuk b\u00ebhet fjal\u00eb p\u00ebr nj\u00eb \u00e7\u00ebshtje teknike. B\u00ebhet fjal\u00eb p\u00ebr bllokimin e fondeve nga Qeveria e Kosov\u00ebs q\u00eb prekin drejtp\u00ebrdrejt 3,650 nx\u00ebn\u00ebs, 94 f\u00ebmij\u00eb pa prind, 957 bujq, mbi 756 student\u00eb, 139 organizata joqeveritare dhe mij\u00ebra qytetar\u00eb q\u00eb varen nga k\u00ebto programe\u201d, ka th\u00ebn\u00eb ai.<\/p>\n<p>Sipas tij, ky veprim nuk paraqet vet\u00ebm bllokim fondesh, por \u201cbllokim t\u00eb zhvillimit, arsimit dhe mb\u00ebshtetjes p\u00ebr shqiptar\u00ebt n\u00eb Lugin\u00ebn e Preshev\u00ebs dhe Sanxhakut\u201d.<\/p>\n<p>Rexhepi ka akuzuar Qeverin\u00eb e Serbis\u00eb dhe ministrin p\u00ebr Pakica, Demo Berisha\u00a0q\u00eb\u00a0po veprojn\u00eb p\u00ebrmes bankave, duke i bllokuar fondet.<\/p>\n<p>\u201cKy \u00ebsht\u00eb diskriminim i hapur dhe si i till\u00eb duhet t\u00eb trajtohet nga t\u00eb gjith\u00eb, pa p\u00ebrjashtim. Ne nuk do t\u00eb ndalemi. Do t\u00eb vazhdojm\u00eb me \u00e7do mjet demokratik, institucional dhe nd\u00ebrkomb\u00ebtar\u201d, ka p\u00ebrfunduar Rexhepi.<\/p>\n<p>Kujtojm\u00eb se Qeveria e Kosov\u00ebs, n\u00eb mbledhjen e mbajtur m\u00eb 03.04.2026, ka miratuar vendimin p\u00ebr ndarjen e mjeteve financiare p\u00ebr Lugin\u00ebn e Preshev\u00ebs. Kryeministri Albin Kurti ka h\u00ebn\u00eb se ky vendim p\u00ebrfaq\u00ebson angazhimin e q\u00ebndruesh\u00ebm t\u00eb Republik\u00ebs s\u00eb Kosov\u00ebs p\u00ebr mb\u00ebshtetjen e shqiptar\u00ebve n\u00eb Lugin\u00ebn e Preshev\u00ebs.<\/p>\n<p>\u201cKy vendim p\u00ebrfaq\u00ebson angazhimin e q\u00ebndruesh\u00ebm t\u00eb Republik\u00ebs s\u00eb Kosov\u00ebs p\u00ebr mb\u00ebshtetjen e shqiptar\u00ebve n\u00eb Lugin\u00ebn e Preshev\u00ebs p\u00ebrmes nj\u00eb pakete konkrete q\u00eb adreson nevojat jetike t\u00eb qytetar\u00ebve atje. Ky nuk \u00ebsht\u00eb vet\u00ebm nj\u00eb vendim, por nj\u00eb p\u00ebrgjegj\u00ebsi shtet\u00ebrore\u201d, ka th\u00ebn\u00eb Kurt.<\/p>\n<p>Qeveria kishte planifikuar q\u00eb p\u00ebr k\u00ebt\u00eb vit t\u00eb ndante 4 milion\u00eb euro p\u00ebr Lugin\u00ebn e Preshev\u00ebs dhe Sanxhakun.<\/p>\n","protected":false},"excerpt":{"rendered":"<p>Prishtin\u00eb, 30 prill 2026 13:53 Fondet q\u00eb Qeveria e Kosov\u00ebs dhe ajo e Shqip\u00ebris\u00eb kan\u00eb ndar\u00eb p\u00ebr shqiptar\u00ebt e Lugin\u00ebs s\u00eb Preshev\u00ebs po bllokohen nga<\/p>\n","protected":false},"author":7,"featured_media":45754,"comment_status":"open","ping_status":"open","sticky":false,"template":"","format":"standard","meta":{"footnotes":""},"categories":[58],"tags":[],"class_list":["post-45753","post","type-post","status-publish","format-standard","has-post-thumbnail","hentry","category-politike-sq"],"yoast_head":"<!-- This site is optimized with the Yoast SEO plugin v25.3.1 - https:\/\/yoast.com\/wordpress\/plugins\/seo\/ -->\n<title>Rexhepi:Serbia bllokon fondet e Kosov\u00ebs, nx\u00ebn\u00ebsit e Lugin\u00ebs mbesin pa libra -<\/title>\n<meta name=\"robots\" content=\"index, follow, max-snippet:-1, max-image-preview:large, max-video-preview:-1\" \/>\n<link rel=\"canonical\" href=\"https:\/\/veritasinfo.org\/?p=45753\" \/>\n<meta property=\"og:locale\" content=\"en_US\" \/>\n<meta property=\"og:type\" content=\"article\" \/>\n<meta property=\"og:title\" content=\"Rexhepi:Serbia bllokon fondet e Kosov\u00ebs, nx\u00ebn\u00ebsit e Lugin\u00ebs mbesin pa libra -\" \/>\n<meta property=\"og:description\" content=\"Prishtin\u00eb, 30 prill 2026 13:53 Fondet q\u00eb Qeveria e Kosov\u00ebs dhe ajo e Shqip\u00ebris\u00eb kan\u00eb ndar\u00eb p\u00ebr shqiptar\u00ebt e Lugin\u00ebs s\u00eb Preshev\u00ebs po bllokohen nga\" \/>\n<meta property=\"og:url\" content=\"https:\/\/veritasinfo.org\/?p=45753\" \/>\n<meta property=\"article:published_time\" content=\"2026-04-30T11:53:11+00:00\" \/>\n<meta property=\"og:image\" content=\"https:\/\/veritasinfo.org\/wp-content\/uploads\/2026\/04\/1-84.jpg\" \/>\n\t<meta property=\"og:image:width\" content=\"780\" \/>\n\t<meta property=\"og:image:height\" content=\"500\" \/>\n\t<meta property=\"og:image:type\" content=\"image\/jpeg\" \/>\n<meta name=\"author\" content=\"US6\" \/>\n<meta name=\"twitter:card\" content=\"summary_large_image\" \/>\n<meta name=\"twitter:label1\" content=\"Written by\" \/>\n\t<meta name=\"twitter:data1\" content=\"US6\" \/>\n\t<meta name=\"twitter:label2\" content=\"Est. reading time\" \/>\n\t<meta name=\"twitter:data2\" content=\"2 minutes\" \/>\n<script type=\"application\/ld+json\" class=\"yoast-schema-graph\">{\"@context\":\"https:\/\/schema.org\",\"@graph\":[{\"@type\":\"WebPage\",\"@id\":\"https:\/\/veritasinfo.org\/?p=45753\",\"url\":\"https:\/\/veritasinfo.org\/?p=45753\",\"name\":\"Rexhepi:Serbia bllokon fondet e Kosov\u00ebs, nx\u00ebn\u00ebsit e Lugin\u00ebs mbesin pa libra -\",\"isPartOf\":{\"@id\":\"https:\/\/veritasinfo.org\/#website\"},\"primaryImageOfPage\":{\"@id\":\"https:\/\/veritasinfo.org\/?p=45753#primaryimage\"},\"image\":{\"@id\":\"https:\/\/veritasinfo.org\/?p=45753#primaryimage\"},\"thumbnailUrl\":\"https:\/\/veritasinfo.org\/wp-content\/uploads\/2026\/04\/1-84.jpg\",\"datePublished\":\"2026-04-30T11:53:11+00:00\",\"author\":{\"@id\":\"https:\/\/veritasinfo.org\/#\/schema\/person\/fe199eede04c3937362892b7444747cc\"},\"breadcrumb\":{\"@id\":\"https:\/\/veritasinfo.org\/?p=45753#breadcrumb\"},\"inLanguage\":\"en-US\",\"potentialAction\":[{\"@type\":\"ReadAction\",\"target\":[\"https:\/\/veritasinfo.org\/?p=45753\"]}]},{\"@type\":\"ImageObject\",\"inLanguage\":\"en-US\",\"@id\":\"https:\/\/veritasinfo.org\/?p=45753#primaryimage\",\"url\":\"https:\/\/veritasinfo.org\/wp-content\/uploads\/2026\/04\/1-84.jpg\",\"contentUrl\":\"https:\/\/veritasinfo.org\/wp-content\/uploads\/2026\/04\/1-84.jpg\",\"width\":780,\"height\":500},{\"@type\":\"BreadcrumbList\",\"@id\":\"https:\/\/veritasinfo.org\/?p=45753#breadcrumb\",\"itemListElement\":[{\"@type\":\"ListItem\",\"position\":1,\"name\":\"Home\",\"item\":\"https:\/\/veritasinfo.org\/\"},{\"@type\":\"ListItem\",\"position\":2,\"name\":\"Rexhepi:Serbia bllokon fondet e Kosov\u00ebs, nx\u00ebn\u00ebsit e Lugin\u00ebs mbesin pa libra\"}]},{\"@type\":\"WebSite\",\"@id\":\"https:\/\/veritasinfo.org\/#website\",\"url\":\"https:\/\/veritasinfo.org\/\",\"name\":\"\",\"description\":\"\",\"potentialAction\":[{\"@type\":\"SearchAction\",\"target\":{\"@type\":\"EntryPoint\",\"urlTemplate\":\"https:\/\/veritasinfo.org\/?s={search_term_string}\"},\"query-input\":{\"@type\":\"PropertyValueSpecification\",\"valueRequired\":true,\"valueName\":\"search_term_string\"}}],\"inLanguage\":\"en-US\"},{\"@type\":\"Person\",\"@id\":\"https:\/\/veritasinfo.org\/#\/schema\/person\/fe199eede04c3937362892b7444747cc\",\"name\":\"US6\",\"image\":{\"@type\":\"ImageObject\",\"inLanguage\":\"en-US\",\"@id\":\"https:\/\/veritasinfo.org\/#\/schema\/person\/image\/\",\"url\":\"https:\/\/secure.gravatar.com\/avatar\/cb16c3c31c9d23b9b8c705964598220b3014e42ff51eb540ff23cefa3ae8c15f?s=96&d=mm&r=g\",\"contentUrl\":\"https:\/\/secure.gravatar.com\/avatar\/cb16c3c31c9d23b9b8c705964598220b3014e42ff51eb540ff23cefa3ae8c15f?s=96&d=mm&r=g\",\"caption\":\"US6\"},\"url\":\"https:\/\/veritasinfo.org\/?author=7\"}]}<\/script>\n<!-- \/ Yoast SEO plugin. -->","yoast_head_json":{"title":"Rexhepi:Serbia bllokon fondet e Kosov\u00ebs, nx\u00ebn\u00ebsit e Lugin\u00ebs mbesin pa libra -","robots":{"index":"index","follow":"follow","max-snippet":"max-snippet:-1","max-image-preview":"max-image-preview:large","max-video-preview":"max-video-preview:-1"},"canonical":"https:\/\/veritasinfo.org\/?p=45753","og_locale":"en_US","og_type":"article","og_title":"Rexhepi:Serbia bllokon fondet e Kosov\u00ebs, nx\u00ebn\u00ebsit e Lugin\u00ebs mbesin pa libra -","og_description":"Prishtin\u00eb, 30 prill 2026 13:53 Fondet q\u00eb Qeveria e Kosov\u00ebs dhe ajo e Shqip\u00ebris\u00eb kan\u00eb ndar\u00eb p\u00ebr shqiptar\u00ebt e Lugin\u00ebs s\u00eb Preshev\u00ebs po bllokohen nga","og_url":"https:\/\/veritasinfo.org\/?p=45753","article_published_time":"2026-04-30T11:53:11+00:00","og_image":[{"width":780,"height":500,"url":"https:\/\/veritasinfo.org\/wp-content\/uploads\/2026\/04\/1-84.jpg","type":"image\/jpeg"}],"author":"US6","twitter_card":"summary_large_image","twitter_misc":{"Written by":"US6","Est. reading time":"2 minutes"},"schema":{"@context":"https:\/\/schema.org","@graph":[{"@type":"WebPage","@id":"https:\/\/veritasinfo.org\/?p=45753","url":"https:\/\/veritasinfo.org\/?p=45753","name":"Rexhepi:Serbia bllokon fondet e Kosov\u00ebs, nx\u00ebn\u00ebsit e Lugin\u00ebs mbesin pa libra -","isPartOf":{"@id":"https:\/\/veritasinfo.org\/#website"},"primaryImageOfPage":{"@id":"https:\/\/veritasinfo.org\/?p=45753#primaryimage"},"image":{"@id":"https:\/\/veritasinfo.org\/?p=45753#primaryimage"},"thumbnailUrl":"https:\/\/veritasinfo.org\/wp-content\/uploads\/2026\/04\/1-84.jpg","datePublished":"2026-04-30T11:53:11+00:00","author":{"@id":"https:\/\/veritasinfo.org\/#\/schema\/person\/fe199eede04c3937362892b7444747cc"},"breadcrumb":{"@id":"https:\/\/veritasinfo.org\/?p=45753#breadcrumb"},"inLanguage":"en-US","potentialAction":[{"@type":"ReadAction","target":["https:\/\/veritasinfo.org\/?p=45753"]}]},{"@type":"ImageObject","inLanguage":"en-US","@id":"https:\/\/veritasinfo.org\/?p=45753#primaryimage","url":"https:\/\/veritasinfo.org\/wp-content\/uploads\/2026\/04\/1-84.jpg","contentUrl":"https:\/\/veritasinfo.org\/wp-content\/uploads\/2026\/04\/1-84.jpg","width":780,"height":500},{"@type":"BreadcrumbList","@id":"https:\/\/veritasinfo.org\/?p=45753#breadcrumb","itemListElement":[{"@type":"ListItem","position":1,"name":"Home","item":"https:\/\/veritasinfo.org\/"},{"@type":"ListItem","position":2,"name":"Rexhepi:Serbia bllokon fondet e Kosov\u00ebs, nx\u00ebn\u00ebsit e Lugin\u00ebs mbesin pa libra"}]},{"@type":"WebSite","@id":"https:\/\/veritasinfo.org\/#website","url":"https:\/\/veritasinfo.org\/","name":"","description":"","potentialAction":[{"@type":"SearchAction","target":{"@type":"EntryPoint","urlTemplate":"https:\/\/veritasinfo.org\/?s={search_term_string}"},"query-input":{"@type":"PropertyValueSpecification","valueRequired":true,"valueName":"search_term_string"}}],"inLanguage":"en-US"},{"@type":"Person","@id":"https:\/\/veritasinfo.org\/#\/schema\/person\/fe199eede04c3937362892b7444747cc","name":"US6","image":{"@type":"ImageObject","inLanguage":"en-US","@id":"https:\/\/veritasinfo.org\/#\/schema\/person\/image\/","url":"https:\/\/secure.gravatar.com\/avatar\/cb16c3c31c9d23b9b8c705964598220b3014e42ff51eb540ff23cefa3ae8c15f?s=96&d=mm&r=g","contentUrl":"https:\/\/secure.gravatar.com\/avatar\/cb16c3c31c9d23b9b8c705964598220b3014e42ff51eb540ff23cefa3ae8c15f?s=96&d=mm&r=g","caption":"US6"},"url":"https:\/\/veritasinfo.org\/?author=7"}]}},"featured_image_urls":{"full":["https:\/\/veritasinfo.org\/wp-content\/uploads\/2026\/04\/1-84.jpg",780,500,false],"thumbnail":["https:\/\/veritasinfo.org\/wp-content\/uploads\/2026\/04\/1-84-150x150.jpg",150,150,true],"medium":["https:\/\/veritasinfo.org\/wp-content\/uploads\/2026\/04\/1-84-300x192.jpg",300,192,true],"medium_large":["https:\/\/veritasinfo.org\/wp-content\/uploads\/2026\/04\/1-84-768x492.jpg",640,410,true],"large":["https:\/\/veritasinfo.org\/wp-content\/uploads\/2026\/04\/1-84.jpg",640,410,false],"1536x1536":["https:\/\/veritasinfo.org\/wp-content\/uploads\/2026\/04\/1-84.jpg",780,500,false],"2048x2048":["https:\/\/veritasinfo.org\/wp-content\/uploads\/2026\/04\/1-84.jpg",780,500,false],"kreeti-slider-full":["https:\/\/veritasinfo.org\/wp-content\/uploads\/2026\/04\/1-84.jpg",780,500,false],"kreeti-featured":["https:\/\/veritasinfo.org\/wp-content\/uploads\/2026\/04\/1-84.jpg",780,500,false],"kreeti-medium":["https:\/\/veritasinfo.org\/wp-content\/uploads\/2026\/04\/1-84-720x500.jpg",720,500,true],"kreeti-medium-square":["https:\/\/veritasinfo.org\/wp-content\/uploads\/2026\/04\/1-84-350x350.jpg",350,350,true]},"author_info":{"info":["US6"]},"category_info":"<a href=\"https:\/\/veritasinfo.org\/?cat=58\" rel=\"category\">Politik\u00eb<\/a>","tag_info":"Politik\u00eb","comment_count":"0","_links":{"self":[{"href":"https:\/\/veritasinfo.org\/index.php?rest_route=\/wp\/v2\/posts\/45753","targetHints":{"allow":["GET"]}}],"collection":[{"href":"https:\/\/veritasinfo.org\/index.php?rest_route=\/wp\/v2\/posts"}],"about":[{"href":"https:\/\/veritasinfo.org\/index.php?rest_route=\/wp\/v2\/types\/post"}],"author":[{"embeddable":true,"href":"https:\/\/veritasinfo.org\/index.php?rest_route=\/wp\/v2\/users\/7"}],"replies":[{"embeddable":true,"href":"https:\/\/veritasinfo.org\/index.php?rest_route=%2Fwp%2Fv2%2Fcomments&post=45753"}],"version-history":[{"count":1,"href":"https:\/\/veritasinfo.org\/index.php?rest_route=\/wp\/v2\/posts\/45753\/revisions"}],"predecessor-version":[{"id":45755,"href":"https:\/\/veritasinfo.org\/index.php?rest_route=\/wp\/v2\/posts\/45753\/revisions\/45755"}],"wp:featuredmedia":[{"embeddable":true,"href":"https:\/\/veritasinfo.org\/index.php?rest_route=\/wp\/v2\/media\/45754"}],"wp:attachment":[{"href":"https:\/\/veritasinfo.org\/index.php?rest_route=%2Fwp%2Fv2%2Fmedia&parent=45753"}],"wp:term":[{"taxonomy":"category","embeddable":true,"href":"https:\/\/veritasinfo.org\/index.php?rest_route=%2Fwp%2Fv2%2Fcategories&post=45753"},{"taxonomy":"post_tag","embeddable":true,"href":"https:\/\/veritasinfo.org\/index.php?rest_route=%2Fwp%2Fv2%2Ftags&post=45753"}],"curies":[{"name":"wp","href":"https:\/\/api.w.org\/{rel}","templated":true}]}}