{"id":45720,"date":"2026-04-30T11:57:06","date_gmt":"2026-04-30T09:57:06","guid":{"rendered":"https:\/\/veritasinfo.org\/?p=45720"},"modified":"2026-04-30T11:57:06","modified_gmt":"2026-04-30T09:57:06","slug":"kurti-kerkon-me-shume-angazhim-nga-institucionet-per-te-siguruar-drejtesi-per-viktimat-e-luftes","status":"publish","type":"post","link":"https:\/\/veritasinfo.org\/?p=45720","title":{"rendered":"Kurti k\u00ebrkon m\u00eb shum\u00eb angazhim nga institucionet p\u00ebr t\u00eb siguruar drejt\u00ebsi p\u00ebr viktimat e luft\u00ebs"},"content":{"rendered":"<p>Prishtin\u00eb 30 Prill 2026 11:56<\/p>\n<p>Kryeministri n\u00eb detyr\u00eb i Kosov\u00ebs, Albin Kurti, ka b\u00ebr\u00eb homazhe n\u00eb varrezat e d\u00ebshmor\u00ebve n\u00eb Shtutic\u00eb t\u00eb Drenic\u00ebs, duke theksuar se shteti i Kosov\u00ebs \u00ebsht\u00eb nd\u00ebrtuar mbi sakrific\u00ebn e d\u00ebshmor\u00ebve dhe martir\u00ebve t\u00eb luft\u00ebs, raporton Ekonomia Online.<\/p>\n<p>Ai tha se, me gjith\u00eb p\u00ebrparimet n\u00eb ndjekjen e krimeve t\u00eb luft\u00ebs, nevojitet m\u00eb shum\u00eb angazhim nga institucionet e drejt\u00ebsis\u00eb p\u00ebr t\u00eb siguruar drejt\u00ebsi p\u00ebr viktimat.<\/p>\n<p>\u201cN\u00eb Shtutic\u00eb e V\u00ebrboc, n\u00eb Gllobar e Baks, n\u00eb fshatra t\u00eb ndryshme t\u00eb Drenic\u00ebs, n\u00eb secil\u00ebn prej tyre para 27 vjet\u00ebve ran\u00eb dhjet\u00ebra martir\u00eb e d\u00ebshmor\u00eb t\u00eb kombit. Dhe si\u00e7 thuhet edhe n\u00eb k\u00ebt\u00eb memorial, gjaku i tyre \u00ebsht\u00eb shnd\u00ebrruar n\u00eb drit\u00ebn e liris\u00eb q\u00eb na e ndri\u00e7on rrug\u00ebn p\u00ebrpara, na e p\u00ebrkujton prej nga vijm\u00eb dhe n\u00eb k\u00ebt\u00eb m\u00ebnyr\u00eb jemi t\u00eb sigurt se ku shkojm\u00eb. Republika e Kosov\u00ebs, demokratike e pavarur, shtet i orientuar kah Bashkimi Evropian dhe NATO-ja, i ka rr\u00ebnj\u00ebt e liris\u00eb s\u00eb saj dhe themelet e sistemit t\u00eb institucioneve n\u00eb gjakun e k\u00ebtyre d\u00ebshmor\u00ebve dhe martir\u00ebve. Pas 27 vjet\u00ebve, shum\u00eb kriminel\u00eb serb\u00eb po arrestohen ose po gjykohen n\u00eb munges\u00eb, dhe ka p\u00ebrparime sa i p\u00ebrket edhe zbardhjes s\u00eb fatit t\u00eb t\u00eb pagjeturve, t\u00eb zhdukurve me dhun\u00eb, por edhe sa i p\u00ebrket nd\u00ebshkimit t\u00eb kriminel\u00ebve t\u00eb Serbis\u00eb\u201d, tha ai.<\/p>\n<p>Kurti k\u00ebrkoi veprime m\u00eb t\u00eb shpejta nga prokuroria dhe gjyq\u00ebsori p\u00ebr shkak t\u00eb kalimit t\u00eb koh\u00ebs dhe humbjes s\u00eb d\u00ebshmitar\u00ebve.<\/p>\n<p>\u201cDuhet t\u00eb b\u00ebhet m\u00eb shum\u00eb nga prokuroria dhe gjyq\u00ebsori, duhet t\u00eb veprohet m\u00eb shpejt nga prokuroria dhe gjyq\u00ebsori, p\u00ebr shkak se nj\u00eb mend d\u00ebshmit\u00eb materiale jan\u00eb k\u00ebtu, mir\u00ebpo n\u00eb an\u00ebn tjet\u00ebr d\u00ebshmitar\u00ebt po plaken, shum\u00eb prej tyre edhe po nd\u00ebrrojn\u00eb jet\u00eb. Prandaj na duhet q\u00eb t\u00eb nxitohemi, q\u00eb t\u00eb kemi sa m\u00eb shum\u00eb drejt\u00ebsi p\u00ebr viktimat tona\u201d, tha ai.<\/p>\n<p>Ai shtoi se Kosova sot \u00ebsht\u00eb m\u00eb e fort\u00eb n\u00eb aspektin e siguris\u00eb dhe institucioneve, duke garantuar se krime t\u00eb tilla nuk do t\u00eb p\u00ebrs\u00ebriten m\u00eb.<\/p>\n<p>\u201cN\u00eb an\u00ebn tjet\u00ebr, Kosova \u00ebsht\u00eb m\u00eb e fort\u00eb se kurr\u00eb. Ushtria dhe policia, edhe p\u00ebr nga aft\u00ebsit\u00eb, edhe p\u00ebr nga madh\u00ebsia, jan\u00eb n\u00eb nivele t\u00eb larta, dhe kurr\u00eb m\u00eb askush nuk guxon q\u00eb t\u00eb na e m\u00ebsyj\u00eb, p\u00ebr t\u00eb vrar\u00eb pleq e f\u00ebmij\u00eb, gra e burra, t\u00eb reja e t\u00eb rinj, si\u00e7 \u00ebsht\u00eb b\u00ebr\u00eb n\u00eb luft\u00ebn e fundit n\u00eb Kosov\u00eb. D\u00ebshmor\u00ebt e martir\u00ebt e kombit, ne i p\u00ebrkujtojm\u00eb p\u00ebrher\u00eb dhe do t\u2019i kujtojm\u00eb p\u00ebrgjithmon\u00eb. Nj\u00ebkoh\u00ebsisht nuk harrojm\u00eb se gjenocidi i Serbis\u00eb i viteve 1998-1999, \u00ebsht\u00eb gjenocidi i kat\u00ebrt dhe i fundit i Serbis\u00eb. Republika e Kosov\u00ebs, dinjitetin e sovranitetin, socio-ekonomin\u00eb, integritetin territorial e institucional, forc\u00ebn e siguris\u00eb dhe policin\u00eb, i ka n\u00eb nivele gjithnj\u00eb e m\u00eb t\u00eb larta, dhe nj\u00eb p\u00ebrparim i nj\u00eb ngritje e till\u00eb vet\u00ebm sa do t\u00eb vazhdoj\u00eb n\u00eb jav\u00ebt, muajt dhe vitet n\u00eb vijim\u201d, tha ai.<\/p>\n","protected":false},"excerpt":{"rendered":"<p>Prishtin\u00eb 30 Prill 2026 11:56 Kryeministri n\u00eb detyr\u00eb i Kosov\u00ebs, Albin Kurti, ka b\u00ebr\u00eb homazhe n\u00eb varrezat e d\u00ebshmor\u00ebve n\u00eb Shtutic\u00eb t\u00eb Drenic\u00ebs, duke theksuar<\/p>\n","protected":false},"author":6,"featured_media":45721,"comment_status":"open","ping_status":"open","sticky":false,"template":"","format":"standard","meta":{"footnotes":""},"categories":[60],"tags":[],"class_list":["post-45720","post","type-post","status-publish","format-standard","has-post-thumbnail","hentry","category-shoqerore-sq"],"yoast_head":"<!-- This site is optimized with the Yoast SEO plugin v25.3.1 - https:\/\/yoast.com\/wordpress\/plugins\/seo\/ -->\n<title>Kurti k\u00ebrkon m\u00eb shum\u00eb angazhim nga institucionet p\u00ebr t\u00eb siguruar drejt\u00ebsi p\u00ebr viktimat e luft\u00ebs -<\/title>\n<meta name=\"robots\" content=\"index, follow, max-snippet:-1, max-image-preview:large, max-video-preview:-1\" \/>\n<link rel=\"canonical\" href=\"https:\/\/veritasinfo.org\/?p=45720\" \/>\n<meta property=\"og:locale\" content=\"en_US\" \/>\n<meta property=\"og:type\" content=\"article\" \/>\n<meta property=\"og:title\" content=\"Kurti k\u00ebrkon m\u00eb shum\u00eb angazhim nga institucionet p\u00ebr t\u00eb siguruar drejt\u00ebsi p\u00ebr viktimat e luft\u00ebs -\" \/>\n<meta property=\"og:description\" content=\"Prishtin\u00eb 30 Prill 2026 11:56 Kryeministri n\u00eb detyr\u00eb i Kosov\u00ebs, Albin Kurti, ka b\u00ebr\u00eb homazhe n\u00eb varrezat e d\u00ebshmor\u00ebve n\u00eb Shtutic\u00eb t\u00eb Drenic\u00ebs, duke theksuar\" \/>\n<meta property=\"og:url\" content=\"https:\/\/veritasinfo.org\/?p=45720\" \/>\n<meta property=\"article:published_time\" content=\"2026-04-30T09:57:06+00:00\" \/>\n<meta property=\"og:image\" content=\"https:\/\/veritasinfo.org\/wp-content\/uploads\/2026\/04\/678280548_3981273852174164_6185683728963861239_n-1536x864-1.jpg\" \/>\n\t<meta property=\"og:image:width\" content=\"1536\" \/>\n\t<meta property=\"og:image:height\" content=\"864\" \/>\n\t<meta property=\"og:image:type\" content=\"image\/jpeg\" \/>\n<meta name=\"author\" content=\"US5\" \/>\n<meta name=\"twitter:card\" content=\"summary_large_image\" \/>\n<meta name=\"twitter:label1\" content=\"Written by\" \/>\n\t<meta name=\"twitter:data1\" content=\"US5\" \/>\n\t<meta name=\"twitter:label2\" content=\"Est. reading time\" \/>\n\t<meta name=\"twitter:data2\" content=\"1 minute\" \/>\n<script type=\"application\/ld+json\" class=\"yoast-schema-graph\">{\"@context\":\"https:\/\/schema.org\",\"@graph\":[{\"@type\":\"WebPage\",\"@id\":\"https:\/\/veritasinfo.org\/?p=45720\",\"url\":\"https:\/\/veritasinfo.org\/?p=45720\",\"name\":\"Kurti k\u00ebrkon m\u00eb shum\u00eb angazhim nga institucionet p\u00ebr t\u00eb siguruar drejt\u00ebsi p\u00ebr viktimat e luft\u00ebs -\",\"isPartOf\":{\"@id\":\"https:\/\/veritasinfo.org\/#website\"},\"primaryImageOfPage\":{\"@id\":\"https:\/\/veritasinfo.org\/?p=45720#primaryimage\"},\"image\":{\"@id\":\"https:\/\/veritasinfo.org\/?p=45720#primaryimage\"},\"thumbnailUrl\":\"https:\/\/veritasinfo.org\/wp-content\/uploads\/2026\/04\/678280548_3981273852174164_6185683728963861239_n-1536x864-1.jpg\",\"datePublished\":\"2026-04-30T09:57:06+00:00\",\"author\":{\"@id\":\"https:\/\/veritasinfo.org\/#\/schema\/person\/bc442336e35414d04494ab8fb45db4c6\"},\"breadcrumb\":{\"@id\":\"https:\/\/veritasinfo.org\/?p=45720#breadcrumb\"},\"inLanguage\":\"en-US\",\"potentialAction\":[{\"@type\":\"ReadAction\",\"target\":[\"https:\/\/veritasinfo.org\/?p=45720\"]}]},{\"@type\":\"ImageObject\",\"inLanguage\":\"en-US\",\"@id\":\"https:\/\/veritasinfo.org\/?p=45720#primaryimage\",\"url\":\"https:\/\/veritasinfo.org\/wp-content\/uploads\/2026\/04\/678280548_3981273852174164_6185683728963861239_n-1536x864-1.jpg\",\"contentUrl\":\"https:\/\/veritasinfo.org\/wp-content\/uploads\/2026\/04\/678280548_3981273852174164_6185683728963861239_n-1536x864-1.jpg\",\"width\":1536,\"height\":864},{\"@type\":\"BreadcrumbList\",\"@id\":\"https:\/\/veritasinfo.org\/?p=45720#breadcrumb\",\"itemListElement\":[{\"@type\":\"ListItem\",\"position\":1,\"name\":\"Home\",\"item\":\"https:\/\/veritasinfo.org\/\"},{\"@type\":\"ListItem\",\"position\":2,\"name\":\"Kurti k\u00ebrkon m\u00eb shum\u00eb angazhim nga institucionet p\u00ebr t\u00eb siguruar drejt\u00ebsi p\u00ebr viktimat e luft\u00ebs\"}]},{\"@type\":\"WebSite\",\"@id\":\"https:\/\/veritasinfo.org\/#website\",\"url\":\"https:\/\/veritasinfo.org\/\",\"name\":\"\",\"description\":\"\",\"potentialAction\":[{\"@type\":\"SearchAction\",\"target\":{\"@type\":\"EntryPoint\",\"urlTemplate\":\"https:\/\/veritasinfo.org\/?s={search_term_string}\"},\"query-input\":{\"@type\":\"PropertyValueSpecification\",\"valueRequired\":true,\"valueName\":\"search_term_string\"}}],\"inLanguage\":\"en-US\"},{\"@type\":\"Person\",\"@id\":\"https:\/\/veritasinfo.org\/#\/schema\/person\/bc442336e35414d04494ab8fb45db4c6\",\"name\":\"US5\",\"image\":{\"@type\":\"ImageObject\",\"inLanguage\":\"en-US\",\"@id\":\"https:\/\/veritasinfo.org\/#\/schema\/person\/image\/\",\"url\":\"https:\/\/secure.gravatar.com\/avatar\/16a61e7272a0c5d001121ebb9e60e925d5816e4ac1e443ed3e640d9a6ae55d0c?s=96&d=mm&r=g\",\"contentUrl\":\"https:\/\/secure.gravatar.com\/avatar\/16a61e7272a0c5d001121ebb9e60e925d5816e4ac1e443ed3e640d9a6ae55d0c?s=96&d=mm&r=g\",\"caption\":\"US5\"},\"url\":\"https:\/\/veritasinfo.org\/?author=6\"}]}<\/script>\n<!-- \/ Yoast SEO plugin. -->","yoast_head_json":{"title":"Kurti k\u00ebrkon m\u00eb shum\u00eb angazhim nga institucionet p\u00ebr t\u00eb siguruar drejt\u00ebsi p\u00ebr viktimat e luft\u00ebs -","robots":{"index":"index","follow":"follow","max-snippet":"max-snippet:-1","max-image-preview":"max-image-preview:large","max-video-preview":"max-video-preview:-1"},"canonical":"https:\/\/veritasinfo.org\/?p=45720","og_locale":"en_US","og_type":"article","og_title":"Kurti k\u00ebrkon m\u00eb shum\u00eb angazhim nga institucionet p\u00ebr t\u00eb siguruar drejt\u00ebsi p\u00ebr viktimat e luft\u00ebs -","og_description":"Prishtin\u00eb 30 Prill 2026 11:56 Kryeministri n\u00eb detyr\u00eb i Kosov\u00ebs, Albin Kurti, ka b\u00ebr\u00eb homazhe n\u00eb varrezat e d\u00ebshmor\u00ebve n\u00eb Shtutic\u00eb t\u00eb Drenic\u00ebs, duke theksuar","og_url":"https:\/\/veritasinfo.org\/?p=45720","article_published_time":"2026-04-30T09:57:06+00:00","og_image":[{"width":1536,"height":864,"url":"https:\/\/veritasinfo.org\/wp-content\/uploads\/2026\/04\/678280548_3981273852174164_6185683728963861239_n-1536x864-1.jpg","type":"image\/jpeg"}],"author":"US5","twitter_card":"summary_large_image","twitter_misc":{"Written by":"US5","Est. reading time":"1 minute"},"schema":{"@context":"https:\/\/schema.org","@graph":[{"@type":"WebPage","@id":"https:\/\/veritasinfo.org\/?p=45720","url":"https:\/\/veritasinfo.org\/?p=45720","name":"Kurti k\u00ebrkon m\u00eb shum\u00eb angazhim nga institucionet p\u00ebr t\u00eb siguruar drejt\u00ebsi p\u00ebr viktimat e luft\u00ebs -","isPartOf":{"@id":"https:\/\/veritasinfo.org\/#website"},"primaryImageOfPage":{"@id":"https:\/\/veritasinfo.org\/?p=45720#primaryimage"},"image":{"@id":"https:\/\/veritasinfo.org\/?p=45720#primaryimage"},"thumbnailUrl":"https:\/\/veritasinfo.org\/wp-content\/uploads\/2026\/04\/678280548_3981273852174164_6185683728963861239_n-1536x864-1.jpg","datePublished":"2026-04-30T09:57:06+00:00","author":{"@id":"https:\/\/veritasinfo.org\/#\/schema\/person\/bc442336e35414d04494ab8fb45db4c6"},"breadcrumb":{"@id":"https:\/\/veritasinfo.org\/?p=45720#breadcrumb"},"inLanguage":"en-US","potentialAction":[{"@type":"ReadAction","target":["https:\/\/veritasinfo.org\/?p=45720"]}]},{"@type":"ImageObject","inLanguage":"en-US","@id":"https:\/\/veritasinfo.org\/?p=45720#primaryimage","url":"https:\/\/veritasinfo.org\/wp-content\/uploads\/2026\/04\/678280548_3981273852174164_6185683728963861239_n-1536x864-1.jpg","contentUrl":"https:\/\/veritasinfo.org\/wp-content\/uploads\/2026\/04\/678280548_3981273852174164_6185683728963861239_n-1536x864-1.jpg","width":1536,"height":864},{"@type":"BreadcrumbList","@id":"https:\/\/veritasinfo.org\/?p=45720#breadcrumb","itemListElement":[{"@type":"ListItem","position":1,"name":"Home","item":"https:\/\/veritasinfo.org\/"},{"@type":"ListItem","position":2,"name":"Kurti k\u00ebrkon m\u00eb shum\u00eb angazhim nga institucionet p\u00ebr t\u00eb siguruar drejt\u00ebsi p\u00ebr viktimat e luft\u00ebs"}]},{"@type":"WebSite","@id":"https:\/\/veritasinfo.org\/#website","url":"https:\/\/veritasinfo.org\/","name":"","description":"","potentialAction":[{"@type":"SearchAction","target":{"@type":"EntryPoint","urlTemplate":"https:\/\/veritasinfo.org\/?s={search_term_string}"},"query-input":{"@type":"PropertyValueSpecification","valueRequired":true,"valueName":"search_term_string"}}],"inLanguage":"en-US"},{"@type":"Person","@id":"https:\/\/veritasinfo.org\/#\/schema\/person\/bc442336e35414d04494ab8fb45db4c6","name":"US5","image":{"@type":"ImageObject","inLanguage":"en-US","@id":"https:\/\/veritasinfo.org\/#\/schema\/person\/image\/","url":"https:\/\/secure.gravatar.com\/avatar\/16a61e7272a0c5d001121ebb9e60e925d5816e4ac1e443ed3e640d9a6ae55d0c?s=96&d=mm&r=g","contentUrl":"https:\/\/secure.gravatar.com\/avatar\/16a61e7272a0c5d001121ebb9e60e925d5816e4ac1e443ed3e640d9a6ae55d0c?s=96&d=mm&r=g","caption":"US5"},"url":"https:\/\/veritasinfo.org\/?author=6"}]}},"featured_image_urls":{"full":["https:\/\/veritasinfo.org\/wp-content\/uploads\/2026\/04\/678280548_3981273852174164_6185683728963861239_n-1536x864-1.jpg",1536,864,false],"thumbnail":["https:\/\/veritasinfo.org\/wp-content\/uploads\/2026\/04\/678280548_3981273852174164_6185683728963861239_n-1536x864-1-150x150.jpg",150,150,true],"medium":["https:\/\/veritasinfo.org\/wp-content\/uploads\/2026\/04\/678280548_3981273852174164_6185683728963861239_n-1536x864-1-300x169.jpg",300,169,true],"medium_large":["https:\/\/veritasinfo.org\/wp-content\/uploads\/2026\/04\/678280548_3981273852174164_6185683728963861239_n-1536x864-1-768x432.jpg",640,360,true],"large":["https:\/\/veritasinfo.org\/wp-content\/uploads\/2026\/04\/678280548_3981273852174164_6185683728963861239_n-1536x864-1-1024x576.jpg",640,360,true],"1536x1536":["https:\/\/veritasinfo.org\/wp-content\/uploads\/2026\/04\/678280548_3981273852174164_6185683728963861239_n-1536x864-1.jpg",1536,864,false],"2048x2048":["https:\/\/veritasinfo.org\/wp-content\/uploads\/2026\/04\/678280548_3981273852174164_6185683728963861239_n-1536x864-1.jpg",1536,864,false],"kreeti-slider-full":["https:\/\/veritasinfo.org\/wp-content\/uploads\/2026\/04\/678280548_3981273852174164_6185683728963861239_n-1536x864-1-1280x720.jpg",1280,720,true],"kreeti-featured":["https:\/\/veritasinfo.org\/wp-content\/uploads\/2026\/04\/678280548_3981273852174164_6185683728963861239_n-1536x864-1-1024x576.jpg",1024,576,true],"kreeti-medium":["https:\/\/veritasinfo.org\/wp-content\/uploads\/2026\/04\/678280548_3981273852174164_6185683728963861239_n-1536x864-1-720x530.jpg",720,530,true],"kreeti-medium-square":["https:\/\/veritasinfo.org\/wp-content\/uploads\/2026\/04\/678280548_3981273852174164_6185683728963861239_n-1536x864-1-350x350.jpg",350,350,true]},"author_info":{"info":["US5"]},"category_info":"<a href=\"https:\/\/veritasinfo.org\/?cat=60\" rel=\"category\">Shoq\u00ebrore<\/a>","tag_info":"Shoq\u00ebrore","comment_count":"0","_links":{"self":[{"href":"https:\/\/veritasinfo.org\/index.php?rest_route=\/wp\/v2\/posts\/45720","targetHints":{"allow":["GET"]}}],"collection":[{"href":"https:\/\/veritasinfo.org\/index.php?rest_route=\/wp\/v2\/posts"}],"about":[{"href":"https:\/\/veritasinfo.org\/index.php?rest_route=\/wp\/v2\/types\/post"}],"author":[{"embeddable":true,"href":"https:\/\/veritasinfo.org\/index.php?rest_route=\/wp\/v2\/users\/6"}],"replies":[{"embeddable":true,"href":"https:\/\/veritasinfo.org\/index.php?rest_route=%2Fwp%2Fv2%2Fcomments&post=45720"}],"version-history":[{"count":2,"href":"https:\/\/veritasinfo.org\/index.php?rest_route=\/wp\/v2\/posts\/45720\/revisions"}],"predecessor-version":[{"id":45723,"href":"https:\/\/veritasinfo.org\/index.php?rest_route=\/wp\/v2\/posts\/45720\/revisions\/45723"}],"wp:featuredmedia":[{"embeddable":true,"href":"https:\/\/veritasinfo.org\/index.php?rest_route=\/wp\/v2\/media\/45721"}],"wp:attachment":[{"href":"https:\/\/veritasinfo.org\/index.php?rest_route=%2Fwp%2Fv2%2Fmedia&parent=45720"}],"wp:term":[{"taxonomy":"category","embeddable":true,"href":"https:\/\/veritasinfo.org\/index.php?rest_route=%2Fwp%2Fv2%2Fcategories&post=45720"},{"taxonomy":"post_tag","embeddable":true,"href":"https:\/\/veritasinfo.org\/index.php?rest_route=%2Fwp%2Fv2%2Ftags&post=45720"}],"curies":[{"name":"wp","href":"https:\/\/api.w.org\/{rel}","templated":true}]}}