{"id":45713,"date":"2026-04-30T11:52:19","date_gmt":"2026-04-30T09:52:19","guid":{"rendered":"https:\/\/veritasinfo.org\/?p=45713"},"modified":"2026-04-30T11:52:19","modified_gmt":"2026-04-30T09:52:19","slug":"77-milione-euro-per-bujqesine-muja-arkitekture-e-re-per-mbeshtetjen-e-fermereve","status":"publish","type":"post","link":"https:\/\/veritasinfo.org\/?p=45713","title":{"rendered":"77 milion\u00eb euro p\u00ebr bujq\u00ebsin\u00eb\/ Muja: Arkitektur\u00eb e re p\u00ebr mb\u00ebshtetjen e fermer\u00ebve"},"content":{"rendered":"<p>Prishtin\u00eb 30 Prill 2026 11:50<\/p>\n<p>Ministri n\u00eb detyr\u00eb i Bujq\u00ebsis\u00eb, Pylltaris\u00eb dhe Zhvillimit Rural, Armend Muja, ka njoftuar se k\u00ebt\u00eb vit do t\u00eb ndahen 77 milion\u00eb euro p\u00ebr mb\u00ebshtetjen e sektorit t\u00eb bujq\u00ebsis\u00eb, duke prezantuar nj\u00eb arkitektur\u00eb t\u00eb re t\u00eb skemave mb\u00ebshtet\u00ebse p\u00ebr fermer\u00ebt dhe agrobizneset.<\/p>\n<p>N\u00eb nj\u00eb konferenc\u00eb p\u00ebr media, ai tha se kjo shum\u00eb p\u00ebrfaq\u00ebson nj\u00eb qasje t\u00eb re n\u00eb organizimin e subvencioneve dhe zhvillimin e sektorit.<\/p>\n<p>\u201cAjo \u00e7far\u00eb \u00ebsht\u00eb e r\u00ebnd\u00ebsishme t\u2019ju theksojm\u00eb \u00ebsht\u00eb q\u00eb k\u00ebt\u00eb vit kemi nj\u00eb arkitektur\u00eb t\u00eb re sa i p\u00ebrket ndarjes s\u00eb mjeteve p\u00ebr mb\u00ebshtetjen e bujqve. N\u00eb t\u00ebr\u00ebsi k\u00ebt\u00eb vit, me vendimin e djesh\u00ebm, ne po ndajm\u00eb 77 milion\u00eb euro p\u00ebr t\u00eb mb\u00ebshtetur bujkun n\u00eb prodhim, gjithandej po ashtu edhe subjektet t\u00eb cilat merren me p\u00ebrpunim, fermat dhe fermer\u00ebt, po n\u00eb t\u00eb nj\u00ebjt\u00ebn koh\u00eb edhe masat p\u00ebr stabilizimin e tregut\u201d, tha Muja.<\/p>\n<p>Ai b\u00ebri t\u00eb ditur se mb\u00ebshtetja do t\u00eb strukturohet n\u00eb tri shtylla kryesore: 59 milion\u00eb euro p\u00ebr pagesa direkte, 10 milion\u00eb euro p\u00ebr zhvillim rural dhe 8 milion\u00eb euro p\u00ebr stabilizimin e tregut.<\/p>\n<p>\u201cDuhet t\u2019ju informoj q\u00eb pagesat direkte k\u00ebt\u00eb her\u00eb jan\u00eb t\u00eb strukturuara n\u00eb at\u00eb m\u00ebnyr\u00eb q\u00eb t\u00eb mb\u00ebshtesin bujqit, por n\u00eb t\u00eb nj\u00ebjt\u00ebn koh\u00eb edhe t\u00eb administrohen sipas praktikave m\u00eb t\u00eb avancuara q\u00eb promovohen n\u00eb kuad\u00ebr t\u00eb politik\u00ebs s\u00eb p\u00ebrbashk\u00ebt t\u00eb bujq\u00ebsis\u00eb t\u00eb Bashkimi Evropian\u201d, u shpreh ai.<\/p>\n<p>Sipas tij, rreth 20 milion\u00eb euro do t\u2019i dedikohen sip\u00ebrfaqeve t\u00eb punuara, nd\u00ebrsa 34 milion\u00eb euro do t\u00eb lidhen drejtp\u00ebrdrejt me prodhimin.<\/p>\n<p>\u201cJo vet\u00ebm sip\u00ebrfaqet e punuara, por e r\u00ebnd\u00ebsishme dhe e ve\u00e7ant\u00eb k\u00ebsaj here \u00ebsht\u00eb q\u00eb skemat do t\u00eb lidhen drejtp\u00ebrdrejt me prodhimin p\u00ebr t\u00eb promovuar performanc\u00eb\u201d, theksoi Muja.<\/p>\n<p>Ai shtoi se p\u00ebr her\u00eb t\u00eb par\u00eb do t\u00eb aplikohet mb\u00ebshtetja e rishp\u00ebrndarjes p\u00ebr fermat e vogla dhe t\u00eb mesme, si dhe nj\u00eb skem\u00eb e re p\u00ebr fermer\u00ebt q\u00eb aplikojn\u00eb p\u00ebr her\u00eb t\u00eb par\u00eb.<\/p>\n<p>\u201cPo ashtu, p\u00ebr t\u00eb mb\u00ebshtetur mjedisin dhe praktikat e mira bujq\u00ebsore, kemi themeluar edhe nj\u00eb skem\u00eb t\u00eb re: eko-skem\u00ebn. N\u00eb kuad\u00ebr t\u00eb saj mb\u00ebshtetet bujq\u00ebsia organike dhe t\u00eb gjitha praktikat q\u00eb i ndihmojn\u00eb bujqit p\u00ebr t\u00eb avancuar mbrojtjen e mjedisit\u201d, tha ai.<\/p>\n<p>Duke folur p\u00ebr programin e zhvillimit rural, Muja theksoi se 10 milion\u00eb euro do t\u00eb fokusohen n\u00eb sektor\u00eb ky\u00e7.<\/p>\n<p>\u201cAjo \u00e7far\u00eb Kosova ka nevoj\u00eb \u2014 importon shum\u00eb dhe ne kemi nevoj\u00eb t\u00eb z\u00ebvend\u00ebsojm\u00eb importet p\u00ebr di\u00e7ka q\u00eb ne dim\u00eb dhe mund ta prodhojm\u00eb. Pra hortikultura intensive dhe t\u00eb gjitha sip\u00ebrfaqet e tok\u00ebs t\u00eb lidhura me sistemet formale t\u00eb ujitjes do t\u00eb mb\u00ebshteten me skema t\u00eb reja\u201d, deklaroi ai.<\/p>\n<p>Ai shtoi se do t\u00eb mb\u00ebshtetet edhe sektori i pem\u00ebve, duke theksuar se vendi importon rreth 50 milion\u00eb euro pem\u00eb n\u00eb vit.<\/p>\n<p>\u201cQ\u00ebllimi k\u00ebsaj here \u00ebsht\u00eb q\u00eb t\u00eb inkurajohet mbjellja dhe kultivimi i pem\u00ebve, sidomos ato t\u00eb imta manore ku Kosova ka nj\u00eb p\u00ebrpar\u00ebsi konkurruese\u201d, tha Muja.<\/p>\n<p>Sipas tij, mb\u00ebshtetje do t\u00eb ket\u00eb edhe p\u00ebr prodhimin e qum\u00ebshtit, mishit, drith\u00ebrave dhe vreshtaris\u00eb, si dhe p\u00ebr p\u00ebrpunimin e produkteve bujq\u00ebsore.<\/p>\n<p>\u201cBujqit tan\u00eb kan\u00eb nevoj\u00eb q\u00eb t\u00eb mb\u00ebshteten q\u00eb t\u2019i p\u00ebrpunojn\u00eb prodhimet baz\u00eb dhe n\u00eb t\u00eb ardhmen po ashtu t\u00eb p\u00ebrgatiten p\u00ebr eksport\u201d, shtoi ai.<\/p>\n","protected":false},"excerpt":{"rendered":"<p>Prishtin\u00eb 30 Prill 2026 11:50 Ministri n\u00eb detyr\u00eb i Bujq\u00ebsis\u00eb, Pylltaris\u00eb dhe Zhvillimit Rural, Armend Muja, ka njoftuar se k\u00ebt\u00eb vit do t\u00eb ndahen 77<\/p>\n","protected":false},"author":6,"featured_media":45715,"comment_status":"open","ping_status":"open","sticky":false,"template":"","format":"standard","meta":{"footnotes":""},"categories":[60],"tags":[],"class_list":["post-45713","post","type-post","status-publish","format-standard","has-post-thumbnail","hentry","category-shoqerore-sq"],"yoast_head":"<!-- This site is optimized with the Yoast SEO plugin v25.3.1 - https:\/\/yoast.com\/wordpress\/plugins\/seo\/ -->\n<title>77 milion\u00eb euro p\u00ebr bujq\u00ebsin\u00eb\/ Muja: Arkitektur\u00eb e re p\u00ebr mb\u00ebshtetjen e fermer\u00ebve -<\/title>\n<meta name=\"robots\" content=\"index, follow, max-snippet:-1, max-image-preview:large, max-video-preview:-1\" \/>\n<link rel=\"canonical\" href=\"https:\/\/veritasinfo.org\/?p=45713\" \/>\n<meta property=\"og:locale\" content=\"en_US\" \/>\n<meta property=\"og:type\" content=\"article\" \/>\n<meta property=\"og:title\" content=\"77 milion\u00eb euro p\u00ebr bujq\u00ebsin\u00eb\/ Muja: Arkitektur\u00eb e re p\u00ebr mb\u00ebshtetjen e fermer\u00ebve -\" \/>\n<meta property=\"og:description\" content=\"Prishtin\u00eb 30 Prill 2026 11:50 Ministri n\u00eb detyr\u00eb i Bujq\u00ebsis\u00eb, Pylltaris\u00eb dhe Zhvillimit Rural, Armend Muja, ka njoftuar se k\u00ebt\u00eb vit do t\u00eb ndahen 77\" \/>\n<meta property=\"og:url\" content=\"https:\/\/veritasinfo.org\/?p=45713\" \/>\n<meta property=\"article:published_time\" content=\"2026-04-30T09:52:19+00:00\" \/>\n<meta property=\"og:image\" content=\"https:\/\/veritasinfo.org\/wp-content\/uploads\/2026\/04\/676392102_1378552934030690_1363547867126795899_n-1333x1000-1.jpg\" \/>\n\t<meta property=\"og:image:width\" content=\"1333\" \/>\n\t<meta property=\"og:image:height\" content=\"1000\" \/>\n\t<meta property=\"og:image:type\" content=\"image\/jpeg\" \/>\n<meta name=\"author\" content=\"US5\" \/>\n<meta name=\"twitter:card\" content=\"summary_large_image\" \/>\n<meta name=\"twitter:label1\" content=\"Written by\" \/>\n\t<meta name=\"twitter:data1\" content=\"US5\" \/>\n\t<meta name=\"twitter:label2\" content=\"Est. reading time\" \/>\n\t<meta name=\"twitter:data2\" content=\"1 minute\" \/>\n<script type=\"application\/ld+json\" class=\"yoast-schema-graph\">{\"@context\":\"https:\/\/schema.org\",\"@graph\":[{\"@type\":\"WebPage\",\"@id\":\"https:\/\/veritasinfo.org\/?p=45713\",\"url\":\"https:\/\/veritasinfo.org\/?p=45713\",\"name\":\"77 milion\u00eb euro p\u00ebr bujq\u00ebsin\u00eb\/ Muja: Arkitektur\u00eb e re p\u00ebr mb\u00ebshtetjen e fermer\u00ebve -\",\"isPartOf\":{\"@id\":\"https:\/\/veritasinfo.org\/#website\"},\"primaryImageOfPage\":{\"@id\":\"https:\/\/veritasinfo.org\/?p=45713#primaryimage\"},\"image\":{\"@id\":\"https:\/\/veritasinfo.org\/?p=45713#primaryimage\"},\"thumbnailUrl\":\"https:\/\/veritasinfo.org\/wp-content\/uploads\/2026\/04\/676392102_1378552934030690_1363547867126795899_n-1333x1000-1.jpg\",\"datePublished\":\"2026-04-30T09:52:19+00:00\",\"author\":{\"@id\":\"https:\/\/veritasinfo.org\/#\/schema\/person\/bc442336e35414d04494ab8fb45db4c6\"},\"breadcrumb\":{\"@id\":\"https:\/\/veritasinfo.org\/?p=45713#breadcrumb\"},\"inLanguage\":\"en-US\",\"potentialAction\":[{\"@type\":\"ReadAction\",\"target\":[\"https:\/\/veritasinfo.org\/?p=45713\"]}]},{\"@type\":\"ImageObject\",\"inLanguage\":\"en-US\",\"@id\":\"https:\/\/veritasinfo.org\/?p=45713#primaryimage\",\"url\":\"https:\/\/veritasinfo.org\/wp-content\/uploads\/2026\/04\/676392102_1378552934030690_1363547867126795899_n-1333x1000-1.jpg\",\"contentUrl\":\"https:\/\/veritasinfo.org\/wp-content\/uploads\/2026\/04\/676392102_1378552934030690_1363547867126795899_n-1333x1000-1.jpg\",\"width\":1333,\"height\":1000},{\"@type\":\"BreadcrumbList\",\"@id\":\"https:\/\/veritasinfo.org\/?p=45713#breadcrumb\",\"itemListElement\":[{\"@type\":\"ListItem\",\"position\":1,\"name\":\"Home\",\"item\":\"https:\/\/veritasinfo.org\/\"},{\"@type\":\"ListItem\",\"position\":2,\"name\":\"77 milion\u00eb euro p\u00ebr bujq\u00ebsin\u00eb\/ Muja: Arkitektur\u00eb e re p\u00ebr mb\u00ebshtetjen e fermer\u00ebve\"}]},{\"@type\":\"WebSite\",\"@id\":\"https:\/\/veritasinfo.org\/#website\",\"url\":\"https:\/\/veritasinfo.org\/\",\"name\":\"\",\"description\":\"\",\"potentialAction\":[{\"@type\":\"SearchAction\",\"target\":{\"@type\":\"EntryPoint\",\"urlTemplate\":\"https:\/\/veritasinfo.org\/?s={search_term_string}\"},\"query-input\":{\"@type\":\"PropertyValueSpecification\",\"valueRequired\":true,\"valueName\":\"search_term_string\"}}],\"inLanguage\":\"en-US\"},{\"@type\":\"Person\",\"@id\":\"https:\/\/veritasinfo.org\/#\/schema\/person\/bc442336e35414d04494ab8fb45db4c6\",\"name\":\"US5\",\"image\":{\"@type\":\"ImageObject\",\"inLanguage\":\"en-US\",\"@id\":\"https:\/\/veritasinfo.org\/#\/schema\/person\/image\/\",\"url\":\"https:\/\/secure.gravatar.com\/avatar\/16a61e7272a0c5d001121ebb9e60e925d5816e4ac1e443ed3e640d9a6ae55d0c?s=96&d=mm&r=g\",\"contentUrl\":\"https:\/\/secure.gravatar.com\/avatar\/16a61e7272a0c5d001121ebb9e60e925d5816e4ac1e443ed3e640d9a6ae55d0c?s=96&d=mm&r=g\",\"caption\":\"US5\"},\"url\":\"https:\/\/veritasinfo.org\/?author=6\"}]}<\/script>\n<!-- \/ Yoast SEO plugin. -->","yoast_head_json":{"title":"77 milion\u00eb euro p\u00ebr bujq\u00ebsin\u00eb\/ Muja: Arkitektur\u00eb e re p\u00ebr mb\u00ebshtetjen e fermer\u00ebve -","robots":{"index":"index","follow":"follow","max-snippet":"max-snippet:-1","max-image-preview":"max-image-preview:large","max-video-preview":"max-video-preview:-1"},"canonical":"https:\/\/veritasinfo.org\/?p=45713","og_locale":"en_US","og_type":"article","og_title":"77 milion\u00eb euro p\u00ebr bujq\u00ebsin\u00eb\/ Muja: Arkitektur\u00eb e re p\u00ebr mb\u00ebshtetjen e fermer\u00ebve -","og_description":"Prishtin\u00eb 30 Prill 2026 11:50 Ministri n\u00eb detyr\u00eb i Bujq\u00ebsis\u00eb, Pylltaris\u00eb dhe Zhvillimit Rural, Armend Muja, ka njoftuar se k\u00ebt\u00eb vit do t\u00eb ndahen 77","og_url":"https:\/\/veritasinfo.org\/?p=45713","article_published_time":"2026-04-30T09:52:19+00:00","og_image":[{"width":1333,"height":1000,"url":"https:\/\/veritasinfo.org\/wp-content\/uploads\/2026\/04\/676392102_1378552934030690_1363547867126795899_n-1333x1000-1.jpg","type":"image\/jpeg"}],"author":"US5","twitter_card":"summary_large_image","twitter_misc":{"Written by":"US5","Est. reading time":"1 minute"},"schema":{"@context":"https:\/\/schema.org","@graph":[{"@type":"WebPage","@id":"https:\/\/veritasinfo.org\/?p=45713","url":"https:\/\/veritasinfo.org\/?p=45713","name":"77 milion\u00eb euro p\u00ebr bujq\u00ebsin\u00eb\/ Muja: Arkitektur\u00eb e re p\u00ebr mb\u00ebshtetjen e fermer\u00ebve -","isPartOf":{"@id":"https:\/\/veritasinfo.org\/#website"},"primaryImageOfPage":{"@id":"https:\/\/veritasinfo.org\/?p=45713#primaryimage"},"image":{"@id":"https:\/\/veritasinfo.org\/?p=45713#primaryimage"},"thumbnailUrl":"https:\/\/veritasinfo.org\/wp-content\/uploads\/2026\/04\/676392102_1378552934030690_1363547867126795899_n-1333x1000-1.jpg","datePublished":"2026-04-30T09:52:19+00:00","author":{"@id":"https:\/\/veritasinfo.org\/#\/schema\/person\/bc442336e35414d04494ab8fb45db4c6"},"breadcrumb":{"@id":"https:\/\/veritasinfo.org\/?p=45713#breadcrumb"},"inLanguage":"en-US","potentialAction":[{"@type":"ReadAction","target":["https:\/\/veritasinfo.org\/?p=45713"]}]},{"@type":"ImageObject","inLanguage":"en-US","@id":"https:\/\/veritasinfo.org\/?p=45713#primaryimage","url":"https:\/\/veritasinfo.org\/wp-content\/uploads\/2026\/04\/676392102_1378552934030690_1363547867126795899_n-1333x1000-1.jpg","contentUrl":"https:\/\/veritasinfo.org\/wp-content\/uploads\/2026\/04\/676392102_1378552934030690_1363547867126795899_n-1333x1000-1.jpg","width":1333,"height":1000},{"@type":"BreadcrumbList","@id":"https:\/\/veritasinfo.org\/?p=45713#breadcrumb","itemListElement":[{"@type":"ListItem","position":1,"name":"Home","item":"https:\/\/veritasinfo.org\/"},{"@type":"ListItem","position":2,"name":"77 milion\u00eb euro p\u00ebr bujq\u00ebsin\u00eb\/ Muja: Arkitektur\u00eb e re p\u00ebr mb\u00ebshtetjen e fermer\u00ebve"}]},{"@type":"WebSite","@id":"https:\/\/veritasinfo.org\/#website","url":"https:\/\/veritasinfo.org\/","name":"","description":"","potentialAction":[{"@type":"SearchAction","target":{"@type":"EntryPoint","urlTemplate":"https:\/\/veritasinfo.org\/?s={search_term_string}"},"query-input":{"@type":"PropertyValueSpecification","valueRequired":true,"valueName":"search_term_string"}}],"inLanguage":"en-US"},{"@type":"Person","@id":"https:\/\/veritasinfo.org\/#\/schema\/person\/bc442336e35414d04494ab8fb45db4c6","name":"US5","image":{"@type":"ImageObject","inLanguage":"en-US","@id":"https:\/\/veritasinfo.org\/#\/schema\/person\/image\/","url":"https:\/\/secure.gravatar.com\/avatar\/16a61e7272a0c5d001121ebb9e60e925d5816e4ac1e443ed3e640d9a6ae55d0c?s=96&d=mm&r=g","contentUrl":"https:\/\/secure.gravatar.com\/avatar\/16a61e7272a0c5d001121ebb9e60e925d5816e4ac1e443ed3e640d9a6ae55d0c?s=96&d=mm&r=g","caption":"US5"},"url":"https:\/\/veritasinfo.org\/?author=6"}]}},"featured_image_urls":{"full":["https:\/\/veritasinfo.org\/wp-content\/uploads\/2026\/04\/676392102_1378552934030690_1363547867126795899_n-1333x1000-1.jpg",1333,1000,false],"thumbnail":["https:\/\/veritasinfo.org\/wp-content\/uploads\/2026\/04\/676392102_1378552934030690_1363547867126795899_n-1333x1000-1-150x150.jpg",150,150,true],"medium":["https:\/\/veritasinfo.org\/wp-content\/uploads\/2026\/04\/676392102_1378552934030690_1363547867126795899_n-1333x1000-1-300x225.jpg",300,225,true],"medium_large":["https:\/\/veritasinfo.org\/wp-content\/uploads\/2026\/04\/676392102_1378552934030690_1363547867126795899_n-1333x1000-1-768x576.jpg",640,480,true],"large":["https:\/\/veritasinfo.org\/wp-content\/uploads\/2026\/04\/676392102_1378552934030690_1363547867126795899_n-1333x1000-1-1024x768.jpg",640,480,true],"1536x1536":["https:\/\/veritasinfo.org\/wp-content\/uploads\/2026\/04\/676392102_1378552934030690_1363547867126795899_n-1333x1000-1.jpg",1333,1000,false],"2048x2048":["https:\/\/veritasinfo.org\/wp-content\/uploads\/2026\/04\/676392102_1378552934030690_1363547867126795899_n-1333x1000-1.jpg",1333,1000,false],"kreeti-slider-full":["https:\/\/veritasinfo.org\/wp-content\/uploads\/2026\/04\/676392102_1378552934030690_1363547867126795899_n-1333x1000-1-1280x720.jpg",1280,720,true],"kreeti-featured":["https:\/\/veritasinfo.org\/wp-content\/uploads\/2026\/04\/676392102_1378552934030690_1363547867126795899_n-1333x1000-1-1024x768.jpg",1024,768,true],"kreeti-medium":["https:\/\/veritasinfo.org\/wp-content\/uploads\/2026\/04\/676392102_1378552934030690_1363547867126795899_n-1333x1000-1-720x530.jpg",720,530,true],"kreeti-medium-square":["https:\/\/veritasinfo.org\/wp-content\/uploads\/2026\/04\/676392102_1378552934030690_1363547867126795899_n-1333x1000-1-350x350.jpg",350,350,true]},"author_info":{"info":["US5"]},"category_info":"<a href=\"https:\/\/veritasinfo.org\/?cat=60\" rel=\"category\">Shoq\u00ebrore<\/a>","tag_info":"Shoq\u00ebrore","comment_count":"0","_links":{"self":[{"href":"https:\/\/veritasinfo.org\/index.php?rest_route=\/wp\/v2\/posts\/45713","targetHints":{"allow":["GET"]}}],"collection":[{"href":"https:\/\/veritasinfo.org\/index.php?rest_route=\/wp\/v2\/posts"}],"about":[{"href":"https:\/\/veritasinfo.org\/index.php?rest_route=\/wp\/v2\/types\/post"}],"author":[{"embeddable":true,"href":"https:\/\/veritasinfo.org\/index.php?rest_route=\/wp\/v2\/users\/6"}],"replies":[{"embeddable":true,"href":"https:\/\/veritasinfo.org\/index.php?rest_route=%2Fwp%2Fv2%2Fcomments&post=45713"}],"version-history":[{"count":2,"href":"https:\/\/veritasinfo.org\/index.php?rest_route=\/wp\/v2\/posts\/45713\/revisions"}],"predecessor-version":[{"id":45716,"href":"https:\/\/veritasinfo.org\/index.php?rest_route=\/wp\/v2\/posts\/45713\/revisions\/45716"}],"wp:featuredmedia":[{"embeddable":true,"href":"https:\/\/veritasinfo.org\/index.php?rest_route=\/wp\/v2\/media\/45715"}],"wp:attachment":[{"href":"https:\/\/veritasinfo.org\/index.php?rest_route=%2Fwp%2Fv2%2Fmedia&parent=45713"}],"wp:term":[{"taxonomy":"category","embeddable":true,"href":"https:\/\/veritasinfo.org\/index.php?rest_route=%2Fwp%2Fv2%2Fcategories&post=45713"},{"taxonomy":"post_tag","embeddable":true,"href":"https:\/\/veritasinfo.org\/index.php?rest_route=%2Fwp%2Fv2%2Ftags&post=45713"}],"curies":[{"name":"wp","href":"https:\/\/api.w.org\/{rel}","templated":true}]}}