{"id":45710,"date":"2026-04-30T11:10:42","date_gmt":"2026-04-30T09:10:42","guid":{"rendered":"https:\/\/veritasinfo.org\/?p=45710"},"modified":"2026-04-30T11:10:42","modified_gmt":"2026-04-30T09:10:42","slug":"cik-pocinje-pripreme-za-prevremene-izbore-izborne-kampanje-i-druge-aktivnosti-se-organizuju-sa-kratkim-rokovima","status":"publish","type":"post","link":"https:\/\/veritasinfo.org\/?p=45710&lang=sr","title":{"rendered":"CIK po\u010dinje pripreme za prevremene izbore \u2013 izborne kampanje i druge aktivnosti se organizuju sa kratkim rokovima"},"content":{"rendered":"<p>Pri\u0161tina, 30. april 2026. 11:06<\/p>\n<p>Centralna izborna komisija je po\u010dela pripreme za organizaciju prevremenih izbora za Skup\u0161tinu Kosova.<\/p>\n<p>U ovoj fazi, pre objavljivanja datuma izbora, CIK je fokusiran na re\u0161avanje po\u010detnih i hitnih pitanja u vezi sa organizacijom prevremenih izbora.<\/p>\n<p>Portparol CIK-a, Valmir Elezi, rekao je za Ekonomiju Onlajn o trenutnom anga\u017eovanju CIK-a, dok \u010dekaju odluku o zvani\u010dnom objavljivanju datuma izbora.<\/p>\n<p>Tako\u0111e je nazna\u010dio da c\u0301e sve izborne aktivnosti, uklju\u010dujuc\u0301i i izbornu kampanju, biti organizovane prema kratkim rokovima.<\/p>\n<p>\u201eCentralna izborna komisija je vec\u0301 zapo\u010dela pripremnu fazu izbornog procesa, anga\u017eujuc\u0301i se u re\u0161avanju svih po\u010detnih i hitnih pitanja u vezi sa organizacijom prevremenih izbora, a koja c\u0301e biti odobrena na prvom sastanku nakon dono\u0161enja odluke o odre\u0111ivanju datuma izbora. Ove pripreme uklju\u010duju planiranje izbornih aktivnosti, preliminarno odre\u0111ivanje rokova, planiranje bud\u017eeta i koordinaciju sa relevantnim institucijama\u201c, rekao je Elezi.<\/p>\n<p>Elezi je dalje nazna\u010dio da c\u0301e, po\u0161to su ovo prevremeni izbori, jedna od prvih odluka CIK-a biti promena rokova za izborne aktivnosti koje se direktno odnose na bira\u010de, politi\u010dke subjekte i posmatra\u010de.<\/p>\n<p>\u201ePo\u0161to su ovo prevremeni izbori, prema Zakonu o op\u0161tim izborima, njihova organizacija se sprovodi u kratkim rokovima i jedna od prvih odluka CIK-a za ovaj izborni proces bic\u0301e promena rokova izbornih aktivnosti ili njihovo prilago\u0111avanje po potrebi, u skladu sa okolnostima i vremenom koje je na raspolaganju CIK-u. Svi rokovi za izborne aktivnosti u vezi sa bira\u010dima, politi\u010dkim subjektima i posmatra\u010dima bic\u0301e sprovedeni u kratkom vremenskom periodu. U tom smislu, CIK c\u0301e odrediti rok za politi\u010dke stranke da formiraju koalicije i izjave da ne u\u010destvuju na izborima; rok za politi\u010dke subjekte da se overe i dostave listu kandidata za poslanike; i period izborne kampanje. CIK tako\u0111e odre\u0111uje vreme za registraciju bira\u010da van Kosova, glasanje putem po\u0161te i u diplomatskim predstavni\u0161tvima, kao i registraciju bira\u010da sa posebnim potrebama. Deo ovog plana je i odre\u0111ivanje rokova za akreditaciju posmatra\u010da i medija\u201c, rekao je Elezi.<\/p>\n<p>Elezi je nazna\u010dio da c\u0301e me\u0111u izbornim aktivnostima koje c\u0301e biti organizovane u kratkom roku biti i izborna kampanja za politi\u010dke subjekte.<\/p>\n<p>\u201ePo\u0161to su ovo prevremeni izbori, period izborne kampanje je krac\u0301i u pore\u0111enju sa redovnim izborima, zbog ograni\u010denih vremenskih rokova. Na poslednjim prevremenim izborima, izborna kampanja je trajala 11 dana i 7 sati, dok c\u0301e za sledec\u0301e izbore CIK odrediti njeno trajanje u skladu sa op\u0161tim vremenskim rokom koji je na raspolaganju CIK-u za organizovanje celog izbornog procesa\u201c, najavio je Elezi.<\/p>\n<p>U sredu se predsednik CIK-a, Kre\u0161nik Radonic\u0301i, sastao sa vr\u0161iocem du\u017enosti predsednice, Albulenom Had\u017eiju.<\/p>\n<p>Nakon sastanka, Radonic\u0301i je rekao da CIK preferira 7. jun kao datum izbora.<\/p>\n","protected":false},"excerpt":{"rendered":"<p>Pri\u0161tina, 30. april 2026. 11:06 Centralna izborna komisija je po\u010dela pripreme za organizaciju prevremenih izbora za Skup\u0161tinu Kosova. U ovoj fazi, pre objavljivanja datuma izbora,<\/p>\n","protected":false},"author":6,"featured_media":45711,"comment_status":"open","ping_status":"open","sticky":false,"template":"","format":"standard","meta":{"footnotes":""},"categories":[30],"tags":[],"class_list":["post-45710","post","type-post","status-publish","format-standard","has-post-thumbnail","hentry","category-drustvo"],"yoast_head":"<!-- This site is optimized with the Yoast SEO plugin v25.3.1 - https:\/\/yoast.com\/wordpress\/plugins\/seo\/ -->\n<title>CIK po\u010dinje pripreme za prevremene izbore \u2013 izborne kampanje i druge aktivnosti se organizuju sa kratkim rokovima -<\/title>\n<meta name=\"robots\" content=\"index, follow, max-snippet:-1, max-image-preview:large, max-video-preview:-1\" \/>\n<link rel=\"canonical\" href=\"https:\/\/veritasinfo.org\/?p=45710&lang=sr\" \/>\n<meta property=\"og:locale\" content=\"en_US\" \/>\n<meta property=\"og:type\" content=\"article\" \/>\n<meta property=\"og:title\" content=\"CIK po\u010dinje pripreme za prevremene izbore \u2013 izborne kampanje i druge aktivnosti se organizuju sa kratkim rokovima -\" \/>\n<meta property=\"og:description\" content=\"Pri\u0161tina, 30. april 2026. 11:06 Centralna izborna komisija je po\u010dela pripreme za organizaciju prevremenih izbora za Skup\u0161tinu Kosova. U ovoj fazi, pre objavljivanja datuma izbora,\" \/>\n<meta property=\"og:url\" content=\"https:\/\/veritasinfo.org\/?p=45710&amp;lang=sr\" \/>\n<meta property=\"article:published_time\" content=\"2026-04-30T09:10:42+00:00\" \/>\n<meta property=\"og:image\" content=\"https:\/\/veritasinfo.org\/wp-content\/uploads\/2026\/04\/Capture-93-600x360-2.jpg\" \/>\n\t<meta property=\"og:image:width\" content=\"600\" \/>\n\t<meta property=\"og:image:height\" content=\"360\" \/>\n\t<meta property=\"og:image:type\" content=\"image\/jpeg\" \/>\n<meta name=\"author\" content=\"US5\" \/>\n<meta name=\"twitter:card\" content=\"summary_large_image\" \/>\n<meta name=\"twitter:label1\" content=\"Written by\" \/>\n\t<meta name=\"twitter:data1\" content=\"US5\" \/>\n<script type=\"application\/ld+json\" class=\"yoast-schema-graph\">{\"@context\":\"https:\/\/schema.org\",\"@graph\":[{\"@type\":\"WebPage\",\"@id\":\"https:\/\/veritasinfo.org\/?p=45710&lang=sr\",\"url\":\"https:\/\/veritasinfo.org\/?p=45710&lang=sr\",\"name\":\"CIK po\u010dinje pripreme za prevremene izbore \u2013 izborne kampanje i druge aktivnosti se organizuju sa kratkim rokovima -\",\"isPartOf\":{\"@id\":\"https:\/\/veritasinfo.org\/#website\"},\"primaryImageOfPage\":{\"@id\":\"https:\/\/veritasinfo.org\/?p=45710&lang=sr#primaryimage\"},\"image\":{\"@id\":\"https:\/\/veritasinfo.org\/?p=45710&lang=sr#primaryimage\"},\"thumbnailUrl\":\"https:\/\/veritasinfo.org\/wp-content\/uploads\/2026\/04\/Capture-93-600x360-2.jpg\",\"datePublished\":\"2026-04-30T09:10:42+00:00\",\"author\":{\"@id\":\"https:\/\/veritasinfo.org\/#\/schema\/person\/bc442336e35414d04494ab8fb45db4c6\"},\"breadcrumb\":{\"@id\":\"https:\/\/veritasinfo.org\/?p=45710&lang=sr#breadcrumb\"},\"inLanguage\":\"en-US\",\"potentialAction\":[{\"@type\":\"ReadAction\",\"target\":[\"https:\/\/veritasinfo.org\/?p=45710&lang=sr\"]}]},{\"@type\":\"ImageObject\",\"inLanguage\":\"en-US\",\"@id\":\"https:\/\/veritasinfo.org\/?p=45710&lang=sr#primaryimage\",\"url\":\"https:\/\/veritasinfo.org\/wp-content\/uploads\/2026\/04\/Capture-93-600x360-2.jpg\",\"contentUrl\":\"https:\/\/veritasinfo.org\/wp-content\/uploads\/2026\/04\/Capture-93-600x360-2.jpg\",\"width\":600,\"height\":360},{\"@type\":\"BreadcrumbList\",\"@id\":\"https:\/\/veritasinfo.org\/?p=45710&lang=sr#breadcrumb\",\"itemListElement\":[{\"@type\":\"ListItem\",\"position\":1,\"name\":\"Home\",\"item\":\"https:\/\/veritasinfo.org\/\"},{\"@type\":\"ListItem\",\"position\":2,\"name\":\"CIK po\u010dinje pripreme za prevremene izbore \u2013 izborne kampanje i druge aktivnosti se organizuju sa kratkim rokovima\"}]},{\"@type\":\"WebSite\",\"@id\":\"https:\/\/veritasinfo.org\/#website\",\"url\":\"https:\/\/veritasinfo.org\/\",\"name\":\"\",\"description\":\"\",\"potentialAction\":[{\"@type\":\"SearchAction\",\"target\":{\"@type\":\"EntryPoint\",\"urlTemplate\":\"https:\/\/veritasinfo.org\/?s={search_term_string}\"},\"query-input\":{\"@type\":\"PropertyValueSpecification\",\"valueRequired\":true,\"valueName\":\"search_term_string\"}}],\"inLanguage\":\"en-US\"},{\"@type\":\"Person\",\"@id\":\"https:\/\/veritasinfo.org\/#\/schema\/person\/bc442336e35414d04494ab8fb45db4c6\",\"name\":\"US5\",\"image\":{\"@type\":\"ImageObject\",\"inLanguage\":\"en-US\",\"@id\":\"https:\/\/veritasinfo.org\/#\/schema\/person\/image\/\",\"url\":\"https:\/\/secure.gravatar.com\/avatar\/16a61e7272a0c5d001121ebb9e60e925d5816e4ac1e443ed3e640d9a6ae55d0c?s=96&d=mm&r=g\",\"contentUrl\":\"https:\/\/secure.gravatar.com\/avatar\/16a61e7272a0c5d001121ebb9e60e925d5816e4ac1e443ed3e640d9a6ae55d0c?s=96&d=mm&r=g\",\"caption\":\"US5\"},\"url\":\"https:\/\/veritasinfo.org\/?author=6\"}]}<\/script>\n<!-- \/ Yoast SEO plugin. -->","yoast_head_json":{"title":"CIK po\u010dinje pripreme za prevremene izbore \u2013 izborne kampanje i druge aktivnosti se organizuju sa kratkim rokovima -","robots":{"index":"index","follow":"follow","max-snippet":"max-snippet:-1","max-image-preview":"max-image-preview:large","max-video-preview":"max-video-preview:-1"},"canonical":"https:\/\/veritasinfo.org\/?p=45710&lang=sr","og_locale":"en_US","og_type":"article","og_title":"CIK po\u010dinje pripreme za prevremene izbore \u2013 izborne kampanje i druge aktivnosti se organizuju sa kratkim rokovima -","og_description":"Pri\u0161tina, 30. april 2026. 11:06 Centralna izborna komisija je po\u010dela pripreme za organizaciju prevremenih izbora za Skup\u0161tinu Kosova. U ovoj fazi, pre objavljivanja datuma izbora,","og_url":"https:\/\/veritasinfo.org\/?p=45710&lang=sr","article_published_time":"2026-04-30T09:10:42+00:00","og_image":[{"width":600,"height":360,"url":"https:\/\/veritasinfo.org\/wp-content\/uploads\/2026\/04\/Capture-93-600x360-2.jpg","type":"image\/jpeg"}],"author":"US5","twitter_card":"summary_large_image","twitter_misc":{"Written by":"US5"},"schema":{"@context":"https:\/\/schema.org","@graph":[{"@type":"WebPage","@id":"https:\/\/veritasinfo.org\/?p=45710&lang=sr","url":"https:\/\/veritasinfo.org\/?p=45710&lang=sr","name":"CIK po\u010dinje pripreme za prevremene izbore \u2013 izborne kampanje i druge aktivnosti se organizuju sa kratkim rokovima -","isPartOf":{"@id":"https:\/\/veritasinfo.org\/#website"},"primaryImageOfPage":{"@id":"https:\/\/veritasinfo.org\/?p=45710&lang=sr#primaryimage"},"image":{"@id":"https:\/\/veritasinfo.org\/?p=45710&lang=sr#primaryimage"},"thumbnailUrl":"https:\/\/veritasinfo.org\/wp-content\/uploads\/2026\/04\/Capture-93-600x360-2.jpg","datePublished":"2026-04-30T09:10:42+00:00","author":{"@id":"https:\/\/veritasinfo.org\/#\/schema\/person\/bc442336e35414d04494ab8fb45db4c6"},"breadcrumb":{"@id":"https:\/\/veritasinfo.org\/?p=45710&lang=sr#breadcrumb"},"inLanguage":"en-US","potentialAction":[{"@type":"ReadAction","target":["https:\/\/veritasinfo.org\/?p=45710&lang=sr"]}]},{"@type":"ImageObject","inLanguage":"en-US","@id":"https:\/\/veritasinfo.org\/?p=45710&lang=sr#primaryimage","url":"https:\/\/veritasinfo.org\/wp-content\/uploads\/2026\/04\/Capture-93-600x360-2.jpg","contentUrl":"https:\/\/veritasinfo.org\/wp-content\/uploads\/2026\/04\/Capture-93-600x360-2.jpg","width":600,"height":360},{"@type":"BreadcrumbList","@id":"https:\/\/veritasinfo.org\/?p=45710&lang=sr#breadcrumb","itemListElement":[{"@type":"ListItem","position":1,"name":"Home","item":"https:\/\/veritasinfo.org\/"},{"@type":"ListItem","position":2,"name":"CIK po\u010dinje pripreme za prevremene izbore \u2013 izborne kampanje i druge aktivnosti se organizuju sa kratkim rokovima"}]},{"@type":"WebSite","@id":"https:\/\/veritasinfo.org\/#website","url":"https:\/\/veritasinfo.org\/","name":"","description":"","potentialAction":[{"@type":"SearchAction","target":{"@type":"EntryPoint","urlTemplate":"https:\/\/veritasinfo.org\/?s={search_term_string}"},"query-input":{"@type":"PropertyValueSpecification","valueRequired":true,"valueName":"search_term_string"}}],"inLanguage":"en-US"},{"@type":"Person","@id":"https:\/\/veritasinfo.org\/#\/schema\/person\/bc442336e35414d04494ab8fb45db4c6","name":"US5","image":{"@type":"ImageObject","inLanguage":"en-US","@id":"https:\/\/veritasinfo.org\/#\/schema\/person\/image\/","url":"https:\/\/secure.gravatar.com\/avatar\/16a61e7272a0c5d001121ebb9e60e925d5816e4ac1e443ed3e640d9a6ae55d0c?s=96&d=mm&r=g","contentUrl":"https:\/\/secure.gravatar.com\/avatar\/16a61e7272a0c5d001121ebb9e60e925d5816e4ac1e443ed3e640d9a6ae55d0c?s=96&d=mm&r=g","caption":"US5"},"url":"https:\/\/veritasinfo.org\/?author=6"}]}},"featured_image_urls":{"full":["https:\/\/veritasinfo.org\/wp-content\/uploads\/2026\/04\/Capture-93-600x360-2.jpg",600,360,false],"thumbnail":["https:\/\/veritasinfo.org\/wp-content\/uploads\/2026\/04\/Capture-93-600x360-2-150x150.jpg",150,150,true],"medium":["https:\/\/veritasinfo.org\/wp-content\/uploads\/2026\/04\/Capture-93-600x360-2-300x180.jpg",300,180,true],"medium_large":["https:\/\/veritasinfo.org\/wp-content\/uploads\/2026\/04\/Capture-93-600x360-2.jpg",600,360,false],"large":["https:\/\/veritasinfo.org\/wp-content\/uploads\/2026\/04\/Capture-93-600x360-2.jpg",600,360,false],"1536x1536":["https:\/\/veritasinfo.org\/wp-content\/uploads\/2026\/04\/Capture-93-600x360-2.jpg",600,360,false],"2048x2048":["https:\/\/veritasinfo.org\/wp-content\/uploads\/2026\/04\/Capture-93-600x360-2.jpg",600,360,false],"kreeti-slider-full":["https:\/\/veritasinfo.org\/wp-content\/uploads\/2026\/04\/Capture-93-600x360-2.jpg",600,360,false],"kreeti-featured":["https:\/\/veritasinfo.org\/wp-content\/uploads\/2026\/04\/Capture-93-600x360-2.jpg",600,360,false],"kreeti-medium":["https:\/\/veritasinfo.org\/wp-content\/uploads\/2026\/04\/Capture-93-600x360-2.jpg",600,360,false],"kreeti-medium-square":["https:\/\/veritasinfo.org\/wp-content\/uploads\/2026\/04\/Capture-93-600x360-2-350x350.jpg",350,350,true]},"author_info":{"info":["US5"]},"category_info":"<a href=\"https:\/\/veritasinfo.org\/?cat=30&#038;lang=sr\" rel=\"category\">Dru\u0161tvo<\/a>","tag_info":"Dru\u0161tvo","comment_count":"0","_links":{"self":[{"href":"https:\/\/veritasinfo.org\/index.php?rest_route=\/wp\/v2\/posts\/45710","targetHints":{"allow":["GET"]}}],"collection":[{"href":"https:\/\/veritasinfo.org\/index.php?rest_route=\/wp\/v2\/posts"}],"about":[{"href":"https:\/\/veritasinfo.org\/index.php?rest_route=\/wp\/v2\/types\/post"}],"author":[{"embeddable":true,"href":"https:\/\/veritasinfo.org\/index.php?rest_route=\/wp\/v2\/users\/6"}],"replies":[{"embeddable":true,"href":"https:\/\/veritasinfo.org\/index.php?rest_route=%2Fwp%2Fv2%2Fcomments&post=45710"}],"version-history":[{"count":1,"href":"https:\/\/veritasinfo.org\/index.php?rest_route=\/wp\/v2\/posts\/45710\/revisions"}],"predecessor-version":[{"id":45712,"href":"https:\/\/veritasinfo.org\/index.php?rest_route=\/wp\/v2\/posts\/45710\/revisions\/45712"}],"wp:featuredmedia":[{"embeddable":true,"href":"https:\/\/veritasinfo.org\/index.php?rest_route=\/wp\/v2\/media\/45711"}],"wp:attachment":[{"href":"https:\/\/veritasinfo.org\/index.php?rest_route=%2Fwp%2Fv2%2Fmedia&parent=45710"}],"wp:term":[{"taxonomy":"category","embeddable":true,"href":"https:\/\/veritasinfo.org\/index.php?rest_route=%2Fwp%2Fv2%2Fcategories&post=45710"},{"taxonomy":"post_tag","embeddable":true,"href":"https:\/\/veritasinfo.org\/index.php?rest_route=%2Fwp%2Fv2%2Ftags&post=45710"}],"curies":[{"name":"wp","href":"https:\/\/api.w.org\/{rel}","templated":true}]}}