{"id":45706,"date":"2026-04-30T11:08:13","date_gmt":"2026-04-30T09:08:13","guid":{"rendered":"https:\/\/veritasinfo.org\/?p=45706"},"modified":"2026-04-30T11:08:13","modified_gmt":"2026-04-30T09:08:13","slug":"kqz-nis-pergatitjet-per-zgjedhjet-e-parakohshme-fushata-zgjedhore-dhe-aktivitetet-tjera-organizohen-me-afate-te-shkurtera-kohore","status":"publish","type":"post","link":"https:\/\/veritasinfo.org\/?p=45706","title":{"rendered":"KQZ nis p\u00ebrgatitjet p\u00ebr zgjedhjet e parakohshme \u2013 fushata zgjedhore dhe aktivitetet tjera organizohen me afate t\u00eb shkurt\u00ebra kohore"},"content":{"rendered":"<p>Prishtin\u00eb 30 Prill 2026 11:06<\/p>\n<p>Komisioni Qendror i Zgjedhjeve ka nisur p\u00ebrgatitjet p\u00ebr organizimin e zgjedhjeve t\u00eb parakohshme p\u00ebr Kuvendin e Kosov\u00ebs.<\/p>\n<p>N\u00eb k\u00ebt\u00eb faz\u00eb, para shpalljes s\u00eb dat\u00ebs s\u00eb zgjedhjeve, KQZ \u00ebsht\u00eb e p\u00ebrqendruar n\u00eb trajtimin e \u00e7\u00ebshtjeve fillestare dhe urgjente q\u00eb lidhen me organizimin e zgjedhjeve t\u00eb parakohshme.<\/p>\n<p>Z\u00ebdh\u00ebn\u00ebsi i KQZ-s\u00eb, Valmir Elezi, ka treguar p\u00ebr Ekonomia Online p\u00ebr angazhimin aktual t\u00eb KQZ-s\u00eb, derisa jan\u00eb n\u00eb pritje t\u00eb vendimit p\u00ebr shpalljen zyrtare t\u00eb dat\u00ebs s\u00eb zgjedhjeve.<br \/>\nGjithashtu, ai ka treguar se t\u00eb gjitha aktivitetet zgjedhore, p\u00ebrfshir\u00eb fushat\u00ebn zgjedhore, do t\u00eb organizohen sipas afateve t\u00eb shkurt\u00ebra kohore.<\/p>\n<p>\u201cKomisioni Qendror i Zgjedhjeve ka nisur tashm\u00eb faz\u00ebn p\u00ebrgatitore t\u00eb procesit zgjedhor, duke u angazhuar n\u00eb trajtimin e t\u00eb gjitha \u00e7\u00ebshtjeve fillestare dhe urgjente q\u00eb lidhen me organizimin e zgjedhjeve t\u00eb parakohshme dhe t\u00eb cilat do t\u00eb miratohen n\u00eb mbledhjen e par\u00eb pas vendimit p\u00ebr caktimin e dat\u00ebs s\u00eb zgjedhjeve. K\u00ebto p\u00ebrgatitje p\u00ebrfshijn\u00eb planifikimin e aktiviteteve zgjedhore, p\u00ebrcaktimin paraprak t\u00eb afateve kohore, planifikimi i buxhetit si dhe koordinimin me institucionet relevante\u201d, tha Elezi.<\/p>\n<p>M\u00eb tej, Elezi ka treguar se meqen\u00ebse k\u00ebto jan\u00eb zgjedhje t\u00eb parakohshme, nj\u00eb nd\u00ebr vendimet e para t\u00eb KQZ-s\u00eb do t\u00eb jet\u00eb ndryshimi i afateve kohore t\u00eb aktiviteteve zgjedhore q\u00eb nd\u00ebrlidhen drejtp\u00ebrdrejt me votuesit, subjektet politike dhe v\u00ebzhguesit.<\/p>\n<p>\u201cPasi k\u00ebto jan\u00eb zgjedhje t\u00eb parakohshme, sipas Ligjit p\u00ebr Zgjedhjet e P\u00ebrgjithshme, organizimi i tyre b\u00ebhet me afate t\u00eb shkurt\u00ebra kohore dhe nj\u00eb nga vendimet e para t\u00eb KQZ-s\u00eb p\u00ebr k\u00ebt\u00eb proces zgjedhor do t\u00eb jet\u00eb ndryshimi i afateve kohore t\u00eb aktiviteteve zgjedhore apo p\u00ebrshtatja e tyre sipas nevoj\u00ebs, n\u00eb pajtim me rrathanat dhe koh\u00ebn n\u00eb dispozicion t\u00eb KQZ-s\u00eb. T\u00eb gjitha afatet e aktiviteteve zgjedhore q\u00eb kan\u00eb t\u00eb b\u00ebjn\u00eb me votuesit, subjektet politike dhe v\u00ebzhguesit, do t\u00eb zhvillohen brenda nj\u00eb kohe t\u00eb shkurt\u00ebr. N\u00eb k\u00ebt\u00eb drejtim, KQZ do t\u00eb p\u00ebrcaktoj\u00eb afatin p\u00ebr partit\u00eb politike p\u00ebr t\u00eb formuar koalicione dhe deklaruar mospjes\u00ebmarrjen n\u00eb zgjedhje; afatin p\u00ebr subjektet politike p\u00ebr t\u2019u certifikuar e p\u00ebr t\u00eb dor\u00ebzuar list\u00ebn e kanidat\u00ebve p\u00ebr deputet\u00eb; dhe periudh\u00ebn e fushat\u00ebs zgjedhore. Po ashtu, KQZ cakton edhe koh\u00ebn p\u00ebr regjistrimin e votuesve jasht\u00eb Kosov\u00ebs, votimin p\u00ebrmes post\u00ebs dhe n\u00eb p\u00ebrfaq\u00ebsi diplomatike, si dhe regjistrimin e votuesve me nevoja t\u00eb ve\u00e7anta. Pjes\u00eb e k\u00ebtij plani \u00ebsht\u00eb edhe vendosja e afateve p\u00ebr akreditimin e v\u00ebzhguesve dhe mediave\u201d, tha Elezi.<\/p>\n<p>Elezi ka treguar se n\u00eb mesin e aktiviteteve zgjedhore q\u00eb do t\u00eb organizohen n\u00eb afate t\u00eb shkurt\u00ebra kohore do t\u00eb jet\u00eb edhe fushata zgjedhore p\u00ebr subjektet politike.<\/p>\n<p>\u201cMeqen\u00ebse k\u00ebto jan\u00eb zgjedhje t\u00eb parakohshme, periudha e fushat\u00ebs zgjedhore \u00ebsht\u00eb m\u00eb e shkurt\u00ebr n\u00eb krahasim me zgjedhjet e rregullta, p\u00ebr shkak t\u00eb afateve t\u00eb kufizuara kohore. N\u00eb zgjedhjet e fundit t\u00eb parakohshme, fushata zgjedhore ka zgjatur 11 dit\u00eb e 7 or\u00eb, nd\u00ebrkaq p\u00ebr zgjedhjet e radh\u00ebs, KQZ do t\u00eb p\u00ebrcaktoj\u00eb koh\u00ebzgjatjen e saj n\u00eb p\u00ebrputhje me afatin e p\u00ebrgjithsh\u00ebm kohor n\u00eb dispozicion t\u00eb KQZ-s\u00eb p\u00ebr organizimin e t\u00eb gjith\u00eb procesit zgjedhor\u201d, njoftoi Elezi.<\/p>\n<p>T\u00eb m\u00ebrkur\u00ebn kryetari i KQZ-s\u00eb, Kreshnik Radoniqi \u00ebsht\u00eb takuar me ushtruesen e detyr\u00ebs s\u00eb presidentes, Albulena Haxhiu.<\/p>\n<p>Radoniqi pas takimit ka th\u00ebn\u00eb se KQZ si dat\u00eb t\u00eb zgjedhjeve preferon 7 qershorin.<\/p>\n","protected":false},"excerpt":{"rendered":"<p>Prishtin\u00eb 30 Prill 2026 11:06 Komisioni Qendror i Zgjedhjeve ka nisur p\u00ebrgatitjet p\u00ebr organizimin e zgjedhjeve t\u00eb parakohshme p\u00ebr Kuvendin e Kosov\u00ebs. N\u00eb k\u00ebt\u00eb faz\u00eb,<\/p>\n","protected":false},"author":6,"featured_media":45708,"comment_status":"open","ping_status":"open","sticky":false,"template":"","format":"standard","meta":{"footnotes":""},"categories":[60],"tags":[],"class_list":["post-45706","post","type-post","status-publish","format-standard","has-post-thumbnail","hentry","category-shoqerore-sq"],"yoast_head":"<!-- This site is optimized with the Yoast SEO plugin v25.3.1 - https:\/\/yoast.com\/wordpress\/plugins\/seo\/ -->\n<title>KQZ nis p\u00ebrgatitjet p\u00ebr zgjedhjet e parakohshme \u2013 fushata zgjedhore dhe aktivitetet tjera organizohen me afate t\u00eb shkurt\u00ebra kohore -<\/title>\n<meta name=\"robots\" content=\"index, follow, max-snippet:-1, max-image-preview:large, max-video-preview:-1\" \/>\n<link rel=\"canonical\" href=\"https:\/\/veritasinfo.org\/?p=45706\" \/>\n<meta property=\"og:locale\" content=\"en_US\" \/>\n<meta property=\"og:type\" content=\"article\" \/>\n<meta property=\"og:title\" content=\"KQZ nis p\u00ebrgatitjet p\u00ebr zgjedhjet e parakohshme \u2013 fushata zgjedhore dhe aktivitetet tjera organizohen me afate t\u00eb shkurt\u00ebra kohore -\" \/>\n<meta property=\"og:description\" content=\"Prishtin\u00eb 30 Prill 2026 11:06 Komisioni Qendror i Zgjedhjeve ka nisur p\u00ebrgatitjet p\u00ebr organizimin e zgjedhjeve t\u00eb parakohshme p\u00ebr Kuvendin e Kosov\u00ebs. N\u00eb k\u00ebt\u00eb faz\u00eb,\" \/>\n<meta property=\"og:url\" content=\"https:\/\/veritasinfo.org\/?p=45706\" \/>\n<meta property=\"article:published_time\" content=\"2026-04-30T09:08:13+00:00\" \/>\n<meta property=\"og:image\" content=\"https:\/\/veritasinfo.org\/wp-content\/uploads\/2026\/04\/Capture-93-600x360-1.jpg\" \/>\n\t<meta property=\"og:image:width\" content=\"600\" \/>\n\t<meta property=\"og:image:height\" content=\"360\" \/>\n\t<meta property=\"og:image:type\" content=\"image\/jpeg\" \/>\n<meta name=\"author\" content=\"US5\" \/>\n<meta name=\"twitter:card\" content=\"summary_large_image\" \/>\n<meta name=\"twitter:label1\" content=\"Written by\" \/>\n\t<meta name=\"twitter:data1\" content=\"US5\" \/>\n\t<meta name=\"twitter:label2\" content=\"Est. reading time\" \/>\n\t<meta name=\"twitter:data2\" content=\"1 minute\" \/>\n<script type=\"application\/ld+json\" class=\"yoast-schema-graph\">{\"@context\":\"https:\/\/schema.org\",\"@graph\":[{\"@type\":\"WebPage\",\"@id\":\"https:\/\/veritasinfo.org\/?p=45706\",\"url\":\"https:\/\/veritasinfo.org\/?p=45706\",\"name\":\"KQZ nis p\u00ebrgatitjet p\u00ebr zgjedhjet e parakohshme \u2013 fushata zgjedhore dhe aktivitetet tjera organizohen me afate t\u00eb shkurt\u00ebra kohore -\",\"isPartOf\":{\"@id\":\"https:\/\/veritasinfo.org\/#website\"},\"primaryImageOfPage\":{\"@id\":\"https:\/\/veritasinfo.org\/?p=45706#primaryimage\"},\"image\":{\"@id\":\"https:\/\/veritasinfo.org\/?p=45706#primaryimage\"},\"thumbnailUrl\":\"https:\/\/veritasinfo.org\/wp-content\/uploads\/2026\/04\/Capture-93-600x360-1.jpg\",\"datePublished\":\"2026-04-30T09:08:13+00:00\",\"author\":{\"@id\":\"https:\/\/veritasinfo.org\/#\/schema\/person\/bc442336e35414d04494ab8fb45db4c6\"},\"breadcrumb\":{\"@id\":\"https:\/\/veritasinfo.org\/?p=45706#breadcrumb\"},\"inLanguage\":\"en-US\",\"potentialAction\":[{\"@type\":\"ReadAction\",\"target\":[\"https:\/\/veritasinfo.org\/?p=45706\"]}]},{\"@type\":\"ImageObject\",\"inLanguage\":\"en-US\",\"@id\":\"https:\/\/veritasinfo.org\/?p=45706#primaryimage\",\"url\":\"https:\/\/veritasinfo.org\/wp-content\/uploads\/2026\/04\/Capture-93-600x360-1.jpg\",\"contentUrl\":\"https:\/\/veritasinfo.org\/wp-content\/uploads\/2026\/04\/Capture-93-600x360-1.jpg\",\"width\":600,\"height\":360},{\"@type\":\"BreadcrumbList\",\"@id\":\"https:\/\/veritasinfo.org\/?p=45706#breadcrumb\",\"itemListElement\":[{\"@type\":\"ListItem\",\"position\":1,\"name\":\"Home\",\"item\":\"https:\/\/veritasinfo.org\/\"},{\"@type\":\"ListItem\",\"position\":2,\"name\":\"KQZ nis p\u00ebrgatitjet p\u00ebr zgjedhjet e parakohshme \u2013 fushata zgjedhore dhe aktivitetet tjera organizohen me afate t\u00eb shkurt\u00ebra kohore\"}]},{\"@type\":\"WebSite\",\"@id\":\"https:\/\/veritasinfo.org\/#website\",\"url\":\"https:\/\/veritasinfo.org\/\",\"name\":\"\",\"description\":\"\",\"potentialAction\":[{\"@type\":\"SearchAction\",\"target\":{\"@type\":\"EntryPoint\",\"urlTemplate\":\"https:\/\/veritasinfo.org\/?s={search_term_string}\"},\"query-input\":{\"@type\":\"PropertyValueSpecification\",\"valueRequired\":true,\"valueName\":\"search_term_string\"}}],\"inLanguage\":\"en-US\"},{\"@type\":\"Person\",\"@id\":\"https:\/\/veritasinfo.org\/#\/schema\/person\/bc442336e35414d04494ab8fb45db4c6\",\"name\":\"US5\",\"image\":{\"@type\":\"ImageObject\",\"inLanguage\":\"en-US\",\"@id\":\"https:\/\/veritasinfo.org\/#\/schema\/person\/image\/\",\"url\":\"https:\/\/secure.gravatar.com\/avatar\/16a61e7272a0c5d001121ebb9e60e925d5816e4ac1e443ed3e640d9a6ae55d0c?s=96&d=mm&r=g\",\"contentUrl\":\"https:\/\/secure.gravatar.com\/avatar\/16a61e7272a0c5d001121ebb9e60e925d5816e4ac1e443ed3e640d9a6ae55d0c?s=96&d=mm&r=g\",\"caption\":\"US5\"},\"url\":\"https:\/\/veritasinfo.org\/?author=6\"}]}<\/script>\n<!-- \/ Yoast SEO plugin. -->","yoast_head_json":{"title":"KQZ nis p\u00ebrgatitjet p\u00ebr zgjedhjet e parakohshme \u2013 fushata zgjedhore dhe aktivitetet tjera organizohen me afate t\u00eb shkurt\u00ebra kohore -","robots":{"index":"index","follow":"follow","max-snippet":"max-snippet:-1","max-image-preview":"max-image-preview:large","max-video-preview":"max-video-preview:-1"},"canonical":"https:\/\/veritasinfo.org\/?p=45706","og_locale":"en_US","og_type":"article","og_title":"KQZ nis p\u00ebrgatitjet p\u00ebr zgjedhjet e parakohshme \u2013 fushata zgjedhore dhe aktivitetet tjera organizohen me afate t\u00eb shkurt\u00ebra kohore -","og_description":"Prishtin\u00eb 30 Prill 2026 11:06 Komisioni Qendror i Zgjedhjeve ka nisur p\u00ebrgatitjet p\u00ebr organizimin e zgjedhjeve t\u00eb parakohshme p\u00ebr Kuvendin e Kosov\u00ebs. N\u00eb k\u00ebt\u00eb faz\u00eb,","og_url":"https:\/\/veritasinfo.org\/?p=45706","article_published_time":"2026-04-30T09:08:13+00:00","og_image":[{"width":600,"height":360,"url":"https:\/\/veritasinfo.org\/wp-content\/uploads\/2026\/04\/Capture-93-600x360-1.jpg","type":"image\/jpeg"}],"author":"US5","twitter_card":"summary_large_image","twitter_misc":{"Written by":"US5","Est. reading time":"1 minute"},"schema":{"@context":"https:\/\/schema.org","@graph":[{"@type":"WebPage","@id":"https:\/\/veritasinfo.org\/?p=45706","url":"https:\/\/veritasinfo.org\/?p=45706","name":"KQZ nis p\u00ebrgatitjet p\u00ebr zgjedhjet e parakohshme \u2013 fushata zgjedhore dhe aktivitetet tjera organizohen me afate t\u00eb shkurt\u00ebra kohore -","isPartOf":{"@id":"https:\/\/veritasinfo.org\/#website"},"primaryImageOfPage":{"@id":"https:\/\/veritasinfo.org\/?p=45706#primaryimage"},"image":{"@id":"https:\/\/veritasinfo.org\/?p=45706#primaryimage"},"thumbnailUrl":"https:\/\/veritasinfo.org\/wp-content\/uploads\/2026\/04\/Capture-93-600x360-1.jpg","datePublished":"2026-04-30T09:08:13+00:00","author":{"@id":"https:\/\/veritasinfo.org\/#\/schema\/person\/bc442336e35414d04494ab8fb45db4c6"},"breadcrumb":{"@id":"https:\/\/veritasinfo.org\/?p=45706#breadcrumb"},"inLanguage":"en-US","potentialAction":[{"@type":"ReadAction","target":["https:\/\/veritasinfo.org\/?p=45706"]}]},{"@type":"ImageObject","inLanguage":"en-US","@id":"https:\/\/veritasinfo.org\/?p=45706#primaryimage","url":"https:\/\/veritasinfo.org\/wp-content\/uploads\/2026\/04\/Capture-93-600x360-1.jpg","contentUrl":"https:\/\/veritasinfo.org\/wp-content\/uploads\/2026\/04\/Capture-93-600x360-1.jpg","width":600,"height":360},{"@type":"BreadcrumbList","@id":"https:\/\/veritasinfo.org\/?p=45706#breadcrumb","itemListElement":[{"@type":"ListItem","position":1,"name":"Home","item":"https:\/\/veritasinfo.org\/"},{"@type":"ListItem","position":2,"name":"KQZ nis p\u00ebrgatitjet p\u00ebr zgjedhjet e parakohshme \u2013 fushata zgjedhore dhe aktivitetet tjera organizohen me afate t\u00eb shkurt\u00ebra kohore"}]},{"@type":"WebSite","@id":"https:\/\/veritasinfo.org\/#website","url":"https:\/\/veritasinfo.org\/","name":"","description":"","potentialAction":[{"@type":"SearchAction","target":{"@type":"EntryPoint","urlTemplate":"https:\/\/veritasinfo.org\/?s={search_term_string}"},"query-input":{"@type":"PropertyValueSpecification","valueRequired":true,"valueName":"search_term_string"}}],"inLanguage":"en-US"},{"@type":"Person","@id":"https:\/\/veritasinfo.org\/#\/schema\/person\/bc442336e35414d04494ab8fb45db4c6","name":"US5","image":{"@type":"ImageObject","inLanguage":"en-US","@id":"https:\/\/veritasinfo.org\/#\/schema\/person\/image\/","url":"https:\/\/secure.gravatar.com\/avatar\/16a61e7272a0c5d001121ebb9e60e925d5816e4ac1e443ed3e640d9a6ae55d0c?s=96&d=mm&r=g","contentUrl":"https:\/\/secure.gravatar.com\/avatar\/16a61e7272a0c5d001121ebb9e60e925d5816e4ac1e443ed3e640d9a6ae55d0c?s=96&d=mm&r=g","caption":"US5"},"url":"https:\/\/veritasinfo.org\/?author=6"}]}},"featured_image_urls":{"full":["https:\/\/veritasinfo.org\/wp-content\/uploads\/2026\/04\/Capture-93-600x360-1.jpg",600,360,false],"thumbnail":["https:\/\/veritasinfo.org\/wp-content\/uploads\/2026\/04\/Capture-93-600x360-1-150x150.jpg",150,150,true],"medium":["https:\/\/veritasinfo.org\/wp-content\/uploads\/2026\/04\/Capture-93-600x360-1-300x180.jpg",300,180,true],"medium_large":["https:\/\/veritasinfo.org\/wp-content\/uploads\/2026\/04\/Capture-93-600x360-1.jpg",600,360,false],"large":["https:\/\/veritasinfo.org\/wp-content\/uploads\/2026\/04\/Capture-93-600x360-1.jpg",600,360,false],"1536x1536":["https:\/\/veritasinfo.org\/wp-content\/uploads\/2026\/04\/Capture-93-600x360-1.jpg",600,360,false],"2048x2048":["https:\/\/veritasinfo.org\/wp-content\/uploads\/2026\/04\/Capture-93-600x360-1.jpg",600,360,false],"kreeti-slider-full":["https:\/\/veritasinfo.org\/wp-content\/uploads\/2026\/04\/Capture-93-600x360-1.jpg",600,360,false],"kreeti-featured":["https:\/\/veritasinfo.org\/wp-content\/uploads\/2026\/04\/Capture-93-600x360-1.jpg",600,360,false],"kreeti-medium":["https:\/\/veritasinfo.org\/wp-content\/uploads\/2026\/04\/Capture-93-600x360-1.jpg",600,360,false],"kreeti-medium-square":["https:\/\/veritasinfo.org\/wp-content\/uploads\/2026\/04\/Capture-93-600x360-1-350x350.jpg",350,350,true]},"author_info":{"info":["US5"]},"category_info":"<a href=\"https:\/\/veritasinfo.org\/?cat=60\" rel=\"category\">Shoq\u00ebrore<\/a>","tag_info":"Shoq\u00ebrore","comment_count":"0","_links":{"self":[{"href":"https:\/\/veritasinfo.org\/index.php?rest_route=\/wp\/v2\/posts\/45706","targetHints":{"allow":["GET"]}}],"collection":[{"href":"https:\/\/veritasinfo.org\/index.php?rest_route=\/wp\/v2\/posts"}],"about":[{"href":"https:\/\/veritasinfo.org\/index.php?rest_route=\/wp\/v2\/types\/post"}],"author":[{"embeddable":true,"href":"https:\/\/veritasinfo.org\/index.php?rest_route=\/wp\/v2\/users\/6"}],"replies":[{"embeddable":true,"href":"https:\/\/veritasinfo.org\/index.php?rest_route=%2Fwp%2Fv2%2Fcomments&post=45706"}],"version-history":[{"count":2,"href":"https:\/\/veritasinfo.org\/index.php?rest_route=\/wp\/v2\/posts\/45706\/revisions"}],"predecessor-version":[{"id":45709,"href":"https:\/\/veritasinfo.org\/index.php?rest_route=\/wp\/v2\/posts\/45706\/revisions\/45709"}],"wp:featuredmedia":[{"embeddable":true,"href":"https:\/\/veritasinfo.org\/index.php?rest_route=\/wp\/v2\/media\/45708"}],"wp:attachment":[{"href":"https:\/\/veritasinfo.org\/index.php?rest_route=%2Fwp%2Fv2%2Fmedia&parent=45706"}],"wp:term":[{"taxonomy":"category","embeddable":true,"href":"https:\/\/veritasinfo.org\/index.php?rest_route=%2Fwp%2Fv2%2Fcategories&post=45706"},{"taxonomy":"post_tag","embeddable":true,"href":"https:\/\/veritasinfo.org\/index.php?rest_route=%2Fwp%2Fv2%2Ftags&post=45706"}],"curies":[{"name":"wp","href":"https:\/\/api.w.org\/{rel}","templated":true}]}}