{"id":45693,"date":"2026-04-30T09:15:00","date_gmt":"2026-04-30T07:15:00","guid":{"rendered":"https:\/\/veritasinfo.org\/?p=45693"},"modified":"2026-04-30T09:15:00","modified_gmt":"2026-04-30T07:15:00","slug":"komandanti-i-kfor-it-qe-nga-tetori-2025-situata-ne-kosove-eshte-pergjithesisht-e-qete","status":"publish","type":"post","link":"https:\/\/veritasinfo.org\/?p=45693","title":{"rendered":"Komandanti i KFOR-it: Q\u00eb nga tetori 2025, situata n\u00eb Kosov\u00eb \u00ebsht\u00eb p\u00ebrgjith\u00ebsisht e qet\u00eb"},"content":{"rendered":"<p>Prishtin\u00eb 30 Prill 2026 9:14<\/p>\n<p>Komandanti i KFOR-it, Gjeneral Major, Ozkan Ulutas, ka deklaruar se situata e siguris\u00eb n\u00eb Kosov\u00eb mbetet p\u00ebrgjith\u00ebsisht e qet\u00eb, por e brisht\u00eb, duke theksuar nevoj\u00ebn urgjente p\u00ebr nj\u00eb zgjidhje politike afatgjat\u00eb nd\u00ebrmjet pal\u00ebve.<\/p>\n<p>N\u00eb nj\u00eb deklarat\u00eb, pas takimeve n\u00eb selin\u00eb e NATO n\u00eb Bruksel, Ulutas b\u00ebri t\u00eb ditur se ka informuar ambasador\u00ebt e vendeve aleate dhe partner\u00ebve kontribuues n\u00eb misionin e KFOR-it p\u00ebr zhvillimet e fundit n\u00eb Kosov\u00eb dhe rajon.<\/p>\n<p>Gjithashtu, ai \u00ebsht\u00eb takuar me z\u00ebvend\u00ebssekretaren e P\u00ebrgjithshme t\u00eb NATO-s, Radmila Shekerinska, si dhe me zyrtar\u00eb t\u00eb tjer\u00eb t\u00eb lart\u00eb t\u00eb Aleanc\u00ebs.<\/p>\n<p>\u201cAngazhimi yn\u00eb kolektiv n\u00eb mb\u00ebshtetje t\u00eb siguris\u00eb s\u00eb q\u00ebndrueshme n\u00eb Kosov\u00eb \u00ebsht\u00eb i pal\u00ebkundur\u201d, ka theksuar ai, duke shtuar se aleat\u00ebt dhe partner\u00ebt vazhdojn\u00eb t\u00eb mb\u00ebshtesin p\u00ebrpjekjet p\u00ebr ruajtjen e nj\u00eb ambienti t\u00eb sigurt dhe liris\u00eb s\u00eb l\u00ebvizjes p\u00ebr t\u00eb gjitha komunitetet.<\/p>\n<p>\u201cQ\u00eb nga tetori 2025, kemi v\u00ebrejtur se situata e siguris\u00eb n\u00eb p\u00ebrgjith\u00ebsi \u00ebsht\u00eb e qet\u00eb. Nuk kemi par\u00eb nj\u00eb rikthim t\u00eb dhun\u00ebs si n\u00eb vitin 2023. Megjithat\u00eb, situata mbetet e brisht\u00eb, me potencial p\u00ebr tensione t\u00eb reja, ve\u00e7an\u00ebrisht n\u00eb veri t\u00eb Kosov\u00ebs\u201d, theksoi ai duke iu referuar zhvillimeve t\u00eb fundit.<\/p>\n<p>Ai n\u00ebnvizoi se prioritet i KFOR-it mbetet ruajtja e stabilitetit p\u00ebr t\u00eb gjitha komunitetet, duke shtuar se misioni mban nj\u00eb prani \u201ct\u00eb dukshme, t\u00eb shkath\u00ebt dhe fleksibile\u201d n\u00eb terren p\u00ebr t\u00eb parandaluar p\u00ebrshkall\u00ebzimin e mundsh\u00ebm t\u00eb situat\u00ebs.<\/p>\n<p>N\u00eb deklarat\u00eb theksohet gjithashtu roli ky\u00e7 i KFOR-it n\u00eb stabilitetin rajonal. \u201cKFOR-i ka qen\u00eb dhe mbetet nj\u00eb shtyll\u00eb ky\u00e7e e stabilitetit n\u00eb Kosov\u00eb dhe n\u00eb Ballkanin Per\u00ebndimor\u201d, thuhet m\u00eb tej, duke vler\u00ebsuar mb\u00ebshtetjen e vazhdueshme t\u00eb aleat\u00ebve dhe partner\u00ebve.<\/p>\n<p>Komandanti Ulutas, b\u00ebri t\u00eb ditur se mban kontakte t\u00eb rregullta me p\u00ebrfaq\u00ebsues t\u00eb komunitetit nd\u00ebrkomb\u00ebtar, organizatave t\u00eb siguris\u00eb n\u00eb Kosov\u00eb dhe t\u00eb Forcave t\u00eb Armatosura t\u00eb Serbis\u00eb, me q\u00ebllim rritjen e transparenc\u00ebs dhe nd\u00ebrgjegj\u00ebsimit t\u00eb p\u00ebrbashk\u00ebt p\u00ebr situat\u00ebn n\u00eb terren.<\/p>\n<p>N\u00eb fund, ai theksoi se zgjidhja e q\u00ebndrueshme p\u00ebr rajonin \u00ebsht\u00eb politike dhe jo ushtarake.<\/p>\n<p>\u201cEkziston nj\u00eb nevoj\u00eb urgjente p\u00ebr nj\u00eb zgjidhje politike afatgjat\u00eb\u201d, deklaroi ai, duke shtuar se NATO mb\u00ebshtet fuqish\u00ebm dialogun e nd\u00ebrmjet\u00ebsuar nga Bashkimi Evropian p\u00ebr normalizimin e marr\u00ebdh\u00ebnieve nd\u00ebrmjet Beogradit dhe Prishtin\u00ebs.<\/p>\n<p>\u201cStabiliteti varet nga zgjedhja e t\u00eb gjitha pal\u00ebve p\u00ebr diplomacin\u00eb n\u00eb vend t\u00eb dhun\u00ebs. Rruga drejt paqes s\u00eb q\u00ebndrueshme \u00ebsht\u00eb politike, jo ushtarake,\u201d p\u00ebrfundon deklarata e komandantit t\u00eb KFOR-it.<\/p>\n","protected":false},"excerpt":{"rendered":"<p>Prishtin\u00eb 30 Prill 2026 9:14 Komandanti i KFOR-it, Gjeneral Major, Ozkan Ulutas, ka deklaruar se situata e siguris\u00eb n\u00eb Kosov\u00eb mbetet p\u00ebrgjith\u00ebsisht e qet\u00eb, por<\/p>\n","protected":false},"author":6,"featured_media":45694,"comment_status":"open","ping_status":"open","sticky":false,"template":"","format":"standard","meta":{"footnotes":""},"categories":[109],"tags":[],"class_list":["post-45693","post","type-post","status-publish","format-standard","has-post-thumbnail","hentry","category-siguri"],"yoast_head":"<!-- This site is optimized with the Yoast SEO plugin v25.3.1 - https:\/\/yoast.com\/wordpress\/plugins\/seo\/ -->\n<title>Komandanti i KFOR-it: Q\u00eb nga tetori 2025, situata n\u00eb Kosov\u00eb \u00ebsht\u00eb p\u00ebrgjith\u00ebsisht e qet\u00eb -<\/title>\n<meta name=\"robots\" content=\"index, follow, max-snippet:-1, max-image-preview:large, max-video-preview:-1\" \/>\n<link rel=\"canonical\" href=\"https:\/\/veritasinfo.org\/?p=45693\" \/>\n<meta property=\"og:locale\" content=\"en_US\" \/>\n<meta property=\"og:type\" content=\"article\" \/>\n<meta property=\"og:title\" content=\"Komandanti i KFOR-it: Q\u00eb nga tetori 2025, situata n\u00eb Kosov\u00eb \u00ebsht\u00eb p\u00ebrgjith\u00ebsisht e qet\u00eb -\" \/>\n<meta property=\"og:description\" content=\"Prishtin\u00eb 30 Prill 2026 9:14 Komandanti i KFOR-it, Gjeneral Major, Ozkan Ulutas, ka deklaruar se situata e siguris\u00eb n\u00eb Kosov\u00eb mbetet p\u00ebrgjith\u00ebsisht e qet\u00eb, por\" \/>\n<meta property=\"og:url\" content=\"https:\/\/veritasinfo.org\/?p=45693\" \/>\n<meta property=\"article:published_time\" content=\"2026-04-30T07:15:00+00:00\" \/>\n<meta property=\"og:image\" content=\"https:\/\/veritasinfo.org\/wp-content\/uploads\/2026\/04\/IMG-20260430-WA0000.jpg\" \/>\n\t<meta property=\"og:image:width\" content=\"750\" \/>\n\t<meta property=\"og:image:height\" content=\"375\" \/>\n\t<meta property=\"og:image:type\" content=\"image\/jpeg\" \/>\n<meta name=\"author\" content=\"US5\" \/>\n<meta name=\"twitter:card\" content=\"summary_large_image\" \/>\n<meta name=\"twitter:label1\" content=\"Written by\" \/>\n\t<meta name=\"twitter:data1\" content=\"US5\" \/>\n\t<meta name=\"twitter:label2\" content=\"Est. reading time\" \/>\n\t<meta name=\"twitter:data2\" content=\"1 minute\" \/>\n<script type=\"application\/ld+json\" class=\"yoast-schema-graph\">{\"@context\":\"https:\/\/schema.org\",\"@graph\":[{\"@type\":\"WebPage\",\"@id\":\"https:\/\/veritasinfo.org\/?p=45693\",\"url\":\"https:\/\/veritasinfo.org\/?p=45693\",\"name\":\"Komandanti i KFOR-it: Q\u00eb nga tetori 2025, situata n\u00eb Kosov\u00eb \u00ebsht\u00eb p\u00ebrgjith\u00ebsisht e qet\u00eb -\",\"isPartOf\":{\"@id\":\"https:\/\/veritasinfo.org\/#website\"},\"primaryImageOfPage\":{\"@id\":\"https:\/\/veritasinfo.org\/?p=45693#primaryimage\"},\"image\":{\"@id\":\"https:\/\/veritasinfo.org\/?p=45693#primaryimage\"},\"thumbnailUrl\":\"https:\/\/veritasinfo.org\/wp-content\/uploads\/2026\/04\/IMG-20260430-WA0000.jpg\",\"datePublished\":\"2026-04-30T07:15:00+00:00\",\"author\":{\"@id\":\"https:\/\/veritasinfo.org\/#\/schema\/person\/bc442336e35414d04494ab8fb45db4c6\"},\"breadcrumb\":{\"@id\":\"https:\/\/veritasinfo.org\/?p=45693#breadcrumb\"},\"inLanguage\":\"en-US\",\"potentialAction\":[{\"@type\":\"ReadAction\",\"target\":[\"https:\/\/veritasinfo.org\/?p=45693\"]}]},{\"@type\":\"ImageObject\",\"inLanguage\":\"en-US\",\"@id\":\"https:\/\/veritasinfo.org\/?p=45693#primaryimage\",\"url\":\"https:\/\/veritasinfo.org\/wp-content\/uploads\/2026\/04\/IMG-20260430-WA0000.jpg\",\"contentUrl\":\"https:\/\/veritasinfo.org\/wp-content\/uploads\/2026\/04\/IMG-20260430-WA0000.jpg\",\"width\":750,\"height\":375},{\"@type\":\"BreadcrumbList\",\"@id\":\"https:\/\/veritasinfo.org\/?p=45693#breadcrumb\",\"itemListElement\":[{\"@type\":\"ListItem\",\"position\":1,\"name\":\"Home\",\"item\":\"https:\/\/veritasinfo.org\/\"},{\"@type\":\"ListItem\",\"position\":2,\"name\":\"Komandanti i KFOR-it: Q\u00eb nga tetori 2025, situata n\u00eb Kosov\u00eb \u00ebsht\u00eb p\u00ebrgjith\u00ebsisht e qet\u00eb\"}]},{\"@type\":\"WebSite\",\"@id\":\"https:\/\/veritasinfo.org\/#website\",\"url\":\"https:\/\/veritasinfo.org\/\",\"name\":\"\",\"description\":\"\",\"potentialAction\":[{\"@type\":\"SearchAction\",\"target\":{\"@type\":\"EntryPoint\",\"urlTemplate\":\"https:\/\/veritasinfo.org\/?s={search_term_string}\"},\"query-input\":{\"@type\":\"PropertyValueSpecification\",\"valueRequired\":true,\"valueName\":\"search_term_string\"}}],\"inLanguage\":\"en-US\"},{\"@type\":\"Person\",\"@id\":\"https:\/\/veritasinfo.org\/#\/schema\/person\/bc442336e35414d04494ab8fb45db4c6\",\"name\":\"US5\",\"image\":{\"@type\":\"ImageObject\",\"inLanguage\":\"en-US\",\"@id\":\"https:\/\/veritasinfo.org\/#\/schema\/person\/image\/\",\"url\":\"https:\/\/secure.gravatar.com\/avatar\/16a61e7272a0c5d001121ebb9e60e925d5816e4ac1e443ed3e640d9a6ae55d0c?s=96&d=mm&r=g\",\"contentUrl\":\"https:\/\/secure.gravatar.com\/avatar\/16a61e7272a0c5d001121ebb9e60e925d5816e4ac1e443ed3e640d9a6ae55d0c?s=96&d=mm&r=g\",\"caption\":\"US5\"},\"url\":\"https:\/\/veritasinfo.org\/?author=6\"}]}<\/script>\n<!-- \/ Yoast SEO plugin. -->","yoast_head_json":{"title":"Komandanti i KFOR-it: Q\u00eb nga tetori 2025, situata n\u00eb Kosov\u00eb \u00ebsht\u00eb p\u00ebrgjith\u00ebsisht e qet\u00eb -","robots":{"index":"index","follow":"follow","max-snippet":"max-snippet:-1","max-image-preview":"max-image-preview:large","max-video-preview":"max-video-preview:-1"},"canonical":"https:\/\/veritasinfo.org\/?p=45693","og_locale":"en_US","og_type":"article","og_title":"Komandanti i KFOR-it: Q\u00eb nga tetori 2025, situata n\u00eb Kosov\u00eb \u00ebsht\u00eb p\u00ebrgjith\u00ebsisht e qet\u00eb -","og_description":"Prishtin\u00eb 30 Prill 2026 9:14 Komandanti i KFOR-it, Gjeneral Major, Ozkan Ulutas, ka deklaruar se situata e siguris\u00eb n\u00eb Kosov\u00eb mbetet p\u00ebrgjith\u00ebsisht e qet\u00eb, por","og_url":"https:\/\/veritasinfo.org\/?p=45693","article_published_time":"2026-04-30T07:15:00+00:00","og_image":[{"width":750,"height":375,"url":"https:\/\/veritasinfo.org\/wp-content\/uploads\/2026\/04\/IMG-20260430-WA0000.jpg","type":"image\/jpeg"}],"author":"US5","twitter_card":"summary_large_image","twitter_misc":{"Written by":"US5","Est. reading time":"1 minute"},"schema":{"@context":"https:\/\/schema.org","@graph":[{"@type":"WebPage","@id":"https:\/\/veritasinfo.org\/?p=45693","url":"https:\/\/veritasinfo.org\/?p=45693","name":"Komandanti i KFOR-it: Q\u00eb nga tetori 2025, situata n\u00eb Kosov\u00eb \u00ebsht\u00eb p\u00ebrgjith\u00ebsisht e qet\u00eb -","isPartOf":{"@id":"https:\/\/veritasinfo.org\/#website"},"primaryImageOfPage":{"@id":"https:\/\/veritasinfo.org\/?p=45693#primaryimage"},"image":{"@id":"https:\/\/veritasinfo.org\/?p=45693#primaryimage"},"thumbnailUrl":"https:\/\/veritasinfo.org\/wp-content\/uploads\/2026\/04\/IMG-20260430-WA0000.jpg","datePublished":"2026-04-30T07:15:00+00:00","author":{"@id":"https:\/\/veritasinfo.org\/#\/schema\/person\/bc442336e35414d04494ab8fb45db4c6"},"breadcrumb":{"@id":"https:\/\/veritasinfo.org\/?p=45693#breadcrumb"},"inLanguage":"en-US","potentialAction":[{"@type":"ReadAction","target":["https:\/\/veritasinfo.org\/?p=45693"]}]},{"@type":"ImageObject","inLanguage":"en-US","@id":"https:\/\/veritasinfo.org\/?p=45693#primaryimage","url":"https:\/\/veritasinfo.org\/wp-content\/uploads\/2026\/04\/IMG-20260430-WA0000.jpg","contentUrl":"https:\/\/veritasinfo.org\/wp-content\/uploads\/2026\/04\/IMG-20260430-WA0000.jpg","width":750,"height":375},{"@type":"BreadcrumbList","@id":"https:\/\/veritasinfo.org\/?p=45693#breadcrumb","itemListElement":[{"@type":"ListItem","position":1,"name":"Home","item":"https:\/\/veritasinfo.org\/"},{"@type":"ListItem","position":2,"name":"Komandanti i KFOR-it: Q\u00eb nga tetori 2025, situata n\u00eb Kosov\u00eb \u00ebsht\u00eb p\u00ebrgjith\u00ebsisht e qet\u00eb"}]},{"@type":"WebSite","@id":"https:\/\/veritasinfo.org\/#website","url":"https:\/\/veritasinfo.org\/","name":"","description":"","potentialAction":[{"@type":"SearchAction","target":{"@type":"EntryPoint","urlTemplate":"https:\/\/veritasinfo.org\/?s={search_term_string}"},"query-input":{"@type":"PropertyValueSpecification","valueRequired":true,"valueName":"search_term_string"}}],"inLanguage":"en-US"},{"@type":"Person","@id":"https:\/\/veritasinfo.org\/#\/schema\/person\/bc442336e35414d04494ab8fb45db4c6","name":"US5","image":{"@type":"ImageObject","inLanguage":"en-US","@id":"https:\/\/veritasinfo.org\/#\/schema\/person\/image\/","url":"https:\/\/secure.gravatar.com\/avatar\/16a61e7272a0c5d001121ebb9e60e925d5816e4ac1e443ed3e640d9a6ae55d0c?s=96&d=mm&r=g","contentUrl":"https:\/\/secure.gravatar.com\/avatar\/16a61e7272a0c5d001121ebb9e60e925d5816e4ac1e443ed3e640d9a6ae55d0c?s=96&d=mm&r=g","caption":"US5"},"url":"https:\/\/veritasinfo.org\/?author=6"}]}},"featured_image_urls":{"full":["https:\/\/veritasinfo.org\/wp-content\/uploads\/2026\/04\/IMG-20260430-WA0000.jpg",750,375,false],"thumbnail":["https:\/\/veritasinfo.org\/wp-content\/uploads\/2026\/04\/IMG-20260430-WA0000-150x150.jpg",150,150,true],"medium":["https:\/\/veritasinfo.org\/wp-content\/uploads\/2026\/04\/IMG-20260430-WA0000-300x150.jpg",300,150,true],"medium_large":["https:\/\/veritasinfo.org\/wp-content\/uploads\/2026\/04\/IMG-20260430-WA0000.jpg",640,320,false],"large":["https:\/\/veritasinfo.org\/wp-content\/uploads\/2026\/04\/IMG-20260430-WA0000.jpg",640,320,false],"1536x1536":["https:\/\/veritasinfo.org\/wp-content\/uploads\/2026\/04\/IMG-20260430-WA0000.jpg",750,375,false],"2048x2048":["https:\/\/veritasinfo.org\/wp-content\/uploads\/2026\/04\/IMG-20260430-WA0000.jpg",750,375,false],"kreeti-slider-full":["https:\/\/veritasinfo.org\/wp-content\/uploads\/2026\/04\/IMG-20260430-WA0000.jpg",750,375,false],"kreeti-featured":["https:\/\/veritasinfo.org\/wp-content\/uploads\/2026\/04\/IMG-20260430-WA0000.jpg",750,375,false],"kreeti-medium":["https:\/\/veritasinfo.org\/wp-content\/uploads\/2026\/04\/IMG-20260430-WA0000-720x375.jpg",720,375,true],"kreeti-medium-square":["https:\/\/veritasinfo.org\/wp-content\/uploads\/2026\/04\/IMG-20260430-WA0000-350x350.jpg",350,350,true]},"author_info":{"info":["US5"]},"category_info":"<a href=\"https:\/\/veritasinfo.org\/?cat=109\" rel=\"category\">Siguri<\/a>","tag_info":"Siguri","comment_count":"0","_links":{"self":[{"href":"https:\/\/veritasinfo.org\/index.php?rest_route=\/wp\/v2\/posts\/45693","targetHints":{"allow":["GET"]}}],"collection":[{"href":"https:\/\/veritasinfo.org\/index.php?rest_route=\/wp\/v2\/posts"}],"about":[{"href":"https:\/\/veritasinfo.org\/index.php?rest_route=\/wp\/v2\/types\/post"}],"author":[{"embeddable":true,"href":"https:\/\/veritasinfo.org\/index.php?rest_route=\/wp\/v2\/users\/6"}],"replies":[{"embeddable":true,"href":"https:\/\/veritasinfo.org\/index.php?rest_route=%2Fwp%2Fv2%2Fcomments&post=45693"}],"version-history":[{"count":2,"href":"https:\/\/veritasinfo.org\/index.php?rest_route=\/wp\/v2\/posts\/45693\/revisions"}],"predecessor-version":[{"id":45696,"href":"https:\/\/veritasinfo.org\/index.php?rest_route=\/wp\/v2\/posts\/45693\/revisions\/45696"}],"wp:featuredmedia":[{"embeddable":true,"href":"https:\/\/veritasinfo.org\/index.php?rest_route=\/wp\/v2\/media\/45694"}],"wp:attachment":[{"href":"https:\/\/veritasinfo.org\/index.php?rest_route=%2Fwp%2Fv2%2Fmedia&parent=45693"}],"wp:term":[{"taxonomy":"category","embeddable":true,"href":"https:\/\/veritasinfo.org\/index.php?rest_route=%2Fwp%2Fv2%2Fcategories&post=45693"},{"taxonomy":"post_tag","embeddable":true,"href":"https:\/\/veritasinfo.org\/index.php?rest_route=%2Fwp%2Fv2%2Ftags&post=45693"}],"curies":[{"name":"wp","href":"https:\/\/api.w.org\/{rel}","templated":true}]}}