{"id":45691,"date":"2026-04-30T09:09:08","date_gmt":"2026-04-30T07:09:08","guid":{"rendered":"https:\/\/veritasinfo.org\/?p=45691"},"modified":"2026-04-30T09:09:08","modified_gmt":"2026-04-30T07:09:08","slug":"ovo-je-vise-od-borbe-boricu-se-za-albaniju-i-za-albance-prenga-smelim-recima-pred-vitalnu-borbu-sa-dzosuom","status":"publish","type":"post","link":"https:\/\/veritasinfo.org\/?p=45691&lang=sr","title":{"rendered":"\u201eOvo je vi\u0161e od borbe, boric\u0301u se za Albaniju i za Albance\u201c, Prenga smelim re\u010dima pred vitalnu borbu sa D\u017eo\u0161uom"},"content":{"rendered":"<p>Pri\u0161tina, 30. april 2026. 09:06<\/p>\n<p>Albanski bokser D\u017eo\u0161ua Prenga je uo\u010di svog va\u017enog sukoba uputio sna\u017enu i emotivnu poruku, opisujuc\u0301i ovaj dvoboj kao mnogo vi\u0161e od sportske utakmice.<\/p>\n<p>U javnoj reakciji, Prenga je naglasio da svaki put kada u\u0111e u ring predstavlja Albaniju i sve Albance, smatrajuc\u0301i ovu odgovornost dodatnom motivacijom da da sve od sebe.<\/p>\n<p>\u201eSvaki put kada u\u0111em u ring, nosim Albaniju sa sobom. Ovo je vi\u0161e od borbe &#8211; to je ponos, svrha i odgovornost. Borim se za svoju zemlju, za svoj narod i za sve \u0161to predstavljam\u201c, rekao je.<\/p>\n<p>Bokser nije zaboravio da se zahvali svojim saradnicima i organizatorima koji su omoguc\u0301ili ovu borbu, opisujuc\u0301i je kao va\u017ean korak u svojoj karijeri.<\/p>\n<p>\u201eHvala vam na prilici. Ovo je samo po\u010detak\u201c, dodao je Prenga, nagove\u0161tavajuc\u0301i da su mu ciljevi mnogo vec\u0301i<\/p>\n","protected":false},"excerpt":{"rendered":"<p>Pri\u0161tina, 30. april 2026. 09:06 Albanski bokser D\u017eo\u0161ua Prenga je uo\u010di svog va\u017enog sukoba uputio sna\u017enu i emotivnu poruku, opisujuc\u0301i ovaj dvoboj kao mnogo vi\u0161e<\/p>\n","protected":false},"author":7,"featured_media":45689,"comment_status":"open","ping_status":"open","sticky":false,"template":"","format":"standard","meta":{"footnotes":""},"categories":[36],"tags":[],"class_list":["post-45691","post","type-post","status-publish","format-standard","has-post-thumbnail","hentry","category-sport-sr"],"yoast_head":"<!-- This site is optimized with the Yoast SEO plugin v25.3.1 - https:\/\/yoast.com\/wordpress\/plugins\/seo\/ -->\n<title>\u201eOvo je vi\u0161e od borbe, boric\u0301u se za Albaniju i za Albance\u201c, Prenga smelim re\u010dima pred vitalnu borbu sa D\u017eo\u0161uom -<\/title>\n<meta name=\"robots\" content=\"index, follow, max-snippet:-1, max-image-preview:large, max-video-preview:-1\" \/>\n<link rel=\"canonical\" href=\"https:\/\/veritasinfo.org\/?p=45691&lang=sr\" \/>\n<meta property=\"og:locale\" content=\"en_US\" \/>\n<meta property=\"og:type\" content=\"article\" \/>\n<meta property=\"og:title\" content=\"\u201eOvo je vi\u0161e od borbe, boric\u0301u se za Albaniju i za Albance\u201c, Prenga smelim re\u010dima pred vitalnu borbu sa D\u017eo\u0161uom -\" \/>\n<meta property=\"og:description\" content=\"Pri\u0161tina, 30. april 2026. 09:06 Albanski bokser D\u017eo\u0161ua Prenga je uo\u010di svog va\u017enog sukoba uputio sna\u017enu i emotivnu poruku, opisujuc\u0301i ovaj dvoboj kao mnogo vi\u0161e\" \/>\n<meta property=\"og:url\" content=\"https:\/\/veritasinfo.org\/?p=45691&amp;lang=sr\" \/>\n<meta property=\"article:published_time\" content=\"2026-04-30T07:09:08+00:00\" \/>\n<meta property=\"og:image\" content=\"https:\/\/veritasinfo.org\/wp-content\/uploads\/2026\/04\/Screenshot-2026-04-30-084333-600x360-1.jpg\" \/>\n\t<meta property=\"og:image:width\" content=\"600\" \/>\n\t<meta property=\"og:image:height\" content=\"360\" \/>\n\t<meta property=\"og:image:type\" content=\"image\/jpeg\" \/>\n<meta name=\"author\" content=\"US6\" \/>\n<meta name=\"twitter:card\" content=\"summary_large_image\" \/>\n<meta name=\"twitter:label1\" content=\"Written by\" \/>\n\t<meta name=\"twitter:data1\" content=\"US6\" \/>\n\t<meta name=\"twitter:label2\" content=\"Est. reading time\" \/>\n\t<meta name=\"twitter:data2\" content=\"1 minute\" \/>\n<script type=\"application\/ld+json\" class=\"yoast-schema-graph\">{\"@context\":\"https:\/\/schema.org\",\"@graph\":[{\"@type\":\"WebPage\",\"@id\":\"https:\/\/veritasinfo.org\/?p=45691&lang=sr\",\"url\":\"https:\/\/veritasinfo.org\/?p=45691&lang=sr\",\"name\":\"\u201eOvo je vi\u0161e od borbe, boric\u0301u se za Albaniju i za Albance\u201c, Prenga smelim re\u010dima pred vitalnu borbu sa D\u017eo\u0161uom -\",\"isPartOf\":{\"@id\":\"https:\/\/veritasinfo.org\/#website\"},\"primaryImageOfPage\":{\"@id\":\"https:\/\/veritasinfo.org\/?p=45691&lang=sr#primaryimage\"},\"image\":{\"@id\":\"https:\/\/veritasinfo.org\/?p=45691&lang=sr#primaryimage\"},\"thumbnailUrl\":\"https:\/\/veritasinfo.org\/wp-content\/uploads\/2026\/04\/Screenshot-2026-04-30-084333-600x360-1.jpg\",\"datePublished\":\"2026-04-30T07:09:08+00:00\",\"author\":{\"@id\":\"https:\/\/veritasinfo.org\/#\/schema\/person\/fe199eede04c3937362892b7444747cc\"},\"breadcrumb\":{\"@id\":\"https:\/\/veritasinfo.org\/?p=45691&lang=sr#breadcrumb\"},\"inLanguage\":\"en-US\",\"potentialAction\":[{\"@type\":\"ReadAction\",\"target\":[\"https:\/\/veritasinfo.org\/?p=45691&lang=sr\"]}]},{\"@type\":\"ImageObject\",\"inLanguage\":\"en-US\",\"@id\":\"https:\/\/veritasinfo.org\/?p=45691&lang=sr#primaryimage\",\"url\":\"https:\/\/veritasinfo.org\/wp-content\/uploads\/2026\/04\/Screenshot-2026-04-30-084333-600x360-1.jpg\",\"contentUrl\":\"https:\/\/veritasinfo.org\/wp-content\/uploads\/2026\/04\/Screenshot-2026-04-30-084333-600x360-1.jpg\",\"width\":600,\"height\":360},{\"@type\":\"BreadcrumbList\",\"@id\":\"https:\/\/veritasinfo.org\/?p=45691&lang=sr#breadcrumb\",\"itemListElement\":[{\"@type\":\"ListItem\",\"position\":1,\"name\":\"Home\",\"item\":\"https:\/\/veritasinfo.org\/\"},{\"@type\":\"ListItem\",\"position\":2,\"name\":\"\u201eOvo je vi\u0161e od borbe, boric\u0301u se za Albaniju i za Albance\u201c, Prenga smelim re\u010dima pred vitalnu borbu sa D\u017eo\u0161uom\"}]},{\"@type\":\"WebSite\",\"@id\":\"https:\/\/veritasinfo.org\/#website\",\"url\":\"https:\/\/veritasinfo.org\/\",\"name\":\"\",\"description\":\"\",\"potentialAction\":[{\"@type\":\"SearchAction\",\"target\":{\"@type\":\"EntryPoint\",\"urlTemplate\":\"https:\/\/veritasinfo.org\/?s={search_term_string}\"},\"query-input\":{\"@type\":\"PropertyValueSpecification\",\"valueRequired\":true,\"valueName\":\"search_term_string\"}}],\"inLanguage\":\"en-US\"},{\"@type\":\"Person\",\"@id\":\"https:\/\/veritasinfo.org\/#\/schema\/person\/fe199eede04c3937362892b7444747cc\",\"name\":\"US6\",\"image\":{\"@type\":\"ImageObject\",\"inLanguage\":\"en-US\",\"@id\":\"https:\/\/veritasinfo.org\/#\/schema\/person\/image\/\",\"url\":\"https:\/\/secure.gravatar.com\/avatar\/cb16c3c31c9d23b9b8c705964598220b3014e42ff51eb540ff23cefa3ae8c15f?s=96&d=mm&r=g\",\"contentUrl\":\"https:\/\/secure.gravatar.com\/avatar\/cb16c3c31c9d23b9b8c705964598220b3014e42ff51eb540ff23cefa3ae8c15f?s=96&d=mm&r=g\",\"caption\":\"US6\"},\"url\":\"https:\/\/veritasinfo.org\/?author=7\"}]}<\/script>\n<!-- \/ Yoast SEO plugin. -->","yoast_head_json":{"title":"\u201eOvo je vi\u0161e od borbe, boric\u0301u se za Albaniju i za Albance\u201c, Prenga smelim re\u010dima pred vitalnu borbu sa D\u017eo\u0161uom -","robots":{"index":"index","follow":"follow","max-snippet":"max-snippet:-1","max-image-preview":"max-image-preview:large","max-video-preview":"max-video-preview:-1"},"canonical":"https:\/\/veritasinfo.org\/?p=45691&lang=sr","og_locale":"en_US","og_type":"article","og_title":"\u201eOvo je vi\u0161e od borbe, boric\u0301u se za Albaniju i za Albance\u201c, Prenga smelim re\u010dima pred vitalnu borbu sa D\u017eo\u0161uom -","og_description":"Pri\u0161tina, 30. april 2026. 09:06 Albanski bokser D\u017eo\u0161ua Prenga je uo\u010di svog va\u017enog sukoba uputio sna\u017enu i emotivnu poruku, opisujuc\u0301i ovaj dvoboj kao mnogo vi\u0161e","og_url":"https:\/\/veritasinfo.org\/?p=45691&lang=sr","article_published_time":"2026-04-30T07:09:08+00:00","og_image":[{"width":600,"height":360,"url":"https:\/\/veritasinfo.org\/wp-content\/uploads\/2026\/04\/Screenshot-2026-04-30-084333-600x360-1.jpg","type":"image\/jpeg"}],"author":"US6","twitter_card":"summary_large_image","twitter_misc":{"Written by":"US6","Est. reading time":"1 minute"},"schema":{"@context":"https:\/\/schema.org","@graph":[{"@type":"WebPage","@id":"https:\/\/veritasinfo.org\/?p=45691&lang=sr","url":"https:\/\/veritasinfo.org\/?p=45691&lang=sr","name":"\u201eOvo je vi\u0161e od borbe, boric\u0301u se za Albaniju i za Albance\u201c, Prenga smelim re\u010dima pred vitalnu borbu sa D\u017eo\u0161uom -","isPartOf":{"@id":"https:\/\/veritasinfo.org\/#website"},"primaryImageOfPage":{"@id":"https:\/\/veritasinfo.org\/?p=45691&lang=sr#primaryimage"},"image":{"@id":"https:\/\/veritasinfo.org\/?p=45691&lang=sr#primaryimage"},"thumbnailUrl":"https:\/\/veritasinfo.org\/wp-content\/uploads\/2026\/04\/Screenshot-2026-04-30-084333-600x360-1.jpg","datePublished":"2026-04-30T07:09:08+00:00","author":{"@id":"https:\/\/veritasinfo.org\/#\/schema\/person\/fe199eede04c3937362892b7444747cc"},"breadcrumb":{"@id":"https:\/\/veritasinfo.org\/?p=45691&lang=sr#breadcrumb"},"inLanguage":"en-US","potentialAction":[{"@type":"ReadAction","target":["https:\/\/veritasinfo.org\/?p=45691&lang=sr"]}]},{"@type":"ImageObject","inLanguage":"en-US","@id":"https:\/\/veritasinfo.org\/?p=45691&lang=sr#primaryimage","url":"https:\/\/veritasinfo.org\/wp-content\/uploads\/2026\/04\/Screenshot-2026-04-30-084333-600x360-1.jpg","contentUrl":"https:\/\/veritasinfo.org\/wp-content\/uploads\/2026\/04\/Screenshot-2026-04-30-084333-600x360-1.jpg","width":600,"height":360},{"@type":"BreadcrumbList","@id":"https:\/\/veritasinfo.org\/?p=45691&lang=sr#breadcrumb","itemListElement":[{"@type":"ListItem","position":1,"name":"Home","item":"https:\/\/veritasinfo.org\/"},{"@type":"ListItem","position":2,"name":"\u201eOvo je vi\u0161e od borbe, boric\u0301u se za Albaniju i za Albance\u201c, Prenga smelim re\u010dima pred vitalnu borbu sa D\u017eo\u0161uom"}]},{"@type":"WebSite","@id":"https:\/\/veritasinfo.org\/#website","url":"https:\/\/veritasinfo.org\/","name":"","description":"","potentialAction":[{"@type":"SearchAction","target":{"@type":"EntryPoint","urlTemplate":"https:\/\/veritasinfo.org\/?s={search_term_string}"},"query-input":{"@type":"PropertyValueSpecification","valueRequired":true,"valueName":"search_term_string"}}],"inLanguage":"en-US"},{"@type":"Person","@id":"https:\/\/veritasinfo.org\/#\/schema\/person\/fe199eede04c3937362892b7444747cc","name":"US6","image":{"@type":"ImageObject","inLanguage":"en-US","@id":"https:\/\/veritasinfo.org\/#\/schema\/person\/image\/","url":"https:\/\/secure.gravatar.com\/avatar\/cb16c3c31c9d23b9b8c705964598220b3014e42ff51eb540ff23cefa3ae8c15f?s=96&d=mm&r=g","contentUrl":"https:\/\/secure.gravatar.com\/avatar\/cb16c3c31c9d23b9b8c705964598220b3014e42ff51eb540ff23cefa3ae8c15f?s=96&d=mm&r=g","caption":"US6"},"url":"https:\/\/veritasinfo.org\/?author=7"}]}},"featured_image_urls":{"full":["https:\/\/veritasinfo.org\/wp-content\/uploads\/2026\/04\/Screenshot-2026-04-30-084333-600x360-1.jpg",600,360,false],"thumbnail":["https:\/\/veritasinfo.org\/wp-content\/uploads\/2026\/04\/Screenshot-2026-04-30-084333-600x360-1-150x150.jpg",150,150,true],"medium":["https:\/\/veritasinfo.org\/wp-content\/uploads\/2026\/04\/Screenshot-2026-04-30-084333-600x360-1-300x180.jpg",300,180,true],"medium_large":["https:\/\/veritasinfo.org\/wp-content\/uploads\/2026\/04\/Screenshot-2026-04-30-084333-600x360-1.jpg",600,360,false],"large":["https:\/\/veritasinfo.org\/wp-content\/uploads\/2026\/04\/Screenshot-2026-04-30-084333-600x360-1.jpg",600,360,false],"1536x1536":["https:\/\/veritasinfo.org\/wp-content\/uploads\/2026\/04\/Screenshot-2026-04-30-084333-600x360-1.jpg",600,360,false],"2048x2048":["https:\/\/veritasinfo.org\/wp-content\/uploads\/2026\/04\/Screenshot-2026-04-30-084333-600x360-1.jpg",600,360,false],"kreeti-slider-full":["https:\/\/veritasinfo.org\/wp-content\/uploads\/2026\/04\/Screenshot-2026-04-30-084333-600x360-1.jpg",600,360,false],"kreeti-featured":["https:\/\/veritasinfo.org\/wp-content\/uploads\/2026\/04\/Screenshot-2026-04-30-084333-600x360-1.jpg",600,360,false],"kreeti-medium":["https:\/\/veritasinfo.org\/wp-content\/uploads\/2026\/04\/Screenshot-2026-04-30-084333-600x360-1.jpg",600,360,false],"kreeti-medium-square":["https:\/\/veritasinfo.org\/wp-content\/uploads\/2026\/04\/Screenshot-2026-04-30-084333-600x360-1-350x350.jpg",350,350,true]},"author_info":{"info":["US6"]},"category_info":"<a href=\"https:\/\/veritasinfo.org\/?cat=36&#038;lang=sr\" rel=\"category\">Sport<\/a>","tag_info":"Sport","comment_count":"0","_links":{"self":[{"href":"https:\/\/veritasinfo.org\/index.php?rest_route=\/wp\/v2\/posts\/45691","targetHints":{"allow":["GET"]}}],"collection":[{"href":"https:\/\/veritasinfo.org\/index.php?rest_route=\/wp\/v2\/posts"}],"about":[{"href":"https:\/\/veritasinfo.org\/index.php?rest_route=\/wp\/v2\/types\/post"}],"author":[{"embeddable":true,"href":"https:\/\/veritasinfo.org\/index.php?rest_route=\/wp\/v2\/users\/7"}],"replies":[{"embeddable":true,"href":"https:\/\/veritasinfo.org\/index.php?rest_route=%2Fwp%2Fv2%2Fcomments&post=45691"}],"version-history":[{"count":1,"href":"https:\/\/veritasinfo.org\/index.php?rest_route=\/wp\/v2\/posts\/45691\/revisions"}],"predecessor-version":[{"id":45692,"href":"https:\/\/veritasinfo.org\/index.php?rest_route=\/wp\/v2\/posts\/45691\/revisions\/45692"}],"wp:featuredmedia":[{"embeddable":true,"href":"https:\/\/veritasinfo.org\/index.php?rest_route=\/wp\/v2\/media\/45689"}],"wp:attachment":[{"href":"https:\/\/veritasinfo.org\/index.php?rest_route=%2Fwp%2Fv2%2Fmedia&parent=45691"}],"wp:term":[{"taxonomy":"category","embeddable":true,"href":"https:\/\/veritasinfo.org\/index.php?rest_route=%2Fwp%2Fv2%2Fcategories&post=45691"},{"taxonomy":"post_tag","embeddable":true,"href":"https:\/\/veritasinfo.org\/index.php?rest_route=%2Fwp%2Fv2%2Ftags&post=45691"}],"curies":[{"name":"wp","href":"https:\/\/api.w.org\/{rel}","templated":true}]}}