{"id":45685,"date":"2026-04-30T08:34:45","date_gmt":"2026-04-30T06:34:45","guid":{"rendered":"https:\/\/veritasinfo.org\/?p=45685"},"modified":"2026-04-30T08:34:45","modified_gmt":"2026-04-30T06:34:45","slug":"prosle-godine-podignuto-je-15-optuznica-za-ratne-zlocine-od-kojih-10-u-odsustvu","status":"publish","type":"post","link":"https:\/\/veritasinfo.org\/?p=45685&lang=sr","title":{"rendered":"Pro\u0161le godine podignuto je 15 optu\u017enica za ratne zlo\u010dine, od kojih 10 u odsustvu"},"content":{"rendered":"<p>Pri\u0161tina, 30. april 2026. 8:30<br \/>\nTokom 2025. godine podignuto je 15 optu\u017enica protiv 55 osumnji\u010denih Srba za ratne zlo\u010dine na Kosovu, uklju\u010dujuc\u0301i 10 u odsustvu.<\/p>\n<p>U godi\u0161njem izve\u0161taju Fonda za humanitarno pravo \u201eSu\u0111enja za ratne zlo\u010dine u odsustvu: Izme\u0111u statistike i stvarnosti pravde\u201c, objavljenom u sredu, tako\u0111e se navodi da je tokom pro\u0161le godine objavljeno 10 presuda za ratne zlo\u010dine, gde je 10 osoba osu\u0111eno, dok je jedna oslobo\u0111ena zbog nedostatka dokaza.<\/p>\n<p>Tokom predstavljanja izve\u0161taja, advokat Amer Alija je rekao da je tokom godine prac\u0301eno 182 sudska ro\u010di\u0161ta.<\/p>\n<p>\u201eIzve\u0161taj pokazuje da su tokom 2025. godine vo\u0111eni krivi\u010dni postupci u 50 slu\u010dajeva protiv 154 pripadnika srpskih snaga optu\u017eenih za ratne zlo\u010dine, uklju\u010dujuc\u0301i 24 optu\u017enice podignute u odsustvu protiv 120 optu\u017eenih u odsustvu. Tokom 2025. godine, Specijalno odeljenje Osnovnog suda u Pri\u0161tini donelo je ukupno 10 presuda za ratne zlo\u010dine. U ovim slu\u010dajevima, 10 osoba je osu\u0111eno, a 1 osoba je oslobo\u0111ena. U tri od ovih slu\u010dajeva, optu\u017eeni su u odsustvu osu\u0111eni na maksimalne kazne od 15 godina zatvora\u201c, rekao je Alija.<\/p>\n<p>Direktor Fonda za humanitarno pravo, Bekim Bljakaj, rekao je da je sada vreme kada treba u\u010diniti vi\u0161e kako bi se \u017ertvama obezbedila pravda, jer, prema njegovim re\u010dima, protok vremena ote\u017eava ovaj proces.<\/p>\n<p>\u201eU ovom kontekstu, va\u017eno je postaviti neka klju\u010dna pitanja: Da li uspevamo da uravnote\u017eimo potrebu za pravdom sa po\u0161tovanjem me\u0111unarodnih standarda? Da li \u017ertvama pru\u017eamo ono \u0161to im nedostaje vi\u0161e od dve decenije, efikasnu i verodostojnu pravdu? Jer, u su\u0161tini, ovo nije samo pravno pitanje, vec\u0301 pitanje pravde za \u017ertve, njihove porodice i na\u0161e dru\u0161tvo\u201c, rekao je Bljakaj.<\/p>\n<p>\u0160vajcarski ambasador na Kosovu, Jurg \u0160preher, naglasio je da povec\u0301anje broja optu\u017enica ne zna\u010di nu\u017eno i pravdu.<\/p>\n<p>\u201eIako imamo povec\u0301anje optu\u017enica koje se odnose na aktivnosti institucija i napredak, to ne ukazuje nu\u017eno na to da li se pravda zadovoljava. Najva\u017enije je da li ovi procesi vode do odgovornosti, pravednih su\u0111enja i osec\u0301aja pravde za \u017ertve. Su\u0111enja u odsustvu treba koristiti samo u izuzetnim slu\u010dajevima i u skladu sa me\u0111unarodnim standardima\u201c, rekao je \u0160preher.<\/p>\n<p>Predstavnici pravosu\u0111a i Kosovske policije istakli su glavne izazove u re\u0161avanju ovih slu\u010dajeva.<\/p>\n<p>Sudija Apelacionog suda, Valon Kurtaj, rekao je da o\u010dekuju da c\u0301e pravosudni sistem imati povec\u0301ane kapacitete.<\/p>\n<p>\u201eO\u010dekujemo da sistem odra\u017eava povec\u0301anje kapaciteta, o\u010dekujemo podr\u0161ku za postupanje u ovim slu\u010dajevima, ali mislim da specijalno odeljenje radi veoma dobar posao\u201c, rekao je Kurtaj.<\/p>\n<p>A prema re\u010dima Leona Perlaske, sudije Osnovnog suda u Pri\u0161tini, izazov u \u200b\u200bovom procesu je i nedostatak saradnje Srbije.<\/p>\n<p>\u201eGlavni problem je saradnja sa Srbijom. Za\u0161to? Odredba \u010dlana 302, 303 Krivi\u010dnog zakonika koja je regulisala i omoguc\u0301ila su\u0111enje u odsustvu postavila je kriterijum koji je apstraktnog karaktera. Pored ispunjavanja formalnih uslova, ostavila je obavezu tu\u017eila\u0161tvu i pravosu\u0111u da sveobuhvatno informi\u0161u i javnost, ali i strane uklju\u010dene u su\u0111enje. Smatramo da je nemoguc\u0301e kao sud da postignemo cilj svih informacija na teritoriji Srbije, to je tako\u0111e problem\u201c, naveo je Perlaska.<\/p>\n<p>Ba\u0161kim Spahiu, direktor Direkcije za istragu ratnih zlo\u010dina u Kosovskoj policiji, rekao je da se pored nesaradnje Srbije, ova direkcija suo\u010dava i sa drugim izazovima.<\/p>\n<p>\u201eIzazovi direkcije ostaju oni koji se odnose na me\u0111unarodnu saradnju, jer je poznato da je obezbe\u0111ivanje prisustva okrivljenog u postupku usko povezano sa pitanjem saradnje, u ovom slu\u010daju sa Srbijom. \u0160to se ti\u010de unutra\u0161njih izazova, pored nedostataka vezanih za aspekt tehnologije, postojao je nedostatak u prenosu predmeta u elektronskom smislu baze podataka koju je koristila misija Euleks tokom tranzicije. Posebna potreba i opipljiv nedostatak je nedostatak specijalizovane obuke za istra\u017eitelje\u201c, rekao je Spahiu.<\/p>\n<p>Tokom 2024. godine podignuto je 14 optu\u017enica protiv 25 Srba osumnji\u010denih za ratne zlo\u010dine. Od toga, \u0161est optu\u017enica je podignuto u odsustvu protiv 11 Srba, dok je sedam drugih protiv 13 uhap\u0161enih Srba.<\/p>\n<p>Fond za humanitarno pravo svake godine objavljuje izve\u0161taje o napretku sudskih procesa. Na osnovu njih, do sada je osu\u0111eno ukupno 84 osobe za oko 10.000 \u017ertava rata.<\/p>\n","protected":false},"excerpt":{"rendered":"<p>Pri\u0161tina, 30. april 2026. 8:30 Tokom 2025. godine podignuto je 15 optu\u017enica protiv 55 osumnji\u010denih Srba za ratne zlo\u010dine na Kosovu, uklju\u010dujuc\u0301i 10 u odsustvu.<\/p>\n","protected":false},"author":6,"featured_media":45686,"comment_status":"open","ping_status":"open","sticky":false,"template":"","format":"standard","meta":{"footnotes":""},"categories":[30],"tags":[],"class_list":["post-45685","post","type-post","status-publish","format-standard","has-post-thumbnail","hentry","category-drustvo"],"yoast_head":"<!-- This site is optimized with the Yoast SEO plugin v25.3.1 - https:\/\/yoast.com\/wordpress\/plugins\/seo\/ -->\n<title>Pro\u0161le godine podignuto je 15 optu\u017enica za ratne zlo\u010dine, od kojih 10 u odsustvu -<\/title>\n<meta name=\"robots\" content=\"index, follow, max-snippet:-1, max-image-preview:large, max-video-preview:-1\" \/>\n<link rel=\"canonical\" href=\"https:\/\/veritasinfo.org\/?p=45685&lang=sr\" \/>\n<meta property=\"og:locale\" content=\"en_US\" \/>\n<meta property=\"og:type\" content=\"article\" \/>\n<meta property=\"og:title\" content=\"Pro\u0161le godine podignuto je 15 optu\u017enica za ratne zlo\u010dine, od kojih 10 u odsustvu -\" \/>\n<meta property=\"og:description\" content=\"Pri\u0161tina, 30. april 2026. 8:30 Tokom 2025. godine podignuto je 15 optu\u017enica protiv 55 osumnji\u010denih Srba za ratne zlo\u010dine na Kosovu, uklju\u010dujuc\u0301i 10 u odsustvu.\" \/>\n<meta property=\"og:url\" content=\"https:\/\/veritasinfo.org\/?p=45685&amp;lang=sr\" \/>\n<meta property=\"article:published_time\" content=\"2026-04-30T06:34:45+00:00\" \/>\n<meta property=\"og:image\" content=\"https:\/\/veritasinfo.org\/wp-content\/uploads\/2026\/04\/dhuna-aktakuza-600x347-1-1.webp\" \/>\n\t<meta property=\"og:image:width\" content=\"600\" \/>\n\t<meta property=\"og:image:height\" content=\"347\" \/>\n\t<meta property=\"og:image:type\" content=\"image\/webp\" \/>\n<meta name=\"author\" content=\"US5\" \/>\n<meta name=\"twitter:card\" content=\"summary_large_image\" \/>\n<meta name=\"twitter:label1\" content=\"Written by\" \/>\n\t<meta name=\"twitter:data1\" content=\"US5\" \/>\n\t<meta name=\"twitter:label2\" content=\"Est. reading time\" \/>\n\t<meta name=\"twitter:data2\" content=\"1 minute\" \/>\n<script type=\"application\/ld+json\" class=\"yoast-schema-graph\">{\"@context\":\"https:\/\/schema.org\",\"@graph\":[{\"@type\":\"WebPage\",\"@id\":\"https:\/\/veritasinfo.org\/?p=45685&lang=sr\",\"url\":\"https:\/\/veritasinfo.org\/?p=45685&lang=sr\",\"name\":\"Pro\u0161le godine podignuto je 15 optu\u017enica za ratne zlo\u010dine, od kojih 10 u odsustvu -\",\"isPartOf\":{\"@id\":\"https:\/\/veritasinfo.org\/#website\"},\"primaryImageOfPage\":{\"@id\":\"https:\/\/veritasinfo.org\/?p=45685&lang=sr#primaryimage\"},\"image\":{\"@id\":\"https:\/\/veritasinfo.org\/?p=45685&lang=sr#primaryimage\"},\"thumbnailUrl\":\"https:\/\/veritasinfo.org\/wp-content\/uploads\/2026\/04\/dhuna-aktakuza-600x347-1-1.webp\",\"datePublished\":\"2026-04-30T06:34:45+00:00\",\"author\":{\"@id\":\"https:\/\/veritasinfo.org\/#\/schema\/person\/bc442336e35414d04494ab8fb45db4c6\"},\"breadcrumb\":{\"@id\":\"https:\/\/veritasinfo.org\/?p=45685&lang=sr#breadcrumb\"},\"inLanguage\":\"en-US\",\"potentialAction\":[{\"@type\":\"ReadAction\",\"target\":[\"https:\/\/veritasinfo.org\/?p=45685&lang=sr\"]}]},{\"@type\":\"ImageObject\",\"inLanguage\":\"en-US\",\"@id\":\"https:\/\/veritasinfo.org\/?p=45685&lang=sr#primaryimage\",\"url\":\"https:\/\/veritasinfo.org\/wp-content\/uploads\/2026\/04\/dhuna-aktakuza-600x347-1-1.webp\",\"contentUrl\":\"https:\/\/veritasinfo.org\/wp-content\/uploads\/2026\/04\/dhuna-aktakuza-600x347-1-1.webp\",\"width\":600,\"height\":347},{\"@type\":\"BreadcrumbList\",\"@id\":\"https:\/\/veritasinfo.org\/?p=45685&lang=sr#breadcrumb\",\"itemListElement\":[{\"@type\":\"ListItem\",\"position\":1,\"name\":\"Home\",\"item\":\"https:\/\/veritasinfo.org\/\"},{\"@type\":\"ListItem\",\"position\":2,\"name\":\"Pro\u0161le godine podignuto je 15 optu\u017enica za ratne zlo\u010dine, od kojih 10 u odsustvu\"}]},{\"@type\":\"WebSite\",\"@id\":\"https:\/\/veritasinfo.org\/#website\",\"url\":\"https:\/\/veritasinfo.org\/\",\"name\":\"\",\"description\":\"\",\"potentialAction\":[{\"@type\":\"SearchAction\",\"target\":{\"@type\":\"EntryPoint\",\"urlTemplate\":\"https:\/\/veritasinfo.org\/?s={search_term_string}\"},\"query-input\":{\"@type\":\"PropertyValueSpecification\",\"valueRequired\":true,\"valueName\":\"search_term_string\"}}],\"inLanguage\":\"en-US\"},{\"@type\":\"Person\",\"@id\":\"https:\/\/veritasinfo.org\/#\/schema\/person\/bc442336e35414d04494ab8fb45db4c6\",\"name\":\"US5\",\"image\":{\"@type\":\"ImageObject\",\"inLanguage\":\"en-US\",\"@id\":\"https:\/\/veritasinfo.org\/#\/schema\/person\/image\/\",\"url\":\"https:\/\/secure.gravatar.com\/avatar\/16a61e7272a0c5d001121ebb9e60e925d5816e4ac1e443ed3e640d9a6ae55d0c?s=96&d=mm&r=g\",\"contentUrl\":\"https:\/\/secure.gravatar.com\/avatar\/16a61e7272a0c5d001121ebb9e60e925d5816e4ac1e443ed3e640d9a6ae55d0c?s=96&d=mm&r=g\",\"caption\":\"US5\"},\"url\":\"https:\/\/veritasinfo.org\/?author=6\"}]}<\/script>\n<!-- \/ Yoast SEO plugin. -->","yoast_head_json":{"title":"Pro\u0161le godine podignuto je 15 optu\u017enica za ratne zlo\u010dine, od kojih 10 u odsustvu -","robots":{"index":"index","follow":"follow","max-snippet":"max-snippet:-1","max-image-preview":"max-image-preview:large","max-video-preview":"max-video-preview:-1"},"canonical":"https:\/\/veritasinfo.org\/?p=45685&lang=sr","og_locale":"en_US","og_type":"article","og_title":"Pro\u0161le godine podignuto je 15 optu\u017enica za ratne zlo\u010dine, od kojih 10 u odsustvu -","og_description":"Pri\u0161tina, 30. april 2026. 8:30 Tokom 2025. godine podignuto je 15 optu\u017enica protiv 55 osumnji\u010denih Srba za ratne zlo\u010dine na Kosovu, uklju\u010dujuc\u0301i 10 u odsustvu.","og_url":"https:\/\/veritasinfo.org\/?p=45685&lang=sr","article_published_time":"2026-04-30T06:34:45+00:00","og_image":[{"width":600,"height":347,"url":"https:\/\/veritasinfo.org\/wp-content\/uploads\/2026\/04\/dhuna-aktakuza-600x347-1-1.webp","type":"image\/webp"}],"author":"US5","twitter_card":"summary_large_image","twitter_misc":{"Written by":"US5","Est. reading time":"1 minute"},"schema":{"@context":"https:\/\/schema.org","@graph":[{"@type":"WebPage","@id":"https:\/\/veritasinfo.org\/?p=45685&lang=sr","url":"https:\/\/veritasinfo.org\/?p=45685&lang=sr","name":"Pro\u0161le godine podignuto je 15 optu\u017enica za ratne zlo\u010dine, od kojih 10 u odsustvu -","isPartOf":{"@id":"https:\/\/veritasinfo.org\/#website"},"primaryImageOfPage":{"@id":"https:\/\/veritasinfo.org\/?p=45685&lang=sr#primaryimage"},"image":{"@id":"https:\/\/veritasinfo.org\/?p=45685&lang=sr#primaryimage"},"thumbnailUrl":"https:\/\/veritasinfo.org\/wp-content\/uploads\/2026\/04\/dhuna-aktakuza-600x347-1-1.webp","datePublished":"2026-04-30T06:34:45+00:00","author":{"@id":"https:\/\/veritasinfo.org\/#\/schema\/person\/bc442336e35414d04494ab8fb45db4c6"},"breadcrumb":{"@id":"https:\/\/veritasinfo.org\/?p=45685&lang=sr#breadcrumb"},"inLanguage":"en-US","potentialAction":[{"@type":"ReadAction","target":["https:\/\/veritasinfo.org\/?p=45685&lang=sr"]}]},{"@type":"ImageObject","inLanguage":"en-US","@id":"https:\/\/veritasinfo.org\/?p=45685&lang=sr#primaryimage","url":"https:\/\/veritasinfo.org\/wp-content\/uploads\/2026\/04\/dhuna-aktakuza-600x347-1-1.webp","contentUrl":"https:\/\/veritasinfo.org\/wp-content\/uploads\/2026\/04\/dhuna-aktakuza-600x347-1-1.webp","width":600,"height":347},{"@type":"BreadcrumbList","@id":"https:\/\/veritasinfo.org\/?p=45685&lang=sr#breadcrumb","itemListElement":[{"@type":"ListItem","position":1,"name":"Home","item":"https:\/\/veritasinfo.org\/"},{"@type":"ListItem","position":2,"name":"Pro\u0161le godine podignuto je 15 optu\u017enica za ratne zlo\u010dine, od kojih 10 u odsustvu"}]},{"@type":"WebSite","@id":"https:\/\/veritasinfo.org\/#website","url":"https:\/\/veritasinfo.org\/","name":"","description":"","potentialAction":[{"@type":"SearchAction","target":{"@type":"EntryPoint","urlTemplate":"https:\/\/veritasinfo.org\/?s={search_term_string}"},"query-input":{"@type":"PropertyValueSpecification","valueRequired":true,"valueName":"search_term_string"}}],"inLanguage":"en-US"},{"@type":"Person","@id":"https:\/\/veritasinfo.org\/#\/schema\/person\/bc442336e35414d04494ab8fb45db4c6","name":"US5","image":{"@type":"ImageObject","inLanguage":"en-US","@id":"https:\/\/veritasinfo.org\/#\/schema\/person\/image\/","url":"https:\/\/secure.gravatar.com\/avatar\/16a61e7272a0c5d001121ebb9e60e925d5816e4ac1e443ed3e640d9a6ae55d0c?s=96&d=mm&r=g","contentUrl":"https:\/\/secure.gravatar.com\/avatar\/16a61e7272a0c5d001121ebb9e60e925d5816e4ac1e443ed3e640d9a6ae55d0c?s=96&d=mm&r=g","caption":"US5"},"url":"https:\/\/veritasinfo.org\/?author=6"}]}},"featured_image_urls":{"full":["https:\/\/veritasinfo.org\/wp-content\/uploads\/2026\/04\/dhuna-aktakuza-600x347-1-1.webp",600,347,false],"thumbnail":["https:\/\/veritasinfo.org\/wp-content\/uploads\/2026\/04\/dhuna-aktakuza-600x347-1-1-150x150.webp",150,150,true],"medium":["https:\/\/veritasinfo.org\/wp-content\/uploads\/2026\/04\/dhuna-aktakuza-600x347-1-1-300x174.webp",300,174,true],"medium_large":["https:\/\/veritasinfo.org\/wp-content\/uploads\/2026\/04\/dhuna-aktakuza-600x347-1-1.webp",600,347,false],"large":["https:\/\/veritasinfo.org\/wp-content\/uploads\/2026\/04\/dhuna-aktakuza-600x347-1-1.webp",600,347,false],"1536x1536":["https:\/\/veritasinfo.org\/wp-content\/uploads\/2026\/04\/dhuna-aktakuza-600x347-1-1.webp",600,347,false],"2048x2048":["https:\/\/veritasinfo.org\/wp-content\/uploads\/2026\/04\/dhuna-aktakuza-600x347-1-1.webp",600,347,false],"kreeti-slider-full":["https:\/\/veritasinfo.org\/wp-content\/uploads\/2026\/04\/dhuna-aktakuza-600x347-1-1.webp",600,347,false],"kreeti-featured":["https:\/\/veritasinfo.org\/wp-content\/uploads\/2026\/04\/dhuna-aktakuza-600x347-1-1.webp",600,347,false],"kreeti-medium":["https:\/\/veritasinfo.org\/wp-content\/uploads\/2026\/04\/dhuna-aktakuza-600x347-1-1.webp",600,347,false],"kreeti-medium-square":["https:\/\/veritasinfo.org\/wp-content\/uploads\/2026\/04\/dhuna-aktakuza-600x347-1-1-350x347.webp",350,347,true]},"author_info":{"info":["US5"]},"category_info":"<a href=\"https:\/\/veritasinfo.org\/?cat=30&#038;lang=sr\" rel=\"category\">Dru\u0161tvo<\/a>","tag_info":"Dru\u0161tvo","comment_count":"0","_links":{"self":[{"href":"https:\/\/veritasinfo.org\/index.php?rest_route=\/wp\/v2\/posts\/45685","targetHints":{"allow":["GET"]}}],"collection":[{"href":"https:\/\/veritasinfo.org\/index.php?rest_route=\/wp\/v2\/posts"}],"about":[{"href":"https:\/\/veritasinfo.org\/index.php?rest_route=\/wp\/v2\/types\/post"}],"author":[{"embeddable":true,"href":"https:\/\/veritasinfo.org\/index.php?rest_route=\/wp\/v2\/users\/6"}],"replies":[{"embeddable":true,"href":"https:\/\/veritasinfo.org\/index.php?rest_route=%2Fwp%2Fv2%2Fcomments&post=45685"}],"version-history":[{"count":1,"href":"https:\/\/veritasinfo.org\/index.php?rest_route=\/wp\/v2\/posts\/45685\/revisions"}],"predecessor-version":[{"id":45687,"href":"https:\/\/veritasinfo.org\/index.php?rest_route=\/wp\/v2\/posts\/45685\/revisions\/45687"}],"wp:featuredmedia":[{"embeddable":true,"href":"https:\/\/veritasinfo.org\/index.php?rest_route=\/wp\/v2\/media\/45686"}],"wp:attachment":[{"href":"https:\/\/veritasinfo.org\/index.php?rest_route=%2Fwp%2Fv2%2Fmedia&parent=45685"}],"wp:term":[{"taxonomy":"category","embeddable":true,"href":"https:\/\/veritasinfo.org\/index.php?rest_route=%2Fwp%2Fv2%2Fcategories&post=45685"},{"taxonomy":"post_tag","embeddable":true,"href":"https:\/\/veritasinfo.org\/index.php?rest_route=%2Fwp%2Fv2%2Ftags&post=45685"}],"curies":[{"name":"wp","href":"https:\/\/api.w.org\/{rel}","templated":true}]}}