{"id":45680,"date":"2026-04-30T08:31:24","date_gmt":"2026-04-30T06:31:24","guid":{"rendered":"https:\/\/veritasinfo.org\/?p=45680"},"modified":"2026-04-30T08:31:58","modified_gmt":"2026-04-30T06:31:58","slug":"vitin-e-shkuar-u-ngriten-15-aktakuza-per-krime-lufte-10-prej-tyre-ne-mungese","status":"publish","type":"post","link":"https:\/\/veritasinfo.org\/?p=45680","title":{"rendered":"Vitin e shkuar u ngrit\u00ebn 15 aktakuza p\u00ebr krime lufte, 10 prej tyre n\u00eb munges\u00eb"},"content":{"rendered":"<p>Prishtin\u00eb 30 Prill 2026 8:30<br \/>\nGjat\u00eb vitit 2025 jan\u00eb ngritur 15 aktakuza ndaj 55 t\u00eb dyshuarve serb\u00eb p\u00ebr krime lufte n\u00eb Kosov\u00eb, p\u00ebrfshir\u00eb 10 n\u00eb munges\u00eb t\u00eb t\u00eb pandehurve.<\/p>\n<p>N\u00eb raportin vjetor t\u00eb Fondit p\u00ebr t\u00eb Drejt\u00ebn Humanitare, \u201cGjykimet n\u00eb munges\u00eb p\u00ebr krime lufte: Midis statistikave dhe realitetit t\u00eb drejt\u00ebsis\u00eb\u201d, i publikuar t\u00eb m\u00ebrkur\u00ebn, thuhet po ashtu se gjat\u00eb vitit q\u00eb shkoi jan\u00eb shpallur 10 aktgjykime p\u00ebr krime lufte, ku 10 persona jan\u00eb d\u00ebnuar, nd\u00ebrsa nj\u00eb \u00ebsht\u00eb liruar n\u00eb munges\u00eb provash.<\/p>\n<p>Gjat\u00eb prezantimit t\u00eb raportit, avokati Amer Alija tha se jan\u00eb monitoruar 182 seanca gjyq\u00ebsore brenda vitit.<\/p>\n<p>\u201cRaporti tregon se gjat\u00eb vitit 2025 jan\u00eb zhvilluar procedura penale n\u00eb 50 l\u00ebnd\u00eb kund\u00ebr 154 pjes\u00ebtareve t\u00eb forcave serbe t\u00eb akuzuar p\u00ebr krime luft\u00eb p\u00ebrfshir\u00eb k\u00ebtu edhe 24 aktakuza n\u00eb munges\u00eb ndaj 120 t\u00eb akuzuarve n\u00eb munges\u00eb.  Gjat\u00eb vitit 2025, Departamenti special i Gjykat\u00ebs Themelore n\u00eb Prishtin\u00eb ka shpallur gjithsej 10 aktgjykime p\u00ebr krime lufte. N\u00eb k\u00ebto raste 10 persona jan\u00eb d\u00ebnuar dhe 1 person \u00ebsht\u00eb liruar nga akuza. N\u00eb tri prej k\u00ebtyre rasteve t\u00eb akuzuarit jan\u00eb d\u00ebnuar n\u00eb munges\u00eb me d\u00ebnime maksimale prej 15 Vjet\u00ebsh burgim\u201d, ka b\u00ebr\u00eb t\u00eb ditur Alija.<\/p>\n<p>Drejtori i Fondit p\u00ebr t\u00eb Drejt\u00ebn Humanitare, Bekim Blakaj, ka th\u00ebn\u00eb se tani \u00ebsht\u00eb koha kur duhet t\u00eb veprohet m\u00eb shum\u00eb p\u00ebr t\u00eb sjell\u00eb drejt\u00ebsi p\u00ebr viktimat, pasi, sipas tij, kalimi i koh\u00ebs po e v\u00ebshtir\u00ebson k\u00ebt\u00eb proces.<\/p>\n<p>\u201cN\u00eb k\u00ebt\u00eb kontekst \u00ebsht\u00eb e r\u00ebnd\u00ebsishme t\u2019i shtrojm\u00eb disa pyetje ky\u00e7: A po arrijm\u00eb t\u00eb balancojm\u00eb nevoj\u00ebn p\u00ebr drejt\u00ebsi me respektimin e standardeve nd\u00ebrkomb\u00ebtare? A po u ofrojm\u00eb viktimave at\u00eb q\u00eb u \u00ebsht\u00eb munguar p\u00ebr m\u00eb shum\u00eb se dy dekada, drejt\u00ebsia efektive dhe e besueshme? Sepse n\u00eb thelb kjo nuk \u00ebsht\u00eb vet\u00ebm nj\u00eb \u00e7\u00ebshtje juridike, \u00ebsht\u00eb nj\u00eb \u00e7\u00ebshtje p\u00ebr drejt\u00ebsin\u00eb e viktimave p\u00ebr familjet e tyre dhe shoq\u00ebrin\u00eb ton\u00eb\u201d, ka th\u00ebn\u00eb Blakaj.<\/p>\n<p>Ambasadori i Zvicr\u00ebs n\u00eb Kosov\u00eb, Jurg Sprecher, ka theksuar se rritja e numrit t\u00eb aktakuzave nuk n\u00ebnkupton domosdo drejt\u00ebsi.<\/p>\n<p>\u201cDerisa kemi rritjen e aktakuzave q\u00eb adreson aktivitetet e institucioneve dhe progresin, jodomosdo tregon se a po jepet drejt\u00ebsi. Gj\u00ebja m\u00eb e r\u00ebnd\u00ebsishme \u00ebsht\u00eb n\u00ebse k\u00ebto procese \u00e7ojn\u00eb n\u00eb llogaridh\u00ebnie, n\u00eb gjykimet t\u00eb drejta dhe ndjesin\u00eb e drejt\u00ebsis\u00eb p\u00ebr viktimat. Gjykimet n\u00eb munges\u00eb duhet t\u00eb p\u00ebrdoren vet\u00ebm n\u00eb raste t\u00eb jasht\u00ebzakonshme dhe me p\u00ebrputhje me standardet nd\u00ebrkomb\u00ebtare\u201d, \u00ebsht\u00eb shprehur Sprecher.<\/p>\n<p>P\u00ebrfaq\u00ebsues t\u00eb gjyq\u00ebsorit dhe Policis\u00eb s\u00eb Kosov\u00ebs i theksuan sfidat kryesore n\u00eb trajtimin e k\u00ebtyre rasteve.<\/p>\n<p>Gjyqtari i Gjykat\u00ebs s\u00eb Apelit, Valon Kurtaj ka th\u00ebn\u00eb se presin q\u00eb sistemi i drejt\u00ebsis\u00eb t\u00eb ket\u00eb rritje t\u00eb kapaciteteve. <\/p>\n<p>\u201cPresim q\u00eb sistemi t\u00eb reflektoj\u00eb n\u00eb rritjen e kapaciteteve, presim q\u00eb t\u00eb kemi mb\u00ebshtetje p\u00ebr trajtimin e k\u00ebtyre rasteve, mir\u00ebpo mendoj q\u00eb departamenti special po e b\u00ebn nj\u00eb pun\u00eb shum\u00eb t\u00eb mir\u00eb\u201d, ka th\u00ebn\u00eb Kurtaj.<\/p>\n<p>E sipas Leon P\u00ebrlask\u00ebs, gjyqtar n\u00eb Gjykat\u00ebn Themelore n\u00eb Prishtin\u00eb, sfid\u00eb n\u00eb k\u00ebt\u00eb proces paraqet edhe mosbashk\u00ebpunimi i Serbis\u00eb.<\/p>\n<p>\u201cProblematika kryesore \u00ebsht\u00eb bashk\u00ebpunimi me Serbin\u00eb. Pse? Dispozita e nenit 302, 303 n\u00eb kodin e procedur\u00ebs penale q\u00eb e ka rregulluar dhe e ka mund\u00ebsuar gjykimin n\u00eb munges\u00eb, e ka vendosur nj\u00eb kriter q\u00eb \u00ebsht\u00eb abstrakt. P\u00ebrpos plot\u00ebsimin e kushteve formale e ka l\u00ebn\u00eb nj\u00eb obligim p\u00ebr organet e ndjekjes dhe gjyq\u00ebsorit, nj\u00eb informim gjith\u00ebp\u00ebrfshir\u00ebs edhe t\u00eb publikut, por edhe t\u00eb pal\u00ebve q\u00eb p\u00ebrfshihen n\u00eb gjykim. Na e kemi t\u00eb pamundur si gjykat\u00eb q\u00eb me arrit\u00eb q\u00ebllimin e gjith\u00eb informimit n\u00eb territorin e Serbis\u00eb, k\u00ebtu \u00ebsht\u00eb edhe problemi\u201d, ka deklaruar P\u00ebrlaska.<\/p>\n<p>Bashkim Spahiu, drejtor i Drejtoris\u00eb p\u00ebr hetimin e krimeve t\u00eb luft\u00ebs n\u00eb Policin\u00eb e Kosov\u00ebs, ka th\u00ebn\u00eb se p\u00ebrve\u00e7 mosbashk\u00ebpunimi i Serbis\u00eb, kjo drejtori po p\u00ebrballet edhe m\u00eb sfida t\u00eb tjera.<\/p>\n<p>\u201cSfidat e drejtoris\u00eb mbet\u00ebn ato q\u00eb lidhen edhe m\u00eb bashk\u00ebpunimin nd\u00ebrkomb\u00ebtar, p\u00ebr shkak se dihet sigurimi i prezenc\u00ebs s\u00eb t\u00eb pandehurit n\u00eb procedur\u00eb nd\u00ebrlidhet shum\u00eb me \u00e7\u00ebshtjen e bashk\u00ebpunimit, n\u00eb k\u00ebt\u00eb rast me Serbin\u00eb. N\u00eb raport m\u00eb sfidat e brendshme, p\u00ebrtej mungesave q\u00eb lidhen me aspektin e teknologjis\u00eb \u00ebsht\u00eb se n\u00eb koh\u00ebn e tranzicionit ka pasur defekt n\u00eb bartjen e l\u00ebnd\u00ebve n\u00eb kuptimin elektronik t\u00eb databaz\u00ebs q\u00eb \u00ebsht\u00eb shfryt\u00ebzuar nga misioni i EULEX-it. Si nevoj\u00eb specifike dhe munges\u00eb e prekshme \u00ebsht\u00eb mungesa e trajnimeve t\u00eb specializuara p\u00ebr hetuesit\u201d, \u00ebsht\u00eb shprehur Spahiu.<\/p>\n<p>Gjat\u00eb vitit 2024 jan\u00eb ngritur 14 aktakuza ndaj 25 serb\u00ebve t\u00eb dyshuar p\u00ebr krime lufte. Nga to, gjasht\u00eb aktakuza jan\u00eb ngritur n\u00eb munges\u00eb ndaj 11 serb\u00ebve, nd\u00ebrsa shtat\u00eb t\u00eb tjera jan\u00eb ndaj 13 serb\u00ebve t\u00eb arrestuar. <\/p>\n<p>Fondi p\u00ebr t\u00eb Drejt\u00ebn Humanitare \u00e7do vit publikon raporte lidhur me ecurin\u00eb e proceseve gjyq\u00ebsore. Bazuar n\u00eb to, p\u00ebr rreth 10 mij\u00eb viktima t\u00eb luft\u00ebs deri m\u00eb tani jan\u00eb d\u00ebnuar gjithsej 84 persona.<\/p>\n","protected":false},"excerpt":{"rendered":"<p>Prishtin\u00eb 30 Prill 2026 8:30 Gjat\u00eb vitit 2025 jan\u00eb ngritur 15 aktakuza ndaj 55 t\u00eb dyshuarve serb\u00eb p\u00ebr krime lufte n\u00eb Kosov\u00eb, p\u00ebrfshir\u00eb 10 n\u00eb<\/p>\n","protected":false},"author":6,"featured_media":45683,"comment_status":"open","ping_status":"open","sticky":false,"template":"","format":"standard","meta":{"footnotes":""},"categories":[60],"tags":[],"class_list":["post-45680","post","type-post","status-publish","format-standard","has-post-thumbnail","hentry","category-shoqerore-sq"],"yoast_head":"<!-- This site is optimized with the Yoast SEO plugin v25.3.1 - https:\/\/yoast.com\/wordpress\/plugins\/seo\/ -->\n<title>Vitin e shkuar u ngrit\u00ebn 15 aktakuza p\u00ebr krime lufte, 10 prej tyre n\u00eb munges\u00eb -<\/title>\n<meta name=\"robots\" content=\"index, follow, max-snippet:-1, max-image-preview:large, max-video-preview:-1\" \/>\n<link rel=\"canonical\" href=\"https:\/\/veritasinfo.org\/?p=45680\" \/>\n<meta property=\"og:locale\" content=\"en_US\" \/>\n<meta property=\"og:type\" content=\"article\" \/>\n<meta property=\"og:title\" content=\"Vitin e shkuar u ngrit\u00ebn 15 aktakuza p\u00ebr krime lufte, 10 prej tyre n\u00eb munges\u00eb -\" \/>\n<meta property=\"og:description\" content=\"Prishtin\u00eb 30 Prill 2026 8:30 Gjat\u00eb vitit 2025 jan\u00eb ngritur 15 aktakuza ndaj 55 t\u00eb dyshuarve serb\u00eb p\u00ebr krime lufte n\u00eb Kosov\u00eb, p\u00ebrfshir\u00eb 10 n\u00eb\" \/>\n<meta property=\"og:url\" content=\"https:\/\/veritasinfo.org\/?p=45680\" \/>\n<meta property=\"article:published_time\" content=\"2026-04-30T06:31:24+00:00\" \/>\n<meta property=\"article:modified_time\" content=\"2026-04-30T06:31:58+00:00\" \/>\n<meta property=\"og:image\" content=\"https:\/\/veritasinfo.org\/wp-content\/uploads\/2026\/04\/dhuna-aktakuza-600x347-1.webp\" \/>\n\t<meta property=\"og:image:width\" content=\"600\" \/>\n\t<meta property=\"og:image:height\" content=\"347\" \/>\n\t<meta property=\"og:image:type\" content=\"image\/webp\" \/>\n<meta name=\"author\" content=\"US5\" \/>\n<meta name=\"twitter:card\" content=\"summary_large_image\" \/>\n<meta name=\"twitter:label1\" content=\"Written by\" \/>\n\t<meta name=\"twitter:data1\" content=\"US5\" \/>\n\t<meta name=\"twitter:label2\" content=\"Est. reading time\" \/>\n\t<meta name=\"twitter:data2\" content=\"4 minutes\" \/>\n<script type=\"application\/ld+json\" class=\"yoast-schema-graph\">{\"@context\":\"https:\/\/schema.org\",\"@graph\":[{\"@type\":\"WebPage\",\"@id\":\"https:\/\/veritasinfo.org\/?p=45680\",\"url\":\"https:\/\/veritasinfo.org\/?p=45680\",\"name\":\"Vitin e shkuar u ngrit\u00ebn 15 aktakuza p\u00ebr krime lufte, 10 prej tyre n\u00eb munges\u00eb -\",\"isPartOf\":{\"@id\":\"https:\/\/veritasinfo.org\/#website\"},\"primaryImageOfPage\":{\"@id\":\"https:\/\/veritasinfo.org\/?p=45680#primaryimage\"},\"image\":{\"@id\":\"https:\/\/veritasinfo.org\/?p=45680#primaryimage\"},\"thumbnailUrl\":\"https:\/\/veritasinfo.org\/wp-content\/uploads\/2026\/04\/dhuna-aktakuza-600x347-1.webp\",\"datePublished\":\"2026-04-30T06:31:24+00:00\",\"dateModified\":\"2026-04-30T06:31:58+00:00\",\"author\":{\"@id\":\"https:\/\/veritasinfo.org\/#\/schema\/person\/bc442336e35414d04494ab8fb45db4c6\"},\"breadcrumb\":{\"@id\":\"https:\/\/veritasinfo.org\/?p=45680#breadcrumb\"},\"inLanguage\":\"en-US\",\"potentialAction\":[{\"@type\":\"ReadAction\",\"target\":[\"https:\/\/veritasinfo.org\/?p=45680\"]}]},{\"@type\":\"ImageObject\",\"inLanguage\":\"en-US\",\"@id\":\"https:\/\/veritasinfo.org\/?p=45680#primaryimage\",\"url\":\"https:\/\/veritasinfo.org\/wp-content\/uploads\/2026\/04\/dhuna-aktakuza-600x347-1.webp\",\"contentUrl\":\"https:\/\/veritasinfo.org\/wp-content\/uploads\/2026\/04\/dhuna-aktakuza-600x347-1.webp\",\"width\":600,\"height\":347},{\"@type\":\"BreadcrumbList\",\"@id\":\"https:\/\/veritasinfo.org\/?p=45680#breadcrumb\",\"itemListElement\":[{\"@type\":\"ListItem\",\"position\":1,\"name\":\"Home\",\"item\":\"https:\/\/veritasinfo.org\/\"},{\"@type\":\"ListItem\",\"position\":2,\"name\":\"Vitin e shkuar u ngrit\u00ebn 15 aktakuza p\u00ebr krime lufte, 10 prej tyre n\u00eb munges\u00eb\"}]},{\"@type\":\"WebSite\",\"@id\":\"https:\/\/veritasinfo.org\/#website\",\"url\":\"https:\/\/veritasinfo.org\/\",\"name\":\"\",\"description\":\"\",\"potentialAction\":[{\"@type\":\"SearchAction\",\"target\":{\"@type\":\"EntryPoint\",\"urlTemplate\":\"https:\/\/veritasinfo.org\/?s={search_term_string}\"},\"query-input\":{\"@type\":\"PropertyValueSpecification\",\"valueRequired\":true,\"valueName\":\"search_term_string\"}}],\"inLanguage\":\"en-US\"},{\"@type\":\"Person\",\"@id\":\"https:\/\/veritasinfo.org\/#\/schema\/person\/bc442336e35414d04494ab8fb45db4c6\",\"name\":\"US5\",\"image\":{\"@type\":\"ImageObject\",\"inLanguage\":\"en-US\",\"@id\":\"https:\/\/veritasinfo.org\/#\/schema\/person\/image\/\",\"url\":\"https:\/\/secure.gravatar.com\/avatar\/16a61e7272a0c5d001121ebb9e60e925d5816e4ac1e443ed3e640d9a6ae55d0c?s=96&d=mm&r=g\",\"contentUrl\":\"https:\/\/secure.gravatar.com\/avatar\/16a61e7272a0c5d001121ebb9e60e925d5816e4ac1e443ed3e640d9a6ae55d0c?s=96&d=mm&r=g\",\"caption\":\"US5\"},\"url\":\"https:\/\/veritasinfo.org\/?author=6\"}]}<\/script>\n<!-- \/ Yoast SEO plugin. -->","yoast_head_json":{"title":"Vitin e shkuar u ngrit\u00ebn 15 aktakuza p\u00ebr krime lufte, 10 prej tyre n\u00eb munges\u00eb -","robots":{"index":"index","follow":"follow","max-snippet":"max-snippet:-1","max-image-preview":"max-image-preview:large","max-video-preview":"max-video-preview:-1"},"canonical":"https:\/\/veritasinfo.org\/?p=45680","og_locale":"en_US","og_type":"article","og_title":"Vitin e shkuar u ngrit\u00ebn 15 aktakuza p\u00ebr krime lufte, 10 prej tyre n\u00eb munges\u00eb -","og_description":"Prishtin\u00eb 30 Prill 2026 8:30 Gjat\u00eb vitit 2025 jan\u00eb ngritur 15 aktakuza ndaj 55 t\u00eb dyshuarve serb\u00eb p\u00ebr krime lufte n\u00eb Kosov\u00eb, p\u00ebrfshir\u00eb 10 n\u00eb","og_url":"https:\/\/veritasinfo.org\/?p=45680","article_published_time":"2026-04-30T06:31:24+00:00","article_modified_time":"2026-04-30T06:31:58+00:00","og_image":[{"width":600,"height":347,"url":"https:\/\/veritasinfo.org\/wp-content\/uploads\/2026\/04\/dhuna-aktakuza-600x347-1.webp","type":"image\/webp"}],"author":"US5","twitter_card":"summary_large_image","twitter_misc":{"Written by":"US5","Est. reading time":"4 minutes"},"schema":{"@context":"https:\/\/schema.org","@graph":[{"@type":"WebPage","@id":"https:\/\/veritasinfo.org\/?p=45680","url":"https:\/\/veritasinfo.org\/?p=45680","name":"Vitin e shkuar u ngrit\u00ebn 15 aktakuza p\u00ebr krime lufte, 10 prej tyre n\u00eb munges\u00eb -","isPartOf":{"@id":"https:\/\/veritasinfo.org\/#website"},"primaryImageOfPage":{"@id":"https:\/\/veritasinfo.org\/?p=45680#primaryimage"},"image":{"@id":"https:\/\/veritasinfo.org\/?p=45680#primaryimage"},"thumbnailUrl":"https:\/\/veritasinfo.org\/wp-content\/uploads\/2026\/04\/dhuna-aktakuza-600x347-1.webp","datePublished":"2026-04-30T06:31:24+00:00","dateModified":"2026-04-30T06:31:58+00:00","author":{"@id":"https:\/\/veritasinfo.org\/#\/schema\/person\/bc442336e35414d04494ab8fb45db4c6"},"breadcrumb":{"@id":"https:\/\/veritasinfo.org\/?p=45680#breadcrumb"},"inLanguage":"en-US","potentialAction":[{"@type":"ReadAction","target":["https:\/\/veritasinfo.org\/?p=45680"]}]},{"@type":"ImageObject","inLanguage":"en-US","@id":"https:\/\/veritasinfo.org\/?p=45680#primaryimage","url":"https:\/\/veritasinfo.org\/wp-content\/uploads\/2026\/04\/dhuna-aktakuza-600x347-1.webp","contentUrl":"https:\/\/veritasinfo.org\/wp-content\/uploads\/2026\/04\/dhuna-aktakuza-600x347-1.webp","width":600,"height":347},{"@type":"BreadcrumbList","@id":"https:\/\/veritasinfo.org\/?p=45680#breadcrumb","itemListElement":[{"@type":"ListItem","position":1,"name":"Home","item":"https:\/\/veritasinfo.org\/"},{"@type":"ListItem","position":2,"name":"Vitin e shkuar u ngrit\u00ebn 15 aktakuza p\u00ebr krime lufte, 10 prej tyre n\u00eb munges\u00eb"}]},{"@type":"WebSite","@id":"https:\/\/veritasinfo.org\/#website","url":"https:\/\/veritasinfo.org\/","name":"","description":"","potentialAction":[{"@type":"SearchAction","target":{"@type":"EntryPoint","urlTemplate":"https:\/\/veritasinfo.org\/?s={search_term_string}"},"query-input":{"@type":"PropertyValueSpecification","valueRequired":true,"valueName":"search_term_string"}}],"inLanguage":"en-US"},{"@type":"Person","@id":"https:\/\/veritasinfo.org\/#\/schema\/person\/bc442336e35414d04494ab8fb45db4c6","name":"US5","image":{"@type":"ImageObject","inLanguage":"en-US","@id":"https:\/\/veritasinfo.org\/#\/schema\/person\/image\/","url":"https:\/\/secure.gravatar.com\/avatar\/16a61e7272a0c5d001121ebb9e60e925d5816e4ac1e443ed3e640d9a6ae55d0c?s=96&d=mm&r=g","contentUrl":"https:\/\/secure.gravatar.com\/avatar\/16a61e7272a0c5d001121ebb9e60e925d5816e4ac1e443ed3e640d9a6ae55d0c?s=96&d=mm&r=g","caption":"US5"},"url":"https:\/\/veritasinfo.org\/?author=6"}]}},"featured_image_urls":{"full":["https:\/\/veritasinfo.org\/wp-content\/uploads\/2026\/04\/dhuna-aktakuza-600x347-1.webp",600,347,false],"thumbnail":["https:\/\/veritasinfo.org\/wp-content\/uploads\/2026\/04\/dhuna-aktakuza-600x347-1-150x150.webp",150,150,true],"medium":["https:\/\/veritasinfo.org\/wp-content\/uploads\/2026\/04\/dhuna-aktakuza-600x347-1-300x174.webp",300,174,true],"medium_large":["https:\/\/veritasinfo.org\/wp-content\/uploads\/2026\/04\/dhuna-aktakuza-600x347-1.webp",600,347,false],"large":["https:\/\/veritasinfo.org\/wp-content\/uploads\/2026\/04\/dhuna-aktakuza-600x347-1.webp",600,347,false],"1536x1536":["https:\/\/veritasinfo.org\/wp-content\/uploads\/2026\/04\/dhuna-aktakuza-600x347-1.webp",600,347,false],"2048x2048":["https:\/\/veritasinfo.org\/wp-content\/uploads\/2026\/04\/dhuna-aktakuza-600x347-1.webp",600,347,false],"kreeti-slider-full":["https:\/\/veritasinfo.org\/wp-content\/uploads\/2026\/04\/dhuna-aktakuza-600x347-1.webp",600,347,false],"kreeti-featured":["https:\/\/veritasinfo.org\/wp-content\/uploads\/2026\/04\/dhuna-aktakuza-600x347-1.webp",600,347,false],"kreeti-medium":["https:\/\/veritasinfo.org\/wp-content\/uploads\/2026\/04\/dhuna-aktakuza-600x347-1.webp",600,347,false],"kreeti-medium-square":["https:\/\/veritasinfo.org\/wp-content\/uploads\/2026\/04\/dhuna-aktakuza-600x347-1-350x347.webp",350,347,true]},"author_info":{"info":["US5"]},"category_info":"<a href=\"https:\/\/veritasinfo.org\/?cat=60\" rel=\"category\">Shoq\u00ebrore<\/a>","tag_info":"Shoq\u00ebrore","comment_count":"0","_links":{"self":[{"href":"https:\/\/veritasinfo.org\/index.php?rest_route=\/wp\/v2\/posts\/45680","targetHints":{"allow":["GET"]}}],"collection":[{"href":"https:\/\/veritasinfo.org\/index.php?rest_route=\/wp\/v2\/posts"}],"about":[{"href":"https:\/\/veritasinfo.org\/index.php?rest_route=\/wp\/v2\/types\/post"}],"author":[{"embeddable":true,"href":"https:\/\/veritasinfo.org\/index.php?rest_route=\/wp\/v2\/users\/6"}],"replies":[{"embeddable":true,"href":"https:\/\/veritasinfo.org\/index.php?rest_route=%2Fwp%2Fv2%2Fcomments&post=45680"}],"version-history":[{"count":3,"href":"https:\/\/veritasinfo.org\/index.php?rest_route=\/wp\/v2\/posts\/45680\/revisions"}],"predecessor-version":[{"id":45684,"href":"https:\/\/veritasinfo.org\/index.php?rest_route=\/wp\/v2\/posts\/45680\/revisions\/45684"}],"wp:featuredmedia":[{"embeddable":true,"href":"https:\/\/veritasinfo.org\/index.php?rest_route=\/wp\/v2\/media\/45683"}],"wp:attachment":[{"href":"https:\/\/veritasinfo.org\/index.php?rest_route=%2Fwp%2Fv2%2Fmedia&parent=45680"}],"wp:term":[{"taxonomy":"category","embeddable":true,"href":"https:\/\/veritasinfo.org\/index.php?rest_route=%2Fwp%2Fv2%2Fcategories&post=45680"},{"taxonomy":"post_tag","embeddable":true,"href":"https:\/\/veritasinfo.org\/index.php?rest_route=%2Fwp%2Fv2%2Ftags&post=45680"}],"curies":[{"name":"wp","href":"https:\/\/api.w.org\/{rel}","templated":true}]}}