{"id":45675,"date":"2026-04-30T08:23:39","date_gmt":"2026-04-30T06:23:39","guid":{"rendered":"https:\/\/veritasinfo.org\/?p=45675"},"modified":"2026-04-30T08:23:39","modified_gmt":"2026-04-30T06:23:39","slug":"milanoviq-pretendime-te-pakuptimta-se-kroacia-shqiperia-dhe-kosova-po-pergatiten-te-sulmojne-serbine","status":"publish","type":"post","link":"https:\/\/veritasinfo.org\/?p=45675","title":{"rendered":"Milanoviq: Pretendime t\u00eb pakuptimta se Kroacia, Shqip\u00ebria dhe Kosova po p\u00ebrgatiten t\u00eb sulmojn\u00eb Serbin\u00eb"},"content":{"rendered":"<p>Prishtin\u00eb, 30 prill 2026 08:22<\/p>\n<p>Presidenti i Kroacis\u00eb, Zoran Milanoviq, i ka cil\u00ebsuar si \u201ct\u00eb pakuptimta\u201d pretendimet se Kroacia, Shqip\u00ebria dhe Kosova po p\u00ebrgatiten p\u00ebr nj\u00eb sulm ndaj Serbis\u00eb, duke theksuar se narrativa t\u00eb tilla e v\u00ebshtir\u00ebsojn\u00eb nd\u00ebrtimin e marr\u00ebdh\u00ebnieve normale n\u00eb rajon.<\/p>\n<p>N\u00eb nj\u00eb fjalim t\u00eb mbajtur me rastin e 35-vjetorit t\u00eb themelimit t\u00eb Brigad\u00ebs s\u00eb Tret\u00eb t\u00eb Gard\u00ebs s\u00eb Ushtris\u00eb Kroate \u201cKuna\u201d, Milanoviq deklaroi se Kroacia nuk e konsideron ask\u00ebnd armik dhe pret t\u00eb nj\u00ebjt\u00ebn qasje edhe nga t\u00eb tjer\u00ebt.<\/p>\n<p>\u201cKroacia nuk e percepton ask\u00ebnd si armik dhe shpresoj q\u00eb askush t\u00eb mos na perceptoj\u00eb seriozisht si armik, p\u00ebrve\u00e7 atyre q\u00eb thon\u00eb gj\u00ebra t\u00eb pakuptimta se Kroacia, Shqip\u00ebria dhe Kosova po p\u00ebrgatiten t\u00eb sulmojn\u00eb Serbin\u00eb. \u00cbsht\u00eb e v\u00ebshtir\u00eb t\u00eb punosh me njer\u00ebz t\u00eb till\u00eb dhe t\u00eb nd\u00ebrtosh marr\u00ebdh\u00ebnie normale dhe miq\u00ebsore\u201d, u shpreh ai.<\/p>\n<p>Presidenti kroat theksoi se vendi i tij synon t\u00eb nd\u00ebrtoj\u00eb marr\u00ebdh\u00ebnie paq\u00ebsore dhe t\u00eb civilizuara me fqinj\u00ebt, n\u00eb funksion t\u00eb p\u00ebrfitimit t\u00eb nd\u00ebrsjell\u00eb.<\/p>\n<p>\u201cNe e dim\u00eb kush jemi dhe \u00e7far\u00eb jemi t\u00eb aft\u00eb t\u00eb b\u00ebjm\u00eb. Nuk kemi armiq dhe duam t\u00eb nd\u00ebrtojm\u00eb marr\u00ebdh\u00ebnie paq\u00ebsore dhe gjith\u00ebp\u00ebrfshir\u00ebse\u201d, shtoi Milanoviq.<\/p>\n<p>Duke folur p\u00ebr sfidat rajonale n\u00eb nj\u00eb kontekst global t\u00eb pasigurt, ai theksoi se prioritet p\u00ebr Kroacin\u00eb mbetet rregullimi i \u00e7\u00ebshtjeve t\u00eb brendshme, p\u00ebrpara avancimit t\u00eb marr\u00ebdh\u00ebnieve me fqinj\u00ebt.<\/p>\n<p>Sipas tij, Zagrebi duhet t\u00eb p\u00ebrqendrohet n\u00eb p\u00ebrmir\u00ebsimin e marr\u00ebdh\u00ebnieve me Serbin\u00eb dhe Bosnj\u00eb e Hercegovin\u00ebn, si dhe n\u00eb trajtimin e statusit t\u00eb kroat\u00ebve n\u00eb k\u00ebt\u00eb t\u00eb fundit<\/p>\n","protected":false},"excerpt":{"rendered":"<p>Prishtin\u00eb, 30 prill 2026 08:22 Presidenti i Kroacis\u00eb, Zoran Milanoviq, i ka cil\u00ebsuar si \u201ct\u00eb pakuptimta\u201d pretendimet se Kroacia, Shqip\u00ebria dhe Kosova po p\u00ebrgatiten p\u00ebr<\/p>\n","protected":false},"author":7,"featured_media":45676,"comment_status":"open","ping_status":"open","sticky":false,"template":"","format":"standard","meta":{"footnotes":""},"categories":[58],"tags":[],"class_list":["post-45675","post","type-post","status-publish","format-standard","has-post-thumbnail","hentry","category-politike-sq"],"yoast_head":"<!-- This site is optimized with the Yoast SEO plugin v25.3.1 - https:\/\/yoast.com\/wordpress\/plugins\/seo\/ -->\n<title>Milanoviq: Pretendime t\u00eb pakuptimta se Kroacia, Shqip\u00ebria dhe Kosova po p\u00ebrgatiten t\u00eb sulmojn\u00eb Serbin\u00eb -<\/title>\n<meta name=\"robots\" content=\"index, follow, max-snippet:-1, max-image-preview:large, max-video-preview:-1\" \/>\n<link rel=\"canonical\" href=\"https:\/\/veritasinfo.org\/?p=45675\" \/>\n<meta property=\"og:locale\" content=\"en_US\" \/>\n<meta property=\"og:type\" content=\"article\" \/>\n<meta property=\"og:title\" content=\"Milanoviq: Pretendime t\u00eb pakuptimta se Kroacia, Shqip\u00ebria dhe Kosova po p\u00ebrgatiten t\u00eb sulmojn\u00eb Serbin\u00eb -\" \/>\n<meta property=\"og:description\" content=\"Prishtin\u00eb, 30 prill 2026 08:22 Presidenti i Kroacis\u00eb, Zoran Milanoviq, i ka cil\u00ebsuar si \u201ct\u00eb pakuptimta\u201d pretendimet se Kroacia, Shqip\u00ebria dhe Kosova po p\u00ebrgatiten p\u00ebr\" \/>\n<meta property=\"og:url\" content=\"https:\/\/veritasinfo.org\/?p=45675\" \/>\n<meta property=\"article:published_time\" content=\"2026-04-30T06:23:39+00:00\" \/>\n<meta property=\"og:image\" content=\"https:\/\/veritasinfo.org\/wp-content\/uploads\/2026\/04\/101197915_2570492249883066_6345903029828452352_n.jpg\" \/>\n\t<meta property=\"og:image:width\" content=\"686\" \/>\n\t<meta property=\"og:image:height\" content=\"386\" \/>\n\t<meta property=\"og:image:type\" content=\"image\/jpeg\" \/>\n<meta name=\"author\" content=\"US6\" \/>\n<meta name=\"twitter:card\" content=\"summary_large_image\" \/>\n<meta name=\"twitter:label1\" content=\"Written by\" \/>\n\t<meta name=\"twitter:data1\" content=\"US6\" \/>\n\t<meta name=\"twitter:label2\" content=\"Est. reading time\" \/>\n\t<meta name=\"twitter:data2\" content=\"2 minutes\" \/>\n<script type=\"application\/ld+json\" class=\"yoast-schema-graph\">{\"@context\":\"https:\/\/schema.org\",\"@graph\":[{\"@type\":\"WebPage\",\"@id\":\"https:\/\/veritasinfo.org\/?p=45675\",\"url\":\"https:\/\/veritasinfo.org\/?p=45675\",\"name\":\"Milanoviq: Pretendime t\u00eb pakuptimta se Kroacia, Shqip\u00ebria dhe Kosova po p\u00ebrgatiten t\u00eb sulmojn\u00eb Serbin\u00eb -\",\"isPartOf\":{\"@id\":\"https:\/\/veritasinfo.org\/#website\"},\"primaryImageOfPage\":{\"@id\":\"https:\/\/veritasinfo.org\/?p=45675#primaryimage\"},\"image\":{\"@id\":\"https:\/\/veritasinfo.org\/?p=45675#primaryimage\"},\"thumbnailUrl\":\"https:\/\/veritasinfo.org\/wp-content\/uploads\/2026\/04\/101197915_2570492249883066_6345903029828452352_n.jpg\",\"datePublished\":\"2026-04-30T06:23:39+00:00\",\"author\":{\"@id\":\"https:\/\/veritasinfo.org\/#\/schema\/person\/fe199eede04c3937362892b7444747cc\"},\"breadcrumb\":{\"@id\":\"https:\/\/veritasinfo.org\/?p=45675#breadcrumb\"},\"inLanguage\":\"en-US\",\"potentialAction\":[{\"@type\":\"ReadAction\",\"target\":[\"https:\/\/veritasinfo.org\/?p=45675\"]}]},{\"@type\":\"ImageObject\",\"inLanguage\":\"en-US\",\"@id\":\"https:\/\/veritasinfo.org\/?p=45675#primaryimage\",\"url\":\"https:\/\/veritasinfo.org\/wp-content\/uploads\/2026\/04\/101197915_2570492249883066_6345903029828452352_n.jpg\",\"contentUrl\":\"https:\/\/veritasinfo.org\/wp-content\/uploads\/2026\/04\/101197915_2570492249883066_6345903029828452352_n.jpg\",\"width\":686,\"height\":386},{\"@type\":\"BreadcrumbList\",\"@id\":\"https:\/\/veritasinfo.org\/?p=45675#breadcrumb\",\"itemListElement\":[{\"@type\":\"ListItem\",\"position\":1,\"name\":\"Home\",\"item\":\"https:\/\/veritasinfo.org\/\"},{\"@type\":\"ListItem\",\"position\":2,\"name\":\"Milanoviq: Pretendime t\u00eb pakuptimta se Kroacia, Shqip\u00ebria dhe Kosova po p\u00ebrgatiten t\u00eb sulmojn\u00eb Serbin\u00eb\"}]},{\"@type\":\"WebSite\",\"@id\":\"https:\/\/veritasinfo.org\/#website\",\"url\":\"https:\/\/veritasinfo.org\/\",\"name\":\"\",\"description\":\"\",\"potentialAction\":[{\"@type\":\"SearchAction\",\"target\":{\"@type\":\"EntryPoint\",\"urlTemplate\":\"https:\/\/veritasinfo.org\/?s={search_term_string}\"},\"query-input\":{\"@type\":\"PropertyValueSpecification\",\"valueRequired\":true,\"valueName\":\"search_term_string\"}}],\"inLanguage\":\"en-US\"},{\"@type\":\"Person\",\"@id\":\"https:\/\/veritasinfo.org\/#\/schema\/person\/fe199eede04c3937362892b7444747cc\",\"name\":\"US6\",\"image\":{\"@type\":\"ImageObject\",\"inLanguage\":\"en-US\",\"@id\":\"https:\/\/veritasinfo.org\/#\/schema\/person\/image\/\",\"url\":\"https:\/\/secure.gravatar.com\/avatar\/cb16c3c31c9d23b9b8c705964598220b3014e42ff51eb540ff23cefa3ae8c15f?s=96&d=mm&r=g\",\"contentUrl\":\"https:\/\/secure.gravatar.com\/avatar\/cb16c3c31c9d23b9b8c705964598220b3014e42ff51eb540ff23cefa3ae8c15f?s=96&d=mm&r=g\",\"caption\":\"US6\"},\"url\":\"https:\/\/veritasinfo.org\/?author=7\"}]}<\/script>\n<!-- \/ Yoast SEO plugin. -->","yoast_head_json":{"title":"Milanoviq: Pretendime t\u00eb pakuptimta se Kroacia, Shqip\u00ebria dhe Kosova po p\u00ebrgatiten t\u00eb sulmojn\u00eb Serbin\u00eb -","robots":{"index":"index","follow":"follow","max-snippet":"max-snippet:-1","max-image-preview":"max-image-preview:large","max-video-preview":"max-video-preview:-1"},"canonical":"https:\/\/veritasinfo.org\/?p=45675","og_locale":"en_US","og_type":"article","og_title":"Milanoviq: Pretendime t\u00eb pakuptimta se Kroacia, Shqip\u00ebria dhe Kosova po p\u00ebrgatiten t\u00eb sulmojn\u00eb Serbin\u00eb -","og_description":"Prishtin\u00eb, 30 prill 2026 08:22 Presidenti i Kroacis\u00eb, Zoran Milanoviq, i ka cil\u00ebsuar si \u201ct\u00eb pakuptimta\u201d pretendimet se Kroacia, Shqip\u00ebria dhe Kosova po p\u00ebrgatiten p\u00ebr","og_url":"https:\/\/veritasinfo.org\/?p=45675","article_published_time":"2026-04-30T06:23:39+00:00","og_image":[{"width":686,"height":386,"url":"https:\/\/veritasinfo.org\/wp-content\/uploads\/2026\/04\/101197915_2570492249883066_6345903029828452352_n.jpg","type":"image\/jpeg"}],"author":"US6","twitter_card":"summary_large_image","twitter_misc":{"Written by":"US6","Est. reading time":"2 minutes"},"schema":{"@context":"https:\/\/schema.org","@graph":[{"@type":"WebPage","@id":"https:\/\/veritasinfo.org\/?p=45675","url":"https:\/\/veritasinfo.org\/?p=45675","name":"Milanoviq: Pretendime t\u00eb pakuptimta se Kroacia, Shqip\u00ebria dhe Kosova po p\u00ebrgatiten t\u00eb sulmojn\u00eb Serbin\u00eb -","isPartOf":{"@id":"https:\/\/veritasinfo.org\/#website"},"primaryImageOfPage":{"@id":"https:\/\/veritasinfo.org\/?p=45675#primaryimage"},"image":{"@id":"https:\/\/veritasinfo.org\/?p=45675#primaryimage"},"thumbnailUrl":"https:\/\/veritasinfo.org\/wp-content\/uploads\/2026\/04\/101197915_2570492249883066_6345903029828452352_n.jpg","datePublished":"2026-04-30T06:23:39+00:00","author":{"@id":"https:\/\/veritasinfo.org\/#\/schema\/person\/fe199eede04c3937362892b7444747cc"},"breadcrumb":{"@id":"https:\/\/veritasinfo.org\/?p=45675#breadcrumb"},"inLanguage":"en-US","potentialAction":[{"@type":"ReadAction","target":["https:\/\/veritasinfo.org\/?p=45675"]}]},{"@type":"ImageObject","inLanguage":"en-US","@id":"https:\/\/veritasinfo.org\/?p=45675#primaryimage","url":"https:\/\/veritasinfo.org\/wp-content\/uploads\/2026\/04\/101197915_2570492249883066_6345903029828452352_n.jpg","contentUrl":"https:\/\/veritasinfo.org\/wp-content\/uploads\/2026\/04\/101197915_2570492249883066_6345903029828452352_n.jpg","width":686,"height":386},{"@type":"BreadcrumbList","@id":"https:\/\/veritasinfo.org\/?p=45675#breadcrumb","itemListElement":[{"@type":"ListItem","position":1,"name":"Home","item":"https:\/\/veritasinfo.org\/"},{"@type":"ListItem","position":2,"name":"Milanoviq: Pretendime t\u00eb pakuptimta se Kroacia, Shqip\u00ebria dhe Kosova po p\u00ebrgatiten t\u00eb sulmojn\u00eb Serbin\u00eb"}]},{"@type":"WebSite","@id":"https:\/\/veritasinfo.org\/#website","url":"https:\/\/veritasinfo.org\/","name":"","description":"","potentialAction":[{"@type":"SearchAction","target":{"@type":"EntryPoint","urlTemplate":"https:\/\/veritasinfo.org\/?s={search_term_string}"},"query-input":{"@type":"PropertyValueSpecification","valueRequired":true,"valueName":"search_term_string"}}],"inLanguage":"en-US"},{"@type":"Person","@id":"https:\/\/veritasinfo.org\/#\/schema\/person\/fe199eede04c3937362892b7444747cc","name":"US6","image":{"@type":"ImageObject","inLanguage":"en-US","@id":"https:\/\/veritasinfo.org\/#\/schema\/person\/image\/","url":"https:\/\/secure.gravatar.com\/avatar\/cb16c3c31c9d23b9b8c705964598220b3014e42ff51eb540ff23cefa3ae8c15f?s=96&d=mm&r=g","contentUrl":"https:\/\/secure.gravatar.com\/avatar\/cb16c3c31c9d23b9b8c705964598220b3014e42ff51eb540ff23cefa3ae8c15f?s=96&d=mm&r=g","caption":"US6"},"url":"https:\/\/veritasinfo.org\/?author=7"}]}},"featured_image_urls":{"full":["https:\/\/veritasinfo.org\/wp-content\/uploads\/2026\/04\/101197915_2570492249883066_6345903029828452352_n.jpg",686,386,false],"thumbnail":["https:\/\/veritasinfo.org\/wp-content\/uploads\/2026\/04\/101197915_2570492249883066_6345903029828452352_n-150x150.jpg",150,150,true],"medium":["https:\/\/veritasinfo.org\/wp-content\/uploads\/2026\/04\/101197915_2570492249883066_6345903029828452352_n-300x169.jpg",300,169,true],"medium_large":["https:\/\/veritasinfo.org\/wp-content\/uploads\/2026\/04\/101197915_2570492249883066_6345903029828452352_n.jpg",640,360,false],"large":["https:\/\/veritasinfo.org\/wp-content\/uploads\/2026\/04\/101197915_2570492249883066_6345903029828452352_n.jpg",640,360,false],"1536x1536":["https:\/\/veritasinfo.org\/wp-content\/uploads\/2026\/04\/101197915_2570492249883066_6345903029828452352_n.jpg",686,386,false],"2048x2048":["https:\/\/veritasinfo.org\/wp-content\/uploads\/2026\/04\/101197915_2570492249883066_6345903029828452352_n.jpg",686,386,false],"kreeti-slider-full":["https:\/\/veritasinfo.org\/wp-content\/uploads\/2026\/04\/101197915_2570492249883066_6345903029828452352_n.jpg",686,386,false],"kreeti-featured":["https:\/\/veritasinfo.org\/wp-content\/uploads\/2026\/04\/101197915_2570492249883066_6345903029828452352_n.jpg",686,386,false],"kreeti-medium":["https:\/\/veritasinfo.org\/wp-content\/uploads\/2026\/04\/101197915_2570492249883066_6345903029828452352_n.jpg",686,386,false],"kreeti-medium-square":["https:\/\/veritasinfo.org\/wp-content\/uploads\/2026\/04\/101197915_2570492249883066_6345903029828452352_n-350x350.jpg",350,350,true]},"author_info":{"info":["US6"]},"category_info":"<a href=\"https:\/\/veritasinfo.org\/?cat=58\" rel=\"category\">Politik\u00eb<\/a>","tag_info":"Politik\u00eb","comment_count":"0","_links":{"self":[{"href":"https:\/\/veritasinfo.org\/index.php?rest_route=\/wp\/v2\/posts\/45675","targetHints":{"allow":["GET"]}}],"collection":[{"href":"https:\/\/veritasinfo.org\/index.php?rest_route=\/wp\/v2\/posts"}],"about":[{"href":"https:\/\/veritasinfo.org\/index.php?rest_route=\/wp\/v2\/types\/post"}],"author":[{"embeddable":true,"href":"https:\/\/veritasinfo.org\/index.php?rest_route=\/wp\/v2\/users\/7"}],"replies":[{"embeddable":true,"href":"https:\/\/veritasinfo.org\/index.php?rest_route=%2Fwp%2Fv2%2Fcomments&post=45675"}],"version-history":[{"count":1,"href":"https:\/\/veritasinfo.org\/index.php?rest_route=\/wp\/v2\/posts\/45675\/revisions"}],"predecessor-version":[{"id":45677,"href":"https:\/\/veritasinfo.org\/index.php?rest_route=\/wp\/v2\/posts\/45675\/revisions\/45677"}],"wp:featuredmedia":[{"embeddable":true,"href":"https:\/\/veritasinfo.org\/index.php?rest_route=\/wp\/v2\/media\/45676"}],"wp:attachment":[{"href":"https:\/\/veritasinfo.org\/index.php?rest_route=%2Fwp%2Fv2%2Fmedia&parent=45675"}],"wp:term":[{"taxonomy":"category","embeddable":true,"href":"https:\/\/veritasinfo.org\/index.php?rest_route=%2Fwp%2Fv2%2Fcategories&post=45675"},{"taxonomy":"post_tag","embeddable":true,"href":"https:\/\/veritasinfo.org\/index.php?rest_route=%2Fwp%2Fv2%2Ftags&post=45675"}],"curies":[{"name":"wp","href":"https:\/\/api.w.org\/{rel}","templated":true}]}}