{"id":45668,"date":"2026-04-30T08:08:58","date_gmt":"2026-04-30T06:08:58","guid":{"rendered":"https:\/\/veritasinfo.org\/?p=45668"},"modified":"2026-04-30T08:08:58","modified_gmt":"2026-04-30T06:08:58","slug":"kosova-permireson-renditjen-ne-indeksin-e-reportereve-pa-kufij-pas-vendimit-te-kushtetueses-per-ligjin-e-kpm-se","status":"publish","type":"post","link":"https:\/\/veritasinfo.org\/?p=45668","title":{"rendered":"Kosova p\u00ebrmir\u00ebson renditjen n\u00eb Indeksin e Reporter\u00ebve Pa Kufij, pas vendimit t\u00eb Kushtetueses p\u00ebr ligjin e KPM-s\u00eb"},"content":{"rendered":"<p>Prishtin\u00eb 30 Prill 2026 8;07<\/p>\n<p>Asociacioni i Gazetar\u00ebve t\u00eb Kosov\u00ebs ka b\u00ebr\u00eb t\u00eb ditur se Kosova ka sh\u00ebnuar ngritje n\u00eb Indeksin vjetor t\u00eb liris\u00eb s\u00eb medias t\u00eb Reporter\u00ebve pa Kufij, pas r\u00ebnies alarmante nj\u00eb vit m\u00eb par\u00eb.<\/p>\n<p>Sipas raportit t\u00eb publikuar k\u00ebt\u00eb t\u00eb enjte, Kosova renditet n\u00eb vendin e 84-t\u00eb n\u00eb bot\u00eb, me 55.89 pik\u00eb, 3 m\u00eb shum\u00eb se nj\u00eb vit m\u00eb par\u00eb.<\/p>\n<p>\u201cRregullatori joefektiv i mediave, Komisioni i Pavarur p\u00ebr Media (KPM), ishte subjekt i nj\u00eb reforme legjislative, e cila u shpall jokushtetuese nga Gjykata Kushtetuese\u201d, thuhet n\u00eb raport, i cili njeh pun\u00ebn e gjyq\u00ebsorit p\u00ebr trajtimin e rasteve t\u00eb gazetar\u00ebve si prioritet, duke t\u00ebrhequr v\u00ebmendjen q\u00eb shum\u00eb gazetar\u00eb jan\u00eb subjekt i padive SLAPP nga grupe biznesesh dhe politikan\u00eb.<\/p>\n<p>Raporti vjetor v\u00eb n\u00eb pah se gazetar\u00ebt vazhdojn\u00eb ta b\u00ebjn\u00eb pun\u00ebn e tyre p\u00ebrkund\u00ebr sulmeve politike.<\/p>\n<p>\u201cEdhe pse gazetar\u00ebt me sukses punojn\u00eb p\u00ebr t\u2019i mbajtur politikan\u00ebt p\u00ebrgjegj\u00ebs, ata vazhdojn\u00eb t\u00eb jen\u00eb target i sulmeve politike. Edhe pse gazetar\u00ebt e kan\u00eb besimin e shoq\u00ebris\u00eb, mediat e pavarura dhe gazetar\u00ebt investigativ\u00eb jan\u00eb shum\u00eb shpesh target i ofendimeve dhe lajmeve t\u00eb rreme n\u00eb media sociale. Ata akuzohen pa t\u00eb drejt\u00eb se \u2018punojn\u00eb p\u00ebr armikun\u2019, nj\u00eb retorik\u00eb q\u00eb p\u00ebrdoret nga grupe politike dhe religjioze\u201d.<\/p>\n<p>AGK thekson tutje se raporti p\u00ebrmend edhe bojkotin n\u00eb vitin 2025 nga Qeveria p\u00ebr disa media dhe ndikimin politik n\u00eb RTK.<\/p>\n<p>\u201cPara zgjedhjeve n\u00eb fillim t\u00eb vitit 2025, disa media private u targetuan p\u00ebr bojkot nga qeveria, e cila gjithashtu e k\u00ebrc\u00ebnoi pavar\u00ebsin\u00eb e transmetuesit publik, RTK\u201d, vler\u00ebson raporti.<\/p>\n<p>\u201cEdhe pse tregu medial n\u00eb Kosov\u00eb \u00ebsht\u00eb divers, zhvillimi i tij \u00ebsht\u00eb i kufizuar p\u00ebr shkak t\u00eb madh\u00ebsis\u00eb s\u00eb vog\u00ebl t\u00eb tij dhe ndarjeve etnike. Liria e medias k\u00ebrc\u00ebnohet nga rregullimi politik i saj, padit\u00eb SLAPP, qasja e pamjaftueshme n\u00eb informacion dhe rreziqet p\u00ebr sigurin\u00eb e gazetar\u00ebve\u201d, p\u00ebrmbledh raporti.<\/p>\n","protected":false},"excerpt":{"rendered":"<p>Prishtin\u00eb 30 Prill 2026 8;07 Asociacioni i Gazetar\u00ebve t\u00eb Kosov\u00ebs ka b\u00ebr\u00eb t\u00eb ditur se Kosova ka sh\u00ebnuar ngritje n\u00eb Indeksin vjetor t\u00eb liris\u00eb s\u00eb<\/p>\n","protected":false},"author":6,"featured_media":45670,"comment_status":"open","ping_status":"open","sticky":false,"template":"","format":"standard","meta":{"footnotes":""},"categories":[60],"tags":[],"class_list":["post-45668","post","type-post","status-publish","format-standard","has-post-thumbnail","hentry","category-shoqerore-sq"],"yoast_head":"<!-- This site is optimized with the Yoast SEO plugin v25.3.1 - https:\/\/yoast.com\/wordpress\/plugins\/seo\/ -->\n<title>Kosova p\u00ebrmir\u00ebson renditjen n\u00eb Indeksin e Reporter\u00ebve Pa Kufij, pas vendimit t\u00eb Kushtetueses p\u00ebr ligjin e KPM-s\u00eb -<\/title>\n<meta name=\"robots\" content=\"index, follow, max-snippet:-1, max-image-preview:large, max-video-preview:-1\" \/>\n<link rel=\"canonical\" href=\"https:\/\/veritasinfo.org\/?p=45668\" \/>\n<meta property=\"og:locale\" content=\"en_US\" \/>\n<meta property=\"og:type\" content=\"article\" \/>\n<meta property=\"og:title\" content=\"Kosova p\u00ebrmir\u00ebson renditjen n\u00eb Indeksin e Reporter\u00ebve Pa Kufij, pas vendimit t\u00eb Kushtetueses p\u00ebr ligjin e KPM-s\u00eb -\" \/>\n<meta property=\"og:description\" content=\"Prishtin\u00eb 30 Prill 2026 8;07 Asociacioni i Gazetar\u00ebve t\u00eb Kosov\u00ebs ka b\u00ebr\u00eb t\u00eb ditur se Kosova ka sh\u00ebnuar ngritje n\u00eb Indeksin vjetor t\u00eb liris\u00eb s\u00eb\" \/>\n<meta property=\"og:url\" content=\"https:\/\/veritasinfo.org\/?p=45668\" \/>\n<meta property=\"article:published_time\" content=\"2026-04-30T06:08:58+00:00\" \/>\n<meta property=\"og:image\" content=\"https:\/\/veritasinfo.org\/wp-content\/uploads\/2026\/04\/image-35.webp\" \/>\n\t<meta property=\"og:image:width\" content=\"1245\" \/>\n\t<meta property=\"og:image:height\" content=\"700\" \/>\n\t<meta property=\"og:image:type\" content=\"image\/webp\" \/>\n<meta name=\"author\" content=\"US5\" \/>\n<meta name=\"twitter:card\" content=\"summary_large_image\" \/>\n<meta name=\"twitter:label1\" content=\"Written by\" \/>\n\t<meta name=\"twitter:data1\" content=\"US5\" \/>\n\t<meta name=\"twitter:label2\" content=\"Est. reading time\" \/>\n\t<meta name=\"twitter:data2\" content=\"1 minute\" \/>\n<script type=\"application\/ld+json\" class=\"yoast-schema-graph\">{\"@context\":\"https:\/\/schema.org\",\"@graph\":[{\"@type\":\"WebPage\",\"@id\":\"https:\/\/veritasinfo.org\/?p=45668\",\"url\":\"https:\/\/veritasinfo.org\/?p=45668\",\"name\":\"Kosova p\u00ebrmir\u00ebson renditjen n\u00eb Indeksin e Reporter\u00ebve Pa Kufij, pas vendimit t\u00eb Kushtetueses p\u00ebr ligjin e KPM-s\u00eb -\",\"isPartOf\":{\"@id\":\"https:\/\/veritasinfo.org\/#website\"},\"primaryImageOfPage\":{\"@id\":\"https:\/\/veritasinfo.org\/?p=45668#primaryimage\"},\"image\":{\"@id\":\"https:\/\/veritasinfo.org\/?p=45668#primaryimage\"},\"thumbnailUrl\":\"https:\/\/veritasinfo.org\/wp-content\/uploads\/2026\/04\/image-35.webp\",\"datePublished\":\"2026-04-30T06:08:58+00:00\",\"author\":{\"@id\":\"https:\/\/veritasinfo.org\/#\/schema\/person\/bc442336e35414d04494ab8fb45db4c6\"},\"breadcrumb\":{\"@id\":\"https:\/\/veritasinfo.org\/?p=45668#breadcrumb\"},\"inLanguage\":\"en-US\",\"potentialAction\":[{\"@type\":\"ReadAction\",\"target\":[\"https:\/\/veritasinfo.org\/?p=45668\"]}]},{\"@type\":\"ImageObject\",\"inLanguage\":\"en-US\",\"@id\":\"https:\/\/veritasinfo.org\/?p=45668#primaryimage\",\"url\":\"https:\/\/veritasinfo.org\/wp-content\/uploads\/2026\/04\/image-35.webp\",\"contentUrl\":\"https:\/\/veritasinfo.org\/wp-content\/uploads\/2026\/04\/image-35.webp\",\"width\":1245,\"height\":700},{\"@type\":\"BreadcrumbList\",\"@id\":\"https:\/\/veritasinfo.org\/?p=45668#breadcrumb\",\"itemListElement\":[{\"@type\":\"ListItem\",\"position\":1,\"name\":\"Home\",\"item\":\"https:\/\/veritasinfo.org\/\"},{\"@type\":\"ListItem\",\"position\":2,\"name\":\"Kosova p\u00ebrmir\u00ebson renditjen n\u00eb Indeksin e Reporter\u00ebve Pa Kufij, pas vendimit t\u00eb Kushtetueses p\u00ebr ligjin e KPM-s\u00eb\"}]},{\"@type\":\"WebSite\",\"@id\":\"https:\/\/veritasinfo.org\/#website\",\"url\":\"https:\/\/veritasinfo.org\/\",\"name\":\"\",\"description\":\"\",\"potentialAction\":[{\"@type\":\"SearchAction\",\"target\":{\"@type\":\"EntryPoint\",\"urlTemplate\":\"https:\/\/veritasinfo.org\/?s={search_term_string}\"},\"query-input\":{\"@type\":\"PropertyValueSpecification\",\"valueRequired\":true,\"valueName\":\"search_term_string\"}}],\"inLanguage\":\"en-US\"},{\"@type\":\"Person\",\"@id\":\"https:\/\/veritasinfo.org\/#\/schema\/person\/bc442336e35414d04494ab8fb45db4c6\",\"name\":\"US5\",\"image\":{\"@type\":\"ImageObject\",\"inLanguage\":\"en-US\",\"@id\":\"https:\/\/veritasinfo.org\/#\/schema\/person\/image\/\",\"url\":\"https:\/\/secure.gravatar.com\/avatar\/16a61e7272a0c5d001121ebb9e60e925d5816e4ac1e443ed3e640d9a6ae55d0c?s=96&d=mm&r=g\",\"contentUrl\":\"https:\/\/secure.gravatar.com\/avatar\/16a61e7272a0c5d001121ebb9e60e925d5816e4ac1e443ed3e640d9a6ae55d0c?s=96&d=mm&r=g\",\"caption\":\"US5\"},\"url\":\"https:\/\/veritasinfo.org\/?author=6\"}]}<\/script>\n<!-- \/ Yoast SEO plugin. -->","yoast_head_json":{"title":"Kosova p\u00ebrmir\u00ebson renditjen n\u00eb Indeksin e Reporter\u00ebve Pa Kufij, pas vendimit t\u00eb Kushtetueses p\u00ebr ligjin e KPM-s\u00eb -","robots":{"index":"index","follow":"follow","max-snippet":"max-snippet:-1","max-image-preview":"max-image-preview:large","max-video-preview":"max-video-preview:-1"},"canonical":"https:\/\/veritasinfo.org\/?p=45668","og_locale":"en_US","og_type":"article","og_title":"Kosova p\u00ebrmir\u00ebson renditjen n\u00eb Indeksin e Reporter\u00ebve Pa Kufij, pas vendimit t\u00eb Kushtetueses p\u00ebr ligjin e KPM-s\u00eb -","og_description":"Prishtin\u00eb 30 Prill 2026 8;07 Asociacioni i Gazetar\u00ebve t\u00eb Kosov\u00ebs ka b\u00ebr\u00eb t\u00eb ditur se Kosova ka sh\u00ebnuar ngritje n\u00eb Indeksin vjetor t\u00eb liris\u00eb s\u00eb","og_url":"https:\/\/veritasinfo.org\/?p=45668","article_published_time":"2026-04-30T06:08:58+00:00","og_image":[{"width":1245,"height":700,"url":"https:\/\/veritasinfo.org\/wp-content\/uploads\/2026\/04\/image-35.webp","type":"image\/webp"}],"author":"US5","twitter_card":"summary_large_image","twitter_misc":{"Written by":"US5","Est. reading time":"1 minute"},"schema":{"@context":"https:\/\/schema.org","@graph":[{"@type":"WebPage","@id":"https:\/\/veritasinfo.org\/?p=45668","url":"https:\/\/veritasinfo.org\/?p=45668","name":"Kosova p\u00ebrmir\u00ebson renditjen n\u00eb Indeksin e Reporter\u00ebve Pa Kufij, pas vendimit t\u00eb Kushtetueses p\u00ebr ligjin e KPM-s\u00eb -","isPartOf":{"@id":"https:\/\/veritasinfo.org\/#website"},"primaryImageOfPage":{"@id":"https:\/\/veritasinfo.org\/?p=45668#primaryimage"},"image":{"@id":"https:\/\/veritasinfo.org\/?p=45668#primaryimage"},"thumbnailUrl":"https:\/\/veritasinfo.org\/wp-content\/uploads\/2026\/04\/image-35.webp","datePublished":"2026-04-30T06:08:58+00:00","author":{"@id":"https:\/\/veritasinfo.org\/#\/schema\/person\/bc442336e35414d04494ab8fb45db4c6"},"breadcrumb":{"@id":"https:\/\/veritasinfo.org\/?p=45668#breadcrumb"},"inLanguage":"en-US","potentialAction":[{"@type":"ReadAction","target":["https:\/\/veritasinfo.org\/?p=45668"]}]},{"@type":"ImageObject","inLanguage":"en-US","@id":"https:\/\/veritasinfo.org\/?p=45668#primaryimage","url":"https:\/\/veritasinfo.org\/wp-content\/uploads\/2026\/04\/image-35.webp","contentUrl":"https:\/\/veritasinfo.org\/wp-content\/uploads\/2026\/04\/image-35.webp","width":1245,"height":700},{"@type":"BreadcrumbList","@id":"https:\/\/veritasinfo.org\/?p=45668#breadcrumb","itemListElement":[{"@type":"ListItem","position":1,"name":"Home","item":"https:\/\/veritasinfo.org\/"},{"@type":"ListItem","position":2,"name":"Kosova p\u00ebrmir\u00ebson renditjen n\u00eb Indeksin e Reporter\u00ebve Pa Kufij, pas vendimit t\u00eb Kushtetueses p\u00ebr ligjin e KPM-s\u00eb"}]},{"@type":"WebSite","@id":"https:\/\/veritasinfo.org\/#website","url":"https:\/\/veritasinfo.org\/","name":"","description":"","potentialAction":[{"@type":"SearchAction","target":{"@type":"EntryPoint","urlTemplate":"https:\/\/veritasinfo.org\/?s={search_term_string}"},"query-input":{"@type":"PropertyValueSpecification","valueRequired":true,"valueName":"search_term_string"}}],"inLanguage":"en-US"},{"@type":"Person","@id":"https:\/\/veritasinfo.org\/#\/schema\/person\/bc442336e35414d04494ab8fb45db4c6","name":"US5","image":{"@type":"ImageObject","inLanguage":"en-US","@id":"https:\/\/veritasinfo.org\/#\/schema\/person\/image\/","url":"https:\/\/secure.gravatar.com\/avatar\/16a61e7272a0c5d001121ebb9e60e925d5816e4ac1e443ed3e640d9a6ae55d0c?s=96&d=mm&r=g","contentUrl":"https:\/\/secure.gravatar.com\/avatar\/16a61e7272a0c5d001121ebb9e60e925d5816e4ac1e443ed3e640d9a6ae55d0c?s=96&d=mm&r=g","caption":"US5"},"url":"https:\/\/veritasinfo.org\/?author=6"}]}},"featured_image_urls":{"full":["https:\/\/veritasinfo.org\/wp-content\/uploads\/2026\/04\/image-35.webp",1245,700,false],"thumbnail":["https:\/\/veritasinfo.org\/wp-content\/uploads\/2026\/04\/image-35-150x150.webp",150,150,true],"medium":["https:\/\/veritasinfo.org\/wp-content\/uploads\/2026\/04\/image-35-300x169.webp",300,169,true],"medium_large":["https:\/\/veritasinfo.org\/wp-content\/uploads\/2026\/04\/image-35-768x432.webp",640,360,true],"large":["https:\/\/veritasinfo.org\/wp-content\/uploads\/2026\/04\/image-35-1024x576.webp",640,360,true],"1536x1536":["https:\/\/veritasinfo.org\/wp-content\/uploads\/2026\/04\/image-35.webp",1245,700,false],"2048x2048":["https:\/\/veritasinfo.org\/wp-content\/uploads\/2026\/04\/image-35.webp",1245,700,false],"kreeti-slider-full":["https:\/\/veritasinfo.org\/wp-content\/uploads\/2026\/04\/image-35.webp",1245,700,false],"kreeti-featured":["https:\/\/veritasinfo.org\/wp-content\/uploads\/2026\/04\/image-35-1024x576.webp",1024,576,true],"kreeti-medium":["https:\/\/veritasinfo.org\/wp-content\/uploads\/2026\/04\/image-35-720x530.webp",720,530,true],"kreeti-medium-square":["https:\/\/veritasinfo.org\/wp-content\/uploads\/2026\/04\/image-35-350x350.webp",350,350,true]},"author_info":{"info":["US5"]},"category_info":"<a href=\"https:\/\/veritasinfo.org\/?cat=60\" rel=\"category\">Shoq\u00ebrore<\/a>","tag_info":"Shoq\u00ebrore","comment_count":"0","_links":{"self":[{"href":"https:\/\/veritasinfo.org\/index.php?rest_route=\/wp\/v2\/posts\/45668","targetHints":{"allow":["GET"]}}],"collection":[{"href":"https:\/\/veritasinfo.org\/index.php?rest_route=\/wp\/v2\/posts"}],"about":[{"href":"https:\/\/veritasinfo.org\/index.php?rest_route=\/wp\/v2\/types\/post"}],"author":[{"embeddable":true,"href":"https:\/\/veritasinfo.org\/index.php?rest_route=\/wp\/v2\/users\/6"}],"replies":[{"embeddable":true,"href":"https:\/\/veritasinfo.org\/index.php?rest_route=%2Fwp%2Fv2%2Fcomments&post=45668"}],"version-history":[{"count":2,"href":"https:\/\/veritasinfo.org\/index.php?rest_route=\/wp\/v2\/posts\/45668\/revisions"}],"predecessor-version":[{"id":45671,"href":"https:\/\/veritasinfo.org\/index.php?rest_route=\/wp\/v2\/posts\/45668\/revisions\/45671"}],"wp:featuredmedia":[{"embeddable":true,"href":"https:\/\/veritasinfo.org\/index.php?rest_route=\/wp\/v2\/media\/45670"}],"wp:attachment":[{"href":"https:\/\/veritasinfo.org\/index.php?rest_route=%2Fwp%2Fv2%2Fmedia&parent=45668"}],"wp:term":[{"taxonomy":"category","embeddable":true,"href":"https:\/\/veritasinfo.org\/index.php?rest_route=%2Fwp%2Fv2%2Fcategories&post=45668"},{"taxonomy":"post_tag","embeddable":true,"href":"https:\/\/veritasinfo.org\/index.php?rest_route=%2Fwp%2Fv2%2Ftags&post=45668"}],"curies":[{"name":"wp","href":"https:\/\/api.w.org\/{rel}","templated":true}]}}