{"id":45664,"date":"2026-04-30T07:13:35","date_gmt":"2026-04-30T05:13:35","guid":{"rendered":"https:\/\/veritasinfo.org\/?p=45664"},"modified":"2026-04-30T07:13:35","modified_gmt":"2026-04-30T05:13:35","slug":"cik-trazi-7-jun-kao-datum-izbora-hadziu-danas-docekuje-predstavnike-stranaka","status":"publish","type":"post","link":"https:\/\/veritasinfo.org\/?p=45664&lang=sr","title":{"rendered":"CIK tra\u017ei 7. jun kao datum izbora, Had\u017eiu danas do\u010dekuje predstavnike stranaka"},"content":{"rendered":"<p>Pri\u0161tina, 30. april 2026. 07:09<\/p>\n<p>Centralna izborna komisija predlo\u017eila je 7. jun kao najprikladniji datum za odr\u017eavanje prevremenih parlamentarnih izbora. Za ta\u010dan datum, vr\u0161ilac du\u017enosti predsednice, Aljbuljena Had\u017eiu, sastac\u0301e se sa predstavnicima politi\u010dkih stranaka u \u010detvrtak<\/p>\n<p>U \u010detvrtak, vr\u0161ilac du\u017enosti predsednice Aljbuljena Had\u017eiu zapo\u010dec\u0301e konsultativne sastanke sa predstavnicima politi\u010dkih stranaka kako bi odredila datum za prevremene izbore.<\/p>\n<p>Na osnovu saop\u0161tenja Kancelarije predsednika, sastanak c\u0301e po\u010deti u 15:00 \u010dasova.<\/p>\n<p>Had\u017eiju se u sredu sastao sa predsednikom Centralne izborne komisije, Kre\u0161nikom Radonic\u0301ijem, koji je nakon sastanka rekao da je tra\u017eio da datum novih parlamentarnih izbora bude 7. jun.<\/p>\n<p>\u201e\u0160to se ti\u010de datuma, tra\u017eili smo da imamo \u0161to vi\u0161e vremena, jer nam je potrebna priprema, to nije lak proces, ali na predsedniku je da odlu\u010di&#8230; dva datuma: 31. maj ili 7. jun, tako da je po na\u0161em mi\u0161ljenju to 7. jun, ali opet ka\u017eem, neka predsednik odlu\u010di\u201c, rekao je Radonic\u0301i.<\/p>\n<p>U utorak, u ponoc\u0301, raspu\u0161ten je deseti saziv Skup\u0161tine, nakon \u0161to nije izabran predsednik u ustavnom roku. Shodno tome, novi izbori moraju biti odr\u017eani u roku od 45 dana.<\/p>\n<p>7. jun je rok za organizovanje izbora, dok vr\u0161ilac du\u017enosti predsednika ima 10 dana da odredi datum, nakon konsultacija sa politi\u010dkim strankama i CIK-om.<\/p>\n<p>\u201ePrevremeni izbori moraju se odr\u017eati u roku od 45 dana, ali ne ranije od 30 dana, od raspu\u0161tanja Skup\u0161tine. Me\u0111utim, rok od 10 dana koji je vr\u0161ilac du\u017enosti predsednika postavio za raspisivanje izbora ne odla\u017ee rok za njihovo odr\u017eavanje \u2013 koji mo\u017ee biti samo 31. maj ili 7. jun. Dok se izbori ne odr\u017ee i ne uspostave nove institucije \u2013 \u0161to c\u0301e trajati najmanje tri do \u010detiri meseca \u2013 dr\u017eava c\u0301e biti na pauzi\u201c, rekao je Eugen Cakoli, rukovodilac programa u Kosovskom demokratskom institutu.<\/p>\n<p>Predstojec\u0301i izbori bic\u0301e trec\u0301i parlamentarni i peti ukupno u poslednjih 16 meseci<\/p>\n","protected":false},"excerpt":{"rendered":"<p>Pri\u0161tina, 30. april 2026. 07:09 Centralna izborna komisija predlo\u017eila je 7. jun kao najprikladniji datum za odr\u017eavanje prevremenih parlamentarnih izbora. Za ta\u010dan datum, vr\u0161ilac du\u017enosti<\/p>\n","protected":false},"author":7,"featured_media":45665,"comment_status":"open","ping_status":"open","sticky":false,"template":"","format":"standard","meta":{"footnotes":""},"categories":[30],"tags":[],"class_list":["post-45664","post","type-post","status-publish","format-standard","has-post-thumbnail","hentry","category-drustvo"],"yoast_head":"<!-- This site is optimized with the Yoast SEO plugin v25.3.1 - https:\/\/yoast.com\/wordpress\/plugins\/seo\/ -->\n<title>CIK tra\u017ei 7. jun kao datum izbora, Had\u017eiu danas do\u010dekuje predstavnike stranaka -<\/title>\n<meta name=\"robots\" content=\"index, follow, max-snippet:-1, max-image-preview:large, max-video-preview:-1\" \/>\n<link rel=\"canonical\" href=\"https:\/\/veritasinfo.org\/?p=45664&lang=sr\" \/>\n<meta property=\"og:locale\" content=\"en_US\" \/>\n<meta property=\"og:type\" content=\"article\" \/>\n<meta property=\"og:title\" content=\"CIK tra\u017ei 7. jun kao datum izbora, Had\u017eiu danas do\u010dekuje predstavnike stranaka -\" \/>\n<meta property=\"og:description\" content=\"Pri\u0161tina, 30. april 2026. 07:09 Centralna izborna komisija predlo\u017eila je 7. jun kao najprikladniji datum za odr\u017eavanje prevremenih parlamentarnih izbora. Za ta\u010dan datum, vr\u0161ilac du\u017enosti\" \/>\n<meta property=\"og:url\" content=\"https:\/\/veritasinfo.org\/?p=45664&amp;lang=sr\" \/>\n<meta property=\"article:published_time\" content=\"2026-04-30T05:13:35+00:00\" \/>\n<meta property=\"og:image\" content=\"https:\/\/veritasinfo.org\/wp-content\/uploads\/2026\/04\/c309f2a1-177b-40b4-a922-a27e855c2582-1.webp\" \/>\n\t<meta property=\"og:image:width\" content=\"1360\" \/>\n\t<meta property=\"og:image:height\" content=\"870\" \/>\n\t<meta property=\"og:image:type\" content=\"image\/webp\" \/>\n<meta name=\"author\" content=\"US6\" \/>\n<meta name=\"twitter:card\" content=\"summary_large_image\" \/>\n<meta name=\"twitter:label1\" content=\"Written by\" \/>\n\t<meta name=\"twitter:data1\" content=\"US6\" \/>\n\t<meta name=\"twitter:label2\" content=\"Est. reading time\" \/>\n\t<meta name=\"twitter:data2\" content=\"2 minutes\" \/>\n<script type=\"application\/ld+json\" class=\"yoast-schema-graph\">{\"@context\":\"https:\/\/schema.org\",\"@graph\":[{\"@type\":\"WebPage\",\"@id\":\"https:\/\/veritasinfo.org\/?p=45664&lang=sr\",\"url\":\"https:\/\/veritasinfo.org\/?p=45664&lang=sr\",\"name\":\"CIK tra\u017ei 7. jun kao datum izbora, Had\u017eiu danas do\u010dekuje predstavnike stranaka -\",\"isPartOf\":{\"@id\":\"https:\/\/veritasinfo.org\/#website\"},\"primaryImageOfPage\":{\"@id\":\"https:\/\/veritasinfo.org\/?p=45664&lang=sr#primaryimage\"},\"image\":{\"@id\":\"https:\/\/veritasinfo.org\/?p=45664&lang=sr#primaryimage\"},\"thumbnailUrl\":\"https:\/\/veritasinfo.org\/wp-content\/uploads\/2026\/04\/c309f2a1-177b-40b4-a922-a27e855c2582-1.webp\",\"datePublished\":\"2026-04-30T05:13:35+00:00\",\"author\":{\"@id\":\"https:\/\/veritasinfo.org\/#\/schema\/person\/fe199eede04c3937362892b7444747cc\"},\"breadcrumb\":{\"@id\":\"https:\/\/veritasinfo.org\/?p=45664&lang=sr#breadcrumb\"},\"inLanguage\":\"en-US\",\"potentialAction\":[{\"@type\":\"ReadAction\",\"target\":[\"https:\/\/veritasinfo.org\/?p=45664&lang=sr\"]}]},{\"@type\":\"ImageObject\",\"inLanguage\":\"en-US\",\"@id\":\"https:\/\/veritasinfo.org\/?p=45664&lang=sr#primaryimage\",\"url\":\"https:\/\/veritasinfo.org\/wp-content\/uploads\/2026\/04\/c309f2a1-177b-40b4-a922-a27e855c2582-1.webp\",\"contentUrl\":\"https:\/\/veritasinfo.org\/wp-content\/uploads\/2026\/04\/c309f2a1-177b-40b4-a922-a27e855c2582-1.webp\",\"width\":1360,\"height\":870},{\"@type\":\"BreadcrumbList\",\"@id\":\"https:\/\/veritasinfo.org\/?p=45664&lang=sr#breadcrumb\",\"itemListElement\":[{\"@type\":\"ListItem\",\"position\":1,\"name\":\"Home\",\"item\":\"https:\/\/veritasinfo.org\/\"},{\"@type\":\"ListItem\",\"position\":2,\"name\":\"CIK tra\u017ei 7. jun kao datum izbora, Had\u017eiu danas do\u010dekuje predstavnike stranaka\"}]},{\"@type\":\"WebSite\",\"@id\":\"https:\/\/veritasinfo.org\/#website\",\"url\":\"https:\/\/veritasinfo.org\/\",\"name\":\"\",\"description\":\"\",\"potentialAction\":[{\"@type\":\"SearchAction\",\"target\":{\"@type\":\"EntryPoint\",\"urlTemplate\":\"https:\/\/veritasinfo.org\/?s={search_term_string}\"},\"query-input\":{\"@type\":\"PropertyValueSpecification\",\"valueRequired\":true,\"valueName\":\"search_term_string\"}}],\"inLanguage\":\"en-US\"},{\"@type\":\"Person\",\"@id\":\"https:\/\/veritasinfo.org\/#\/schema\/person\/fe199eede04c3937362892b7444747cc\",\"name\":\"US6\",\"image\":{\"@type\":\"ImageObject\",\"inLanguage\":\"en-US\",\"@id\":\"https:\/\/veritasinfo.org\/#\/schema\/person\/image\/\",\"url\":\"https:\/\/secure.gravatar.com\/avatar\/cb16c3c31c9d23b9b8c705964598220b3014e42ff51eb540ff23cefa3ae8c15f?s=96&d=mm&r=g\",\"contentUrl\":\"https:\/\/secure.gravatar.com\/avatar\/cb16c3c31c9d23b9b8c705964598220b3014e42ff51eb540ff23cefa3ae8c15f?s=96&d=mm&r=g\",\"caption\":\"US6\"},\"url\":\"https:\/\/veritasinfo.org\/?author=7\"}]}<\/script>\n<!-- \/ Yoast SEO plugin. -->","yoast_head_json":{"title":"CIK tra\u017ei 7. jun kao datum izbora, Had\u017eiu danas do\u010dekuje predstavnike stranaka -","robots":{"index":"index","follow":"follow","max-snippet":"max-snippet:-1","max-image-preview":"max-image-preview:large","max-video-preview":"max-video-preview:-1"},"canonical":"https:\/\/veritasinfo.org\/?p=45664&lang=sr","og_locale":"en_US","og_type":"article","og_title":"CIK tra\u017ei 7. jun kao datum izbora, Had\u017eiu danas do\u010dekuje predstavnike stranaka -","og_description":"Pri\u0161tina, 30. april 2026. 07:09 Centralna izborna komisija predlo\u017eila je 7. jun kao najprikladniji datum za odr\u017eavanje prevremenih parlamentarnih izbora. Za ta\u010dan datum, vr\u0161ilac du\u017enosti","og_url":"https:\/\/veritasinfo.org\/?p=45664&lang=sr","article_published_time":"2026-04-30T05:13:35+00:00","og_image":[{"width":1360,"height":870,"url":"https:\/\/veritasinfo.org\/wp-content\/uploads\/2026\/04\/c309f2a1-177b-40b4-a922-a27e855c2582-1.webp","type":"image\/webp"}],"author":"US6","twitter_card":"summary_large_image","twitter_misc":{"Written by":"US6","Est. reading time":"2 minutes"},"schema":{"@context":"https:\/\/schema.org","@graph":[{"@type":"WebPage","@id":"https:\/\/veritasinfo.org\/?p=45664&lang=sr","url":"https:\/\/veritasinfo.org\/?p=45664&lang=sr","name":"CIK tra\u017ei 7. jun kao datum izbora, Had\u017eiu danas do\u010dekuje predstavnike stranaka -","isPartOf":{"@id":"https:\/\/veritasinfo.org\/#website"},"primaryImageOfPage":{"@id":"https:\/\/veritasinfo.org\/?p=45664&lang=sr#primaryimage"},"image":{"@id":"https:\/\/veritasinfo.org\/?p=45664&lang=sr#primaryimage"},"thumbnailUrl":"https:\/\/veritasinfo.org\/wp-content\/uploads\/2026\/04\/c309f2a1-177b-40b4-a922-a27e855c2582-1.webp","datePublished":"2026-04-30T05:13:35+00:00","author":{"@id":"https:\/\/veritasinfo.org\/#\/schema\/person\/fe199eede04c3937362892b7444747cc"},"breadcrumb":{"@id":"https:\/\/veritasinfo.org\/?p=45664&lang=sr#breadcrumb"},"inLanguage":"en-US","potentialAction":[{"@type":"ReadAction","target":["https:\/\/veritasinfo.org\/?p=45664&lang=sr"]}]},{"@type":"ImageObject","inLanguage":"en-US","@id":"https:\/\/veritasinfo.org\/?p=45664&lang=sr#primaryimage","url":"https:\/\/veritasinfo.org\/wp-content\/uploads\/2026\/04\/c309f2a1-177b-40b4-a922-a27e855c2582-1.webp","contentUrl":"https:\/\/veritasinfo.org\/wp-content\/uploads\/2026\/04\/c309f2a1-177b-40b4-a922-a27e855c2582-1.webp","width":1360,"height":870},{"@type":"BreadcrumbList","@id":"https:\/\/veritasinfo.org\/?p=45664&lang=sr#breadcrumb","itemListElement":[{"@type":"ListItem","position":1,"name":"Home","item":"https:\/\/veritasinfo.org\/"},{"@type":"ListItem","position":2,"name":"CIK tra\u017ei 7. jun kao datum izbora, Had\u017eiu danas do\u010dekuje predstavnike stranaka"}]},{"@type":"WebSite","@id":"https:\/\/veritasinfo.org\/#website","url":"https:\/\/veritasinfo.org\/","name":"","description":"","potentialAction":[{"@type":"SearchAction","target":{"@type":"EntryPoint","urlTemplate":"https:\/\/veritasinfo.org\/?s={search_term_string}"},"query-input":{"@type":"PropertyValueSpecification","valueRequired":true,"valueName":"search_term_string"}}],"inLanguage":"en-US"},{"@type":"Person","@id":"https:\/\/veritasinfo.org\/#\/schema\/person\/fe199eede04c3937362892b7444747cc","name":"US6","image":{"@type":"ImageObject","inLanguage":"en-US","@id":"https:\/\/veritasinfo.org\/#\/schema\/person\/image\/","url":"https:\/\/secure.gravatar.com\/avatar\/cb16c3c31c9d23b9b8c705964598220b3014e42ff51eb540ff23cefa3ae8c15f?s=96&d=mm&r=g","contentUrl":"https:\/\/secure.gravatar.com\/avatar\/cb16c3c31c9d23b9b8c705964598220b3014e42ff51eb540ff23cefa3ae8c15f?s=96&d=mm&r=g","caption":"US6"},"url":"https:\/\/veritasinfo.org\/?author=7"}]}},"featured_image_urls":{"full":["https:\/\/veritasinfo.org\/wp-content\/uploads\/2026\/04\/c309f2a1-177b-40b4-a922-a27e855c2582-1.webp",1360,870,false],"thumbnail":["https:\/\/veritasinfo.org\/wp-content\/uploads\/2026\/04\/c309f2a1-177b-40b4-a922-a27e855c2582-1-150x150.webp",150,150,true],"medium":["https:\/\/veritasinfo.org\/wp-content\/uploads\/2026\/04\/c309f2a1-177b-40b4-a922-a27e855c2582-1-300x192.webp",300,192,true],"medium_large":["https:\/\/veritasinfo.org\/wp-content\/uploads\/2026\/04\/c309f2a1-177b-40b4-a922-a27e855c2582-1-768x491.webp",640,409,true],"large":["https:\/\/veritasinfo.org\/wp-content\/uploads\/2026\/04\/c309f2a1-177b-40b4-a922-a27e855c2582-1-1024x655.webp",640,409,true],"1536x1536":["https:\/\/veritasinfo.org\/wp-content\/uploads\/2026\/04\/c309f2a1-177b-40b4-a922-a27e855c2582-1.webp",1360,870,false],"2048x2048":["https:\/\/veritasinfo.org\/wp-content\/uploads\/2026\/04\/c309f2a1-177b-40b4-a922-a27e855c2582-1.webp",1360,870,false],"kreeti-slider-full":["https:\/\/veritasinfo.org\/wp-content\/uploads\/2026\/04\/c309f2a1-177b-40b4-a922-a27e855c2582-1-1280x720.webp",1280,720,true],"kreeti-featured":["https:\/\/veritasinfo.org\/wp-content\/uploads\/2026\/04\/c309f2a1-177b-40b4-a922-a27e855c2582-1-1024x655.webp",1024,655,true],"kreeti-medium":["https:\/\/veritasinfo.org\/wp-content\/uploads\/2026\/04\/c309f2a1-177b-40b4-a922-a27e855c2582-1-720x530.webp",720,530,true],"kreeti-medium-square":["https:\/\/veritasinfo.org\/wp-content\/uploads\/2026\/04\/c309f2a1-177b-40b4-a922-a27e855c2582-1-350x350.webp",350,350,true]},"author_info":{"info":["US6"]},"category_info":"<a href=\"https:\/\/veritasinfo.org\/?cat=30&#038;lang=sr\" rel=\"category\">Dru\u0161tvo<\/a>","tag_info":"Dru\u0161tvo","comment_count":"0","_links":{"self":[{"href":"https:\/\/veritasinfo.org\/index.php?rest_route=\/wp\/v2\/posts\/45664","targetHints":{"allow":["GET"]}}],"collection":[{"href":"https:\/\/veritasinfo.org\/index.php?rest_route=\/wp\/v2\/posts"}],"about":[{"href":"https:\/\/veritasinfo.org\/index.php?rest_route=\/wp\/v2\/types\/post"}],"author":[{"embeddable":true,"href":"https:\/\/veritasinfo.org\/index.php?rest_route=\/wp\/v2\/users\/7"}],"replies":[{"embeddable":true,"href":"https:\/\/veritasinfo.org\/index.php?rest_route=%2Fwp%2Fv2%2Fcomments&post=45664"}],"version-history":[{"count":1,"href":"https:\/\/veritasinfo.org\/index.php?rest_route=\/wp\/v2\/posts\/45664\/revisions"}],"predecessor-version":[{"id":45666,"href":"https:\/\/veritasinfo.org\/index.php?rest_route=\/wp\/v2\/posts\/45664\/revisions\/45666"}],"wp:featuredmedia":[{"embeddable":true,"href":"https:\/\/veritasinfo.org\/index.php?rest_route=\/wp\/v2\/media\/45665"}],"wp:attachment":[{"href":"https:\/\/veritasinfo.org\/index.php?rest_route=%2Fwp%2Fv2%2Fmedia&parent=45664"}],"wp:term":[{"taxonomy":"category","embeddable":true,"href":"https:\/\/veritasinfo.org\/index.php?rest_route=%2Fwp%2Fv2%2Fcategories&post=45664"},{"taxonomy":"post_tag","embeddable":true,"href":"https:\/\/veritasinfo.org\/index.php?rest_route=%2Fwp%2Fv2%2Ftags&post=45664"}],"curies":[{"name":"wp","href":"https:\/\/api.w.org\/{rel}","templated":true}]}}