{"id":45661,"date":"2026-04-30T07:11:21","date_gmt":"2026-04-30T05:11:21","guid":{"rendered":"https:\/\/veritasinfo.org\/?p=45661"},"modified":"2026-04-30T07:11:21","modified_gmt":"2026-04-30T05:11:21","slug":"kqz-ja-kerkon-7-qershorin-si-date-te-zgjedhjeve-haxhiu-pret-sot-ne-takim-perfaqesuesit-e-partive","status":"publish","type":"post","link":"https:\/\/veritasinfo.org\/?p=45661","title":{"rendered":"KQZ-ja k\u00ebrkon 7 qershorin si dat\u00eb t\u00eb zgjedhjeve, Haxhiu pret sot n\u00eb takim p\u00ebrfaq\u00ebsuesit e partive"},"content":{"rendered":"<p>Prishtin\u00eb, 30 prill 2026 07:09<\/p>\n<p>Komisioni Qendror i Zgjedhjeve ka propozuar 7 qershorin si dat\u00ebn m\u00eb t\u00eb p\u00ebrshtatshme p\u00ebr mbajtjen e zgjedhjeve t\u00eb parakohshme parlamentare. P\u00ebr dat\u00ebn e sakt\u00eb, ushtruesja e detyr\u00ebs s\u00eb presidentes, Albulena Haxhiu, t\u00eb enjten, do t\u00eb takoj\u00eb p\u00ebrfaq\u00ebsuesit e partive politike<\/p>\n<p>T\u00eb enjten, ushtruesja e detyr\u00ebs s\u00eb presidentes Albulena Haxhiu do t\u00eb nis\u00eb takimet konsultative me p\u00ebrfaq\u00ebsuesit e partive politike p\u00ebr caktimin e dat\u00ebs s\u00eb zgjedhjeve t\u00eb parakohshme.<\/p>\n<p>Bazuar n\u00eb njoftimin e Zyr\u00ebs s\u00eb Presidentes, takimi do t\u00eb nis\u00eb n\u00eb or\u00ebn 15:00.<\/p>\n<p>E Haxhiu gjat\u00eb dit\u00ebs s\u00eb m\u00ebrkur\u00eb, \u00ebsht\u00eb takuar me kryesuesin e Komisionit Qendror t\u00eb Zgjedhjeve, Kreshnik Radoniqi, i cili pas takimit tha se ka k\u00ebrkuar q\u00eb data e zgjedhjeve t\u00eb reja parlamentare t\u00eb jet\u00eb 7 qershori.<\/p>\n<p>&#8220;Sa i p\u00ebrket dat\u00ebs, kemi k\u00ebrkuar q\u00eb sa m\u00eb shum\u00eb koh\u00eb me pas\u00eb, p\u00ebr shkak se na nevojitet p\u00ebrgatitje, nuk \u00ebsht\u00eb proces i leht\u00eb, por i mbetet presidentes me vendos\u00eb&#8230;&#8230; dy data 31 maj ose 7 qershor, k\u00ebshtu q\u00eb p\u00ebr mendimin ton\u00eb \u00ebsht\u00eb 7 qershori, por prap\u00eb them le t\u2019i mbetet presidentes me vendos\u00eb\u201d, ka th\u00ebn\u00eb Radoniqi.<\/p>\n<p>T\u00eb mart\u00ebn, n\u00eb mesnat\u00eb u shp\u00ebrnda legjislatura e dhjet\u00eb e Kuvendit, pasi d\u00ebshtoi ta zgjedh\u00eb presidentin brenda afatit kushtetues. P\u00ebr pasoj\u00eb, zgjedhjet e reja duhet t\u00eb mbahen brenda 45 dit\u00ebsh.<\/p>\n<p>7 qershori \u00ebsht\u00eb afati i fundit p\u00ebr organizimin e zgjedhjeve, nd\u00ebrsa ushtruesja e detyr\u00ebs s\u00eb presidentes ka koh\u00eb 10 dit\u00eb p\u00ebr t\u00eb caktuar dat\u00ebn, pas konsultimit me partit\u00eb politike dhe KQZ-n\u00eb.<\/p>\n<p>&#8220;Zgjedhjet e parakohshme duhet t\u00eb mbahen brenda 45 dit\u00ebve, por jo m\u00eb her\u00ebt se 30 dit\u00eb, nga shp\u00ebrndarja e Kuvendit. Megjithat\u00eb, afati 10-ditor i u.d. presidentes p\u00ebr shpalljen e zgjedhjeve nuk e shtyn afatin e fundit p\u00ebr mbajtjen e tyre \u2013 q\u00eb mund t\u00eb jet\u00eb vet\u00ebm 31 maji ose 7 qershori. Deri n\u00eb mbajtjen e zgjedhjeve dhe krijimin e institucioneve t\u00eb reja \u2013 q\u00eb do t\u00eb marr\u00eb koh\u00eb t\u00eb pakt\u00ebn tre-kat\u00ebr muaj \u2013 shteti do t\u00eb jet\u00eb n\u00eb pauz\u00eb\u201d, ka theksuar Eugen Cakolli, menaxher i Programit n\u00eb Institutin Demokratik t\u00eb Kosov\u00ebs.<\/p>\n<p>Zgjedhjet e radh\u00ebs do t\u00eb jen\u00eb t\u00eb tretat parlamentare dhe t\u00eb pestat n\u00eb p\u00ebrgjith\u00ebsi n\u00eb 16 muajt e fundit.<\/p>\n","protected":false},"excerpt":{"rendered":"<p>Prishtin\u00eb, 30 prill 2026 07:09 Komisioni Qendror i Zgjedhjeve ka propozuar 7 qershorin si dat\u00ebn m\u00eb t\u00eb p\u00ebrshtatshme p\u00ebr mbajtjen e zgjedhjeve t\u00eb parakohshme parlamentare.<\/p>\n","protected":false},"author":7,"featured_media":45662,"comment_status":"open","ping_status":"open","sticky":false,"template":"","format":"standard","meta":{"footnotes":""},"categories":[60],"tags":[],"class_list":["post-45661","post","type-post","status-publish","format-standard","has-post-thumbnail","hentry","category-shoqerore-sq"],"yoast_head":"<!-- This site is optimized with the Yoast SEO plugin v25.3.1 - https:\/\/yoast.com\/wordpress\/plugins\/seo\/ -->\n<title>KQZ-ja k\u00ebrkon 7 qershorin si dat\u00eb t\u00eb zgjedhjeve, Haxhiu pret sot n\u00eb takim p\u00ebrfaq\u00ebsuesit e partive -<\/title>\n<meta name=\"robots\" content=\"index, follow, max-snippet:-1, max-image-preview:large, max-video-preview:-1\" \/>\n<link rel=\"canonical\" href=\"https:\/\/veritasinfo.org\/?p=45661\" \/>\n<meta property=\"og:locale\" content=\"en_US\" \/>\n<meta property=\"og:type\" content=\"article\" \/>\n<meta property=\"og:title\" content=\"KQZ-ja k\u00ebrkon 7 qershorin si dat\u00eb t\u00eb zgjedhjeve, Haxhiu pret sot n\u00eb takim p\u00ebrfaq\u00ebsuesit e partive -\" \/>\n<meta property=\"og:description\" content=\"Prishtin\u00eb, 30 prill 2026 07:09 Komisioni Qendror i Zgjedhjeve ka propozuar 7 qershorin si dat\u00ebn m\u00eb t\u00eb p\u00ebrshtatshme p\u00ebr mbajtjen e zgjedhjeve t\u00eb parakohshme parlamentare.\" \/>\n<meta property=\"og:url\" content=\"https:\/\/veritasinfo.org\/?p=45661\" \/>\n<meta property=\"article:published_time\" content=\"2026-04-30T05:11:21+00:00\" \/>\n<meta property=\"og:image\" content=\"https:\/\/veritasinfo.org\/wp-content\/uploads\/2026\/04\/c309f2a1-177b-40b4-a922-a27e855c2582.webp\" \/>\n\t<meta property=\"og:image:width\" content=\"1360\" \/>\n\t<meta property=\"og:image:height\" content=\"870\" \/>\n\t<meta property=\"og:image:type\" content=\"image\/webp\" \/>\n<meta name=\"author\" content=\"US6\" \/>\n<meta name=\"twitter:card\" content=\"summary_large_image\" \/>\n<meta name=\"twitter:label1\" content=\"Written by\" \/>\n\t<meta name=\"twitter:data1\" content=\"US6\" \/>\n\t<meta name=\"twitter:label2\" content=\"Est. reading time\" \/>\n\t<meta name=\"twitter:data2\" content=\"2 minutes\" \/>\n<script type=\"application\/ld+json\" class=\"yoast-schema-graph\">{\"@context\":\"https:\/\/schema.org\",\"@graph\":[{\"@type\":\"WebPage\",\"@id\":\"https:\/\/veritasinfo.org\/?p=45661\",\"url\":\"https:\/\/veritasinfo.org\/?p=45661\",\"name\":\"KQZ-ja k\u00ebrkon 7 qershorin si dat\u00eb t\u00eb zgjedhjeve, Haxhiu pret sot n\u00eb takim p\u00ebrfaq\u00ebsuesit e partive -\",\"isPartOf\":{\"@id\":\"https:\/\/veritasinfo.org\/#website\"},\"primaryImageOfPage\":{\"@id\":\"https:\/\/veritasinfo.org\/?p=45661#primaryimage\"},\"image\":{\"@id\":\"https:\/\/veritasinfo.org\/?p=45661#primaryimage\"},\"thumbnailUrl\":\"https:\/\/veritasinfo.org\/wp-content\/uploads\/2026\/04\/c309f2a1-177b-40b4-a922-a27e855c2582.webp\",\"datePublished\":\"2026-04-30T05:11:21+00:00\",\"author\":{\"@id\":\"https:\/\/veritasinfo.org\/#\/schema\/person\/fe199eede04c3937362892b7444747cc\"},\"breadcrumb\":{\"@id\":\"https:\/\/veritasinfo.org\/?p=45661#breadcrumb\"},\"inLanguage\":\"en-US\",\"potentialAction\":[{\"@type\":\"ReadAction\",\"target\":[\"https:\/\/veritasinfo.org\/?p=45661\"]}]},{\"@type\":\"ImageObject\",\"inLanguage\":\"en-US\",\"@id\":\"https:\/\/veritasinfo.org\/?p=45661#primaryimage\",\"url\":\"https:\/\/veritasinfo.org\/wp-content\/uploads\/2026\/04\/c309f2a1-177b-40b4-a922-a27e855c2582.webp\",\"contentUrl\":\"https:\/\/veritasinfo.org\/wp-content\/uploads\/2026\/04\/c309f2a1-177b-40b4-a922-a27e855c2582.webp\",\"width\":1360,\"height\":870},{\"@type\":\"BreadcrumbList\",\"@id\":\"https:\/\/veritasinfo.org\/?p=45661#breadcrumb\",\"itemListElement\":[{\"@type\":\"ListItem\",\"position\":1,\"name\":\"Home\",\"item\":\"https:\/\/veritasinfo.org\/\"},{\"@type\":\"ListItem\",\"position\":2,\"name\":\"KQZ-ja k\u00ebrkon 7 qershorin si dat\u00eb t\u00eb zgjedhjeve, Haxhiu pret sot n\u00eb takim p\u00ebrfaq\u00ebsuesit e partive\"}]},{\"@type\":\"WebSite\",\"@id\":\"https:\/\/veritasinfo.org\/#website\",\"url\":\"https:\/\/veritasinfo.org\/\",\"name\":\"\",\"description\":\"\",\"potentialAction\":[{\"@type\":\"SearchAction\",\"target\":{\"@type\":\"EntryPoint\",\"urlTemplate\":\"https:\/\/veritasinfo.org\/?s={search_term_string}\"},\"query-input\":{\"@type\":\"PropertyValueSpecification\",\"valueRequired\":true,\"valueName\":\"search_term_string\"}}],\"inLanguage\":\"en-US\"},{\"@type\":\"Person\",\"@id\":\"https:\/\/veritasinfo.org\/#\/schema\/person\/fe199eede04c3937362892b7444747cc\",\"name\":\"US6\",\"image\":{\"@type\":\"ImageObject\",\"inLanguage\":\"en-US\",\"@id\":\"https:\/\/veritasinfo.org\/#\/schema\/person\/image\/\",\"url\":\"https:\/\/secure.gravatar.com\/avatar\/cb16c3c31c9d23b9b8c705964598220b3014e42ff51eb540ff23cefa3ae8c15f?s=96&d=mm&r=g\",\"contentUrl\":\"https:\/\/secure.gravatar.com\/avatar\/cb16c3c31c9d23b9b8c705964598220b3014e42ff51eb540ff23cefa3ae8c15f?s=96&d=mm&r=g\",\"caption\":\"US6\"},\"url\":\"https:\/\/veritasinfo.org\/?author=7\"}]}<\/script>\n<!-- \/ Yoast SEO plugin. -->","yoast_head_json":{"title":"KQZ-ja k\u00ebrkon 7 qershorin si dat\u00eb t\u00eb zgjedhjeve, Haxhiu pret sot n\u00eb takim p\u00ebrfaq\u00ebsuesit e partive -","robots":{"index":"index","follow":"follow","max-snippet":"max-snippet:-1","max-image-preview":"max-image-preview:large","max-video-preview":"max-video-preview:-1"},"canonical":"https:\/\/veritasinfo.org\/?p=45661","og_locale":"en_US","og_type":"article","og_title":"KQZ-ja k\u00ebrkon 7 qershorin si dat\u00eb t\u00eb zgjedhjeve, Haxhiu pret sot n\u00eb takim p\u00ebrfaq\u00ebsuesit e partive -","og_description":"Prishtin\u00eb, 30 prill 2026 07:09 Komisioni Qendror i Zgjedhjeve ka propozuar 7 qershorin si dat\u00ebn m\u00eb t\u00eb p\u00ebrshtatshme p\u00ebr mbajtjen e zgjedhjeve t\u00eb parakohshme parlamentare.","og_url":"https:\/\/veritasinfo.org\/?p=45661","article_published_time":"2026-04-30T05:11:21+00:00","og_image":[{"width":1360,"height":870,"url":"https:\/\/veritasinfo.org\/wp-content\/uploads\/2026\/04\/c309f2a1-177b-40b4-a922-a27e855c2582.webp","type":"image\/webp"}],"author":"US6","twitter_card":"summary_large_image","twitter_misc":{"Written by":"US6","Est. reading time":"2 minutes"},"schema":{"@context":"https:\/\/schema.org","@graph":[{"@type":"WebPage","@id":"https:\/\/veritasinfo.org\/?p=45661","url":"https:\/\/veritasinfo.org\/?p=45661","name":"KQZ-ja k\u00ebrkon 7 qershorin si dat\u00eb t\u00eb zgjedhjeve, Haxhiu pret sot n\u00eb takim p\u00ebrfaq\u00ebsuesit e partive -","isPartOf":{"@id":"https:\/\/veritasinfo.org\/#website"},"primaryImageOfPage":{"@id":"https:\/\/veritasinfo.org\/?p=45661#primaryimage"},"image":{"@id":"https:\/\/veritasinfo.org\/?p=45661#primaryimage"},"thumbnailUrl":"https:\/\/veritasinfo.org\/wp-content\/uploads\/2026\/04\/c309f2a1-177b-40b4-a922-a27e855c2582.webp","datePublished":"2026-04-30T05:11:21+00:00","author":{"@id":"https:\/\/veritasinfo.org\/#\/schema\/person\/fe199eede04c3937362892b7444747cc"},"breadcrumb":{"@id":"https:\/\/veritasinfo.org\/?p=45661#breadcrumb"},"inLanguage":"en-US","potentialAction":[{"@type":"ReadAction","target":["https:\/\/veritasinfo.org\/?p=45661"]}]},{"@type":"ImageObject","inLanguage":"en-US","@id":"https:\/\/veritasinfo.org\/?p=45661#primaryimage","url":"https:\/\/veritasinfo.org\/wp-content\/uploads\/2026\/04\/c309f2a1-177b-40b4-a922-a27e855c2582.webp","contentUrl":"https:\/\/veritasinfo.org\/wp-content\/uploads\/2026\/04\/c309f2a1-177b-40b4-a922-a27e855c2582.webp","width":1360,"height":870},{"@type":"BreadcrumbList","@id":"https:\/\/veritasinfo.org\/?p=45661#breadcrumb","itemListElement":[{"@type":"ListItem","position":1,"name":"Home","item":"https:\/\/veritasinfo.org\/"},{"@type":"ListItem","position":2,"name":"KQZ-ja k\u00ebrkon 7 qershorin si dat\u00eb t\u00eb zgjedhjeve, Haxhiu pret sot n\u00eb takim p\u00ebrfaq\u00ebsuesit e partive"}]},{"@type":"WebSite","@id":"https:\/\/veritasinfo.org\/#website","url":"https:\/\/veritasinfo.org\/","name":"","description":"","potentialAction":[{"@type":"SearchAction","target":{"@type":"EntryPoint","urlTemplate":"https:\/\/veritasinfo.org\/?s={search_term_string}"},"query-input":{"@type":"PropertyValueSpecification","valueRequired":true,"valueName":"search_term_string"}}],"inLanguage":"en-US"},{"@type":"Person","@id":"https:\/\/veritasinfo.org\/#\/schema\/person\/fe199eede04c3937362892b7444747cc","name":"US6","image":{"@type":"ImageObject","inLanguage":"en-US","@id":"https:\/\/veritasinfo.org\/#\/schema\/person\/image\/","url":"https:\/\/secure.gravatar.com\/avatar\/cb16c3c31c9d23b9b8c705964598220b3014e42ff51eb540ff23cefa3ae8c15f?s=96&d=mm&r=g","contentUrl":"https:\/\/secure.gravatar.com\/avatar\/cb16c3c31c9d23b9b8c705964598220b3014e42ff51eb540ff23cefa3ae8c15f?s=96&d=mm&r=g","caption":"US6"},"url":"https:\/\/veritasinfo.org\/?author=7"}]}},"featured_image_urls":{"full":["https:\/\/veritasinfo.org\/wp-content\/uploads\/2026\/04\/c309f2a1-177b-40b4-a922-a27e855c2582.webp",1360,870,false],"thumbnail":["https:\/\/veritasinfo.org\/wp-content\/uploads\/2026\/04\/c309f2a1-177b-40b4-a922-a27e855c2582-150x150.webp",150,150,true],"medium":["https:\/\/veritasinfo.org\/wp-content\/uploads\/2026\/04\/c309f2a1-177b-40b4-a922-a27e855c2582-300x192.webp",300,192,true],"medium_large":["https:\/\/veritasinfo.org\/wp-content\/uploads\/2026\/04\/c309f2a1-177b-40b4-a922-a27e855c2582-768x491.webp",640,409,true],"large":["https:\/\/veritasinfo.org\/wp-content\/uploads\/2026\/04\/c309f2a1-177b-40b4-a922-a27e855c2582-1024x655.webp",640,409,true],"1536x1536":["https:\/\/veritasinfo.org\/wp-content\/uploads\/2026\/04\/c309f2a1-177b-40b4-a922-a27e855c2582.webp",1360,870,false],"2048x2048":["https:\/\/veritasinfo.org\/wp-content\/uploads\/2026\/04\/c309f2a1-177b-40b4-a922-a27e855c2582.webp",1360,870,false],"kreeti-slider-full":["https:\/\/veritasinfo.org\/wp-content\/uploads\/2026\/04\/c309f2a1-177b-40b4-a922-a27e855c2582-1280x720.webp",1280,720,true],"kreeti-featured":["https:\/\/veritasinfo.org\/wp-content\/uploads\/2026\/04\/c309f2a1-177b-40b4-a922-a27e855c2582-1024x655.webp",1024,655,true],"kreeti-medium":["https:\/\/veritasinfo.org\/wp-content\/uploads\/2026\/04\/c309f2a1-177b-40b4-a922-a27e855c2582-720x530.webp",720,530,true],"kreeti-medium-square":["https:\/\/veritasinfo.org\/wp-content\/uploads\/2026\/04\/c309f2a1-177b-40b4-a922-a27e855c2582-350x350.webp",350,350,true]},"author_info":{"info":["US6"]},"category_info":"<a href=\"https:\/\/veritasinfo.org\/?cat=60\" rel=\"category\">Shoq\u00ebrore<\/a>","tag_info":"Shoq\u00ebrore","comment_count":"0","_links":{"self":[{"href":"https:\/\/veritasinfo.org\/index.php?rest_route=\/wp\/v2\/posts\/45661","targetHints":{"allow":["GET"]}}],"collection":[{"href":"https:\/\/veritasinfo.org\/index.php?rest_route=\/wp\/v2\/posts"}],"about":[{"href":"https:\/\/veritasinfo.org\/index.php?rest_route=\/wp\/v2\/types\/post"}],"author":[{"embeddable":true,"href":"https:\/\/veritasinfo.org\/index.php?rest_route=\/wp\/v2\/users\/7"}],"replies":[{"embeddable":true,"href":"https:\/\/veritasinfo.org\/index.php?rest_route=%2Fwp%2Fv2%2Fcomments&post=45661"}],"version-history":[{"count":1,"href":"https:\/\/veritasinfo.org\/index.php?rest_route=\/wp\/v2\/posts\/45661\/revisions"}],"predecessor-version":[{"id":45663,"href":"https:\/\/veritasinfo.org\/index.php?rest_route=\/wp\/v2\/posts\/45661\/revisions\/45663"}],"wp:featuredmedia":[{"embeddable":true,"href":"https:\/\/veritasinfo.org\/index.php?rest_route=\/wp\/v2\/media\/45662"}],"wp:attachment":[{"href":"https:\/\/veritasinfo.org\/index.php?rest_route=%2Fwp%2Fv2%2Fmedia&parent=45661"}],"wp:term":[{"taxonomy":"category","embeddable":true,"href":"https:\/\/veritasinfo.org\/index.php?rest_route=%2Fwp%2Fv2%2Fcategories&post=45661"},{"taxonomy":"post_tag","embeddable":true,"href":"https:\/\/veritasinfo.org\/index.php?rest_route=%2Fwp%2Fv2%2Ftags&post=45661"}],"curies":[{"name":"wp","href":"https:\/\/api.w.org\/{rel}","templated":true}]}}