{"id":45627,"date":"2026-04-29T18:01:30","date_gmt":"2026-04-29T16:01:30","guid":{"rendered":"https:\/\/veritasinfo.org\/?p=45627"},"modified":"2026-04-29T18:01:30","modified_gmt":"2026-04-29T16:01:30","slug":"hadziju-se-sutra-sastaje-sa-politickim-strankama-na-dan-izbora","status":"publish","type":"post","link":"https:\/\/veritasinfo.org\/?p=45627&lang=sr","title":{"rendered":"Had\u017eiju se sutra sastaje sa politi\u010dkim strankama na dan izbora"},"content":{"rendered":"<p>Pri\u0161tina, 29. april 2026. 17:59<\/p>\n<p>Vr\u0161ilac du\u017enosti predsednice Kosova, Aljbuljena Had\u017eiju, odr\u017eac\u0301e sutra konsultativni sastanak sa predstavnicima politi\u010dkih stranaka kako bi razgovarali o odre\u0111ivanju datuma prevremenih parlamentarnih izbora.<\/p>\n<p>Prema saop\u0161tenju koje je objavila Kancelarija za medije Predsedni\u0161tva, sastanak c\u0301e se odr\u017eati u 15:00 \u010dasova.<\/p>\n<p>\u201eU 15:00 \u010dasova, vr\u0161ilac du\u017enosti predsednice Republike Kosovo, Aljbuljena Had\u017eiju, odr\u017eac\u0301e konsultativni sastanak sa politi\u010dkim strankama o odre\u0111ivanju datuma prevremenih izbora. Mediji mogu da snimaju na po\u010detku sastanka\u201c, navodi se u zvani\u010dnom saop\u0161tenju.<\/p>\n<p>Ovo je potvrdio i portparol DSK, Besijan Mustafa, koji je rekao da c\u0301e ovu stranku predstavljati \u010dlanica Predsedni\u0161tva, Jehona Lju\u0161aku.<\/p>\n<p>Had\u017eiju se u sredu sastala sa predsednikom Centralne izborne komisije, Kre\u0161nikom Radonic\u0301em, kako bi razgovarali o optimalnom datumu za nove izbore.<\/p>\n<p>Optimalni datumi za odr\u017eavanje novih izbora su 31. maj i 7. jun.<\/p>\n<p>Ina\u010de, Skup\u0161tina je imala rok do ponoc\u0301i 28. aprila da izabere predsednika, jer je mandat predsednice Vjose Osmani zavr\u0161en po\u010detkom aprila.<\/p>\n<p>Premijer, istovremeno i lider Pokreta za nezavisnost, Aljbin Kurti, i opozicione stranke nisu postigle dogovor o izboru \u0161efa dr\u017eave.<\/p>\n","protected":false},"excerpt":{"rendered":"<p>Pri\u0161tina, 29. april 2026. 17:59 Vr\u0161ilac du\u017enosti predsednice Kosova, Aljbuljena Had\u017eiju, odr\u017eac\u0301e sutra konsultativni sastanak sa predstavnicima politi\u010dkih stranaka kako bi razgovarali o odre\u0111ivanju datuma<\/p>\n","protected":false},"author":7,"featured_media":44901,"comment_status":"open","ping_status":"open","sticky":false,"template":"","format":"standard","meta":{"footnotes":""},"categories":[28],"tags":[],"class_list":["post-45627","post","type-post","status-publish","format-standard","has-post-thumbnail","hentry","category-politika"],"yoast_head":"<!-- This site is optimized with the Yoast SEO plugin v25.3.1 - https:\/\/yoast.com\/wordpress\/plugins\/seo\/ -->\n<title>Had\u017eiju se sutra sastaje sa politi\u010dkim strankama na dan izbora -<\/title>\n<meta name=\"robots\" content=\"index, follow, max-snippet:-1, max-image-preview:large, max-video-preview:-1\" \/>\n<link rel=\"canonical\" href=\"https:\/\/veritasinfo.org\/?p=45627&lang=sr\" \/>\n<meta property=\"og:locale\" content=\"en_US\" \/>\n<meta property=\"og:type\" content=\"article\" \/>\n<meta property=\"og:title\" content=\"Had\u017eiju se sutra sastaje sa politi\u010dkim strankama na dan izbora -\" \/>\n<meta property=\"og:description\" content=\"Pri\u0161tina, 29. april 2026. 17:59 Vr\u0161ilac du\u017enosti predsednice Kosova, Aljbuljena Had\u017eiju, odr\u017eac\u0301e sutra konsultativni sastanak sa predstavnicima politi\u010dkih stranaka kako bi razgovarali o odre\u0111ivanju datuma\" \/>\n<meta property=\"og:url\" content=\"https:\/\/veritasinfo.org\/?p=45627&amp;lang=sr\" \/>\n<meta property=\"article:published_time\" content=\"2026-04-29T16:01:30+00:00\" \/>\n<meta property=\"og:image\" content=\"https:\/\/veritasinfo.org\/wp-content\/uploads\/2026\/04\/albulena-1.png\" \/>\n\t<meta property=\"og:image:width\" content=\"1327\" \/>\n\t<meta property=\"og:image:height\" content=\"698\" \/>\n\t<meta property=\"og:image:type\" content=\"image\/png\" \/>\n<meta name=\"author\" content=\"US6\" \/>\n<meta name=\"twitter:card\" content=\"summary_large_image\" \/>\n<meta name=\"twitter:label1\" content=\"Written by\" \/>\n\t<meta name=\"twitter:data1\" content=\"US6\" \/>\n\t<meta name=\"twitter:label2\" content=\"Est. reading time\" \/>\n\t<meta name=\"twitter:data2\" content=\"1 minute\" \/>\n<script type=\"application\/ld+json\" class=\"yoast-schema-graph\">{\"@context\":\"https:\/\/schema.org\",\"@graph\":[{\"@type\":\"WebPage\",\"@id\":\"https:\/\/veritasinfo.org\/?p=45627&lang=sr\",\"url\":\"https:\/\/veritasinfo.org\/?p=45627&lang=sr\",\"name\":\"Had\u017eiju se sutra sastaje sa politi\u010dkim strankama na dan izbora -\",\"isPartOf\":{\"@id\":\"https:\/\/veritasinfo.org\/#website\"},\"primaryImageOfPage\":{\"@id\":\"https:\/\/veritasinfo.org\/?p=45627&lang=sr#primaryimage\"},\"image\":{\"@id\":\"https:\/\/veritasinfo.org\/?p=45627&lang=sr#primaryimage\"},\"thumbnailUrl\":\"https:\/\/veritasinfo.org\/wp-content\/uploads\/2026\/04\/albulena-1.png\",\"datePublished\":\"2026-04-29T16:01:30+00:00\",\"author\":{\"@id\":\"https:\/\/veritasinfo.org\/#\/schema\/person\/fe199eede04c3937362892b7444747cc\"},\"breadcrumb\":{\"@id\":\"https:\/\/veritasinfo.org\/?p=45627&lang=sr#breadcrumb\"},\"inLanguage\":\"en-US\",\"potentialAction\":[{\"@type\":\"ReadAction\",\"target\":[\"https:\/\/veritasinfo.org\/?p=45627&lang=sr\"]}]},{\"@type\":\"ImageObject\",\"inLanguage\":\"en-US\",\"@id\":\"https:\/\/veritasinfo.org\/?p=45627&lang=sr#primaryimage\",\"url\":\"https:\/\/veritasinfo.org\/wp-content\/uploads\/2026\/04\/albulena-1.png\",\"contentUrl\":\"https:\/\/veritasinfo.org\/wp-content\/uploads\/2026\/04\/albulena-1.png\",\"width\":1327,\"height\":698},{\"@type\":\"BreadcrumbList\",\"@id\":\"https:\/\/veritasinfo.org\/?p=45627&lang=sr#breadcrumb\",\"itemListElement\":[{\"@type\":\"ListItem\",\"position\":1,\"name\":\"Home\",\"item\":\"https:\/\/veritasinfo.org\/\"},{\"@type\":\"ListItem\",\"position\":2,\"name\":\"Had\u017eiju se sutra sastaje sa politi\u010dkim strankama na dan izbora\"}]},{\"@type\":\"WebSite\",\"@id\":\"https:\/\/veritasinfo.org\/#website\",\"url\":\"https:\/\/veritasinfo.org\/\",\"name\":\"\",\"description\":\"\",\"potentialAction\":[{\"@type\":\"SearchAction\",\"target\":{\"@type\":\"EntryPoint\",\"urlTemplate\":\"https:\/\/veritasinfo.org\/?s={search_term_string}\"},\"query-input\":{\"@type\":\"PropertyValueSpecification\",\"valueRequired\":true,\"valueName\":\"search_term_string\"}}],\"inLanguage\":\"en-US\"},{\"@type\":\"Person\",\"@id\":\"https:\/\/veritasinfo.org\/#\/schema\/person\/fe199eede04c3937362892b7444747cc\",\"name\":\"US6\",\"image\":{\"@type\":\"ImageObject\",\"inLanguage\":\"en-US\",\"@id\":\"https:\/\/veritasinfo.org\/#\/schema\/person\/image\/\",\"url\":\"https:\/\/secure.gravatar.com\/avatar\/cb16c3c31c9d23b9b8c705964598220b3014e42ff51eb540ff23cefa3ae8c15f?s=96&d=mm&r=g\",\"contentUrl\":\"https:\/\/secure.gravatar.com\/avatar\/cb16c3c31c9d23b9b8c705964598220b3014e42ff51eb540ff23cefa3ae8c15f?s=96&d=mm&r=g\",\"caption\":\"US6\"},\"url\":\"https:\/\/veritasinfo.org\/?author=7\"}]}<\/script>\n<!-- \/ Yoast SEO plugin. -->","yoast_head_json":{"title":"Had\u017eiju se sutra sastaje sa politi\u010dkim strankama na dan izbora -","robots":{"index":"index","follow":"follow","max-snippet":"max-snippet:-1","max-image-preview":"max-image-preview:large","max-video-preview":"max-video-preview:-1"},"canonical":"https:\/\/veritasinfo.org\/?p=45627&lang=sr","og_locale":"en_US","og_type":"article","og_title":"Had\u017eiju se sutra sastaje sa politi\u010dkim strankama na dan izbora -","og_description":"Pri\u0161tina, 29. april 2026. 17:59 Vr\u0161ilac du\u017enosti predsednice Kosova, Aljbuljena Had\u017eiju, odr\u017eac\u0301e sutra konsultativni sastanak sa predstavnicima politi\u010dkih stranaka kako bi razgovarali o odre\u0111ivanju datuma","og_url":"https:\/\/veritasinfo.org\/?p=45627&lang=sr","article_published_time":"2026-04-29T16:01:30+00:00","og_image":[{"width":1327,"height":698,"url":"https:\/\/veritasinfo.org\/wp-content\/uploads\/2026\/04\/albulena-1.png","type":"image\/png"}],"author":"US6","twitter_card":"summary_large_image","twitter_misc":{"Written by":"US6","Est. reading time":"1 minute"},"schema":{"@context":"https:\/\/schema.org","@graph":[{"@type":"WebPage","@id":"https:\/\/veritasinfo.org\/?p=45627&lang=sr","url":"https:\/\/veritasinfo.org\/?p=45627&lang=sr","name":"Had\u017eiju se sutra sastaje sa politi\u010dkim strankama na dan izbora -","isPartOf":{"@id":"https:\/\/veritasinfo.org\/#website"},"primaryImageOfPage":{"@id":"https:\/\/veritasinfo.org\/?p=45627&lang=sr#primaryimage"},"image":{"@id":"https:\/\/veritasinfo.org\/?p=45627&lang=sr#primaryimage"},"thumbnailUrl":"https:\/\/veritasinfo.org\/wp-content\/uploads\/2026\/04\/albulena-1.png","datePublished":"2026-04-29T16:01:30+00:00","author":{"@id":"https:\/\/veritasinfo.org\/#\/schema\/person\/fe199eede04c3937362892b7444747cc"},"breadcrumb":{"@id":"https:\/\/veritasinfo.org\/?p=45627&lang=sr#breadcrumb"},"inLanguage":"en-US","potentialAction":[{"@type":"ReadAction","target":["https:\/\/veritasinfo.org\/?p=45627&lang=sr"]}]},{"@type":"ImageObject","inLanguage":"en-US","@id":"https:\/\/veritasinfo.org\/?p=45627&lang=sr#primaryimage","url":"https:\/\/veritasinfo.org\/wp-content\/uploads\/2026\/04\/albulena-1.png","contentUrl":"https:\/\/veritasinfo.org\/wp-content\/uploads\/2026\/04\/albulena-1.png","width":1327,"height":698},{"@type":"BreadcrumbList","@id":"https:\/\/veritasinfo.org\/?p=45627&lang=sr#breadcrumb","itemListElement":[{"@type":"ListItem","position":1,"name":"Home","item":"https:\/\/veritasinfo.org\/"},{"@type":"ListItem","position":2,"name":"Had\u017eiju se sutra sastaje sa politi\u010dkim strankama na dan izbora"}]},{"@type":"WebSite","@id":"https:\/\/veritasinfo.org\/#website","url":"https:\/\/veritasinfo.org\/","name":"","description":"","potentialAction":[{"@type":"SearchAction","target":{"@type":"EntryPoint","urlTemplate":"https:\/\/veritasinfo.org\/?s={search_term_string}"},"query-input":{"@type":"PropertyValueSpecification","valueRequired":true,"valueName":"search_term_string"}}],"inLanguage":"en-US"},{"@type":"Person","@id":"https:\/\/veritasinfo.org\/#\/schema\/person\/fe199eede04c3937362892b7444747cc","name":"US6","image":{"@type":"ImageObject","inLanguage":"en-US","@id":"https:\/\/veritasinfo.org\/#\/schema\/person\/image\/","url":"https:\/\/secure.gravatar.com\/avatar\/cb16c3c31c9d23b9b8c705964598220b3014e42ff51eb540ff23cefa3ae8c15f?s=96&d=mm&r=g","contentUrl":"https:\/\/secure.gravatar.com\/avatar\/cb16c3c31c9d23b9b8c705964598220b3014e42ff51eb540ff23cefa3ae8c15f?s=96&d=mm&r=g","caption":"US6"},"url":"https:\/\/veritasinfo.org\/?author=7"}]}},"featured_image_urls":{"full":["https:\/\/veritasinfo.org\/wp-content\/uploads\/2026\/04\/albulena-1.png",1327,698,false],"thumbnail":["https:\/\/veritasinfo.org\/wp-content\/uploads\/2026\/04\/albulena-1-150x150.png",150,150,true],"medium":["https:\/\/veritasinfo.org\/wp-content\/uploads\/2026\/04\/albulena-1-300x158.png",300,158,true],"medium_large":["https:\/\/veritasinfo.org\/wp-content\/uploads\/2026\/04\/albulena-1-768x404.png",640,337,true],"large":["https:\/\/veritasinfo.org\/wp-content\/uploads\/2026\/04\/albulena-1-1024x539.png",640,337,true],"1536x1536":["https:\/\/veritasinfo.org\/wp-content\/uploads\/2026\/04\/albulena-1.png",1327,698,false],"2048x2048":["https:\/\/veritasinfo.org\/wp-content\/uploads\/2026\/04\/albulena-1.png",1327,698,false],"kreeti-slider-full":["https:\/\/veritasinfo.org\/wp-content\/uploads\/2026\/04\/albulena-1-1280x698.png",1280,698,true],"kreeti-featured":["https:\/\/veritasinfo.org\/wp-content\/uploads\/2026\/04\/albulena-1-1024x539.png",1024,539,true],"kreeti-medium":["https:\/\/veritasinfo.org\/wp-content\/uploads\/2026\/04\/albulena-1-720x530.png",720,530,true],"kreeti-medium-square":["https:\/\/veritasinfo.org\/wp-content\/uploads\/2026\/04\/albulena-1-350x350.png",350,350,true]},"author_info":{"info":["US6"]},"category_info":"<a href=\"https:\/\/veritasinfo.org\/?cat=28&#038;lang=sr\" rel=\"category\">Politika<\/a>","tag_info":"Politika","comment_count":"0","_links":{"self":[{"href":"https:\/\/veritasinfo.org\/index.php?rest_route=\/wp\/v2\/posts\/45627","targetHints":{"allow":["GET"]}}],"collection":[{"href":"https:\/\/veritasinfo.org\/index.php?rest_route=\/wp\/v2\/posts"}],"about":[{"href":"https:\/\/veritasinfo.org\/index.php?rest_route=\/wp\/v2\/types\/post"}],"author":[{"embeddable":true,"href":"https:\/\/veritasinfo.org\/index.php?rest_route=\/wp\/v2\/users\/7"}],"replies":[{"embeddable":true,"href":"https:\/\/veritasinfo.org\/index.php?rest_route=%2Fwp%2Fv2%2Fcomments&post=45627"}],"version-history":[{"count":1,"href":"https:\/\/veritasinfo.org\/index.php?rest_route=\/wp\/v2\/posts\/45627\/revisions"}],"predecessor-version":[{"id":45628,"href":"https:\/\/veritasinfo.org\/index.php?rest_route=\/wp\/v2\/posts\/45627\/revisions\/45628"}],"wp:featuredmedia":[{"embeddable":true,"href":"https:\/\/veritasinfo.org\/index.php?rest_route=\/wp\/v2\/media\/44901"}],"wp:attachment":[{"href":"https:\/\/veritasinfo.org\/index.php?rest_route=%2Fwp%2Fv2%2Fmedia&parent=45627"}],"wp:term":[{"taxonomy":"category","embeddable":true,"href":"https:\/\/veritasinfo.org\/index.php?rest_route=%2Fwp%2Fv2%2Fcategories&post=45627"},{"taxonomy":"post_tag","embeddable":true,"href":"https:\/\/veritasinfo.org\/index.php?rest_route=%2Fwp%2Fv2%2Ftags&post=45627"}],"curies":[{"name":"wp","href":"https:\/\/api.w.org\/{rel}","templated":true}]}}