{"id":45625,"date":"2026-04-29T18:00:03","date_gmt":"2026-04-29T16:00:03","guid":{"rendered":"https:\/\/veritasinfo.org\/?p=45625"},"modified":"2026-04-29T18:00:03","modified_gmt":"2026-04-29T16:00:03","slug":"haxhiu-takon-neser-partite-politike-per-daten-e-zgjedhjeve","status":"publish","type":"post","link":"https:\/\/veritasinfo.org\/?p=45625","title":{"rendered":"Haxhiu takon nes\u00ebr partit\u00eb politike p\u00ebr dat\u00ebn e zgjedhjeve"},"content":{"rendered":"<p>Prishtin\u00eb, 29 prill 2026 17:59<\/p>\n<p>Ushtruesja e detyr\u00ebs s\u00eb presidentes s\u00eb Kosov\u00ebs, Albulena Haxhiu, do t\u00eb zhvilloj\u00eb nes\u00ebr nj\u00eb takim konsultativ me p\u00ebrfaq\u00ebsues t\u00eb partive politike p\u00ebr t\u00eb diskutuar caktimin e dat\u00ebs s\u00eb zgjedhjeve t\u00eb parakohshme parlamentare.<\/p>\n<p>Sipas njoftimit t\u00eb publikuar nga Zyra p\u00ebr Media e Presidenc\u00ebs, takimi do t\u00eb mbahet n\u00eb or\u00ebn 15:00.<\/p>\n<div class=\"jeg_ad jeg_ad_article jnews_content_inline_ads  \">\n<div class=\"ads-wrapper align-center \">\u201cN\u00eb or\u00ebn 15:00, Ushtruesja e Detyr\u00ebs s\u00eb Presidentes s\u00eb Republik\u00ebs s\u00eb Kosov\u00ebs, Albulena Haxhiu pret n\u00eb takim konsultativ partit\u00eb politike p\u00ebr caktimin e dat\u00ebs s\u00eb zgjedhjeve t\u00eb parakohshme. Mediat mund t\u00eb marrin pamje n\u00eb fillim t\u00eb takimit\u201d, thuhet n\u00eb njoftimin zyrtar.<\/div>\n<\/div>\n<p>K\u00ebt\u00eb e ka konfirmuar edhe z\u00ebdh\u00ebn\u00ebsi i LDK-s\u00eb, Besian Mustafa, i cili tha se k\u00ebt\u00eb parti do ta p\u00ebrfaq\u00ebsoj\u00eb an\u00ebtarja e kryesis\u00eb, Jehona Lushaku.<\/p>\n<p>Haxhiu, \u00ebsht\u00eb takuar t\u00eb m\u00ebrkur\u00ebn me kryetarin e KQZ-s\u00eb, Kreshnik Radoniqin p\u00ebr t\u00eb diskutuar p\u00ebr dat\u00ebn optimale p\u00ebr zgjedhjet e reja.<\/p>\n<p>Datat optimale p\u00ebr mbajtjen e zgjedhjeve t\u00eb reja jan\u00eb 31 maji dhe 7 qershori.<\/p>\n<p>Ndryshe, Kuvendi kishte afat deri n\u00eb mesnat\u00ebn e 28 prillit p\u00ebr ta zgjedhur presidentin, pasi mandati i presidentes Vjosa Osmani p\u00ebrfundoi n\u00eb fillim t\u00eb prillit.<\/p>\n<p>Kryeministri, nj\u00ebher\u00ebsh lideri i LVV-s\u00eb Albin Kurti dhe partit\u00eb opozitare nuk arrit\u00ebn nj\u00eb marr\u00ebveshje p\u00ebr ta zgjedhur shefin e shtetit.<\/p>\n","protected":false},"excerpt":{"rendered":"<p>Prishtin\u00eb, 29 prill 2026 17:59 Ushtruesja e detyr\u00ebs s\u00eb presidentes s\u00eb Kosov\u00ebs, Albulena Haxhiu, do t\u00eb zhvilloj\u00eb nes\u00ebr nj\u00eb takim konsultativ me p\u00ebrfaq\u00ebsues t\u00eb partive<\/p>\n","protected":false},"author":7,"featured_media":44897,"comment_status":"open","ping_status":"open","sticky":false,"template":"","format":"standard","meta":{"footnotes":""},"categories":[58],"tags":[],"class_list":["post-45625","post","type-post","status-publish","format-standard","has-post-thumbnail","hentry","category-politike-sq"],"yoast_head":"<!-- This site is optimized with the Yoast SEO plugin v25.3.1 - https:\/\/yoast.com\/wordpress\/plugins\/seo\/ -->\n<title>Haxhiu takon nes\u00ebr partit\u00eb politike p\u00ebr dat\u00ebn e zgjedhjeve -<\/title>\n<meta name=\"robots\" content=\"index, follow, max-snippet:-1, max-image-preview:large, max-video-preview:-1\" \/>\n<link rel=\"canonical\" href=\"https:\/\/veritasinfo.org\/?p=45625\" \/>\n<meta property=\"og:locale\" content=\"en_US\" \/>\n<meta property=\"og:type\" content=\"article\" \/>\n<meta property=\"og:title\" content=\"Haxhiu takon nes\u00ebr partit\u00eb politike p\u00ebr dat\u00ebn e zgjedhjeve -\" \/>\n<meta property=\"og:description\" content=\"Prishtin\u00eb, 29 prill 2026 17:59 Ushtruesja e detyr\u00ebs s\u00eb presidentes s\u00eb Kosov\u00ebs, Albulena Haxhiu, do t\u00eb zhvilloj\u00eb nes\u00ebr nj\u00eb takim konsultativ me p\u00ebrfaq\u00ebsues t\u00eb partive\" \/>\n<meta property=\"og:url\" content=\"https:\/\/veritasinfo.org\/?p=45625\" \/>\n<meta property=\"article:published_time\" content=\"2026-04-29T16:00:03+00:00\" \/>\n<meta property=\"og:image\" content=\"https:\/\/veritasinfo.org\/wp-content\/uploads\/2026\/04\/albulena.png\" \/>\n\t<meta property=\"og:image:width\" content=\"1327\" \/>\n\t<meta property=\"og:image:height\" content=\"698\" \/>\n\t<meta property=\"og:image:type\" content=\"image\/png\" \/>\n<meta name=\"author\" content=\"US6\" \/>\n<meta name=\"twitter:card\" content=\"summary_large_image\" \/>\n<meta name=\"twitter:label1\" content=\"Written by\" \/>\n\t<meta name=\"twitter:data1\" content=\"US6\" \/>\n\t<meta name=\"twitter:label2\" content=\"Est. reading time\" \/>\n\t<meta name=\"twitter:data2\" content=\"2 minutes\" \/>\n<script type=\"application\/ld+json\" class=\"yoast-schema-graph\">{\"@context\":\"https:\/\/schema.org\",\"@graph\":[{\"@type\":\"WebPage\",\"@id\":\"https:\/\/veritasinfo.org\/?p=45625\",\"url\":\"https:\/\/veritasinfo.org\/?p=45625\",\"name\":\"Haxhiu takon nes\u00ebr partit\u00eb politike p\u00ebr dat\u00ebn e zgjedhjeve -\",\"isPartOf\":{\"@id\":\"https:\/\/veritasinfo.org\/#website\"},\"primaryImageOfPage\":{\"@id\":\"https:\/\/veritasinfo.org\/?p=45625#primaryimage\"},\"image\":{\"@id\":\"https:\/\/veritasinfo.org\/?p=45625#primaryimage\"},\"thumbnailUrl\":\"https:\/\/veritasinfo.org\/wp-content\/uploads\/2026\/04\/albulena.png\",\"datePublished\":\"2026-04-29T16:00:03+00:00\",\"author\":{\"@id\":\"https:\/\/veritasinfo.org\/#\/schema\/person\/fe199eede04c3937362892b7444747cc\"},\"breadcrumb\":{\"@id\":\"https:\/\/veritasinfo.org\/?p=45625#breadcrumb\"},\"inLanguage\":\"en-US\",\"potentialAction\":[{\"@type\":\"ReadAction\",\"target\":[\"https:\/\/veritasinfo.org\/?p=45625\"]}]},{\"@type\":\"ImageObject\",\"inLanguage\":\"en-US\",\"@id\":\"https:\/\/veritasinfo.org\/?p=45625#primaryimage\",\"url\":\"https:\/\/veritasinfo.org\/wp-content\/uploads\/2026\/04\/albulena.png\",\"contentUrl\":\"https:\/\/veritasinfo.org\/wp-content\/uploads\/2026\/04\/albulena.png\",\"width\":1327,\"height\":698},{\"@type\":\"BreadcrumbList\",\"@id\":\"https:\/\/veritasinfo.org\/?p=45625#breadcrumb\",\"itemListElement\":[{\"@type\":\"ListItem\",\"position\":1,\"name\":\"Home\",\"item\":\"https:\/\/veritasinfo.org\/\"},{\"@type\":\"ListItem\",\"position\":2,\"name\":\"Haxhiu takon nes\u00ebr partit\u00eb politike p\u00ebr dat\u00ebn e zgjedhjeve\"}]},{\"@type\":\"WebSite\",\"@id\":\"https:\/\/veritasinfo.org\/#website\",\"url\":\"https:\/\/veritasinfo.org\/\",\"name\":\"\",\"description\":\"\",\"potentialAction\":[{\"@type\":\"SearchAction\",\"target\":{\"@type\":\"EntryPoint\",\"urlTemplate\":\"https:\/\/veritasinfo.org\/?s={search_term_string}\"},\"query-input\":{\"@type\":\"PropertyValueSpecification\",\"valueRequired\":true,\"valueName\":\"search_term_string\"}}],\"inLanguage\":\"en-US\"},{\"@type\":\"Person\",\"@id\":\"https:\/\/veritasinfo.org\/#\/schema\/person\/fe199eede04c3937362892b7444747cc\",\"name\":\"US6\",\"image\":{\"@type\":\"ImageObject\",\"inLanguage\":\"en-US\",\"@id\":\"https:\/\/veritasinfo.org\/#\/schema\/person\/image\/\",\"url\":\"https:\/\/secure.gravatar.com\/avatar\/cb16c3c31c9d23b9b8c705964598220b3014e42ff51eb540ff23cefa3ae8c15f?s=96&d=mm&r=g\",\"contentUrl\":\"https:\/\/secure.gravatar.com\/avatar\/cb16c3c31c9d23b9b8c705964598220b3014e42ff51eb540ff23cefa3ae8c15f?s=96&d=mm&r=g\",\"caption\":\"US6\"},\"url\":\"https:\/\/veritasinfo.org\/?author=7\"}]}<\/script>\n<!-- \/ Yoast SEO plugin. -->","yoast_head_json":{"title":"Haxhiu takon nes\u00ebr partit\u00eb politike p\u00ebr dat\u00ebn e zgjedhjeve -","robots":{"index":"index","follow":"follow","max-snippet":"max-snippet:-1","max-image-preview":"max-image-preview:large","max-video-preview":"max-video-preview:-1"},"canonical":"https:\/\/veritasinfo.org\/?p=45625","og_locale":"en_US","og_type":"article","og_title":"Haxhiu takon nes\u00ebr partit\u00eb politike p\u00ebr dat\u00ebn e zgjedhjeve -","og_description":"Prishtin\u00eb, 29 prill 2026 17:59 Ushtruesja e detyr\u00ebs s\u00eb presidentes s\u00eb Kosov\u00ebs, Albulena Haxhiu, do t\u00eb zhvilloj\u00eb nes\u00ebr nj\u00eb takim konsultativ me p\u00ebrfaq\u00ebsues t\u00eb partive","og_url":"https:\/\/veritasinfo.org\/?p=45625","article_published_time":"2026-04-29T16:00:03+00:00","og_image":[{"width":1327,"height":698,"url":"https:\/\/veritasinfo.org\/wp-content\/uploads\/2026\/04\/albulena.png","type":"image\/png"}],"author":"US6","twitter_card":"summary_large_image","twitter_misc":{"Written by":"US6","Est. reading time":"2 minutes"},"schema":{"@context":"https:\/\/schema.org","@graph":[{"@type":"WebPage","@id":"https:\/\/veritasinfo.org\/?p=45625","url":"https:\/\/veritasinfo.org\/?p=45625","name":"Haxhiu takon nes\u00ebr partit\u00eb politike p\u00ebr dat\u00ebn e zgjedhjeve -","isPartOf":{"@id":"https:\/\/veritasinfo.org\/#website"},"primaryImageOfPage":{"@id":"https:\/\/veritasinfo.org\/?p=45625#primaryimage"},"image":{"@id":"https:\/\/veritasinfo.org\/?p=45625#primaryimage"},"thumbnailUrl":"https:\/\/veritasinfo.org\/wp-content\/uploads\/2026\/04\/albulena.png","datePublished":"2026-04-29T16:00:03+00:00","author":{"@id":"https:\/\/veritasinfo.org\/#\/schema\/person\/fe199eede04c3937362892b7444747cc"},"breadcrumb":{"@id":"https:\/\/veritasinfo.org\/?p=45625#breadcrumb"},"inLanguage":"en-US","potentialAction":[{"@type":"ReadAction","target":["https:\/\/veritasinfo.org\/?p=45625"]}]},{"@type":"ImageObject","inLanguage":"en-US","@id":"https:\/\/veritasinfo.org\/?p=45625#primaryimage","url":"https:\/\/veritasinfo.org\/wp-content\/uploads\/2026\/04\/albulena.png","contentUrl":"https:\/\/veritasinfo.org\/wp-content\/uploads\/2026\/04\/albulena.png","width":1327,"height":698},{"@type":"BreadcrumbList","@id":"https:\/\/veritasinfo.org\/?p=45625#breadcrumb","itemListElement":[{"@type":"ListItem","position":1,"name":"Home","item":"https:\/\/veritasinfo.org\/"},{"@type":"ListItem","position":2,"name":"Haxhiu takon nes\u00ebr partit\u00eb politike p\u00ebr dat\u00ebn e zgjedhjeve"}]},{"@type":"WebSite","@id":"https:\/\/veritasinfo.org\/#website","url":"https:\/\/veritasinfo.org\/","name":"","description":"","potentialAction":[{"@type":"SearchAction","target":{"@type":"EntryPoint","urlTemplate":"https:\/\/veritasinfo.org\/?s={search_term_string}"},"query-input":{"@type":"PropertyValueSpecification","valueRequired":true,"valueName":"search_term_string"}}],"inLanguage":"en-US"},{"@type":"Person","@id":"https:\/\/veritasinfo.org\/#\/schema\/person\/fe199eede04c3937362892b7444747cc","name":"US6","image":{"@type":"ImageObject","inLanguage":"en-US","@id":"https:\/\/veritasinfo.org\/#\/schema\/person\/image\/","url":"https:\/\/secure.gravatar.com\/avatar\/cb16c3c31c9d23b9b8c705964598220b3014e42ff51eb540ff23cefa3ae8c15f?s=96&d=mm&r=g","contentUrl":"https:\/\/secure.gravatar.com\/avatar\/cb16c3c31c9d23b9b8c705964598220b3014e42ff51eb540ff23cefa3ae8c15f?s=96&d=mm&r=g","caption":"US6"},"url":"https:\/\/veritasinfo.org\/?author=7"}]}},"featured_image_urls":{"full":["https:\/\/veritasinfo.org\/wp-content\/uploads\/2026\/04\/albulena.png",1327,698,false],"thumbnail":["https:\/\/veritasinfo.org\/wp-content\/uploads\/2026\/04\/albulena-150x150.png",150,150,true],"medium":["https:\/\/veritasinfo.org\/wp-content\/uploads\/2026\/04\/albulena-300x158.png",300,158,true],"medium_large":["https:\/\/veritasinfo.org\/wp-content\/uploads\/2026\/04\/albulena-768x404.png",640,337,true],"large":["https:\/\/veritasinfo.org\/wp-content\/uploads\/2026\/04\/albulena-1024x539.png",640,337,true],"1536x1536":["https:\/\/veritasinfo.org\/wp-content\/uploads\/2026\/04\/albulena.png",1327,698,false],"2048x2048":["https:\/\/veritasinfo.org\/wp-content\/uploads\/2026\/04\/albulena.png",1327,698,false],"kreeti-slider-full":["https:\/\/veritasinfo.org\/wp-content\/uploads\/2026\/04\/albulena-1280x698.png",1280,698,true],"kreeti-featured":["https:\/\/veritasinfo.org\/wp-content\/uploads\/2026\/04\/albulena-1024x539.png",1024,539,true],"kreeti-medium":["https:\/\/veritasinfo.org\/wp-content\/uploads\/2026\/04\/albulena-720x530.png",720,530,true],"kreeti-medium-square":["https:\/\/veritasinfo.org\/wp-content\/uploads\/2026\/04\/albulena-350x350.png",350,350,true]},"author_info":{"info":["US6"]},"category_info":"<a href=\"https:\/\/veritasinfo.org\/?cat=58\" rel=\"category\">Politik\u00eb<\/a>","tag_info":"Politik\u00eb","comment_count":"0","_links":{"self":[{"href":"https:\/\/veritasinfo.org\/index.php?rest_route=\/wp\/v2\/posts\/45625","targetHints":{"allow":["GET"]}}],"collection":[{"href":"https:\/\/veritasinfo.org\/index.php?rest_route=\/wp\/v2\/posts"}],"about":[{"href":"https:\/\/veritasinfo.org\/index.php?rest_route=\/wp\/v2\/types\/post"}],"author":[{"embeddable":true,"href":"https:\/\/veritasinfo.org\/index.php?rest_route=\/wp\/v2\/users\/7"}],"replies":[{"embeddable":true,"href":"https:\/\/veritasinfo.org\/index.php?rest_route=%2Fwp%2Fv2%2Fcomments&post=45625"}],"version-history":[{"count":1,"href":"https:\/\/veritasinfo.org\/index.php?rest_route=\/wp\/v2\/posts\/45625\/revisions"}],"predecessor-version":[{"id":45626,"href":"https:\/\/veritasinfo.org\/index.php?rest_route=\/wp\/v2\/posts\/45625\/revisions\/45626"}],"wp:featuredmedia":[{"embeddable":true,"href":"https:\/\/veritasinfo.org\/index.php?rest_route=\/wp\/v2\/media\/44897"}],"wp:attachment":[{"href":"https:\/\/veritasinfo.org\/index.php?rest_route=%2Fwp%2Fv2%2Fmedia&parent=45625"}],"wp:term":[{"taxonomy":"category","embeddable":true,"href":"https:\/\/veritasinfo.org\/index.php?rest_route=%2Fwp%2Fv2%2Fcategories&post=45625"},{"taxonomy":"post_tag","embeddable":true,"href":"https:\/\/veritasinfo.org\/index.php?rest_route=%2Fwp%2Fv2%2Ftags&post=45625"}],"curies":[{"name":"wp","href":"https:\/\/api.w.org\/{rel}","templated":true}]}}