{"id":45607,"date":"2026-04-29T12:23:41","date_gmt":"2026-04-29T10:23:41","guid":{"rendered":"https:\/\/veritasinfo.org\/?p=45607"},"modified":"2026-04-29T12:23:41","modified_gmt":"2026-04-29T10:23:41","slug":"ivan-niniq-beogradi-sakrifikoi-serbet-e-kosoves-per-interesa-politike-ndersa-radoiciq-ende-eshte-i-lire","status":"publish","type":"post","link":"https:\/\/veritasinfo.org\/?p=45607","title":{"rendered":"Ivan Niniq: Beogradi sakrifikoi serbet e Kosov\u00ebs p\u00ebr interesa politike, nd\u00ebrsa Radoi\u00e7iq ende \u00ebsht\u00eb i lir\u00eb"},"content":{"rendered":"<p>Prishtin\u00eb, 29 prill 2026 12:20<\/p>\n<p>Kjo nuk \u00ebsht\u00eb vet\u00ebm nj\u00eb humbje juridike, por nj\u00eb bankrot i r\u00ebnd\u00eb civilizues dhe moral i politik\u00ebs s\u00eb tradhtis\u00eb s\u00eb Vu\u00e7i\u00e7it, e cila nga veriu i Kosov\u00ebs ka b\u00ebr\u00eb nj\u00eb poligon p\u00ebr loj\u00ebrat e saj t\u00eb rrezikshme dhe t\u00eb pista p\u00ebr pasurim, nd\u00ebrsa nga populli ka b\u00ebr\u00eb pengje \u2013 k\u00ebshtu deklaroi avokati Ivan Niniq, duke komentuar vendimin e shkall\u00ebs s\u00eb par\u00eb ndaj tre serb\u00ebve p\u00ebr pjes\u00ebmarrje n\u00eb ngjarjet n\u00eb Banjsk\u00eb.<\/p>\n<p>Tre prej 45 serb\u00ebve ndaj t\u00eb cil\u00ebve Prokuroria Speciale e Kosov\u00ebs ka ngritur aktakuz\u00eb p\u00ebr pjes\u00ebmarrje n\u00eb ngjarjet n\u00eb Banjsk\u00eb, t\u00eb premten mor\u00ebn vendimin e shkall\u00ebs s\u00eb par\u00eb.<\/p>\n<p>Blagoje Spasojeviq dhe Vladimir Toliq u d\u00ebnuan me burgim t\u00eb p\u00ebrjetsh\u00ebm, nd\u00ebrsa Dushan Maksimoviq me nj\u00eb d\u00ebnim m\u00eb t\u00eb leht\u00eb \u2013 30 vjet.<\/p>\n<p>N\u00eb Prishtin\u00eb, ky vendim u mir\u00ebprit gjer\u00ebsisht me mesazhin se drejt\u00ebsia kosovare foli n\u00eb em\u00ebr t\u00eb \u201crendit kushtetues t\u00eb Kosov\u00ebs\u201d, se vendimi d\u00ebshmon q\u00eb \u201casnj\u00eb sulm ndaj shtetit t\u00eb Kosov\u00ebs nuk do t\u00eb mbetet pa u nd\u00ebshkuar\u201d, si dhe se \u201cdrejt\u00ebsia p\u00ebr Banjsk\u00ebn do t\u00eb jet\u00eb e plot\u00eb kur para saj t\u00eb dalin t\u00eb gjith\u00eb pjes\u00ebmarr\u00ebsit \u2013 n\u00eb krye me Milan Radoi\u00e7i\u00e7in\u201d.<\/p>\n<p>Nga ana tjet\u00ebr, pala serbe, p\u00ebrfshir\u00eb edhe avokat\u00ebt e t\u00eb d\u00ebnuarve, e kund\u00ebrshton vendimin, duke th\u00ebn\u00eb se ai \u00ebsht\u00eb marr\u00eb n\u00ebn presion t\u00eb fort\u00eb politik, pa prova t\u00eb qarta dhe pa p\u00ebrcaktuar p\u00ebrgjegj\u00ebsi individuale.<\/p>\n<p>Nga Beogradi, edhe kat\u00ebr dit\u00eb pas vendimit t\u00eb Gjykat\u00ebs Themelore, kan\u00eb reaguar vet\u00ebm e ashtuquajtura Zyra p\u00ebr Kosov\u00ebn dhe Metohin\u00eb, si dhe kryetari i SNS-s\u00eb, Millosh Vu\u00e7eviq.<\/p>\n<p>Niniq thekson se Beogradi nuk ka b\u00ebr\u00eb asgj\u00eb, gj\u00eb q\u00eb sipas tij d\u00ebshmon se k\u00ebta njer\u00ebz jan\u00eb sakrifikuar me vet\u00ebdije:<\/p>\n<p>\u201cKy vendim n\u00eb Prishtin\u00eb \u00ebsht\u00eb vet\u00ebm akti p\u00ebrfundimtar i nj\u00eb farse tragjike ku fatur\u00ebn e paguan \u2018k\u00ebmb\u00ebsoria\u2019, nd\u00ebrsa arkitekt\u00ebt e kaosit ulen n\u00eb rreshtat e par\u00eb n\u00eb pritjet shtet\u00ebrore n\u00eb Beograd.\u201d<\/p>\n<p>Nd\u00ebrsa tre serb\u00eb marrin d\u00ebnime praktikisht t\u00eb p\u00ebrjetshme, thot\u00eb ai, Radoi\u00e7i\u00e7i l\u00ebviz lirsh\u00ebm n\u00eb Dedinje, fiton tender\u00eb dhe g\u00ebzon mbrojtjen e sistemit.<\/p>\n<p>\u201cKy \u00ebsht\u00eb d\u00ebshmia m\u00eb e drejtp\u00ebrdrejt\u00eb se regjimi n\u00eb Beograd i ka sakrifikuar me vet\u00ebdije k\u00ebta njer\u00ebz dhe i ka braktisur sapo u b\u00ebn\u00eb barr\u00eb politike.\u201d<\/p>\n<p>Sipas tij, absurdi kryesor i pushtetit t\u00eb Vu\u00e7i\u00e7it \u00ebsht\u00eb se \u201cnuk ka b\u00ebr\u00eb asgj\u00eb p\u00ebr t\u2019i mbrojtur k\u00ebta njer\u00ebz\u201d, nd\u00ebrsa institucionet serbe heshtin dhe e fshehin t\u00eb v\u00ebrtet\u00ebn p\u00ebr organizimin e ngjarjeve n\u00eb Banjsk\u00eb.<\/p>\n<p>\u201cK\u00ebta djem jan\u00eb sakrifikuar me plan dhe jan\u00eb b\u00ebr\u00eb monedh\u00eb p\u00ebr pazare n\u00eb tregtin\u00eb e sovranitetit.\u201d<\/p>\n<p>Ai shton se mesazhi q\u00eb Beogradi u d\u00ebrgon serb\u00ebve n\u00eb veri \u00ebsht\u00eb i friksh\u00ebm:<\/p>\n<p>\u201cDo t\u00eb vdisni p\u00ebr ne, do t\u00eb kalbeni n\u00eb burgje p\u00ebr ne, nd\u00ebrsa ne do t\u00eb negociojm\u00eb me p\u00ebrndjek\u00ebsit tuaj p\u00ebr \u00e7\u00ebshtje si energjia dhe targat, duke i ndihmuar t\u00eb p\u00ebrfundojn\u00eb nd\u00ebrtimin e shtetit t\u00eb tyre.\u201d<\/p>\n<p>N\u00eb fund, ai thekson se nuk b\u00ebhet fjal\u00eb vet\u00ebm p\u00ebr nj\u00eb humbje juridike, por p\u00ebr nj\u00eb bankrot moral t\u00eb politik\u00ebs s\u00eb Vu\u00e7i\u00e7it, e cila, sipas tij, e ka kthyer veriun e Kosov\u00ebs n\u00eb nj\u00eb terren p\u00ebr loj\u00ebra t\u00eb rrezikshme p\u00ebr p\u00ebrfitime, nd\u00ebrsa popullin n\u00eb pengje.<\/p>\n","protected":false},"excerpt":{"rendered":"<p>Prishtin\u00eb, 29 prill 2026 12:20 Kjo nuk \u00ebsht\u00eb vet\u00ebm nj\u00eb humbje juridike, por nj\u00eb bankrot i r\u00ebnd\u00eb civilizues dhe moral i politik\u00ebs s\u00eb tradhtis\u00eb s\u00eb<\/p>\n","protected":false},"author":7,"featured_media":45608,"comment_status":"open","ping_status":"open","sticky":false,"template":"","format":"standard","meta":{"footnotes":""},"categories":[58],"tags":[],"class_list":["post-45607","post","type-post","status-publish","format-standard","has-post-thumbnail","hentry","category-politike-sq"],"yoast_head":"<!-- This site is optimized with the Yoast SEO plugin v25.3.1 - https:\/\/yoast.com\/wordpress\/plugins\/seo\/ -->\n<title>Ivan Niniq: Beogradi sakrifikoi serbet e Kosov\u00ebs p\u00ebr interesa politike, nd\u00ebrsa Radoi\u00e7iq ende \u00ebsht\u00eb i lir\u00eb -<\/title>\n<meta name=\"robots\" content=\"index, follow, max-snippet:-1, max-image-preview:large, max-video-preview:-1\" \/>\n<link rel=\"canonical\" href=\"https:\/\/veritasinfo.org\/?p=45607\" \/>\n<meta property=\"og:locale\" content=\"en_US\" \/>\n<meta property=\"og:type\" content=\"article\" \/>\n<meta property=\"og:title\" content=\"Ivan Niniq: Beogradi sakrifikoi serbet e Kosov\u00ebs p\u00ebr interesa politike, nd\u00ebrsa Radoi\u00e7iq ende \u00ebsht\u00eb i lir\u00eb -\" \/>\n<meta property=\"og:description\" content=\"Prishtin\u00eb, 29 prill 2026 12:20 Kjo nuk \u00ebsht\u00eb vet\u00ebm nj\u00eb humbje juridike, por nj\u00eb bankrot i r\u00ebnd\u00eb civilizues dhe moral i politik\u00ebs s\u00eb tradhtis\u00eb s\u00eb\" \/>\n<meta property=\"og:url\" content=\"https:\/\/veritasinfo.org\/?p=45607\" \/>\n<meta property=\"article:published_time\" content=\"2026-04-29T10:23:41+00:00\" \/>\n<meta property=\"og:image\" content=\"https:\/\/veritasinfo.org\/wp-content\/uploads\/2026\/04\/rasti-banjska-te-akuzuarit.jpg\" \/>\n\t<meta property=\"og:image:width\" content=\"2048\" \/>\n\t<meta property=\"og:image:height\" content=\"1152\" \/>\n\t<meta property=\"og:image:type\" content=\"image\/jpeg\" \/>\n<meta name=\"author\" content=\"US6\" \/>\n<meta name=\"twitter:card\" content=\"summary_large_image\" \/>\n<meta name=\"twitter:label1\" content=\"Written by\" \/>\n\t<meta name=\"twitter:data1\" content=\"US6\" \/>\n\t<meta name=\"twitter:label2\" content=\"Est. reading time\" \/>\n\t<meta name=\"twitter:data2\" content=\"3 minutes\" \/>\n<script type=\"application\/ld+json\" class=\"yoast-schema-graph\">{\"@context\":\"https:\/\/schema.org\",\"@graph\":[{\"@type\":\"WebPage\",\"@id\":\"https:\/\/veritasinfo.org\/?p=45607\",\"url\":\"https:\/\/veritasinfo.org\/?p=45607\",\"name\":\"Ivan Niniq: Beogradi sakrifikoi serbet e Kosov\u00ebs p\u00ebr interesa politike, nd\u00ebrsa Radoi\u00e7iq ende \u00ebsht\u00eb i lir\u00eb -\",\"isPartOf\":{\"@id\":\"https:\/\/veritasinfo.org\/#website\"},\"primaryImageOfPage\":{\"@id\":\"https:\/\/veritasinfo.org\/?p=45607#primaryimage\"},\"image\":{\"@id\":\"https:\/\/veritasinfo.org\/?p=45607#primaryimage\"},\"thumbnailUrl\":\"https:\/\/veritasinfo.org\/wp-content\/uploads\/2026\/04\/rasti-banjska-te-akuzuarit.jpg\",\"datePublished\":\"2026-04-29T10:23:41+00:00\",\"author\":{\"@id\":\"https:\/\/veritasinfo.org\/#\/schema\/person\/fe199eede04c3937362892b7444747cc\"},\"breadcrumb\":{\"@id\":\"https:\/\/veritasinfo.org\/?p=45607#breadcrumb\"},\"inLanguage\":\"en-US\",\"potentialAction\":[{\"@type\":\"ReadAction\",\"target\":[\"https:\/\/veritasinfo.org\/?p=45607\"]}]},{\"@type\":\"ImageObject\",\"inLanguage\":\"en-US\",\"@id\":\"https:\/\/veritasinfo.org\/?p=45607#primaryimage\",\"url\":\"https:\/\/veritasinfo.org\/wp-content\/uploads\/2026\/04\/rasti-banjska-te-akuzuarit.jpg\",\"contentUrl\":\"https:\/\/veritasinfo.org\/wp-content\/uploads\/2026\/04\/rasti-banjska-te-akuzuarit.jpg\",\"width\":2048,\"height\":1152},{\"@type\":\"BreadcrumbList\",\"@id\":\"https:\/\/veritasinfo.org\/?p=45607#breadcrumb\",\"itemListElement\":[{\"@type\":\"ListItem\",\"position\":1,\"name\":\"Home\",\"item\":\"https:\/\/veritasinfo.org\/\"},{\"@type\":\"ListItem\",\"position\":2,\"name\":\"Ivan Niniq: Beogradi sakrifikoi serbet e Kosov\u00ebs p\u00ebr interesa politike, nd\u00ebrsa Radoi\u00e7iq ende \u00ebsht\u00eb i lir\u00eb\"}]},{\"@type\":\"WebSite\",\"@id\":\"https:\/\/veritasinfo.org\/#website\",\"url\":\"https:\/\/veritasinfo.org\/\",\"name\":\"\",\"description\":\"\",\"potentialAction\":[{\"@type\":\"SearchAction\",\"target\":{\"@type\":\"EntryPoint\",\"urlTemplate\":\"https:\/\/veritasinfo.org\/?s={search_term_string}\"},\"query-input\":{\"@type\":\"PropertyValueSpecification\",\"valueRequired\":true,\"valueName\":\"search_term_string\"}}],\"inLanguage\":\"en-US\"},{\"@type\":\"Person\",\"@id\":\"https:\/\/veritasinfo.org\/#\/schema\/person\/fe199eede04c3937362892b7444747cc\",\"name\":\"US6\",\"image\":{\"@type\":\"ImageObject\",\"inLanguage\":\"en-US\",\"@id\":\"https:\/\/veritasinfo.org\/#\/schema\/person\/image\/\",\"url\":\"https:\/\/secure.gravatar.com\/avatar\/cb16c3c31c9d23b9b8c705964598220b3014e42ff51eb540ff23cefa3ae8c15f?s=96&d=mm&r=g\",\"contentUrl\":\"https:\/\/secure.gravatar.com\/avatar\/cb16c3c31c9d23b9b8c705964598220b3014e42ff51eb540ff23cefa3ae8c15f?s=96&d=mm&r=g\",\"caption\":\"US6\"},\"url\":\"https:\/\/veritasinfo.org\/?author=7\"}]}<\/script>\n<!-- \/ Yoast SEO plugin. -->","yoast_head_json":{"title":"Ivan Niniq: Beogradi sakrifikoi serbet e Kosov\u00ebs p\u00ebr interesa politike, nd\u00ebrsa Radoi\u00e7iq ende \u00ebsht\u00eb i lir\u00eb -","robots":{"index":"index","follow":"follow","max-snippet":"max-snippet:-1","max-image-preview":"max-image-preview:large","max-video-preview":"max-video-preview:-1"},"canonical":"https:\/\/veritasinfo.org\/?p=45607","og_locale":"en_US","og_type":"article","og_title":"Ivan Niniq: Beogradi sakrifikoi serbet e Kosov\u00ebs p\u00ebr interesa politike, nd\u00ebrsa Radoi\u00e7iq ende \u00ebsht\u00eb i lir\u00eb -","og_description":"Prishtin\u00eb, 29 prill 2026 12:20 Kjo nuk \u00ebsht\u00eb vet\u00ebm nj\u00eb humbje juridike, por nj\u00eb bankrot i r\u00ebnd\u00eb civilizues dhe moral i politik\u00ebs s\u00eb tradhtis\u00eb s\u00eb","og_url":"https:\/\/veritasinfo.org\/?p=45607","article_published_time":"2026-04-29T10:23:41+00:00","og_image":[{"width":2048,"height":1152,"url":"https:\/\/veritasinfo.org\/wp-content\/uploads\/2026\/04\/rasti-banjska-te-akuzuarit.jpg","type":"image\/jpeg"}],"author":"US6","twitter_card":"summary_large_image","twitter_misc":{"Written by":"US6","Est. reading time":"3 minutes"},"schema":{"@context":"https:\/\/schema.org","@graph":[{"@type":"WebPage","@id":"https:\/\/veritasinfo.org\/?p=45607","url":"https:\/\/veritasinfo.org\/?p=45607","name":"Ivan Niniq: Beogradi sakrifikoi serbet e Kosov\u00ebs p\u00ebr interesa politike, nd\u00ebrsa Radoi\u00e7iq ende \u00ebsht\u00eb i lir\u00eb -","isPartOf":{"@id":"https:\/\/veritasinfo.org\/#website"},"primaryImageOfPage":{"@id":"https:\/\/veritasinfo.org\/?p=45607#primaryimage"},"image":{"@id":"https:\/\/veritasinfo.org\/?p=45607#primaryimage"},"thumbnailUrl":"https:\/\/veritasinfo.org\/wp-content\/uploads\/2026\/04\/rasti-banjska-te-akuzuarit.jpg","datePublished":"2026-04-29T10:23:41+00:00","author":{"@id":"https:\/\/veritasinfo.org\/#\/schema\/person\/fe199eede04c3937362892b7444747cc"},"breadcrumb":{"@id":"https:\/\/veritasinfo.org\/?p=45607#breadcrumb"},"inLanguage":"en-US","potentialAction":[{"@type":"ReadAction","target":["https:\/\/veritasinfo.org\/?p=45607"]}]},{"@type":"ImageObject","inLanguage":"en-US","@id":"https:\/\/veritasinfo.org\/?p=45607#primaryimage","url":"https:\/\/veritasinfo.org\/wp-content\/uploads\/2026\/04\/rasti-banjska-te-akuzuarit.jpg","contentUrl":"https:\/\/veritasinfo.org\/wp-content\/uploads\/2026\/04\/rasti-banjska-te-akuzuarit.jpg","width":2048,"height":1152},{"@type":"BreadcrumbList","@id":"https:\/\/veritasinfo.org\/?p=45607#breadcrumb","itemListElement":[{"@type":"ListItem","position":1,"name":"Home","item":"https:\/\/veritasinfo.org\/"},{"@type":"ListItem","position":2,"name":"Ivan Niniq: Beogradi sakrifikoi serbet e Kosov\u00ebs p\u00ebr interesa politike, nd\u00ebrsa Radoi\u00e7iq ende \u00ebsht\u00eb i lir\u00eb"}]},{"@type":"WebSite","@id":"https:\/\/veritasinfo.org\/#website","url":"https:\/\/veritasinfo.org\/","name":"","description":"","potentialAction":[{"@type":"SearchAction","target":{"@type":"EntryPoint","urlTemplate":"https:\/\/veritasinfo.org\/?s={search_term_string}"},"query-input":{"@type":"PropertyValueSpecification","valueRequired":true,"valueName":"search_term_string"}}],"inLanguage":"en-US"},{"@type":"Person","@id":"https:\/\/veritasinfo.org\/#\/schema\/person\/fe199eede04c3937362892b7444747cc","name":"US6","image":{"@type":"ImageObject","inLanguage":"en-US","@id":"https:\/\/veritasinfo.org\/#\/schema\/person\/image\/","url":"https:\/\/secure.gravatar.com\/avatar\/cb16c3c31c9d23b9b8c705964598220b3014e42ff51eb540ff23cefa3ae8c15f?s=96&d=mm&r=g","contentUrl":"https:\/\/secure.gravatar.com\/avatar\/cb16c3c31c9d23b9b8c705964598220b3014e42ff51eb540ff23cefa3ae8c15f?s=96&d=mm&r=g","caption":"US6"},"url":"https:\/\/veritasinfo.org\/?author=7"}]}},"featured_image_urls":{"full":["https:\/\/veritasinfo.org\/wp-content\/uploads\/2026\/04\/rasti-banjska-te-akuzuarit.jpg",2048,1152,false],"thumbnail":["https:\/\/veritasinfo.org\/wp-content\/uploads\/2026\/04\/rasti-banjska-te-akuzuarit-150x150.jpg",150,150,true],"medium":["https:\/\/veritasinfo.org\/wp-content\/uploads\/2026\/04\/rasti-banjska-te-akuzuarit-300x169.jpg",300,169,true],"medium_large":["https:\/\/veritasinfo.org\/wp-content\/uploads\/2026\/04\/rasti-banjska-te-akuzuarit-768x432.jpg",640,360,true],"large":["https:\/\/veritasinfo.org\/wp-content\/uploads\/2026\/04\/rasti-banjska-te-akuzuarit-1024x576.jpg",640,360,true],"1536x1536":["https:\/\/veritasinfo.org\/wp-content\/uploads\/2026\/04\/rasti-banjska-te-akuzuarit-1536x864.jpg",1536,864,true],"2048x2048":["https:\/\/veritasinfo.org\/wp-content\/uploads\/2026\/04\/rasti-banjska-te-akuzuarit.jpg",2048,1152,false],"kreeti-slider-full":["https:\/\/veritasinfo.org\/wp-content\/uploads\/2026\/04\/rasti-banjska-te-akuzuarit-1280x720.jpg",1280,720,true],"kreeti-featured":["https:\/\/veritasinfo.org\/wp-content\/uploads\/2026\/04\/rasti-banjska-te-akuzuarit-1024x576.jpg",1024,576,true],"kreeti-medium":["https:\/\/veritasinfo.org\/wp-content\/uploads\/2026\/04\/rasti-banjska-te-akuzuarit-720x530.jpg",720,530,true],"kreeti-medium-square":["https:\/\/veritasinfo.org\/wp-content\/uploads\/2026\/04\/rasti-banjska-te-akuzuarit-350x350.jpg",350,350,true]},"author_info":{"info":["US6"]},"category_info":"<a href=\"https:\/\/veritasinfo.org\/?cat=58\" rel=\"category\">Politik\u00eb<\/a>","tag_info":"Politik\u00eb","comment_count":"0","_links":{"self":[{"href":"https:\/\/veritasinfo.org\/index.php?rest_route=\/wp\/v2\/posts\/45607","targetHints":{"allow":["GET"]}}],"collection":[{"href":"https:\/\/veritasinfo.org\/index.php?rest_route=\/wp\/v2\/posts"}],"about":[{"href":"https:\/\/veritasinfo.org\/index.php?rest_route=\/wp\/v2\/types\/post"}],"author":[{"embeddable":true,"href":"https:\/\/veritasinfo.org\/index.php?rest_route=\/wp\/v2\/users\/7"}],"replies":[{"embeddable":true,"href":"https:\/\/veritasinfo.org\/index.php?rest_route=%2Fwp%2Fv2%2Fcomments&post=45607"}],"version-history":[{"count":1,"href":"https:\/\/veritasinfo.org\/index.php?rest_route=\/wp\/v2\/posts\/45607\/revisions"}],"predecessor-version":[{"id":45609,"href":"https:\/\/veritasinfo.org\/index.php?rest_route=\/wp\/v2\/posts\/45607\/revisions\/45609"}],"wp:featuredmedia":[{"embeddable":true,"href":"https:\/\/veritasinfo.org\/index.php?rest_route=\/wp\/v2\/media\/45608"}],"wp:attachment":[{"href":"https:\/\/veritasinfo.org\/index.php?rest_route=%2Fwp%2Fv2%2Fmedia&parent=45607"}],"wp:term":[{"taxonomy":"category","embeddable":true,"href":"https:\/\/veritasinfo.org\/index.php?rest_route=%2Fwp%2Fv2%2Fcategories&post=45607"},{"taxonomy":"post_tag","embeddable":true,"href":"https:\/\/veritasinfo.org\/index.php?rest_route=%2Fwp%2Fv2%2Ftags&post=45607"}],"curies":[{"name":"wp","href":"https:\/\/api.w.org\/{rel}","templated":true}]}}