{"id":45601,"date":"2026-04-29T11:33:13","date_gmt":"2026-04-29T09:33:13","guid":{"rendered":"https:\/\/veritasinfo.org\/?p=45601"},"modified":"2026-04-29T11:33:13","modified_gmt":"2026-04-29T09:33:13","slug":"slobodan-radenkoviq-denohet-me-2-vjet-burgim-dhe-15-mije-euro-gjobe-per-sulmet-ne-zvecan","status":"publish","type":"post","link":"https:\/\/veritasinfo.org\/?p=45601","title":{"rendered":"Slobodan Radenkoviq d\u00ebnohet me 2 vjet burgim dhe 15 mij\u00eb euro gjob\u00eb p\u00ebr sulmet n\u00eb Zve\u00e7an"},"content":{"rendered":"<p>Prishtin\u00eb, 29 prill 2026 11:29<\/p>\n<p>Gjykata Themelore n\u00eb Prishtin\u00eb ka shqiptuar vendimin ndaj t\u00eb pandehurit Slobodan Radenkoviq, duke e d\u00ebnuar me 2 vjet burgim dhe 15 mij\u00eb euro gjob\u00eb p\u00ebr ngjarjet e 29 majit 2023 n\u00eb Komun\u00ebn e Zve\u00e7anit.<\/p>\n<p>Radenkoviq ishte akuzuar p\u00ebr sulmet ndaj pjes\u00ebtar\u00ebve t\u00eb KFOR-it dhe Policis\u00eb s\u00eb Kosov\u00ebs, ku sipas aktakuz\u00ebs ai kishte marr\u00eb pjes\u00eb n\u00eb turm\u00ebn q\u00eb p\u00ebrdori dhun\u00eb, mjete t\u00eb forta, mjete shp\u00ebrthyese t\u00eb improvizuara dhe arm\u00eb zjarri.<\/p>\n<p>Nga k\u00ebto sulme u l\u00ebnduan t\u00eb pakt\u00ebn 30 pjes\u00ebtar\u00eb t\u00eb KFOR-it, disa prej tyre me plag\u00eb t\u00eb r\u00ebnda, si edhe zyrtar\u00eb policor\u00eb q\u00eb ishin n\u00eb detyr\u00eb p\u00ebr ruajtjen e rendit dhe siguris\u00eb.<\/p>\n<p>N\u00eb seanc\u00eb, i pandehuri ka pranuar faj\u00ebsin\u00eb dhe ka pranuar d\u00ebnimin e shqiptuar nga gjykata. Ai u d\u00ebnua me 2 vjet burgim p\u00ebr vepr\u00ebn penale \u201cSulm ndaj personit zyrtar\u201d, nd\u00ebrsa p\u00ebr vepr\u00ebn \u201cPjes\u00ebmarrja n\u00eb turm\u00eb q\u00eb kryen vep\u00ebr penale dhe huliganiz\u00ebm\u201d iu shqiptua gjob\u00eb n\u00eb vler\u00eb prej 15 mij\u00eb eurosh.<\/p>\n<p>Sipas aktakuz\u00ebs s\u00eb Prokuroris\u00eb Speciale, veprimet e tij dhe t\u00eb grupit kishin rrezikuar seriozisht jet\u00ebn e zyrtar\u00ebve dhe kishin shkaktuar d\u00ebme materiale, p\u00ebrfshir\u00eb djegien e disa automjeteve t\u00eb KFOR-it, Policis\u00eb s\u00eb Kosov\u00ebs dhe mediave q\u00eb raportonin nga vendi i ngjarjes.<\/p>\n<p>&nbsp;<\/p>\n<p>&nbsp;<\/p>\n","protected":false},"excerpt":{"rendered":"<p>Prishtin\u00eb, 29 prill 2026 11:29 Gjykata Themelore n\u00eb Prishtin\u00eb ka shqiptuar vendimin ndaj t\u00eb pandehurit Slobodan Radenkoviq, duke e d\u00ebnuar me 2 vjet burgim dhe<\/p>\n","protected":false},"author":7,"featured_media":45602,"comment_status":"open","ping_status":"open","sticky":false,"template":"","format":"standard","meta":{"footnotes":""},"categories":[109],"tags":[],"class_list":["post-45601","post","type-post","status-publish","format-standard","has-post-thumbnail","hentry","category-siguri"],"yoast_head":"<!-- This site is optimized with the Yoast SEO plugin v25.3.1 - https:\/\/yoast.com\/wordpress\/plugins\/seo\/ -->\n<title>Slobodan Radenkoviq d\u00ebnohet me 2 vjet burgim dhe 15 mij\u00eb euro gjob\u00eb p\u00ebr sulmet n\u00eb Zve\u00e7an -<\/title>\n<meta name=\"robots\" content=\"index, follow, max-snippet:-1, max-image-preview:large, max-video-preview:-1\" \/>\n<link rel=\"canonical\" href=\"https:\/\/veritasinfo.org\/?p=45601\" \/>\n<meta property=\"og:locale\" content=\"en_US\" \/>\n<meta property=\"og:type\" content=\"article\" \/>\n<meta property=\"og:title\" content=\"Slobodan Radenkoviq d\u00ebnohet me 2 vjet burgim dhe 15 mij\u00eb euro gjob\u00eb p\u00ebr sulmet n\u00eb Zve\u00e7an -\" \/>\n<meta property=\"og:description\" content=\"Prishtin\u00eb, 29 prill 2026 11:29 Gjykata Themelore n\u00eb Prishtin\u00eb ka shqiptuar vendimin ndaj t\u00eb pandehurit Slobodan Radenkoviq, duke e d\u00ebnuar me 2 vjet burgim dhe\" \/>\n<meta property=\"og:url\" content=\"https:\/\/veritasinfo.org\/?p=45601\" \/>\n<meta property=\"article:published_time\" content=\"2026-04-29T09:33:13+00:00\" \/>\n<meta property=\"og:image\" content=\"https:\/\/veritasinfo.org\/wp-content\/uploads\/2026\/04\/Screenshot_20260429_113213_Chrome.jpg\" \/>\n\t<meta property=\"og:image:width\" content=\"1078\" \/>\n\t<meta property=\"og:image:height\" content=\"1205\" \/>\n\t<meta property=\"og:image:type\" content=\"image\/jpeg\" \/>\n<meta name=\"author\" content=\"US6\" \/>\n<meta name=\"twitter:card\" content=\"summary_large_image\" \/>\n<meta name=\"twitter:label1\" content=\"Written by\" \/>\n\t<meta name=\"twitter:data1\" content=\"US6\" \/>\n\t<meta name=\"twitter:label2\" content=\"Est. reading time\" \/>\n\t<meta name=\"twitter:data2\" content=\"2 minutes\" \/>\n<script type=\"application\/ld+json\" class=\"yoast-schema-graph\">{\"@context\":\"https:\/\/schema.org\",\"@graph\":[{\"@type\":\"WebPage\",\"@id\":\"https:\/\/veritasinfo.org\/?p=45601\",\"url\":\"https:\/\/veritasinfo.org\/?p=45601\",\"name\":\"Slobodan Radenkoviq d\u00ebnohet me 2 vjet burgim dhe 15 mij\u00eb euro gjob\u00eb p\u00ebr sulmet n\u00eb Zve\u00e7an -\",\"isPartOf\":{\"@id\":\"https:\/\/veritasinfo.org\/#website\"},\"primaryImageOfPage\":{\"@id\":\"https:\/\/veritasinfo.org\/?p=45601#primaryimage\"},\"image\":{\"@id\":\"https:\/\/veritasinfo.org\/?p=45601#primaryimage\"},\"thumbnailUrl\":\"https:\/\/veritasinfo.org\/wp-content\/uploads\/2026\/04\/Screenshot_20260429_113213_Chrome.jpg\",\"datePublished\":\"2026-04-29T09:33:13+00:00\",\"author\":{\"@id\":\"https:\/\/veritasinfo.org\/#\/schema\/person\/fe199eede04c3937362892b7444747cc\"},\"breadcrumb\":{\"@id\":\"https:\/\/veritasinfo.org\/?p=45601#breadcrumb\"},\"inLanguage\":\"en-US\",\"potentialAction\":[{\"@type\":\"ReadAction\",\"target\":[\"https:\/\/veritasinfo.org\/?p=45601\"]}]},{\"@type\":\"ImageObject\",\"inLanguage\":\"en-US\",\"@id\":\"https:\/\/veritasinfo.org\/?p=45601#primaryimage\",\"url\":\"https:\/\/veritasinfo.org\/wp-content\/uploads\/2026\/04\/Screenshot_20260429_113213_Chrome.jpg\",\"contentUrl\":\"https:\/\/veritasinfo.org\/wp-content\/uploads\/2026\/04\/Screenshot_20260429_113213_Chrome.jpg\",\"width\":1078,\"height\":1205},{\"@type\":\"BreadcrumbList\",\"@id\":\"https:\/\/veritasinfo.org\/?p=45601#breadcrumb\",\"itemListElement\":[{\"@type\":\"ListItem\",\"position\":1,\"name\":\"Home\",\"item\":\"https:\/\/veritasinfo.org\/\"},{\"@type\":\"ListItem\",\"position\":2,\"name\":\"Slobodan Radenkoviq d\u00ebnohet me 2 vjet burgim dhe 15 mij\u00eb euro gjob\u00eb p\u00ebr sulmet n\u00eb Zve\u00e7an\"}]},{\"@type\":\"WebSite\",\"@id\":\"https:\/\/veritasinfo.org\/#website\",\"url\":\"https:\/\/veritasinfo.org\/\",\"name\":\"\",\"description\":\"\",\"potentialAction\":[{\"@type\":\"SearchAction\",\"target\":{\"@type\":\"EntryPoint\",\"urlTemplate\":\"https:\/\/veritasinfo.org\/?s={search_term_string}\"},\"query-input\":{\"@type\":\"PropertyValueSpecification\",\"valueRequired\":true,\"valueName\":\"search_term_string\"}}],\"inLanguage\":\"en-US\"},{\"@type\":\"Person\",\"@id\":\"https:\/\/veritasinfo.org\/#\/schema\/person\/fe199eede04c3937362892b7444747cc\",\"name\":\"US6\",\"image\":{\"@type\":\"ImageObject\",\"inLanguage\":\"en-US\",\"@id\":\"https:\/\/veritasinfo.org\/#\/schema\/person\/image\/\",\"url\":\"https:\/\/secure.gravatar.com\/avatar\/cb16c3c31c9d23b9b8c705964598220b3014e42ff51eb540ff23cefa3ae8c15f?s=96&d=mm&r=g\",\"contentUrl\":\"https:\/\/secure.gravatar.com\/avatar\/cb16c3c31c9d23b9b8c705964598220b3014e42ff51eb540ff23cefa3ae8c15f?s=96&d=mm&r=g\",\"caption\":\"US6\"},\"url\":\"https:\/\/veritasinfo.org\/?author=7\"}]}<\/script>\n<!-- \/ Yoast SEO plugin. -->","yoast_head_json":{"title":"Slobodan Radenkoviq d\u00ebnohet me 2 vjet burgim dhe 15 mij\u00eb euro gjob\u00eb p\u00ebr sulmet n\u00eb Zve\u00e7an -","robots":{"index":"index","follow":"follow","max-snippet":"max-snippet:-1","max-image-preview":"max-image-preview:large","max-video-preview":"max-video-preview:-1"},"canonical":"https:\/\/veritasinfo.org\/?p=45601","og_locale":"en_US","og_type":"article","og_title":"Slobodan Radenkoviq d\u00ebnohet me 2 vjet burgim dhe 15 mij\u00eb euro gjob\u00eb p\u00ebr sulmet n\u00eb Zve\u00e7an -","og_description":"Prishtin\u00eb, 29 prill 2026 11:29 Gjykata Themelore n\u00eb Prishtin\u00eb ka shqiptuar vendimin ndaj t\u00eb pandehurit Slobodan Radenkoviq, duke e d\u00ebnuar me 2 vjet burgim dhe","og_url":"https:\/\/veritasinfo.org\/?p=45601","article_published_time":"2026-04-29T09:33:13+00:00","og_image":[{"width":1078,"height":1205,"url":"https:\/\/veritasinfo.org\/wp-content\/uploads\/2026\/04\/Screenshot_20260429_113213_Chrome.jpg","type":"image\/jpeg"}],"author":"US6","twitter_card":"summary_large_image","twitter_misc":{"Written by":"US6","Est. reading time":"2 minutes"},"schema":{"@context":"https:\/\/schema.org","@graph":[{"@type":"WebPage","@id":"https:\/\/veritasinfo.org\/?p=45601","url":"https:\/\/veritasinfo.org\/?p=45601","name":"Slobodan Radenkoviq d\u00ebnohet me 2 vjet burgim dhe 15 mij\u00eb euro gjob\u00eb p\u00ebr sulmet n\u00eb Zve\u00e7an -","isPartOf":{"@id":"https:\/\/veritasinfo.org\/#website"},"primaryImageOfPage":{"@id":"https:\/\/veritasinfo.org\/?p=45601#primaryimage"},"image":{"@id":"https:\/\/veritasinfo.org\/?p=45601#primaryimage"},"thumbnailUrl":"https:\/\/veritasinfo.org\/wp-content\/uploads\/2026\/04\/Screenshot_20260429_113213_Chrome.jpg","datePublished":"2026-04-29T09:33:13+00:00","author":{"@id":"https:\/\/veritasinfo.org\/#\/schema\/person\/fe199eede04c3937362892b7444747cc"},"breadcrumb":{"@id":"https:\/\/veritasinfo.org\/?p=45601#breadcrumb"},"inLanguage":"en-US","potentialAction":[{"@type":"ReadAction","target":["https:\/\/veritasinfo.org\/?p=45601"]}]},{"@type":"ImageObject","inLanguage":"en-US","@id":"https:\/\/veritasinfo.org\/?p=45601#primaryimage","url":"https:\/\/veritasinfo.org\/wp-content\/uploads\/2026\/04\/Screenshot_20260429_113213_Chrome.jpg","contentUrl":"https:\/\/veritasinfo.org\/wp-content\/uploads\/2026\/04\/Screenshot_20260429_113213_Chrome.jpg","width":1078,"height":1205},{"@type":"BreadcrumbList","@id":"https:\/\/veritasinfo.org\/?p=45601#breadcrumb","itemListElement":[{"@type":"ListItem","position":1,"name":"Home","item":"https:\/\/veritasinfo.org\/"},{"@type":"ListItem","position":2,"name":"Slobodan Radenkoviq d\u00ebnohet me 2 vjet burgim dhe 15 mij\u00eb euro gjob\u00eb p\u00ebr sulmet n\u00eb Zve\u00e7an"}]},{"@type":"WebSite","@id":"https:\/\/veritasinfo.org\/#website","url":"https:\/\/veritasinfo.org\/","name":"","description":"","potentialAction":[{"@type":"SearchAction","target":{"@type":"EntryPoint","urlTemplate":"https:\/\/veritasinfo.org\/?s={search_term_string}"},"query-input":{"@type":"PropertyValueSpecification","valueRequired":true,"valueName":"search_term_string"}}],"inLanguage":"en-US"},{"@type":"Person","@id":"https:\/\/veritasinfo.org\/#\/schema\/person\/fe199eede04c3937362892b7444747cc","name":"US6","image":{"@type":"ImageObject","inLanguage":"en-US","@id":"https:\/\/veritasinfo.org\/#\/schema\/person\/image\/","url":"https:\/\/secure.gravatar.com\/avatar\/cb16c3c31c9d23b9b8c705964598220b3014e42ff51eb540ff23cefa3ae8c15f?s=96&d=mm&r=g","contentUrl":"https:\/\/secure.gravatar.com\/avatar\/cb16c3c31c9d23b9b8c705964598220b3014e42ff51eb540ff23cefa3ae8c15f?s=96&d=mm&r=g","caption":"US6"},"url":"https:\/\/veritasinfo.org\/?author=7"}]}},"featured_image_urls":{"full":["https:\/\/veritasinfo.org\/wp-content\/uploads\/2026\/04\/Screenshot_20260429_113213_Chrome.jpg",1078,1205,false],"thumbnail":["https:\/\/veritasinfo.org\/wp-content\/uploads\/2026\/04\/Screenshot_20260429_113213_Chrome-150x150.jpg",150,150,true],"medium":["https:\/\/veritasinfo.org\/wp-content\/uploads\/2026\/04\/Screenshot_20260429_113213_Chrome-268x300.jpg",268,300,true],"medium_large":["https:\/\/veritasinfo.org\/wp-content\/uploads\/2026\/04\/Screenshot_20260429_113213_Chrome-768x858.jpg",640,715,true],"large":["https:\/\/veritasinfo.org\/wp-content\/uploads\/2026\/04\/Screenshot_20260429_113213_Chrome-916x1024.jpg",640,715,true],"1536x1536":["https:\/\/veritasinfo.org\/wp-content\/uploads\/2026\/04\/Screenshot_20260429_113213_Chrome.jpg",1078,1205,false],"2048x2048":["https:\/\/veritasinfo.org\/wp-content\/uploads\/2026\/04\/Screenshot_20260429_113213_Chrome.jpg",1078,1205,false],"kreeti-slider-full":["https:\/\/veritasinfo.org\/wp-content\/uploads\/2026\/04\/Screenshot_20260429_113213_Chrome-1078x720.jpg",1078,720,true],"kreeti-featured":["https:\/\/veritasinfo.org\/wp-content\/uploads\/2026\/04\/Screenshot_20260429_113213_Chrome-1024x1145.jpg",1024,1145,true],"kreeti-medium":["https:\/\/veritasinfo.org\/wp-content\/uploads\/2026\/04\/Screenshot_20260429_113213_Chrome-720x530.jpg",720,530,true],"kreeti-medium-square":["https:\/\/veritasinfo.org\/wp-content\/uploads\/2026\/04\/Screenshot_20260429_113213_Chrome-350x350.jpg",350,350,true]},"author_info":{"info":["US6"]},"category_info":"<a href=\"https:\/\/veritasinfo.org\/?cat=109\" rel=\"category\">Siguri<\/a>","tag_info":"Siguri","comment_count":"0","_links":{"self":[{"href":"https:\/\/veritasinfo.org\/index.php?rest_route=\/wp\/v2\/posts\/45601","targetHints":{"allow":["GET"]}}],"collection":[{"href":"https:\/\/veritasinfo.org\/index.php?rest_route=\/wp\/v2\/posts"}],"about":[{"href":"https:\/\/veritasinfo.org\/index.php?rest_route=\/wp\/v2\/types\/post"}],"author":[{"embeddable":true,"href":"https:\/\/veritasinfo.org\/index.php?rest_route=\/wp\/v2\/users\/7"}],"replies":[{"embeddable":true,"href":"https:\/\/veritasinfo.org\/index.php?rest_route=%2Fwp%2Fv2%2Fcomments&post=45601"}],"version-history":[{"count":1,"href":"https:\/\/veritasinfo.org\/index.php?rest_route=\/wp\/v2\/posts\/45601\/revisions"}],"predecessor-version":[{"id":45603,"href":"https:\/\/veritasinfo.org\/index.php?rest_route=\/wp\/v2\/posts\/45601\/revisions\/45603"}],"wp:featuredmedia":[{"embeddable":true,"href":"https:\/\/veritasinfo.org\/index.php?rest_route=\/wp\/v2\/media\/45602"}],"wp:attachment":[{"href":"https:\/\/veritasinfo.org\/index.php?rest_route=%2Fwp%2Fv2%2Fmedia&parent=45601"}],"wp:term":[{"taxonomy":"category","embeddable":true,"href":"https:\/\/veritasinfo.org\/index.php?rest_route=%2Fwp%2Fv2%2Fcategories&post=45601"},{"taxonomy":"post_tag","embeddable":true,"href":"https:\/\/veritasinfo.org\/index.php?rest_route=%2Fwp%2Fv2%2Ftags&post=45601"}],"curies":[{"name":"wp","href":"https:\/\/api.w.org\/{rel}","templated":true}]}}