{"id":45589,"date":"2026-04-29T09:31:38","date_gmt":"2026-04-29T07:31:38","guid":{"rendered":"https:\/\/veritasinfo.org\/?p=45589"},"modified":"2026-04-29T09:32:26","modified_gmt":"2026-04-29T07:32:26","slug":"zbulohen-mbetje-mortore-ne-krushe-te-vogel-dyshohet-per-person-te-zhdukur-nga-lufta","status":"publish","type":"post","link":"https:\/\/veritasinfo.org\/?p=45589","title":{"rendered":"Zbulohen mbetje mortore n\u00eb Krush\u00eb t\u00eb Vog\u00ebl \u2013 dyshohet p\u00ebr person t\u00eb zhdukur nga lufta"},"content":{"rendered":"<p>Prishtin\u00eb, 29 prill 2026 09:31<\/p>\n<p>Nj\u00eb zhvillim i r\u00ebnd\u00ebsish\u00ebm ka ndodhur n\u00eb k\u00ebrkimin e personave t\u00eb zhdukur nga lufta.<\/p>\n<p>M\u00eb 28 prill 2026, Sektori p\u00ebr Hetimin e Personave t\u00eb Zhdukur gjat\u00eb Luft\u00ebs, n\u00eb kuad\u00ebr t\u00eb Drejtoris\u00eb p\u00ebr Hetimin e Krimeve t\u00eb Luft\u00ebs (DHKL), n\u00eb bashk\u00ebpunim me Institutin e Mjek\u00ebsis\u00eb Ligjore (IML) dhe Komisionin Qeveritar p\u00ebr Persona t\u00eb Zhdukur, ka realizuar nj\u00eb aksion g\u00ebrmimi dhe eksumimi n\u00eb varrezat e D\u00ebshmor\u00ebve n\u00eb fshatin Krush\u00eb e Vog\u00ebl, n\u00eb Prizren.<\/p>\n<p>Veprimi \u00ebsht\u00eb kryer n\u00eb baz\u00eb t\u00eb urdh\u00ebres\u00ebs s\u00eb Gjykat\u00ebs Themelore \u2013 Departamenti Special n\u00eb Prishtin\u00eb.<\/p>\n<p>Gjat\u00eb g\u00ebrmimeve n\u00eb lokacionin e identifikuar, hetuesit kan\u00eb hasur mbetje esht\u00ebrore njer\u00ebzore me interes forenzik, p\u00ebr t\u00eb cilat dyshohet se i p\u00ebrkasin t\u00eb pakt\u00ebn nj\u00eb personi q\u00eb figuron n\u00eb List\u00ebn Komb\u00ebtare t\u00eb Personave t\u00eb Zhdukur gjat\u00eb periudh\u00ebs s\u00eb luft\u00ebs 1998\u20131999.<\/p>\n<p>Pas p\u00ebrfundimit t\u00eb procedurave n\u00eb vendngjarje, mbetjet jan\u00eb dokumentuar, inventarizuar dhe transportuar n\u00eb Institutin e Mjek\u00ebsis\u00eb Ligjore, ku do t\u2019i n\u00ebnshtrohen ekzaminimeve t\u00eb detajuara, p\u00ebrfshir\u00eb autopsin\u00eb dhe analiz\u00ebn e ADN-s\u00eb p\u00ebr identifikim.<\/p>\n<p>Rasti mbetet n\u00ebn hetime dhe priten rezultatet q\u00eb mund t\u00eb hedhin drit\u00eb mbi fatin e personave t\u00eb zhdukur nga lufta.<\/p>\n","protected":false},"excerpt":{"rendered":"<p>Prishtin\u00eb, 29 prill 2026 09:31 Nj\u00eb zhvillim i r\u00ebnd\u00ebsish\u00ebm ka ndodhur n\u00eb k\u00ebrkimin e personave t\u00eb zhdukur nga lufta. M\u00eb 28 prill 2026, Sektori p\u00ebr<\/p>\n","protected":false},"author":7,"featured_media":45590,"comment_status":"open","ping_status":"open","sticky":false,"template":"","format":"standard","meta":{"footnotes":""},"categories":[60],"tags":[],"class_list":["post-45589","post","type-post","status-publish","format-standard","has-post-thumbnail","hentry","category-shoqerore-sq"],"yoast_head":"<!-- This site is optimized with the Yoast SEO plugin v25.3.1 - https:\/\/yoast.com\/wordpress\/plugins\/seo\/ -->\n<title>Zbulohen mbetje mortore n\u00eb Krush\u00eb t\u00eb Vog\u00ebl \u2013 dyshohet p\u00ebr person t\u00eb zhdukur nga lufta -<\/title>\n<meta name=\"robots\" content=\"index, follow, max-snippet:-1, max-image-preview:large, max-video-preview:-1\" \/>\n<link rel=\"canonical\" href=\"https:\/\/veritasinfo.org\/?p=45589\" \/>\n<meta property=\"og:locale\" content=\"en_US\" \/>\n<meta property=\"og:type\" content=\"article\" \/>\n<meta property=\"og:title\" content=\"Zbulohen mbetje mortore n\u00eb Krush\u00eb t\u00eb Vog\u00ebl \u2013 dyshohet p\u00ebr person t\u00eb zhdukur nga lufta -\" \/>\n<meta property=\"og:description\" content=\"Prishtin\u00eb, 29 prill 2026 09:31 Nj\u00eb zhvillim i r\u00ebnd\u00ebsish\u00ebm ka ndodhur n\u00eb k\u00ebrkimin e personave t\u00eb zhdukur nga lufta. M\u00eb 28 prill 2026, Sektori p\u00ebr\" \/>\n<meta property=\"og:url\" content=\"https:\/\/veritasinfo.org\/?p=45589\" \/>\n<meta property=\"article:published_time\" content=\"2026-04-29T07:31:38+00:00\" \/>\n<meta property=\"article:modified_time\" content=\"2026-04-29T07:32:26+00:00\" \/>\n<meta property=\"og:image\" content=\"https:\/\/veritasinfo.org\/wp-content\/uploads\/2026\/04\/mbetje.jpg\" \/>\n\t<meta property=\"og:image:width\" content=\"900\" \/>\n\t<meta property=\"og:image:height\" content=\"506\" \/>\n\t<meta property=\"og:image:type\" content=\"image\/jpeg\" \/>\n<meta name=\"author\" content=\"US6\" \/>\n<meta name=\"twitter:card\" content=\"summary_large_image\" \/>\n<meta name=\"twitter:label1\" content=\"Written by\" \/>\n\t<meta name=\"twitter:data1\" content=\"US6\" \/>\n\t<meta name=\"twitter:label2\" content=\"Est. reading time\" \/>\n\t<meta name=\"twitter:data2\" content=\"1 minute\" \/>\n<script type=\"application\/ld+json\" class=\"yoast-schema-graph\">{\"@context\":\"https:\/\/schema.org\",\"@graph\":[{\"@type\":\"WebPage\",\"@id\":\"https:\/\/veritasinfo.org\/?p=45589\",\"url\":\"https:\/\/veritasinfo.org\/?p=45589\",\"name\":\"Zbulohen mbetje mortore n\u00eb Krush\u00eb t\u00eb Vog\u00ebl \u2013 dyshohet p\u00ebr person t\u00eb zhdukur nga lufta -\",\"isPartOf\":{\"@id\":\"https:\/\/veritasinfo.org\/#website\"},\"primaryImageOfPage\":{\"@id\":\"https:\/\/veritasinfo.org\/?p=45589#primaryimage\"},\"image\":{\"@id\":\"https:\/\/veritasinfo.org\/?p=45589#primaryimage\"},\"thumbnailUrl\":\"https:\/\/veritasinfo.org\/wp-content\/uploads\/2026\/04\/mbetje.jpg\",\"datePublished\":\"2026-04-29T07:31:38+00:00\",\"dateModified\":\"2026-04-29T07:32:26+00:00\",\"author\":{\"@id\":\"https:\/\/veritasinfo.org\/#\/schema\/person\/fe199eede04c3937362892b7444747cc\"},\"breadcrumb\":{\"@id\":\"https:\/\/veritasinfo.org\/?p=45589#breadcrumb\"},\"inLanguage\":\"en-US\",\"potentialAction\":[{\"@type\":\"ReadAction\",\"target\":[\"https:\/\/veritasinfo.org\/?p=45589\"]}]},{\"@type\":\"ImageObject\",\"inLanguage\":\"en-US\",\"@id\":\"https:\/\/veritasinfo.org\/?p=45589#primaryimage\",\"url\":\"https:\/\/veritasinfo.org\/wp-content\/uploads\/2026\/04\/mbetje.jpg\",\"contentUrl\":\"https:\/\/veritasinfo.org\/wp-content\/uploads\/2026\/04\/mbetje.jpg\",\"width\":900,\"height\":506},{\"@type\":\"BreadcrumbList\",\"@id\":\"https:\/\/veritasinfo.org\/?p=45589#breadcrumb\",\"itemListElement\":[{\"@type\":\"ListItem\",\"position\":1,\"name\":\"Home\",\"item\":\"https:\/\/veritasinfo.org\/\"},{\"@type\":\"ListItem\",\"position\":2,\"name\":\"Zbulohen mbetje mortore n\u00eb Krush\u00eb t\u00eb Vog\u00ebl \u2013 dyshohet p\u00ebr person t\u00eb zhdukur nga lufta\"}]},{\"@type\":\"WebSite\",\"@id\":\"https:\/\/veritasinfo.org\/#website\",\"url\":\"https:\/\/veritasinfo.org\/\",\"name\":\"\",\"description\":\"\",\"potentialAction\":[{\"@type\":\"SearchAction\",\"target\":{\"@type\":\"EntryPoint\",\"urlTemplate\":\"https:\/\/veritasinfo.org\/?s={search_term_string}\"},\"query-input\":{\"@type\":\"PropertyValueSpecification\",\"valueRequired\":true,\"valueName\":\"search_term_string\"}}],\"inLanguage\":\"en-US\"},{\"@type\":\"Person\",\"@id\":\"https:\/\/veritasinfo.org\/#\/schema\/person\/fe199eede04c3937362892b7444747cc\",\"name\":\"US6\",\"image\":{\"@type\":\"ImageObject\",\"inLanguage\":\"en-US\",\"@id\":\"https:\/\/veritasinfo.org\/#\/schema\/person\/image\/\",\"url\":\"https:\/\/secure.gravatar.com\/avatar\/cb16c3c31c9d23b9b8c705964598220b3014e42ff51eb540ff23cefa3ae8c15f?s=96&d=mm&r=g\",\"contentUrl\":\"https:\/\/secure.gravatar.com\/avatar\/cb16c3c31c9d23b9b8c705964598220b3014e42ff51eb540ff23cefa3ae8c15f?s=96&d=mm&r=g\",\"caption\":\"US6\"},\"url\":\"https:\/\/veritasinfo.org\/?author=7\"}]}<\/script>\n<!-- \/ Yoast SEO plugin. -->","yoast_head_json":{"title":"Zbulohen mbetje mortore n\u00eb Krush\u00eb t\u00eb Vog\u00ebl \u2013 dyshohet p\u00ebr person t\u00eb zhdukur nga lufta -","robots":{"index":"index","follow":"follow","max-snippet":"max-snippet:-1","max-image-preview":"max-image-preview:large","max-video-preview":"max-video-preview:-1"},"canonical":"https:\/\/veritasinfo.org\/?p=45589","og_locale":"en_US","og_type":"article","og_title":"Zbulohen mbetje mortore n\u00eb Krush\u00eb t\u00eb Vog\u00ebl \u2013 dyshohet p\u00ebr person t\u00eb zhdukur nga lufta -","og_description":"Prishtin\u00eb, 29 prill 2026 09:31 Nj\u00eb zhvillim i r\u00ebnd\u00ebsish\u00ebm ka ndodhur n\u00eb k\u00ebrkimin e personave t\u00eb zhdukur nga lufta. M\u00eb 28 prill 2026, Sektori p\u00ebr","og_url":"https:\/\/veritasinfo.org\/?p=45589","article_published_time":"2026-04-29T07:31:38+00:00","article_modified_time":"2026-04-29T07:32:26+00:00","og_image":[{"width":900,"height":506,"url":"https:\/\/veritasinfo.org\/wp-content\/uploads\/2026\/04\/mbetje.jpg","type":"image\/jpeg"}],"author":"US6","twitter_card":"summary_large_image","twitter_misc":{"Written by":"US6","Est. reading time":"1 minute"},"schema":{"@context":"https:\/\/schema.org","@graph":[{"@type":"WebPage","@id":"https:\/\/veritasinfo.org\/?p=45589","url":"https:\/\/veritasinfo.org\/?p=45589","name":"Zbulohen mbetje mortore n\u00eb Krush\u00eb t\u00eb Vog\u00ebl \u2013 dyshohet p\u00ebr person t\u00eb zhdukur nga lufta -","isPartOf":{"@id":"https:\/\/veritasinfo.org\/#website"},"primaryImageOfPage":{"@id":"https:\/\/veritasinfo.org\/?p=45589#primaryimage"},"image":{"@id":"https:\/\/veritasinfo.org\/?p=45589#primaryimage"},"thumbnailUrl":"https:\/\/veritasinfo.org\/wp-content\/uploads\/2026\/04\/mbetje.jpg","datePublished":"2026-04-29T07:31:38+00:00","dateModified":"2026-04-29T07:32:26+00:00","author":{"@id":"https:\/\/veritasinfo.org\/#\/schema\/person\/fe199eede04c3937362892b7444747cc"},"breadcrumb":{"@id":"https:\/\/veritasinfo.org\/?p=45589#breadcrumb"},"inLanguage":"en-US","potentialAction":[{"@type":"ReadAction","target":["https:\/\/veritasinfo.org\/?p=45589"]}]},{"@type":"ImageObject","inLanguage":"en-US","@id":"https:\/\/veritasinfo.org\/?p=45589#primaryimage","url":"https:\/\/veritasinfo.org\/wp-content\/uploads\/2026\/04\/mbetje.jpg","contentUrl":"https:\/\/veritasinfo.org\/wp-content\/uploads\/2026\/04\/mbetje.jpg","width":900,"height":506},{"@type":"BreadcrumbList","@id":"https:\/\/veritasinfo.org\/?p=45589#breadcrumb","itemListElement":[{"@type":"ListItem","position":1,"name":"Home","item":"https:\/\/veritasinfo.org\/"},{"@type":"ListItem","position":2,"name":"Zbulohen mbetje mortore n\u00eb Krush\u00eb t\u00eb Vog\u00ebl \u2013 dyshohet p\u00ebr person t\u00eb zhdukur nga lufta"}]},{"@type":"WebSite","@id":"https:\/\/veritasinfo.org\/#website","url":"https:\/\/veritasinfo.org\/","name":"","description":"","potentialAction":[{"@type":"SearchAction","target":{"@type":"EntryPoint","urlTemplate":"https:\/\/veritasinfo.org\/?s={search_term_string}"},"query-input":{"@type":"PropertyValueSpecification","valueRequired":true,"valueName":"search_term_string"}}],"inLanguage":"en-US"},{"@type":"Person","@id":"https:\/\/veritasinfo.org\/#\/schema\/person\/fe199eede04c3937362892b7444747cc","name":"US6","image":{"@type":"ImageObject","inLanguage":"en-US","@id":"https:\/\/veritasinfo.org\/#\/schema\/person\/image\/","url":"https:\/\/secure.gravatar.com\/avatar\/cb16c3c31c9d23b9b8c705964598220b3014e42ff51eb540ff23cefa3ae8c15f?s=96&d=mm&r=g","contentUrl":"https:\/\/secure.gravatar.com\/avatar\/cb16c3c31c9d23b9b8c705964598220b3014e42ff51eb540ff23cefa3ae8c15f?s=96&d=mm&r=g","caption":"US6"},"url":"https:\/\/veritasinfo.org\/?author=7"}]}},"featured_image_urls":{"full":["https:\/\/veritasinfo.org\/wp-content\/uploads\/2026\/04\/mbetje.jpg",900,506,false],"thumbnail":["https:\/\/veritasinfo.org\/wp-content\/uploads\/2026\/04\/mbetje-150x150.jpg",150,150,true],"medium":["https:\/\/veritasinfo.org\/wp-content\/uploads\/2026\/04\/mbetje-300x169.jpg",300,169,true],"medium_large":["https:\/\/veritasinfo.org\/wp-content\/uploads\/2026\/04\/mbetje-768x432.jpg",640,360,true],"large":["https:\/\/veritasinfo.org\/wp-content\/uploads\/2026\/04\/mbetje.jpg",640,360,false],"1536x1536":["https:\/\/veritasinfo.org\/wp-content\/uploads\/2026\/04\/mbetje.jpg",900,506,false],"2048x2048":["https:\/\/veritasinfo.org\/wp-content\/uploads\/2026\/04\/mbetje.jpg",900,506,false],"kreeti-slider-full":["https:\/\/veritasinfo.org\/wp-content\/uploads\/2026\/04\/mbetje.jpg",900,506,false],"kreeti-featured":["https:\/\/veritasinfo.org\/wp-content\/uploads\/2026\/04\/mbetje.jpg",900,506,false],"kreeti-medium":["https:\/\/veritasinfo.org\/wp-content\/uploads\/2026\/04\/mbetje-720x506.jpg",720,506,true],"kreeti-medium-square":["https:\/\/veritasinfo.org\/wp-content\/uploads\/2026\/04\/mbetje-350x350.jpg",350,350,true]},"author_info":{"info":["US6"]},"category_info":"<a href=\"https:\/\/veritasinfo.org\/?cat=60\" rel=\"category\">Shoq\u00ebrore<\/a>","tag_info":"Shoq\u00ebrore","comment_count":"0","_links":{"self":[{"href":"https:\/\/veritasinfo.org\/index.php?rest_route=\/wp\/v2\/posts\/45589","targetHints":{"allow":["GET"]}}],"collection":[{"href":"https:\/\/veritasinfo.org\/index.php?rest_route=\/wp\/v2\/posts"}],"about":[{"href":"https:\/\/veritasinfo.org\/index.php?rest_route=\/wp\/v2\/types\/post"}],"author":[{"embeddable":true,"href":"https:\/\/veritasinfo.org\/index.php?rest_route=\/wp\/v2\/users\/7"}],"replies":[{"embeddable":true,"href":"https:\/\/veritasinfo.org\/index.php?rest_route=%2Fwp%2Fv2%2Fcomments&post=45589"}],"version-history":[{"count":2,"href":"https:\/\/veritasinfo.org\/index.php?rest_route=\/wp\/v2\/posts\/45589\/revisions"}],"predecessor-version":[{"id":45592,"href":"https:\/\/veritasinfo.org\/index.php?rest_route=\/wp\/v2\/posts\/45589\/revisions\/45592"}],"wp:featuredmedia":[{"embeddable":true,"href":"https:\/\/veritasinfo.org\/index.php?rest_route=\/wp\/v2\/media\/45590"}],"wp:attachment":[{"href":"https:\/\/veritasinfo.org\/index.php?rest_route=%2Fwp%2Fv2%2Fmedia&parent=45589"}],"wp:term":[{"taxonomy":"category","embeddable":true,"href":"https:\/\/veritasinfo.org\/index.php?rest_route=%2Fwp%2Fv2%2Fcategories&post=45589"},{"taxonomy":"post_tag","embeddable":true,"href":"https:\/\/veritasinfo.org\/index.php?rest_route=%2Fwp%2Fv2%2Ftags&post=45589"}],"curies":[{"name":"wp","href":"https:\/\/api.w.org\/{rel}","templated":true}]}}