{"id":45579,"date":"2026-04-29T08:04:54","date_gmt":"2026-04-29T06:04:54","guid":{"rendered":"https:\/\/veritasinfo.org\/?p=45579"},"modified":"2026-04-29T08:04:54","modified_gmt":"2026-04-29T06:04:54","slug":"gjykimi-per-krime-lufte-ndaj-grujica-veljoviq-mbahet-ne-mungese","status":"publish","type":"post","link":"https:\/\/veritasinfo.org\/?p=45579","title":{"rendered":"Gjykimi p\u00ebr krime lufte ndaj Grujica Veljoviq mbahet n\u00eb munges\u00eb"},"content":{"rendered":"<p>Prishtin\u00eb 28 Prill 2026 8:05<\/p>\n<p>Gjykata Themelore n\u00eb Prishtin\u00eb ka njoftuar se ka caktuar seancat e shqyrtimit gjyq\u00ebsor n\u00eb \u00e7\u00ebshtjen penale ndaj t\u00eb akuzuarit p\u00ebr krime lufte, Grujica Veljoviq, gjykim i cili do t\u00eb zhvillohet n\u00eb munges\u00eb t\u00eb tij.<\/p>\n<p>Veljoviq akuzohet p\u00ebr vepr\u00ebn penale \u201ckrime t\u00eb luft\u00ebs kund\u00ebr popullsis\u00eb civile\u201d, t\u00eb parapar\u00eb fillimisht me ligjin penal t\u00eb ish RSFJ-s\u00eb, e q\u00eb aktualisht \u00ebsht\u00eb e inkriminuar si \u201ckrime kund\u00ebr njer\u00ebzimit\u201d sipas Kodit Penal t\u00eb Republik\u00ebs s\u00eb Kosov\u00ebs.<\/p>\n<p>Gjykata ka b\u00ebr\u00eb t\u00eb ditur se, bazuar n\u00eb propozimin e Prokuroris\u00eb Speciale, gjykimi do t\u00eb mbahet n\u00eb munges\u00eb, pasi i akuzuari ka qen\u00eb i paarritsh\u00ebm p\u00ebr organet e drejt\u00ebsis\u00eb.<\/p>\n<p>Po ashtu, p\u00ebrmes komunikat\u00ebs, gjykata i ka b\u00ebr\u00eb thirrje Grujica Veljoviq q\u00eb t\u00eb dor\u00ebzohet pran\u00eb organeve kompetente n\u00eb Kosov\u00eb.<\/p>\n","protected":false},"excerpt":{"rendered":"<p>Prishtin\u00eb 28 Prill 2026 8:05 Gjykata Themelore n\u00eb Prishtin\u00eb ka njoftuar se ka caktuar seancat e shqyrtimit gjyq\u00ebsor n\u00eb \u00e7\u00ebshtjen penale ndaj t\u00eb akuzuarit p\u00ebr<\/p>\n","protected":false},"author":6,"featured_media":45583,"comment_status":"open","ping_status":"open","sticky":false,"template":"","format":"standard","meta":{"footnotes":""},"categories":[60],"tags":[],"class_list":["post-45579","post","type-post","status-publish","format-standard","has-post-thumbnail","hentry","category-shoqerore-sq"],"yoast_head":"<!-- This site is optimized with the Yoast SEO plugin v25.3.1 - https:\/\/yoast.com\/wordpress\/plugins\/seo\/ -->\n<title>Gjykimi p\u00ebr krime lufte ndaj Grujica Veljoviq mbahet n\u00eb munges\u00eb -<\/title>\n<meta name=\"robots\" content=\"index, follow, max-snippet:-1, max-image-preview:large, max-video-preview:-1\" \/>\n<link rel=\"canonical\" href=\"https:\/\/veritasinfo.org\/?p=45579\" \/>\n<meta property=\"og:locale\" content=\"en_US\" \/>\n<meta property=\"og:type\" content=\"article\" \/>\n<meta property=\"og:title\" content=\"Gjykimi p\u00ebr krime lufte ndaj Grujica Veljoviq mbahet n\u00eb munges\u00eb -\" \/>\n<meta property=\"og:description\" content=\"Prishtin\u00eb 28 Prill 2026 8:05 Gjykata Themelore n\u00eb Prishtin\u00eb ka njoftuar se ka caktuar seancat e shqyrtimit gjyq\u00ebsor n\u00eb \u00e7\u00ebshtjen penale ndaj t\u00eb akuzuarit p\u00ebr\" \/>\n<meta property=\"og:url\" content=\"https:\/\/veritasinfo.org\/?p=45579\" \/>\n<meta property=\"article:published_time\" content=\"2026-04-29T06:04:54+00:00\" \/>\n<meta property=\"og:image\" content=\"https:\/\/veritasinfo.org\/wp-content\/uploads\/2026\/04\/723433-4JEYekPldR.jpeg\" \/>\n\t<meta property=\"og:image:width\" content=\"780\" \/>\n\t<meta property=\"og:image:height\" content=\"500\" \/>\n\t<meta property=\"og:image:type\" content=\"image\/jpeg\" \/>\n<meta name=\"author\" content=\"US5\" \/>\n<meta name=\"twitter:card\" content=\"summary_large_image\" \/>\n<meta name=\"twitter:label1\" content=\"Written by\" \/>\n\t<meta name=\"twitter:data1\" content=\"US5\" \/>\n\t<meta name=\"twitter:label2\" content=\"Est. reading time\" \/>\n\t<meta name=\"twitter:data2\" content=\"1 minute\" \/>\n<script type=\"application\/ld+json\" class=\"yoast-schema-graph\">{\"@context\":\"https:\/\/schema.org\",\"@graph\":[{\"@type\":\"WebPage\",\"@id\":\"https:\/\/veritasinfo.org\/?p=45579\",\"url\":\"https:\/\/veritasinfo.org\/?p=45579\",\"name\":\"Gjykimi p\u00ebr krime lufte ndaj Grujica Veljoviq mbahet n\u00eb munges\u00eb -\",\"isPartOf\":{\"@id\":\"https:\/\/veritasinfo.org\/#website\"},\"primaryImageOfPage\":{\"@id\":\"https:\/\/veritasinfo.org\/?p=45579#primaryimage\"},\"image\":{\"@id\":\"https:\/\/veritasinfo.org\/?p=45579#primaryimage\"},\"thumbnailUrl\":\"https:\/\/veritasinfo.org\/wp-content\/uploads\/2026\/04\/723433-4JEYekPldR.jpeg\",\"datePublished\":\"2026-04-29T06:04:54+00:00\",\"author\":{\"@id\":\"https:\/\/veritasinfo.org\/#\/schema\/person\/bc442336e35414d04494ab8fb45db4c6\"},\"breadcrumb\":{\"@id\":\"https:\/\/veritasinfo.org\/?p=45579#breadcrumb\"},\"inLanguage\":\"en-US\",\"potentialAction\":[{\"@type\":\"ReadAction\",\"target\":[\"https:\/\/veritasinfo.org\/?p=45579\"]}]},{\"@type\":\"ImageObject\",\"inLanguage\":\"en-US\",\"@id\":\"https:\/\/veritasinfo.org\/?p=45579#primaryimage\",\"url\":\"https:\/\/veritasinfo.org\/wp-content\/uploads\/2026\/04\/723433-4JEYekPldR.jpeg\",\"contentUrl\":\"https:\/\/veritasinfo.org\/wp-content\/uploads\/2026\/04\/723433-4JEYekPldR.jpeg\",\"width\":780,\"height\":500},{\"@type\":\"BreadcrumbList\",\"@id\":\"https:\/\/veritasinfo.org\/?p=45579#breadcrumb\",\"itemListElement\":[{\"@type\":\"ListItem\",\"position\":1,\"name\":\"Home\",\"item\":\"https:\/\/veritasinfo.org\/\"},{\"@type\":\"ListItem\",\"position\":2,\"name\":\"Gjykimi p\u00ebr krime lufte ndaj Grujica Veljoviq mbahet n\u00eb munges\u00eb\"}]},{\"@type\":\"WebSite\",\"@id\":\"https:\/\/veritasinfo.org\/#website\",\"url\":\"https:\/\/veritasinfo.org\/\",\"name\":\"\",\"description\":\"\",\"potentialAction\":[{\"@type\":\"SearchAction\",\"target\":{\"@type\":\"EntryPoint\",\"urlTemplate\":\"https:\/\/veritasinfo.org\/?s={search_term_string}\"},\"query-input\":{\"@type\":\"PropertyValueSpecification\",\"valueRequired\":true,\"valueName\":\"search_term_string\"}}],\"inLanguage\":\"en-US\"},{\"@type\":\"Person\",\"@id\":\"https:\/\/veritasinfo.org\/#\/schema\/person\/bc442336e35414d04494ab8fb45db4c6\",\"name\":\"US5\",\"image\":{\"@type\":\"ImageObject\",\"inLanguage\":\"en-US\",\"@id\":\"https:\/\/veritasinfo.org\/#\/schema\/person\/image\/\",\"url\":\"https:\/\/secure.gravatar.com\/avatar\/16a61e7272a0c5d001121ebb9e60e925d5816e4ac1e443ed3e640d9a6ae55d0c?s=96&d=mm&r=g\",\"contentUrl\":\"https:\/\/secure.gravatar.com\/avatar\/16a61e7272a0c5d001121ebb9e60e925d5816e4ac1e443ed3e640d9a6ae55d0c?s=96&d=mm&r=g\",\"caption\":\"US5\"},\"url\":\"https:\/\/veritasinfo.org\/?author=6\"}]}<\/script>\n<!-- \/ Yoast SEO plugin. -->","yoast_head_json":{"title":"Gjykimi p\u00ebr krime lufte ndaj Grujica Veljoviq mbahet n\u00eb munges\u00eb -","robots":{"index":"index","follow":"follow","max-snippet":"max-snippet:-1","max-image-preview":"max-image-preview:large","max-video-preview":"max-video-preview:-1"},"canonical":"https:\/\/veritasinfo.org\/?p=45579","og_locale":"en_US","og_type":"article","og_title":"Gjykimi p\u00ebr krime lufte ndaj Grujica Veljoviq mbahet n\u00eb munges\u00eb -","og_description":"Prishtin\u00eb 28 Prill 2026 8:05 Gjykata Themelore n\u00eb Prishtin\u00eb ka njoftuar se ka caktuar seancat e shqyrtimit gjyq\u00ebsor n\u00eb \u00e7\u00ebshtjen penale ndaj t\u00eb akuzuarit p\u00ebr","og_url":"https:\/\/veritasinfo.org\/?p=45579","article_published_time":"2026-04-29T06:04:54+00:00","og_image":[{"width":780,"height":500,"url":"https:\/\/veritasinfo.org\/wp-content\/uploads\/2026\/04\/723433-4JEYekPldR.jpeg","type":"image\/jpeg"}],"author":"US5","twitter_card":"summary_large_image","twitter_misc":{"Written by":"US5","Est. reading time":"1 minute"},"schema":{"@context":"https:\/\/schema.org","@graph":[{"@type":"WebPage","@id":"https:\/\/veritasinfo.org\/?p=45579","url":"https:\/\/veritasinfo.org\/?p=45579","name":"Gjykimi p\u00ebr krime lufte ndaj Grujica Veljoviq mbahet n\u00eb munges\u00eb -","isPartOf":{"@id":"https:\/\/veritasinfo.org\/#website"},"primaryImageOfPage":{"@id":"https:\/\/veritasinfo.org\/?p=45579#primaryimage"},"image":{"@id":"https:\/\/veritasinfo.org\/?p=45579#primaryimage"},"thumbnailUrl":"https:\/\/veritasinfo.org\/wp-content\/uploads\/2026\/04\/723433-4JEYekPldR.jpeg","datePublished":"2026-04-29T06:04:54+00:00","author":{"@id":"https:\/\/veritasinfo.org\/#\/schema\/person\/bc442336e35414d04494ab8fb45db4c6"},"breadcrumb":{"@id":"https:\/\/veritasinfo.org\/?p=45579#breadcrumb"},"inLanguage":"en-US","potentialAction":[{"@type":"ReadAction","target":["https:\/\/veritasinfo.org\/?p=45579"]}]},{"@type":"ImageObject","inLanguage":"en-US","@id":"https:\/\/veritasinfo.org\/?p=45579#primaryimage","url":"https:\/\/veritasinfo.org\/wp-content\/uploads\/2026\/04\/723433-4JEYekPldR.jpeg","contentUrl":"https:\/\/veritasinfo.org\/wp-content\/uploads\/2026\/04\/723433-4JEYekPldR.jpeg","width":780,"height":500},{"@type":"BreadcrumbList","@id":"https:\/\/veritasinfo.org\/?p=45579#breadcrumb","itemListElement":[{"@type":"ListItem","position":1,"name":"Home","item":"https:\/\/veritasinfo.org\/"},{"@type":"ListItem","position":2,"name":"Gjykimi p\u00ebr krime lufte ndaj Grujica Veljoviq mbahet n\u00eb munges\u00eb"}]},{"@type":"WebSite","@id":"https:\/\/veritasinfo.org\/#website","url":"https:\/\/veritasinfo.org\/","name":"","description":"","potentialAction":[{"@type":"SearchAction","target":{"@type":"EntryPoint","urlTemplate":"https:\/\/veritasinfo.org\/?s={search_term_string}"},"query-input":{"@type":"PropertyValueSpecification","valueRequired":true,"valueName":"search_term_string"}}],"inLanguage":"en-US"},{"@type":"Person","@id":"https:\/\/veritasinfo.org\/#\/schema\/person\/bc442336e35414d04494ab8fb45db4c6","name":"US5","image":{"@type":"ImageObject","inLanguage":"en-US","@id":"https:\/\/veritasinfo.org\/#\/schema\/person\/image\/","url":"https:\/\/secure.gravatar.com\/avatar\/16a61e7272a0c5d001121ebb9e60e925d5816e4ac1e443ed3e640d9a6ae55d0c?s=96&d=mm&r=g","contentUrl":"https:\/\/secure.gravatar.com\/avatar\/16a61e7272a0c5d001121ebb9e60e925d5816e4ac1e443ed3e640d9a6ae55d0c?s=96&d=mm&r=g","caption":"US5"},"url":"https:\/\/veritasinfo.org\/?author=6"}]}},"featured_image_urls":{"full":["https:\/\/veritasinfo.org\/wp-content\/uploads\/2026\/04\/723433-4JEYekPldR.jpeg",780,500,false],"thumbnail":["https:\/\/veritasinfo.org\/wp-content\/uploads\/2026\/04\/723433-4JEYekPldR-150x150.jpeg",150,150,true],"medium":["https:\/\/veritasinfo.org\/wp-content\/uploads\/2026\/04\/723433-4JEYekPldR-300x192.jpeg",300,192,true],"medium_large":["https:\/\/veritasinfo.org\/wp-content\/uploads\/2026\/04\/723433-4JEYekPldR-768x492.jpeg",640,410,true],"large":["https:\/\/veritasinfo.org\/wp-content\/uploads\/2026\/04\/723433-4JEYekPldR.jpeg",640,410,false],"1536x1536":["https:\/\/veritasinfo.org\/wp-content\/uploads\/2026\/04\/723433-4JEYekPldR.jpeg",780,500,false],"2048x2048":["https:\/\/veritasinfo.org\/wp-content\/uploads\/2026\/04\/723433-4JEYekPldR.jpeg",780,500,false],"kreeti-slider-full":["https:\/\/veritasinfo.org\/wp-content\/uploads\/2026\/04\/723433-4JEYekPldR.jpeg",780,500,false],"kreeti-featured":["https:\/\/veritasinfo.org\/wp-content\/uploads\/2026\/04\/723433-4JEYekPldR.jpeg",780,500,false],"kreeti-medium":["https:\/\/veritasinfo.org\/wp-content\/uploads\/2026\/04\/723433-4JEYekPldR-720x500.jpeg",720,500,true],"kreeti-medium-square":["https:\/\/veritasinfo.org\/wp-content\/uploads\/2026\/04\/723433-4JEYekPldR-350x350.jpeg",350,350,true]},"author_info":{"info":["US5"]},"category_info":"<a href=\"https:\/\/veritasinfo.org\/?cat=60\" rel=\"category\">Shoq\u00ebrore<\/a>","tag_info":"Shoq\u00ebrore","comment_count":"0","_links":{"self":[{"href":"https:\/\/veritasinfo.org\/index.php?rest_route=\/wp\/v2\/posts\/45579","targetHints":{"allow":["GET"]}}],"collection":[{"href":"https:\/\/veritasinfo.org\/index.php?rest_route=\/wp\/v2\/posts"}],"about":[{"href":"https:\/\/veritasinfo.org\/index.php?rest_route=\/wp\/v2\/types\/post"}],"author":[{"embeddable":true,"href":"https:\/\/veritasinfo.org\/index.php?rest_route=\/wp\/v2\/users\/6"}],"replies":[{"embeddable":true,"href":"https:\/\/veritasinfo.org\/index.php?rest_route=%2Fwp%2Fv2%2Fcomments&post=45579"}],"version-history":[{"count":3,"href":"https:\/\/veritasinfo.org\/index.php?rest_route=\/wp\/v2\/posts\/45579\/revisions"}],"predecessor-version":[{"id":45585,"href":"https:\/\/veritasinfo.org\/index.php?rest_route=\/wp\/v2\/posts\/45579\/revisions\/45585"}],"wp:featuredmedia":[{"embeddable":true,"href":"https:\/\/veritasinfo.org\/index.php?rest_route=\/wp\/v2\/media\/45583"}],"wp:attachment":[{"href":"https:\/\/veritasinfo.org\/index.php?rest_route=%2Fwp%2Fv2%2Fmedia&parent=45579"}],"wp:term":[{"taxonomy":"category","embeddable":true,"href":"https:\/\/veritasinfo.org\/index.php?rest_route=%2Fwp%2Fv2%2Fcategories&post=45579"},{"taxonomy":"post_tag","embeddable":true,"href":"https:\/\/veritasinfo.org\/index.php?rest_route=%2Fwp%2Fv2%2Ftags&post=45579"}],"curies":[{"name":"wp","href":"https:\/\/api.w.org\/{rel}","templated":true}]}}