{"id":45568,"date":"2026-04-29T06:39:11","date_gmt":"2026-04-29T04:39:11","guid":{"rendered":"https:\/\/veritasinfo.org\/?p=45568"},"modified":"2026-04-29T06:39:11","modified_gmt":"2026-04-29T04:39:11","slug":"3-2-milione-euro-mbeshtetje-financiare-per-projekte-nderkufitare-kosove-maqedoni-e-veriut","status":"publish","type":"post","link":"https:\/\/veritasinfo.org\/?p=45568","title":{"rendered":"3.2 milion\u00eb euro mb\u00ebshtetje financiare p\u00ebr projekte nd\u00ebrkufitare Kosov\u00eb \u2013 Maqedoni e Veriut"},"content":{"rendered":"<p>Prishtin\u00eb, 29 prill 2026 06:38<\/p>\n<p>Mb\u00ebshtetja financiare prej 3.2 milion\u00eb eurosh \u00ebsht\u00eb v\u00ebn\u00eb n\u00eb dispozicion p\u00ebr projekte t\u00eb reja n\u00eb kuad\u00ebr t\u00eb Programit IPA III t\u00eb Bashk\u00ebpunimit Nd\u00ebrkufitar Kosov\u00eb \u2013 Maqedoni e Veriut 2021\u20132027, duke synuar zhvillimin e q\u00ebndruesh\u00ebm dhe forcimin e lidhjeve mes dy vendeve.<\/p>\n<p>Vendimi \u00ebsht\u00eb marr\u00eb n\u00eb takimin e tret\u00eb t\u00eb Komitetit t\u00eb P\u00ebrbashk\u00ebt t\u00eb Monitorimit, i mbajtur n\u00eb Prishtin\u00eb, ku u aprovua lista e projekteve q\u00eb do t\u00eb p\u00ebrfitojn\u00eb nga thirrja e par\u00eb p\u00ebr projekt-propozime.<\/p>\n<p>Projektet e p\u00ebrzgjedhura do t\u00eb fillojn\u00eb zbatimin pas p\u00ebrfundimit t\u00eb procesit t\u00eb kontraktimit dhe do t\u00eb fokusohen n\u00eb fusha t\u00eb r\u00ebnd\u00ebsishme si mbrojtja e mjedisit, zhvillimi i turizmit dhe mb\u00ebshtetja e bizneseve n\u00eb zonat kufitare.<\/p>\n<p>Ky program synon t\u00eb forcoj\u00eb bashk\u00ebpunimin nd\u00ebrkufitar dhe t\u00eb krijoj\u00eb mund\u00ebsi t\u00eb reja p\u00ebr komunitetet n\u00eb t\u00eb dy an\u00ebt e kufirit, duke kontribuar n\u00eb zhvillimin ekonomik dhe social t\u00eb rajonit.<\/p>\n","protected":false},"excerpt":{"rendered":"<p>Prishtin\u00eb, 29 prill 2026 06:38 Mb\u00ebshtetja financiare prej 3.2 milion\u00eb eurosh \u00ebsht\u00eb v\u00ebn\u00eb n\u00eb dispozicion p\u00ebr projekte t\u00eb reja n\u00eb kuad\u00ebr t\u00eb Programit IPA III<\/p>\n","protected":false},"author":7,"featured_media":45569,"comment_status":"open","ping_status":"open","sticky":false,"template":"","format":"standard","meta":{"footnotes":""},"categories":[60],"tags":[],"class_list":["post-45568","post","type-post","status-publish","format-standard","has-post-thumbnail","hentry","category-shoqerore-sq"],"yoast_head":"<!-- This site is optimized with the Yoast SEO plugin v25.3.1 - https:\/\/yoast.com\/wordpress\/plugins\/seo\/ -->\n<title>3.2 milion\u00eb euro mb\u00ebshtetje financiare p\u00ebr projekte nd\u00ebrkufitare Kosov\u00eb \u2013 Maqedoni e Veriut -<\/title>\n<meta name=\"robots\" content=\"index, follow, max-snippet:-1, max-image-preview:large, max-video-preview:-1\" \/>\n<link rel=\"canonical\" href=\"https:\/\/veritasinfo.org\/?p=45568\" \/>\n<meta property=\"og:locale\" content=\"en_US\" \/>\n<meta property=\"og:type\" content=\"article\" \/>\n<meta property=\"og:title\" content=\"3.2 milion\u00eb euro mb\u00ebshtetje financiare p\u00ebr projekte nd\u00ebrkufitare Kosov\u00eb \u2013 Maqedoni e Veriut -\" \/>\n<meta property=\"og:description\" content=\"Prishtin\u00eb, 29 prill 2026 06:38 Mb\u00ebshtetja financiare prej 3.2 milion\u00eb eurosh \u00ebsht\u00eb v\u00ebn\u00eb n\u00eb dispozicion p\u00ebr projekte t\u00eb reja n\u00eb kuad\u00ebr t\u00eb Programit IPA III\" \/>\n<meta property=\"og:url\" content=\"https:\/\/veritasinfo.org\/?p=45568\" \/>\n<meta property=\"article:published_time\" content=\"2026-04-29T04:39:11+00:00\" \/>\n<meta property=\"og:image\" content=\"https:\/\/veritasinfo.org\/wp-content\/uploads\/2026\/04\/FB_IMG_1777437426763.jpg\" \/>\n\t<meta property=\"og:image:width\" content=\"1600\" \/>\n\t<meta property=\"og:image:height\" content=\"1200\" \/>\n\t<meta property=\"og:image:type\" content=\"image\/jpeg\" \/>\n<meta name=\"author\" content=\"US6\" \/>\n<meta name=\"twitter:card\" content=\"summary_large_image\" \/>\n<meta name=\"twitter:label1\" content=\"Written by\" \/>\n\t<meta name=\"twitter:data1\" content=\"US6\" \/>\n\t<meta name=\"twitter:label2\" content=\"Est. reading time\" \/>\n\t<meta name=\"twitter:data2\" content=\"1 minute\" \/>\n<script type=\"application\/ld+json\" class=\"yoast-schema-graph\">{\"@context\":\"https:\/\/schema.org\",\"@graph\":[{\"@type\":\"WebPage\",\"@id\":\"https:\/\/veritasinfo.org\/?p=45568\",\"url\":\"https:\/\/veritasinfo.org\/?p=45568\",\"name\":\"3.2 milion\u00eb euro mb\u00ebshtetje financiare p\u00ebr projekte nd\u00ebrkufitare Kosov\u00eb \u2013 Maqedoni e Veriut -\",\"isPartOf\":{\"@id\":\"https:\/\/veritasinfo.org\/#website\"},\"primaryImageOfPage\":{\"@id\":\"https:\/\/veritasinfo.org\/?p=45568#primaryimage\"},\"image\":{\"@id\":\"https:\/\/veritasinfo.org\/?p=45568#primaryimage\"},\"thumbnailUrl\":\"https:\/\/veritasinfo.org\/wp-content\/uploads\/2026\/04\/FB_IMG_1777437426763.jpg\",\"datePublished\":\"2026-04-29T04:39:11+00:00\",\"author\":{\"@id\":\"https:\/\/veritasinfo.org\/#\/schema\/person\/fe199eede04c3937362892b7444747cc\"},\"breadcrumb\":{\"@id\":\"https:\/\/veritasinfo.org\/?p=45568#breadcrumb\"},\"inLanguage\":\"en-US\",\"potentialAction\":[{\"@type\":\"ReadAction\",\"target\":[\"https:\/\/veritasinfo.org\/?p=45568\"]}]},{\"@type\":\"ImageObject\",\"inLanguage\":\"en-US\",\"@id\":\"https:\/\/veritasinfo.org\/?p=45568#primaryimage\",\"url\":\"https:\/\/veritasinfo.org\/wp-content\/uploads\/2026\/04\/FB_IMG_1777437426763.jpg\",\"contentUrl\":\"https:\/\/veritasinfo.org\/wp-content\/uploads\/2026\/04\/FB_IMG_1777437426763.jpg\",\"width\":1600,\"height\":1200},{\"@type\":\"BreadcrumbList\",\"@id\":\"https:\/\/veritasinfo.org\/?p=45568#breadcrumb\",\"itemListElement\":[{\"@type\":\"ListItem\",\"position\":1,\"name\":\"Home\",\"item\":\"https:\/\/veritasinfo.org\/\"},{\"@type\":\"ListItem\",\"position\":2,\"name\":\"3.2 milion\u00eb euro mb\u00ebshtetje financiare p\u00ebr projekte nd\u00ebrkufitare Kosov\u00eb \u2013 Maqedoni e Veriut\"}]},{\"@type\":\"WebSite\",\"@id\":\"https:\/\/veritasinfo.org\/#website\",\"url\":\"https:\/\/veritasinfo.org\/\",\"name\":\"\",\"description\":\"\",\"potentialAction\":[{\"@type\":\"SearchAction\",\"target\":{\"@type\":\"EntryPoint\",\"urlTemplate\":\"https:\/\/veritasinfo.org\/?s={search_term_string}\"},\"query-input\":{\"@type\":\"PropertyValueSpecification\",\"valueRequired\":true,\"valueName\":\"search_term_string\"}}],\"inLanguage\":\"en-US\"},{\"@type\":\"Person\",\"@id\":\"https:\/\/veritasinfo.org\/#\/schema\/person\/fe199eede04c3937362892b7444747cc\",\"name\":\"US6\",\"image\":{\"@type\":\"ImageObject\",\"inLanguage\":\"en-US\",\"@id\":\"https:\/\/veritasinfo.org\/#\/schema\/person\/image\/\",\"url\":\"https:\/\/secure.gravatar.com\/avatar\/cb16c3c31c9d23b9b8c705964598220b3014e42ff51eb540ff23cefa3ae8c15f?s=96&d=mm&r=g\",\"contentUrl\":\"https:\/\/secure.gravatar.com\/avatar\/cb16c3c31c9d23b9b8c705964598220b3014e42ff51eb540ff23cefa3ae8c15f?s=96&d=mm&r=g\",\"caption\":\"US6\"},\"url\":\"https:\/\/veritasinfo.org\/?author=7\"}]}<\/script>\n<!-- \/ Yoast SEO plugin. -->","yoast_head_json":{"title":"3.2 milion\u00eb euro mb\u00ebshtetje financiare p\u00ebr projekte nd\u00ebrkufitare Kosov\u00eb \u2013 Maqedoni e Veriut -","robots":{"index":"index","follow":"follow","max-snippet":"max-snippet:-1","max-image-preview":"max-image-preview:large","max-video-preview":"max-video-preview:-1"},"canonical":"https:\/\/veritasinfo.org\/?p=45568","og_locale":"en_US","og_type":"article","og_title":"3.2 milion\u00eb euro mb\u00ebshtetje financiare p\u00ebr projekte nd\u00ebrkufitare Kosov\u00eb \u2013 Maqedoni e Veriut -","og_description":"Prishtin\u00eb, 29 prill 2026 06:38 Mb\u00ebshtetja financiare prej 3.2 milion\u00eb eurosh \u00ebsht\u00eb v\u00ebn\u00eb n\u00eb dispozicion p\u00ebr projekte t\u00eb reja n\u00eb kuad\u00ebr t\u00eb Programit IPA III","og_url":"https:\/\/veritasinfo.org\/?p=45568","article_published_time":"2026-04-29T04:39:11+00:00","og_image":[{"width":1600,"height":1200,"url":"https:\/\/veritasinfo.org\/wp-content\/uploads\/2026\/04\/FB_IMG_1777437426763.jpg","type":"image\/jpeg"}],"author":"US6","twitter_card":"summary_large_image","twitter_misc":{"Written by":"US6","Est. reading time":"1 minute"},"schema":{"@context":"https:\/\/schema.org","@graph":[{"@type":"WebPage","@id":"https:\/\/veritasinfo.org\/?p=45568","url":"https:\/\/veritasinfo.org\/?p=45568","name":"3.2 milion\u00eb euro mb\u00ebshtetje financiare p\u00ebr projekte nd\u00ebrkufitare Kosov\u00eb \u2013 Maqedoni e Veriut -","isPartOf":{"@id":"https:\/\/veritasinfo.org\/#website"},"primaryImageOfPage":{"@id":"https:\/\/veritasinfo.org\/?p=45568#primaryimage"},"image":{"@id":"https:\/\/veritasinfo.org\/?p=45568#primaryimage"},"thumbnailUrl":"https:\/\/veritasinfo.org\/wp-content\/uploads\/2026\/04\/FB_IMG_1777437426763.jpg","datePublished":"2026-04-29T04:39:11+00:00","author":{"@id":"https:\/\/veritasinfo.org\/#\/schema\/person\/fe199eede04c3937362892b7444747cc"},"breadcrumb":{"@id":"https:\/\/veritasinfo.org\/?p=45568#breadcrumb"},"inLanguage":"en-US","potentialAction":[{"@type":"ReadAction","target":["https:\/\/veritasinfo.org\/?p=45568"]}]},{"@type":"ImageObject","inLanguage":"en-US","@id":"https:\/\/veritasinfo.org\/?p=45568#primaryimage","url":"https:\/\/veritasinfo.org\/wp-content\/uploads\/2026\/04\/FB_IMG_1777437426763.jpg","contentUrl":"https:\/\/veritasinfo.org\/wp-content\/uploads\/2026\/04\/FB_IMG_1777437426763.jpg","width":1600,"height":1200},{"@type":"BreadcrumbList","@id":"https:\/\/veritasinfo.org\/?p=45568#breadcrumb","itemListElement":[{"@type":"ListItem","position":1,"name":"Home","item":"https:\/\/veritasinfo.org\/"},{"@type":"ListItem","position":2,"name":"3.2 milion\u00eb euro mb\u00ebshtetje financiare p\u00ebr projekte nd\u00ebrkufitare Kosov\u00eb \u2013 Maqedoni e Veriut"}]},{"@type":"WebSite","@id":"https:\/\/veritasinfo.org\/#website","url":"https:\/\/veritasinfo.org\/","name":"","description":"","potentialAction":[{"@type":"SearchAction","target":{"@type":"EntryPoint","urlTemplate":"https:\/\/veritasinfo.org\/?s={search_term_string}"},"query-input":{"@type":"PropertyValueSpecification","valueRequired":true,"valueName":"search_term_string"}}],"inLanguage":"en-US"},{"@type":"Person","@id":"https:\/\/veritasinfo.org\/#\/schema\/person\/fe199eede04c3937362892b7444747cc","name":"US6","image":{"@type":"ImageObject","inLanguage":"en-US","@id":"https:\/\/veritasinfo.org\/#\/schema\/person\/image\/","url":"https:\/\/secure.gravatar.com\/avatar\/cb16c3c31c9d23b9b8c705964598220b3014e42ff51eb540ff23cefa3ae8c15f?s=96&d=mm&r=g","contentUrl":"https:\/\/secure.gravatar.com\/avatar\/cb16c3c31c9d23b9b8c705964598220b3014e42ff51eb540ff23cefa3ae8c15f?s=96&d=mm&r=g","caption":"US6"},"url":"https:\/\/veritasinfo.org\/?author=7"}]}},"featured_image_urls":{"full":["https:\/\/veritasinfo.org\/wp-content\/uploads\/2026\/04\/FB_IMG_1777437426763.jpg",1600,1200,false],"thumbnail":["https:\/\/veritasinfo.org\/wp-content\/uploads\/2026\/04\/FB_IMG_1777437426763-150x150.jpg",150,150,true],"medium":["https:\/\/veritasinfo.org\/wp-content\/uploads\/2026\/04\/FB_IMG_1777437426763-300x225.jpg",300,225,true],"medium_large":["https:\/\/veritasinfo.org\/wp-content\/uploads\/2026\/04\/FB_IMG_1777437426763-768x576.jpg",640,480,true],"large":["https:\/\/veritasinfo.org\/wp-content\/uploads\/2026\/04\/FB_IMG_1777437426763-1024x768.jpg",640,480,true],"1536x1536":["https:\/\/veritasinfo.org\/wp-content\/uploads\/2026\/04\/FB_IMG_1777437426763-1536x1152.jpg",1536,1152,true],"2048x2048":["https:\/\/veritasinfo.org\/wp-content\/uploads\/2026\/04\/FB_IMG_1777437426763.jpg",1600,1200,false],"kreeti-slider-full":["https:\/\/veritasinfo.org\/wp-content\/uploads\/2026\/04\/FB_IMG_1777437426763-1280x720.jpg",1280,720,true],"kreeti-featured":["https:\/\/veritasinfo.org\/wp-content\/uploads\/2026\/04\/FB_IMG_1777437426763-1024x768.jpg",1024,768,true],"kreeti-medium":["https:\/\/veritasinfo.org\/wp-content\/uploads\/2026\/04\/FB_IMG_1777437426763-720x530.jpg",720,530,true],"kreeti-medium-square":["https:\/\/veritasinfo.org\/wp-content\/uploads\/2026\/04\/FB_IMG_1777437426763-350x350.jpg",350,350,true]},"author_info":{"info":["US6"]},"category_info":"<a href=\"https:\/\/veritasinfo.org\/?cat=60\" rel=\"category\">Shoq\u00ebrore<\/a>","tag_info":"Shoq\u00ebrore","comment_count":"0","_links":{"self":[{"href":"https:\/\/veritasinfo.org\/index.php?rest_route=\/wp\/v2\/posts\/45568","targetHints":{"allow":["GET"]}}],"collection":[{"href":"https:\/\/veritasinfo.org\/index.php?rest_route=\/wp\/v2\/posts"}],"about":[{"href":"https:\/\/veritasinfo.org\/index.php?rest_route=\/wp\/v2\/types\/post"}],"author":[{"embeddable":true,"href":"https:\/\/veritasinfo.org\/index.php?rest_route=\/wp\/v2\/users\/7"}],"replies":[{"embeddable":true,"href":"https:\/\/veritasinfo.org\/index.php?rest_route=%2Fwp%2Fv2%2Fcomments&post=45568"}],"version-history":[{"count":1,"href":"https:\/\/veritasinfo.org\/index.php?rest_route=\/wp\/v2\/posts\/45568\/revisions"}],"predecessor-version":[{"id":45570,"href":"https:\/\/veritasinfo.org\/index.php?rest_route=\/wp\/v2\/posts\/45568\/revisions\/45570"}],"wp:featuredmedia":[{"embeddable":true,"href":"https:\/\/veritasinfo.org\/index.php?rest_route=\/wp\/v2\/media\/45569"}],"wp:attachment":[{"href":"https:\/\/veritasinfo.org\/index.php?rest_route=%2Fwp%2Fv2%2Fmedia&parent=45568"}],"wp:term":[{"taxonomy":"category","embeddable":true,"href":"https:\/\/veritasinfo.org\/index.php?rest_route=%2Fwp%2Fv2%2Fcategories&post=45568"},{"taxonomy":"post_tag","embeddable":true,"href":"https:\/\/veritasinfo.org\/index.php?rest_route=%2Fwp%2Fv2%2Ftags&post=45568"}],"curies":[{"name":"wp","href":"https:\/\/api.w.org\/{rel}","templated":true}]}}