{"id":45566,"date":"2026-04-29T06:29:37","date_gmt":"2026-04-29T04:29:37","guid":{"rendered":"https:\/\/veritasinfo.org\/?p=45566"},"modified":"2026-04-29T06:29:37","modified_gmt":"2026-04-29T04:29:37","slug":"ubice-dece-u-ratu-najmanje-procesuirane","status":"publish","type":"post","link":"https:\/\/veritasinfo.org\/?p=45566&lang=sr","title":{"rendered":"Ubice dece u ratu, najmanje procesuirane"},"content":{"rendered":"<p>Pri\u0161tina, 29. april 2026. 06:25<\/p>\n<p>Imena 109 dece i dalje se pojavljuju na spisku osoba nasilno nestalih tokom rata. Direktor Centra za humanitarno pravo, Bekim Bljakaj, ka\u017ee da postoji malo sudskih postupaka protiv po\u010dinilaca zlo\u010dina nad decom, bilo u Ha\u0161kom procesu ili u onima po\u010dinjenim na Kosovu ili u Srbiji. Tako\u0111e, Vladina komisija za nestala lica saop\u0161tila je da Srbija odbija da sara\u0111uje u rasvetljavanju njihove sudbine.<\/p>\n<p>Me\u0111u 1.133 dece ubijene ili nestale tokom rata na Kosovu, pojavljuje se i ime Bledara Ga\u0161ija. Ubile su ga srpske snage istog dana kada je ro\u0111en, 7. aprila 1999. godine.<\/p>\n<p>Prema svedo\u010denjima, Bledari je ro\u0111en u devetom mesecu od rana koje je njegova majka zadobila tokom granatiranja od strane srpskih snaga i preminuo je tri sata kasnije. Niko nije osu\u0111en za ovaj zlo\u010din.<\/p>\n<p>Direktor Centra za humanitarno pravo, Bekim Bljakaj, rekao je da postoji malo sudskih postupaka protiv po\u010dinilaca zlo\u010dina nad decom, bilo u Ha\u0161kom procesu ili u onima po\u010dinjenim na Kosovu ili u Srbiji.<\/p>\n<p>\u201eNismo zadovoljni du\u017einom kazne i brojem optu\u017eenih. U svim ovim slu\u010dajevima, glavni po\u010dinioci nisu osu\u0111eni. Generalno, rekao bih da velika vec\u0301ina slu\u010dajeva ratnih zlo\u010dina nad decom nije su\u0111ena\u201c, rekao je Bljakaj.<\/p>\n<p>Tako\u0111e je izrazio kritike zbog nedovoljnih akcija u dokumentovanju zlo\u010dina nad decom.<\/p>\n<p>\u201eDr\u017eava nije u\u010dinila dovoljno, ni blizu dovoljno, u pogledu dokumentovanja zlo\u010dina. Postoje pojedinci i organizacije koji su poku\u0161ali da predstave tu naraciju o zlo\u010dinima nad decom kroz izlo\u017ebe ili publikacije. Institucije su pomagale na zahtev porodica, porodice dece \u017ertava su insistirale na formiranju spomen-obele\u017eja ili kuc\u0301e u kojoj je zlo\u010din po\u010dinjen u muzej, i samo su napori porodica ove dece doveli do stvaranja muzeja\u201c, rekao je on.<\/p>\n<p>\u010cak i 27 godina nakon rata, 109 dece se i dalje vodi kao nestalo.<\/p>\n<p>\u010clan Vladine komisije za nestala lica, Ku\u0161trim Gara, izjavio je da ovi slu\u010dajevi ostaju me\u0111u najzahtevnijim, kako zbog okolnosti nestanka, tako i zbog starosti \u017ertava.<\/p>\n<p>Prema njegovim re\u010dima, jedna od glavnih prepreka u ovom procesu i dalje je nedostatak saradnje iz Srbije.<\/p>\n<p>\u201eNe samo u slu\u010daju nestale dece, vec\u0301 uop\u0161te u slu\u010daju onih koji su nasilno nestali, naravno, kontinuirano smo isticali da postoji ekstremna politizacija sa strane srpske strane, kako u smislu nedavanja podataka iz svojih arhiva, tako i u smislu nedavanja datuma za nastavak iskopavanja na lokacijama na teritoriji Srbije\u201c, naglasio je Gara.<\/p>\n<p>Pre deset dana, posmrtni ostaci Sinana Dautija ponovo su sahranjeni u Gornjem Prekazu. Imao je samo 8 godina tokom rata, kada su ga te\u0161ko povredile srpske snage i odveden je u bolnicu u Mitrovici pod izgovorom le\u010denja, ali nikada nije vrac\u0301en porodici.<\/p>\n<p>Njegovi posmrtni ostaci prona\u0111eni su ovog meseca na jednoj lokaciji u Mitrovici<\/p>\n","protected":false},"excerpt":{"rendered":"<p>Pri\u0161tina, 29. april 2026. 06:25 Imena 109 dece i dalje se pojavljuju na spisku osoba nasilno nestalih tokom rata. Direktor Centra za humanitarno pravo, Bekim<\/p>\n","protected":false},"author":7,"featured_media":45564,"comment_status":"open","ping_status":"open","sticky":false,"template":"","format":"standard","meta":{"footnotes":""},"categories":[30],"tags":[],"class_list":["post-45566","post","type-post","status-publish","format-standard","has-post-thumbnail","hentry","category-drustvo"],"yoast_head":"<!-- This site is optimized with the Yoast SEO plugin v25.3.1 - https:\/\/yoast.com\/wordpress\/plugins\/seo\/ -->\n<title>Ubice dece u ratu, najmanje procesuirane -<\/title>\n<meta name=\"robots\" content=\"index, follow, max-snippet:-1, max-image-preview:large, max-video-preview:-1\" \/>\n<link rel=\"canonical\" href=\"https:\/\/veritasinfo.org\/?p=45566&lang=sr\" \/>\n<meta property=\"og:locale\" content=\"en_US\" \/>\n<meta property=\"og:type\" content=\"article\" \/>\n<meta property=\"og:title\" content=\"Ubice dece u ratu, najmanje procesuirane -\" \/>\n<meta property=\"og:description\" content=\"Pri\u0161tina, 29. april 2026. 06:25 Imena 109 dece i dalje se pojavljuju na spisku osoba nasilno nestalih tokom rata. Direktor Centra za humanitarno pravo, Bekim\" \/>\n<meta property=\"og:url\" content=\"https:\/\/veritasinfo.org\/?p=45566&amp;lang=sr\" \/>\n<meta property=\"article:published_time\" content=\"2026-04-29T04:29:37+00:00\" \/>\n<meta property=\"og:image\" content=\"https:\/\/veritasinfo.org\/wp-content\/uploads\/2026\/04\/fded6e89-ae79-4e82-80a2-1ba81d97aa4b.webp\" \/>\n\t<meta property=\"og:image:width\" content=\"700\" \/>\n\t<meta property=\"og:image:height\" content=\"394\" \/>\n\t<meta property=\"og:image:type\" content=\"image\/webp\" \/>\n<meta name=\"author\" content=\"US6\" \/>\n<meta name=\"twitter:card\" content=\"summary_large_image\" \/>\n<meta name=\"twitter:label1\" content=\"Written by\" \/>\n\t<meta name=\"twitter:data1\" content=\"US6\" \/>\n\t<meta name=\"twitter:label2\" content=\"Est. reading time\" \/>\n\t<meta name=\"twitter:data2\" content=\"3 minutes\" \/>\n<script type=\"application\/ld+json\" class=\"yoast-schema-graph\">{\"@context\":\"https:\/\/schema.org\",\"@graph\":[{\"@type\":\"WebPage\",\"@id\":\"https:\/\/veritasinfo.org\/?p=45566&lang=sr\",\"url\":\"https:\/\/veritasinfo.org\/?p=45566&lang=sr\",\"name\":\"Ubice dece u ratu, najmanje procesuirane -\",\"isPartOf\":{\"@id\":\"https:\/\/veritasinfo.org\/#website\"},\"primaryImageOfPage\":{\"@id\":\"https:\/\/veritasinfo.org\/?p=45566&lang=sr#primaryimage\"},\"image\":{\"@id\":\"https:\/\/veritasinfo.org\/?p=45566&lang=sr#primaryimage\"},\"thumbnailUrl\":\"https:\/\/veritasinfo.org\/wp-content\/uploads\/2026\/04\/fded6e89-ae79-4e82-80a2-1ba81d97aa4b.webp\",\"datePublished\":\"2026-04-29T04:29:37+00:00\",\"author\":{\"@id\":\"https:\/\/veritasinfo.org\/#\/schema\/person\/fe199eede04c3937362892b7444747cc\"},\"breadcrumb\":{\"@id\":\"https:\/\/veritasinfo.org\/?p=45566&lang=sr#breadcrumb\"},\"inLanguage\":\"en-US\",\"potentialAction\":[{\"@type\":\"ReadAction\",\"target\":[\"https:\/\/veritasinfo.org\/?p=45566&lang=sr\"]}]},{\"@type\":\"ImageObject\",\"inLanguage\":\"en-US\",\"@id\":\"https:\/\/veritasinfo.org\/?p=45566&lang=sr#primaryimage\",\"url\":\"https:\/\/veritasinfo.org\/wp-content\/uploads\/2026\/04\/fded6e89-ae79-4e82-80a2-1ba81d97aa4b.webp\",\"contentUrl\":\"https:\/\/veritasinfo.org\/wp-content\/uploads\/2026\/04\/fded6e89-ae79-4e82-80a2-1ba81d97aa4b.webp\",\"width\":700,\"height\":394},{\"@type\":\"BreadcrumbList\",\"@id\":\"https:\/\/veritasinfo.org\/?p=45566&lang=sr#breadcrumb\",\"itemListElement\":[{\"@type\":\"ListItem\",\"position\":1,\"name\":\"Home\",\"item\":\"https:\/\/veritasinfo.org\/\"},{\"@type\":\"ListItem\",\"position\":2,\"name\":\"Ubice dece u ratu, najmanje procesuirane\"}]},{\"@type\":\"WebSite\",\"@id\":\"https:\/\/veritasinfo.org\/#website\",\"url\":\"https:\/\/veritasinfo.org\/\",\"name\":\"\",\"description\":\"\",\"potentialAction\":[{\"@type\":\"SearchAction\",\"target\":{\"@type\":\"EntryPoint\",\"urlTemplate\":\"https:\/\/veritasinfo.org\/?s={search_term_string}\"},\"query-input\":{\"@type\":\"PropertyValueSpecification\",\"valueRequired\":true,\"valueName\":\"search_term_string\"}}],\"inLanguage\":\"en-US\"},{\"@type\":\"Person\",\"@id\":\"https:\/\/veritasinfo.org\/#\/schema\/person\/fe199eede04c3937362892b7444747cc\",\"name\":\"US6\",\"image\":{\"@type\":\"ImageObject\",\"inLanguage\":\"en-US\",\"@id\":\"https:\/\/veritasinfo.org\/#\/schema\/person\/image\/\",\"url\":\"https:\/\/secure.gravatar.com\/avatar\/cb16c3c31c9d23b9b8c705964598220b3014e42ff51eb540ff23cefa3ae8c15f?s=96&d=mm&r=g\",\"contentUrl\":\"https:\/\/secure.gravatar.com\/avatar\/cb16c3c31c9d23b9b8c705964598220b3014e42ff51eb540ff23cefa3ae8c15f?s=96&d=mm&r=g\",\"caption\":\"US6\"},\"url\":\"https:\/\/veritasinfo.org\/?author=7\"}]}<\/script>\n<!-- \/ Yoast SEO plugin. -->","yoast_head_json":{"title":"Ubice dece u ratu, najmanje procesuirane -","robots":{"index":"index","follow":"follow","max-snippet":"max-snippet:-1","max-image-preview":"max-image-preview:large","max-video-preview":"max-video-preview:-1"},"canonical":"https:\/\/veritasinfo.org\/?p=45566&lang=sr","og_locale":"en_US","og_type":"article","og_title":"Ubice dece u ratu, najmanje procesuirane -","og_description":"Pri\u0161tina, 29. april 2026. 06:25 Imena 109 dece i dalje se pojavljuju na spisku osoba nasilno nestalih tokom rata. Direktor Centra za humanitarno pravo, Bekim","og_url":"https:\/\/veritasinfo.org\/?p=45566&lang=sr","article_published_time":"2026-04-29T04:29:37+00:00","og_image":[{"width":700,"height":394,"url":"https:\/\/veritasinfo.org\/wp-content\/uploads\/2026\/04\/fded6e89-ae79-4e82-80a2-1ba81d97aa4b.webp","type":"image\/webp"}],"author":"US6","twitter_card":"summary_large_image","twitter_misc":{"Written by":"US6","Est. reading time":"3 minutes"},"schema":{"@context":"https:\/\/schema.org","@graph":[{"@type":"WebPage","@id":"https:\/\/veritasinfo.org\/?p=45566&lang=sr","url":"https:\/\/veritasinfo.org\/?p=45566&lang=sr","name":"Ubice dece u ratu, najmanje procesuirane -","isPartOf":{"@id":"https:\/\/veritasinfo.org\/#website"},"primaryImageOfPage":{"@id":"https:\/\/veritasinfo.org\/?p=45566&lang=sr#primaryimage"},"image":{"@id":"https:\/\/veritasinfo.org\/?p=45566&lang=sr#primaryimage"},"thumbnailUrl":"https:\/\/veritasinfo.org\/wp-content\/uploads\/2026\/04\/fded6e89-ae79-4e82-80a2-1ba81d97aa4b.webp","datePublished":"2026-04-29T04:29:37+00:00","author":{"@id":"https:\/\/veritasinfo.org\/#\/schema\/person\/fe199eede04c3937362892b7444747cc"},"breadcrumb":{"@id":"https:\/\/veritasinfo.org\/?p=45566&lang=sr#breadcrumb"},"inLanguage":"en-US","potentialAction":[{"@type":"ReadAction","target":["https:\/\/veritasinfo.org\/?p=45566&lang=sr"]}]},{"@type":"ImageObject","inLanguage":"en-US","@id":"https:\/\/veritasinfo.org\/?p=45566&lang=sr#primaryimage","url":"https:\/\/veritasinfo.org\/wp-content\/uploads\/2026\/04\/fded6e89-ae79-4e82-80a2-1ba81d97aa4b.webp","contentUrl":"https:\/\/veritasinfo.org\/wp-content\/uploads\/2026\/04\/fded6e89-ae79-4e82-80a2-1ba81d97aa4b.webp","width":700,"height":394},{"@type":"BreadcrumbList","@id":"https:\/\/veritasinfo.org\/?p=45566&lang=sr#breadcrumb","itemListElement":[{"@type":"ListItem","position":1,"name":"Home","item":"https:\/\/veritasinfo.org\/"},{"@type":"ListItem","position":2,"name":"Ubice dece u ratu, najmanje procesuirane"}]},{"@type":"WebSite","@id":"https:\/\/veritasinfo.org\/#website","url":"https:\/\/veritasinfo.org\/","name":"","description":"","potentialAction":[{"@type":"SearchAction","target":{"@type":"EntryPoint","urlTemplate":"https:\/\/veritasinfo.org\/?s={search_term_string}"},"query-input":{"@type":"PropertyValueSpecification","valueRequired":true,"valueName":"search_term_string"}}],"inLanguage":"en-US"},{"@type":"Person","@id":"https:\/\/veritasinfo.org\/#\/schema\/person\/fe199eede04c3937362892b7444747cc","name":"US6","image":{"@type":"ImageObject","inLanguage":"en-US","@id":"https:\/\/veritasinfo.org\/#\/schema\/person\/image\/","url":"https:\/\/secure.gravatar.com\/avatar\/cb16c3c31c9d23b9b8c705964598220b3014e42ff51eb540ff23cefa3ae8c15f?s=96&d=mm&r=g","contentUrl":"https:\/\/secure.gravatar.com\/avatar\/cb16c3c31c9d23b9b8c705964598220b3014e42ff51eb540ff23cefa3ae8c15f?s=96&d=mm&r=g","caption":"US6"},"url":"https:\/\/veritasinfo.org\/?author=7"}]}},"featured_image_urls":{"full":["https:\/\/veritasinfo.org\/wp-content\/uploads\/2026\/04\/fded6e89-ae79-4e82-80a2-1ba81d97aa4b.webp",700,394,false],"thumbnail":["https:\/\/veritasinfo.org\/wp-content\/uploads\/2026\/04\/fded6e89-ae79-4e82-80a2-1ba81d97aa4b-150x150.webp",150,150,true],"medium":["https:\/\/veritasinfo.org\/wp-content\/uploads\/2026\/04\/fded6e89-ae79-4e82-80a2-1ba81d97aa4b-300x169.webp",300,169,true],"medium_large":["https:\/\/veritasinfo.org\/wp-content\/uploads\/2026\/04\/fded6e89-ae79-4e82-80a2-1ba81d97aa4b.webp",640,360,false],"large":["https:\/\/veritasinfo.org\/wp-content\/uploads\/2026\/04\/fded6e89-ae79-4e82-80a2-1ba81d97aa4b.webp",640,360,false],"1536x1536":["https:\/\/veritasinfo.org\/wp-content\/uploads\/2026\/04\/fded6e89-ae79-4e82-80a2-1ba81d97aa4b.webp",700,394,false],"2048x2048":["https:\/\/veritasinfo.org\/wp-content\/uploads\/2026\/04\/fded6e89-ae79-4e82-80a2-1ba81d97aa4b.webp",700,394,false],"kreeti-slider-full":["https:\/\/veritasinfo.org\/wp-content\/uploads\/2026\/04\/fded6e89-ae79-4e82-80a2-1ba81d97aa4b.webp",700,394,false],"kreeti-featured":["https:\/\/veritasinfo.org\/wp-content\/uploads\/2026\/04\/fded6e89-ae79-4e82-80a2-1ba81d97aa4b.webp",700,394,false],"kreeti-medium":["https:\/\/veritasinfo.org\/wp-content\/uploads\/2026\/04\/fded6e89-ae79-4e82-80a2-1ba81d97aa4b.webp",700,394,false],"kreeti-medium-square":["https:\/\/veritasinfo.org\/wp-content\/uploads\/2026\/04\/fded6e89-ae79-4e82-80a2-1ba81d97aa4b-350x350.webp",350,350,true]},"author_info":{"info":["US6"]},"category_info":"<a href=\"https:\/\/veritasinfo.org\/?cat=30&#038;lang=sr\" rel=\"category\">Dru\u0161tvo<\/a>","tag_info":"Dru\u0161tvo","comment_count":"0","_links":{"self":[{"href":"https:\/\/veritasinfo.org\/index.php?rest_route=\/wp\/v2\/posts\/45566","targetHints":{"allow":["GET"]}}],"collection":[{"href":"https:\/\/veritasinfo.org\/index.php?rest_route=\/wp\/v2\/posts"}],"about":[{"href":"https:\/\/veritasinfo.org\/index.php?rest_route=\/wp\/v2\/types\/post"}],"author":[{"embeddable":true,"href":"https:\/\/veritasinfo.org\/index.php?rest_route=\/wp\/v2\/users\/7"}],"replies":[{"embeddable":true,"href":"https:\/\/veritasinfo.org\/index.php?rest_route=%2Fwp%2Fv2%2Fcomments&post=45566"}],"version-history":[{"count":1,"href":"https:\/\/veritasinfo.org\/index.php?rest_route=\/wp\/v2\/posts\/45566\/revisions"}],"predecessor-version":[{"id":45567,"href":"https:\/\/veritasinfo.org\/index.php?rest_route=\/wp\/v2\/posts\/45566\/revisions\/45567"}],"wp:featuredmedia":[{"embeddable":true,"href":"https:\/\/veritasinfo.org\/index.php?rest_route=\/wp\/v2\/media\/45564"}],"wp:attachment":[{"href":"https:\/\/veritasinfo.org\/index.php?rest_route=%2Fwp%2Fv2%2Fmedia&parent=45566"}],"wp:term":[{"taxonomy":"category","embeddable":true,"href":"https:\/\/veritasinfo.org\/index.php?rest_route=%2Fwp%2Fv2%2Fcategories&post=45566"},{"taxonomy":"post_tag","embeddable":true,"href":"https:\/\/veritasinfo.org\/index.php?rest_route=%2Fwp%2Fv2%2Ftags&post=45566"}],"curies":[{"name":"wp","href":"https:\/\/api.w.org\/{rel}","templated":true}]}}