{"id":45563,"date":"2026-04-29T06:27:49","date_gmt":"2026-04-29T04:27:49","guid":{"rendered":"https:\/\/veritasinfo.org\/?p=45563"},"modified":"2026-04-29T06:27:49","modified_gmt":"2026-04-29T04:27:49","slug":"vrasesit-e-femijeve-ne-lufte-me-se-paku-te-ndjekur-nga-drejtesia","status":"publish","type":"post","link":"https:\/\/veritasinfo.org\/?p=45563","title":{"rendered":"Vras\u00ebsit e f\u00ebmij\u00ebve n\u00eb luft\u00eb, m\u00eb s\u00eb paku t\u00eb ndjekur nga drejt\u00ebsia"},"content":{"rendered":"<p>Prishtin\u00eb, 29 prill 2026 06:25<\/p>\n<p>Emrat e 109 f\u00ebmij\u00ebve vazhdojn\u00eb t\u00eb figurojn\u00eb n\u00eb list\u00ebn e personave t\u00eb zhdukur me forc\u00eb gjat\u00eb luft\u00ebs. Drejtori i Fondit p\u00ebr t\u00eb Drejt\u00ebn Humanitare, Bekim Blakaj, thot\u00eb se jan\u00eb t\u00eb pakta rastet gjyq\u00ebsore ndaj kryer\u00ebsve t\u00eb krimeve ndaj f\u00ebmij\u00ebve, q\u00eb jan\u00eb zhvilluar si n\u00eb procesin e Hag\u00ebs apo edhe n\u00eb ato t\u00eb kryera n\u00eb Kosov\u00eb apo n\u00eb Serbi. E, n\u00eb Komisionin Qeveritar p\u00ebr Persona t\u00eb Zhdukur kan\u00eb th\u00ebn\u00eb se Serbia refuzon t\u00eb bashk\u00ebpunoj\u00eb p\u00ebr zbardhjen e fatit t\u00eb tyre.<\/p>\n<p>N\u00eb mesin e 1.133 f\u00ebmij\u00ebve t\u00eb vrar\u00eb ose t\u00eb zhdukur gjat\u00eb luft\u00ebs n\u00eb Kosov\u00eb, figuron edhe emri i Bledar Gashit. Ai u vra nga forcat serbe n\u00eb t\u00eb nj\u00ebjt\u00ebn dit\u00eb q\u00eb lindi, m\u00eb 7 prill 1999.<\/p>\n<p>Sipas d\u00ebshmive, Bledari lindi n\u00eb muajin e n\u00ebnt\u00eb nga plag\u00ebt q\u00eb n\u00ebna e tij mori gjat\u00eb granatimeve t\u00eb forcave serbe dhe vdiq tri or\u00eb m\u00eb von\u00eb. Askush nuk \u00ebsht\u00eb d\u00ebnuar p\u00ebr k\u00ebt\u00eb krim.<\/p>\n<p>Drejtori i Fondit p\u00ebr t\u00eb Drejt\u00ebn Humanitare, Bekim Blakaj, ka th\u00ebn\u00eb se jan\u00eb t\u00eb pakta rastet gjyq\u00ebsore ndaj kryer\u00ebsve t\u00eb krimeve ndaj f\u00ebmij\u00ebve, q\u00eb jan\u00eb zhvilluar si n\u00eb procesin e Hag\u00ebs, apo edhe n\u00eb ato t\u00eb kryera n\u00eb Kosov\u00eb apo n\u00eb Serbi.<\/p>\n<p>\u201cNe nuk jemi t\u00eb k\u00ebnaqur me lart\u00ebsin\u00eb e d\u00ebnimit edhe me numrin e t\u00eb akuzuarve. N\u00eb t\u00eb gjitha k\u00ebto raste p\u00ebrgjegj\u00ebsit kryesor\u00eb nuk jan\u00eb d\u00ebnuar. N\u00eb p\u00ebrgjith\u00ebsi kisha me than\u00eb se shumica d\u00ebrrmuese e rasteve t\u00eb krimeve t\u00eb luft\u00ebs ndaj f\u00ebmij\u00ebve nuk jan\u00eb gjykuar\u201d, ka th\u00ebn\u00eb Blakaj.<\/p>\n<p>Ai ka shprehur kritika edhe p\u00ebr veprime t\u00eb pamjaftueshme n\u00eb dokumentimin e krimeve ndaj f\u00ebmij\u00ebve.<\/p>\n<p>\u201cShteti nuk ka b\u00ebr\u00eb mjaftuesh\u00ebm, nuk ka b\u00ebr\u00eb as p\u00ebraf\u00ebrsisht mjaftuesh\u00ebm lidhur me dokumentimin e krimeve. Ka individ\u00eb dhe organizata q\u00eb kan\u00eb tentuar me paraqit\u00eb at\u00eb narracionin p\u00ebr krimet mbi f\u00ebmij\u00ebt p\u00ebrmes qoft\u00eb ekspozitave apo publikimeve. Institucionet kan\u00eb asistuar n\u00eb k\u00ebrkes\u00eb t\u00eb familjar\u00ebve, familjar\u00ebt e f\u00ebmij\u00ebve viktima kan\u00eb insistuar t\u00eb formohet nj\u00eb memorial ose sht\u00ebpia ku \u00ebsht\u00eb kryer krimi n\u00eb sht\u00ebpi muze dhe ka qen\u00eb vet\u00ebm p\u00ebrpjekja e familjar\u00ebve t\u00eb k\u00ebtyre f\u00ebmij\u00ebve q\u00eb ka sjell\u00eb deri te krijimi i muzeve\u201d, ka th\u00ebn\u00eb ai.<\/p>\n<p>Edhe 27 vjet pas luft\u00ebs, 109 f\u00ebmij\u00eb figurojn\u00eb t\u00eb zhdukur.<\/p>\n<p>An\u00ebtari i Komisionit Qeveritar p\u00ebr Persona t\u00eb Zhdukur, Kushtrim Gara, \u00ebsht\u00eb shprehur se k\u00ebto raste mbeten nd\u00ebr m\u00eb sfidueset, si p\u00ebr shkak t\u00eb rrethanave t\u00eb zhdukjes, ashtu edhe p\u00ebr shkak t\u00eb mosh\u00ebs s\u00eb viktimave.<\/p>\n<p>Sipas tij, nj\u00eb nd\u00ebr pengesat kryesore n\u00eb k\u00ebt\u00eb proces vazhdon t\u00eb jet\u00eb mungesa e bashk\u00ebpunimit nga Serbia.<\/p>\n<p>\u201cJo vet\u00ebm n\u00eb rastin e f\u00ebmij\u00ebve t\u00eb zhdukur, por n\u00eb p\u00ebrgjith\u00ebsi n\u00eb rastin e t\u00eb zhdukurve me forc\u00eb sigurisht e kemi theksuar n\u00eb vazhdim\u00ebsi ka politizim t\u00eb skajsh\u00ebm prej pal\u00ebs serbe edhe n\u00eb kuptimin e mos ofrimit t\u00eb t\u00eb dh\u00ebnave nga arkivat e tyre, edhe n\u00eb kuptimin e mosofrimit t\u00eb datave p\u00ebr t\u00eb vazhduar g\u00ebrmimet n\u00eb lokacionet e territorit t\u00eb Serbis\u00eb\u201d, ka theksuar Gara.<\/p>\n<p>Dhjet\u00eb dit\u00eb m\u00eb par\u00eb, n\u00eb Prekaz t\u00eb Ep\u00ebrm jan\u00eb rivarrosur eshtrat e Sinan Dautit. Ai ishte vet\u00ebm 8 vje\u00e7 gjat\u00eb luft\u00ebs, kur u plagos r\u00ebnd\u00eb nga forcat serbe dhe u d\u00ebrgua n\u00eb Spitalin e Mitrovic\u00ebs me arsyetimin p\u00ebr trajtim mjek\u00ebsor, por nuk iu kthye m\u00eb familjes.<\/p>\n<p>Eshtrat e tij jan\u00eb gjetur k\u00ebt\u00eb muaj n\u00eb nj\u00eb lokacion n\u00eb Mitrovic\u00eb.<\/p>\n<p>&nbsp;<\/p>\n","protected":false},"excerpt":{"rendered":"<p>Prishtin\u00eb, 29 prill 2026 06:25 Emrat e 109 f\u00ebmij\u00ebve vazhdojn\u00eb t\u00eb figurojn\u00eb n\u00eb list\u00ebn e personave t\u00eb zhdukur me forc\u00eb gjat\u00eb luft\u00ebs. Drejtori i Fondit<\/p>\n","protected":false},"author":7,"featured_media":45564,"comment_status":"open","ping_status":"open","sticky":false,"template":"","format":"standard","meta":{"footnotes":""},"categories":[60],"tags":[],"class_list":["post-45563","post","type-post","status-publish","format-standard","has-post-thumbnail","hentry","category-shoqerore-sq"],"yoast_head":"<!-- This site is optimized with the Yoast SEO plugin v25.3.1 - https:\/\/yoast.com\/wordpress\/plugins\/seo\/ -->\n<title>Vras\u00ebsit e f\u00ebmij\u00ebve n\u00eb luft\u00eb, m\u00eb s\u00eb paku t\u00eb ndjekur nga drejt\u00ebsia -<\/title>\n<meta name=\"robots\" content=\"index, follow, max-snippet:-1, max-image-preview:large, max-video-preview:-1\" \/>\n<link rel=\"canonical\" href=\"https:\/\/veritasinfo.org\/?p=45563\" \/>\n<meta property=\"og:locale\" content=\"en_US\" \/>\n<meta property=\"og:type\" content=\"article\" \/>\n<meta property=\"og:title\" content=\"Vras\u00ebsit e f\u00ebmij\u00ebve n\u00eb luft\u00eb, m\u00eb s\u00eb paku t\u00eb ndjekur nga drejt\u00ebsia -\" \/>\n<meta property=\"og:description\" content=\"Prishtin\u00eb, 29 prill 2026 06:25 Emrat e 109 f\u00ebmij\u00ebve vazhdojn\u00eb t\u00eb figurojn\u00eb n\u00eb list\u00ebn e personave t\u00eb zhdukur me forc\u00eb gjat\u00eb luft\u00ebs. Drejtori i Fondit\" \/>\n<meta property=\"og:url\" content=\"https:\/\/veritasinfo.org\/?p=45563\" \/>\n<meta property=\"article:published_time\" content=\"2026-04-29T04:27:49+00:00\" \/>\n<meta property=\"og:image\" content=\"https:\/\/veritasinfo.org\/wp-content\/uploads\/2026\/04\/fded6e89-ae79-4e82-80a2-1ba81d97aa4b.webp\" \/>\n\t<meta property=\"og:image:width\" content=\"700\" \/>\n\t<meta property=\"og:image:height\" content=\"394\" \/>\n\t<meta property=\"og:image:type\" content=\"image\/webp\" \/>\n<meta name=\"author\" content=\"US6\" \/>\n<meta name=\"twitter:card\" content=\"summary_large_image\" \/>\n<meta name=\"twitter:label1\" content=\"Written by\" \/>\n\t<meta name=\"twitter:data1\" content=\"US6\" \/>\n\t<meta name=\"twitter:label2\" content=\"Est. reading time\" \/>\n\t<meta name=\"twitter:data2\" content=\"3 minutes\" \/>\n<script type=\"application\/ld+json\" class=\"yoast-schema-graph\">{\"@context\":\"https:\/\/schema.org\",\"@graph\":[{\"@type\":\"WebPage\",\"@id\":\"https:\/\/veritasinfo.org\/?p=45563\",\"url\":\"https:\/\/veritasinfo.org\/?p=45563\",\"name\":\"Vras\u00ebsit e f\u00ebmij\u00ebve n\u00eb luft\u00eb, m\u00eb s\u00eb paku t\u00eb ndjekur nga drejt\u00ebsia -\",\"isPartOf\":{\"@id\":\"https:\/\/veritasinfo.org\/#website\"},\"primaryImageOfPage\":{\"@id\":\"https:\/\/veritasinfo.org\/?p=45563#primaryimage\"},\"image\":{\"@id\":\"https:\/\/veritasinfo.org\/?p=45563#primaryimage\"},\"thumbnailUrl\":\"https:\/\/veritasinfo.org\/wp-content\/uploads\/2026\/04\/fded6e89-ae79-4e82-80a2-1ba81d97aa4b.webp\",\"datePublished\":\"2026-04-29T04:27:49+00:00\",\"author\":{\"@id\":\"https:\/\/veritasinfo.org\/#\/schema\/person\/fe199eede04c3937362892b7444747cc\"},\"breadcrumb\":{\"@id\":\"https:\/\/veritasinfo.org\/?p=45563#breadcrumb\"},\"inLanguage\":\"en-US\",\"potentialAction\":[{\"@type\":\"ReadAction\",\"target\":[\"https:\/\/veritasinfo.org\/?p=45563\"]}]},{\"@type\":\"ImageObject\",\"inLanguage\":\"en-US\",\"@id\":\"https:\/\/veritasinfo.org\/?p=45563#primaryimage\",\"url\":\"https:\/\/veritasinfo.org\/wp-content\/uploads\/2026\/04\/fded6e89-ae79-4e82-80a2-1ba81d97aa4b.webp\",\"contentUrl\":\"https:\/\/veritasinfo.org\/wp-content\/uploads\/2026\/04\/fded6e89-ae79-4e82-80a2-1ba81d97aa4b.webp\",\"width\":700,\"height\":394},{\"@type\":\"BreadcrumbList\",\"@id\":\"https:\/\/veritasinfo.org\/?p=45563#breadcrumb\",\"itemListElement\":[{\"@type\":\"ListItem\",\"position\":1,\"name\":\"Home\",\"item\":\"https:\/\/veritasinfo.org\/\"},{\"@type\":\"ListItem\",\"position\":2,\"name\":\"Vras\u00ebsit e f\u00ebmij\u00ebve n\u00eb luft\u00eb, m\u00eb s\u00eb paku t\u00eb ndjekur nga drejt\u00ebsia\"}]},{\"@type\":\"WebSite\",\"@id\":\"https:\/\/veritasinfo.org\/#website\",\"url\":\"https:\/\/veritasinfo.org\/\",\"name\":\"\",\"description\":\"\",\"potentialAction\":[{\"@type\":\"SearchAction\",\"target\":{\"@type\":\"EntryPoint\",\"urlTemplate\":\"https:\/\/veritasinfo.org\/?s={search_term_string}\"},\"query-input\":{\"@type\":\"PropertyValueSpecification\",\"valueRequired\":true,\"valueName\":\"search_term_string\"}}],\"inLanguage\":\"en-US\"},{\"@type\":\"Person\",\"@id\":\"https:\/\/veritasinfo.org\/#\/schema\/person\/fe199eede04c3937362892b7444747cc\",\"name\":\"US6\",\"image\":{\"@type\":\"ImageObject\",\"inLanguage\":\"en-US\",\"@id\":\"https:\/\/veritasinfo.org\/#\/schema\/person\/image\/\",\"url\":\"https:\/\/secure.gravatar.com\/avatar\/cb16c3c31c9d23b9b8c705964598220b3014e42ff51eb540ff23cefa3ae8c15f?s=96&d=mm&r=g\",\"contentUrl\":\"https:\/\/secure.gravatar.com\/avatar\/cb16c3c31c9d23b9b8c705964598220b3014e42ff51eb540ff23cefa3ae8c15f?s=96&d=mm&r=g\",\"caption\":\"US6\"},\"url\":\"https:\/\/veritasinfo.org\/?author=7\"}]}<\/script>\n<!-- \/ Yoast SEO plugin. -->","yoast_head_json":{"title":"Vras\u00ebsit e f\u00ebmij\u00ebve n\u00eb luft\u00eb, m\u00eb s\u00eb paku t\u00eb ndjekur nga drejt\u00ebsia -","robots":{"index":"index","follow":"follow","max-snippet":"max-snippet:-1","max-image-preview":"max-image-preview:large","max-video-preview":"max-video-preview:-1"},"canonical":"https:\/\/veritasinfo.org\/?p=45563","og_locale":"en_US","og_type":"article","og_title":"Vras\u00ebsit e f\u00ebmij\u00ebve n\u00eb luft\u00eb, m\u00eb s\u00eb paku t\u00eb ndjekur nga drejt\u00ebsia -","og_description":"Prishtin\u00eb, 29 prill 2026 06:25 Emrat e 109 f\u00ebmij\u00ebve vazhdojn\u00eb t\u00eb figurojn\u00eb n\u00eb list\u00ebn e personave t\u00eb zhdukur me forc\u00eb gjat\u00eb luft\u00ebs. Drejtori i Fondit","og_url":"https:\/\/veritasinfo.org\/?p=45563","article_published_time":"2026-04-29T04:27:49+00:00","og_image":[{"width":700,"height":394,"url":"https:\/\/veritasinfo.org\/wp-content\/uploads\/2026\/04\/fded6e89-ae79-4e82-80a2-1ba81d97aa4b.webp","type":"image\/webp"}],"author":"US6","twitter_card":"summary_large_image","twitter_misc":{"Written by":"US6","Est. reading time":"3 minutes"},"schema":{"@context":"https:\/\/schema.org","@graph":[{"@type":"WebPage","@id":"https:\/\/veritasinfo.org\/?p=45563","url":"https:\/\/veritasinfo.org\/?p=45563","name":"Vras\u00ebsit e f\u00ebmij\u00ebve n\u00eb luft\u00eb, m\u00eb s\u00eb paku t\u00eb ndjekur nga drejt\u00ebsia -","isPartOf":{"@id":"https:\/\/veritasinfo.org\/#website"},"primaryImageOfPage":{"@id":"https:\/\/veritasinfo.org\/?p=45563#primaryimage"},"image":{"@id":"https:\/\/veritasinfo.org\/?p=45563#primaryimage"},"thumbnailUrl":"https:\/\/veritasinfo.org\/wp-content\/uploads\/2026\/04\/fded6e89-ae79-4e82-80a2-1ba81d97aa4b.webp","datePublished":"2026-04-29T04:27:49+00:00","author":{"@id":"https:\/\/veritasinfo.org\/#\/schema\/person\/fe199eede04c3937362892b7444747cc"},"breadcrumb":{"@id":"https:\/\/veritasinfo.org\/?p=45563#breadcrumb"},"inLanguage":"en-US","potentialAction":[{"@type":"ReadAction","target":["https:\/\/veritasinfo.org\/?p=45563"]}]},{"@type":"ImageObject","inLanguage":"en-US","@id":"https:\/\/veritasinfo.org\/?p=45563#primaryimage","url":"https:\/\/veritasinfo.org\/wp-content\/uploads\/2026\/04\/fded6e89-ae79-4e82-80a2-1ba81d97aa4b.webp","contentUrl":"https:\/\/veritasinfo.org\/wp-content\/uploads\/2026\/04\/fded6e89-ae79-4e82-80a2-1ba81d97aa4b.webp","width":700,"height":394},{"@type":"BreadcrumbList","@id":"https:\/\/veritasinfo.org\/?p=45563#breadcrumb","itemListElement":[{"@type":"ListItem","position":1,"name":"Home","item":"https:\/\/veritasinfo.org\/"},{"@type":"ListItem","position":2,"name":"Vras\u00ebsit e f\u00ebmij\u00ebve n\u00eb luft\u00eb, m\u00eb s\u00eb paku t\u00eb ndjekur nga drejt\u00ebsia"}]},{"@type":"WebSite","@id":"https:\/\/veritasinfo.org\/#website","url":"https:\/\/veritasinfo.org\/","name":"","description":"","potentialAction":[{"@type":"SearchAction","target":{"@type":"EntryPoint","urlTemplate":"https:\/\/veritasinfo.org\/?s={search_term_string}"},"query-input":{"@type":"PropertyValueSpecification","valueRequired":true,"valueName":"search_term_string"}}],"inLanguage":"en-US"},{"@type":"Person","@id":"https:\/\/veritasinfo.org\/#\/schema\/person\/fe199eede04c3937362892b7444747cc","name":"US6","image":{"@type":"ImageObject","inLanguage":"en-US","@id":"https:\/\/veritasinfo.org\/#\/schema\/person\/image\/","url":"https:\/\/secure.gravatar.com\/avatar\/cb16c3c31c9d23b9b8c705964598220b3014e42ff51eb540ff23cefa3ae8c15f?s=96&d=mm&r=g","contentUrl":"https:\/\/secure.gravatar.com\/avatar\/cb16c3c31c9d23b9b8c705964598220b3014e42ff51eb540ff23cefa3ae8c15f?s=96&d=mm&r=g","caption":"US6"},"url":"https:\/\/veritasinfo.org\/?author=7"}]}},"featured_image_urls":{"full":["https:\/\/veritasinfo.org\/wp-content\/uploads\/2026\/04\/fded6e89-ae79-4e82-80a2-1ba81d97aa4b.webp",700,394,false],"thumbnail":["https:\/\/veritasinfo.org\/wp-content\/uploads\/2026\/04\/fded6e89-ae79-4e82-80a2-1ba81d97aa4b-150x150.webp",150,150,true],"medium":["https:\/\/veritasinfo.org\/wp-content\/uploads\/2026\/04\/fded6e89-ae79-4e82-80a2-1ba81d97aa4b-300x169.webp",300,169,true],"medium_large":["https:\/\/veritasinfo.org\/wp-content\/uploads\/2026\/04\/fded6e89-ae79-4e82-80a2-1ba81d97aa4b.webp",640,360,false],"large":["https:\/\/veritasinfo.org\/wp-content\/uploads\/2026\/04\/fded6e89-ae79-4e82-80a2-1ba81d97aa4b.webp",640,360,false],"1536x1536":["https:\/\/veritasinfo.org\/wp-content\/uploads\/2026\/04\/fded6e89-ae79-4e82-80a2-1ba81d97aa4b.webp",700,394,false],"2048x2048":["https:\/\/veritasinfo.org\/wp-content\/uploads\/2026\/04\/fded6e89-ae79-4e82-80a2-1ba81d97aa4b.webp",700,394,false],"kreeti-slider-full":["https:\/\/veritasinfo.org\/wp-content\/uploads\/2026\/04\/fded6e89-ae79-4e82-80a2-1ba81d97aa4b.webp",700,394,false],"kreeti-featured":["https:\/\/veritasinfo.org\/wp-content\/uploads\/2026\/04\/fded6e89-ae79-4e82-80a2-1ba81d97aa4b.webp",700,394,false],"kreeti-medium":["https:\/\/veritasinfo.org\/wp-content\/uploads\/2026\/04\/fded6e89-ae79-4e82-80a2-1ba81d97aa4b.webp",700,394,false],"kreeti-medium-square":["https:\/\/veritasinfo.org\/wp-content\/uploads\/2026\/04\/fded6e89-ae79-4e82-80a2-1ba81d97aa4b-350x350.webp",350,350,true]},"author_info":{"info":["US6"]},"category_info":"<a href=\"https:\/\/veritasinfo.org\/?cat=60\" rel=\"category\">Shoq\u00ebrore<\/a>","tag_info":"Shoq\u00ebrore","comment_count":"0","_links":{"self":[{"href":"https:\/\/veritasinfo.org\/index.php?rest_route=\/wp\/v2\/posts\/45563","targetHints":{"allow":["GET"]}}],"collection":[{"href":"https:\/\/veritasinfo.org\/index.php?rest_route=\/wp\/v2\/posts"}],"about":[{"href":"https:\/\/veritasinfo.org\/index.php?rest_route=\/wp\/v2\/types\/post"}],"author":[{"embeddable":true,"href":"https:\/\/veritasinfo.org\/index.php?rest_route=\/wp\/v2\/users\/7"}],"replies":[{"embeddable":true,"href":"https:\/\/veritasinfo.org\/index.php?rest_route=%2Fwp%2Fv2%2Fcomments&post=45563"}],"version-history":[{"count":1,"href":"https:\/\/veritasinfo.org\/index.php?rest_route=\/wp\/v2\/posts\/45563\/revisions"}],"predecessor-version":[{"id":45565,"href":"https:\/\/veritasinfo.org\/index.php?rest_route=\/wp\/v2\/posts\/45563\/revisions\/45565"}],"wp:featuredmedia":[{"embeddable":true,"href":"https:\/\/veritasinfo.org\/index.php?rest_route=\/wp\/v2\/media\/45564"}],"wp:attachment":[{"href":"https:\/\/veritasinfo.org\/index.php?rest_route=%2Fwp%2Fv2%2Fmedia&parent=45563"}],"wp:term":[{"taxonomy":"category","embeddable":true,"href":"https:\/\/veritasinfo.org\/index.php?rest_route=%2Fwp%2Fv2%2Fcategories&post=45563"},{"taxonomy":"post_tag","embeddable":true,"href":"https:\/\/veritasinfo.org\/index.php?rest_route=%2Fwp%2Fv2%2Ftags&post=45563"}],"curies":[{"name":"wp","href":"https:\/\/api.w.org\/{rel}","templated":true}]}}