{"id":45548,"date":"2026-04-29T04:38:54","date_gmt":"2026-04-29T02:38:54","guid":{"rendered":"https:\/\/veritasinfo.org\/?p=45548"},"modified":"2026-04-29T04:38:54","modified_gmt":"2026-04-29T02:38:54","slug":"kosovo-bez-predsednika-zemlja-ide-na-vanredne-izbore","status":"publish","type":"post","link":"https:\/\/veritasinfo.org\/?p=45548&lang=sr","title":{"rendered":"Kosovo bez predsednika, zemlja ide na vanredne izbore"},"content":{"rendered":"<p>Pri\u0161tina, 29. april 2026.<\/p>\n<p>Poslanici Skup\u0161tine Kosova nisu uspeli da izaberu predsednika, \u0161to je dovelo do toga da zemlja iza\u0111e na vanredne izbore u roku od 45 dana, prema odluci Ustavnog suda.<\/p>\n<p>Samo poslanici vladajuc\u0301e stranke u\u010destvovali su na sednicama odr\u017eanim za izbor predsednika, dok je opozicija bila odsutna, \u0161to je onemoguc\u0301ilo postizanje potrebnog kvoruma za glasanje.<\/p>\n<p>Utorak je bio rok za izbor predsednika, na osnovu odluke Ustavnog suda. Zbog neuspeha procesa, o\u010dekuje se da c\u0301e zemlja izac\u0301i na vanredne izbore najkasnije za 45 dana.<\/p>\n<p>Ovo c\u0301e biti peti izbori od pro\u0161le godine, \u0161to odra\u017eava kontinuiranu institucionalnu krizu u zemlji.<\/p>\n<p>Sednica za izbor predsednika po\u010dela je u ponedeljak, gde je Pokret Samoopredeljenje predlo\u017eio Feride Ru\u0161iti i Hatid\u017eu Hod\u017eu kao kandidatkinje, nakon nedostatka politi\u010dkog dogovora. U prvom krugu glasanja, Feride Ru\u0161iti je dobila 63 glasa, dok je jedan glas progla\u0161en neva\u017eec\u0301im, jer nije dostignut kvorum od 80 glasova.<\/p>\n<p>Nakon neuspeha glasanja, proces su pratile brojne reakcije, a neke stranke su situaciju opisale kao neustavnu.<\/p>\n<p>Sednica je tokom dana odlagana nekoliko puta \u2013 prvobitno u 10:00, zatim u 14:00, 19:00 i kona\u010dno u 23:00 \u2013 bez postignutog rezultata.<\/p>\n<p>Tokom dana, i vlada i opozicija su odr\u017eavale konferencije za novinare, me\u0111usobno optu\u017eujuc\u0301i se za institucionalnu blokadu.<\/p>\n<p>Premijer Aljbin Kurti je opisao pona\u0161anje opozicije kao nedr\u017eavno i antiinstitucionalno, optu\u017eujuc\u0301i je da blokira ustavne procese<\/p>\n","protected":false},"excerpt":{"rendered":"<p>Pri\u0161tina, 29. april 2026. Poslanici Skup\u0161tine Kosova nisu uspeli da izaberu predsednika, \u0161to je dovelo do toga da zemlja iza\u0111e na vanredne izbore u roku<\/p>\n","protected":false},"author":7,"featured_media":45278,"comment_status":"open","ping_status":"open","sticky":false,"template":"","format":"standard","meta":{"footnotes":""},"categories":[28],"tags":[],"class_list":["post-45548","post","type-post","status-publish","format-standard","has-post-thumbnail","hentry","category-politika"],"yoast_head":"<!-- This site is optimized with the Yoast SEO plugin v25.3.1 - https:\/\/yoast.com\/wordpress\/plugins\/seo\/ -->\n<title>Kosovo bez predsednika, zemlja ide na vanredne izbore -<\/title>\n<meta name=\"robots\" content=\"index, follow, max-snippet:-1, max-image-preview:large, max-video-preview:-1\" \/>\n<link rel=\"canonical\" href=\"https:\/\/veritasinfo.org\/?p=45548&lang=sr\" \/>\n<meta property=\"og:locale\" content=\"en_US\" \/>\n<meta property=\"og:type\" content=\"article\" \/>\n<meta property=\"og:title\" content=\"Kosovo bez predsednika, zemlja ide na vanredne izbore -\" \/>\n<meta property=\"og:description\" content=\"Pri\u0161tina, 29. april 2026. Poslanici Skup\u0161tine Kosova nisu uspeli da izaberu predsednika, \u0161to je dovelo do toga da zemlja iza\u0111e na vanredne izbore u roku\" \/>\n<meta property=\"og:url\" content=\"https:\/\/veritasinfo.org\/?p=45548&amp;lang=sr\" \/>\n<meta property=\"article:published_time\" content=\"2026-04-29T02:38:54+00:00\" \/>\n<meta property=\"og:image\" content=\"https:\/\/veritasinfo.org\/wp-content\/uploads\/2026\/04\/676929434_4364886063748151_3353160312814849172_n-1333x1000-1-1.jpg\" \/>\n\t<meta property=\"og:image:width\" content=\"1333\" \/>\n\t<meta property=\"og:image:height\" content=\"1000\" \/>\n\t<meta property=\"og:image:type\" content=\"image\/jpeg\" \/>\n<meta name=\"author\" content=\"US6\" \/>\n<meta name=\"twitter:card\" content=\"summary_large_image\" \/>\n<meta name=\"twitter:label1\" content=\"Written by\" \/>\n\t<meta name=\"twitter:data1\" content=\"US6\" \/>\n\t<meta name=\"twitter:label2\" content=\"Est. reading time\" \/>\n\t<meta name=\"twitter:data2\" content=\"2 minutes\" \/>\n<script type=\"application\/ld+json\" class=\"yoast-schema-graph\">{\"@context\":\"https:\/\/schema.org\",\"@graph\":[{\"@type\":\"WebPage\",\"@id\":\"https:\/\/veritasinfo.org\/?p=45548&lang=sr\",\"url\":\"https:\/\/veritasinfo.org\/?p=45548&lang=sr\",\"name\":\"Kosovo bez predsednika, zemlja ide na vanredne izbore -\",\"isPartOf\":{\"@id\":\"https:\/\/veritasinfo.org\/#website\"},\"primaryImageOfPage\":{\"@id\":\"https:\/\/veritasinfo.org\/?p=45548&lang=sr#primaryimage\"},\"image\":{\"@id\":\"https:\/\/veritasinfo.org\/?p=45548&lang=sr#primaryimage\"},\"thumbnailUrl\":\"https:\/\/veritasinfo.org\/wp-content\/uploads\/2026\/04\/676929434_4364886063748151_3353160312814849172_n-1333x1000-1-1.jpg\",\"datePublished\":\"2026-04-29T02:38:54+00:00\",\"author\":{\"@id\":\"https:\/\/veritasinfo.org\/#\/schema\/person\/fe199eede04c3937362892b7444747cc\"},\"breadcrumb\":{\"@id\":\"https:\/\/veritasinfo.org\/?p=45548&lang=sr#breadcrumb\"},\"inLanguage\":\"en-US\",\"potentialAction\":[{\"@type\":\"ReadAction\",\"target\":[\"https:\/\/veritasinfo.org\/?p=45548&lang=sr\"]}]},{\"@type\":\"ImageObject\",\"inLanguage\":\"en-US\",\"@id\":\"https:\/\/veritasinfo.org\/?p=45548&lang=sr#primaryimage\",\"url\":\"https:\/\/veritasinfo.org\/wp-content\/uploads\/2026\/04\/676929434_4364886063748151_3353160312814849172_n-1333x1000-1-1.jpg\",\"contentUrl\":\"https:\/\/veritasinfo.org\/wp-content\/uploads\/2026\/04\/676929434_4364886063748151_3353160312814849172_n-1333x1000-1-1.jpg\",\"width\":1333,\"height\":1000},{\"@type\":\"BreadcrumbList\",\"@id\":\"https:\/\/veritasinfo.org\/?p=45548&lang=sr#breadcrumb\",\"itemListElement\":[{\"@type\":\"ListItem\",\"position\":1,\"name\":\"Home\",\"item\":\"https:\/\/veritasinfo.org\/\"},{\"@type\":\"ListItem\",\"position\":2,\"name\":\"Kosovo bez predsednika, zemlja ide na vanredne izbore\"}]},{\"@type\":\"WebSite\",\"@id\":\"https:\/\/veritasinfo.org\/#website\",\"url\":\"https:\/\/veritasinfo.org\/\",\"name\":\"\",\"description\":\"\",\"potentialAction\":[{\"@type\":\"SearchAction\",\"target\":{\"@type\":\"EntryPoint\",\"urlTemplate\":\"https:\/\/veritasinfo.org\/?s={search_term_string}\"},\"query-input\":{\"@type\":\"PropertyValueSpecification\",\"valueRequired\":true,\"valueName\":\"search_term_string\"}}],\"inLanguage\":\"en-US\"},{\"@type\":\"Person\",\"@id\":\"https:\/\/veritasinfo.org\/#\/schema\/person\/fe199eede04c3937362892b7444747cc\",\"name\":\"US6\",\"image\":{\"@type\":\"ImageObject\",\"inLanguage\":\"en-US\",\"@id\":\"https:\/\/veritasinfo.org\/#\/schema\/person\/image\/\",\"url\":\"https:\/\/secure.gravatar.com\/avatar\/cb16c3c31c9d23b9b8c705964598220b3014e42ff51eb540ff23cefa3ae8c15f?s=96&d=mm&r=g\",\"contentUrl\":\"https:\/\/secure.gravatar.com\/avatar\/cb16c3c31c9d23b9b8c705964598220b3014e42ff51eb540ff23cefa3ae8c15f?s=96&d=mm&r=g\",\"caption\":\"US6\"},\"url\":\"https:\/\/veritasinfo.org\/?author=7\"}]}<\/script>\n<!-- \/ Yoast SEO plugin. -->","yoast_head_json":{"title":"Kosovo bez predsednika, zemlja ide na vanredne izbore -","robots":{"index":"index","follow":"follow","max-snippet":"max-snippet:-1","max-image-preview":"max-image-preview:large","max-video-preview":"max-video-preview:-1"},"canonical":"https:\/\/veritasinfo.org\/?p=45548&lang=sr","og_locale":"en_US","og_type":"article","og_title":"Kosovo bez predsednika, zemlja ide na vanredne izbore -","og_description":"Pri\u0161tina, 29. april 2026. Poslanici Skup\u0161tine Kosova nisu uspeli da izaberu predsednika, \u0161to je dovelo do toga da zemlja iza\u0111e na vanredne izbore u roku","og_url":"https:\/\/veritasinfo.org\/?p=45548&lang=sr","article_published_time":"2026-04-29T02:38:54+00:00","og_image":[{"width":1333,"height":1000,"url":"https:\/\/veritasinfo.org\/wp-content\/uploads\/2026\/04\/676929434_4364886063748151_3353160312814849172_n-1333x1000-1-1.jpg","type":"image\/jpeg"}],"author":"US6","twitter_card":"summary_large_image","twitter_misc":{"Written by":"US6","Est. reading time":"2 minutes"},"schema":{"@context":"https:\/\/schema.org","@graph":[{"@type":"WebPage","@id":"https:\/\/veritasinfo.org\/?p=45548&lang=sr","url":"https:\/\/veritasinfo.org\/?p=45548&lang=sr","name":"Kosovo bez predsednika, zemlja ide na vanredne izbore -","isPartOf":{"@id":"https:\/\/veritasinfo.org\/#website"},"primaryImageOfPage":{"@id":"https:\/\/veritasinfo.org\/?p=45548&lang=sr#primaryimage"},"image":{"@id":"https:\/\/veritasinfo.org\/?p=45548&lang=sr#primaryimage"},"thumbnailUrl":"https:\/\/veritasinfo.org\/wp-content\/uploads\/2026\/04\/676929434_4364886063748151_3353160312814849172_n-1333x1000-1-1.jpg","datePublished":"2026-04-29T02:38:54+00:00","author":{"@id":"https:\/\/veritasinfo.org\/#\/schema\/person\/fe199eede04c3937362892b7444747cc"},"breadcrumb":{"@id":"https:\/\/veritasinfo.org\/?p=45548&lang=sr#breadcrumb"},"inLanguage":"en-US","potentialAction":[{"@type":"ReadAction","target":["https:\/\/veritasinfo.org\/?p=45548&lang=sr"]}]},{"@type":"ImageObject","inLanguage":"en-US","@id":"https:\/\/veritasinfo.org\/?p=45548&lang=sr#primaryimage","url":"https:\/\/veritasinfo.org\/wp-content\/uploads\/2026\/04\/676929434_4364886063748151_3353160312814849172_n-1333x1000-1-1.jpg","contentUrl":"https:\/\/veritasinfo.org\/wp-content\/uploads\/2026\/04\/676929434_4364886063748151_3353160312814849172_n-1333x1000-1-1.jpg","width":1333,"height":1000},{"@type":"BreadcrumbList","@id":"https:\/\/veritasinfo.org\/?p=45548&lang=sr#breadcrumb","itemListElement":[{"@type":"ListItem","position":1,"name":"Home","item":"https:\/\/veritasinfo.org\/"},{"@type":"ListItem","position":2,"name":"Kosovo bez predsednika, zemlja ide na vanredne izbore"}]},{"@type":"WebSite","@id":"https:\/\/veritasinfo.org\/#website","url":"https:\/\/veritasinfo.org\/","name":"","description":"","potentialAction":[{"@type":"SearchAction","target":{"@type":"EntryPoint","urlTemplate":"https:\/\/veritasinfo.org\/?s={search_term_string}"},"query-input":{"@type":"PropertyValueSpecification","valueRequired":true,"valueName":"search_term_string"}}],"inLanguage":"en-US"},{"@type":"Person","@id":"https:\/\/veritasinfo.org\/#\/schema\/person\/fe199eede04c3937362892b7444747cc","name":"US6","image":{"@type":"ImageObject","inLanguage":"en-US","@id":"https:\/\/veritasinfo.org\/#\/schema\/person\/image\/","url":"https:\/\/secure.gravatar.com\/avatar\/cb16c3c31c9d23b9b8c705964598220b3014e42ff51eb540ff23cefa3ae8c15f?s=96&d=mm&r=g","contentUrl":"https:\/\/secure.gravatar.com\/avatar\/cb16c3c31c9d23b9b8c705964598220b3014e42ff51eb540ff23cefa3ae8c15f?s=96&d=mm&r=g","caption":"US6"},"url":"https:\/\/veritasinfo.org\/?author=7"}]}},"featured_image_urls":{"full":["https:\/\/veritasinfo.org\/wp-content\/uploads\/2026\/04\/676929434_4364886063748151_3353160312814849172_n-1333x1000-1-1.jpg",1333,1000,false],"thumbnail":["https:\/\/veritasinfo.org\/wp-content\/uploads\/2026\/04\/676929434_4364886063748151_3353160312814849172_n-1333x1000-1-1-150x150.jpg",150,150,true],"medium":["https:\/\/veritasinfo.org\/wp-content\/uploads\/2026\/04\/676929434_4364886063748151_3353160312814849172_n-1333x1000-1-1-300x225.jpg",300,225,true],"medium_large":["https:\/\/veritasinfo.org\/wp-content\/uploads\/2026\/04\/676929434_4364886063748151_3353160312814849172_n-1333x1000-1-1-768x576.jpg",640,480,true],"large":["https:\/\/veritasinfo.org\/wp-content\/uploads\/2026\/04\/676929434_4364886063748151_3353160312814849172_n-1333x1000-1-1-1024x768.jpg",640,480,true],"1536x1536":["https:\/\/veritasinfo.org\/wp-content\/uploads\/2026\/04\/676929434_4364886063748151_3353160312814849172_n-1333x1000-1-1.jpg",1333,1000,false],"2048x2048":["https:\/\/veritasinfo.org\/wp-content\/uploads\/2026\/04\/676929434_4364886063748151_3353160312814849172_n-1333x1000-1-1.jpg",1333,1000,false],"kreeti-slider-full":["https:\/\/veritasinfo.org\/wp-content\/uploads\/2026\/04\/676929434_4364886063748151_3353160312814849172_n-1333x1000-1-1-1280x720.jpg",1280,720,true],"kreeti-featured":["https:\/\/veritasinfo.org\/wp-content\/uploads\/2026\/04\/676929434_4364886063748151_3353160312814849172_n-1333x1000-1-1-1024x768.jpg",1024,768,true],"kreeti-medium":["https:\/\/veritasinfo.org\/wp-content\/uploads\/2026\/04\/676929434_4364886063748151_3353160312814849172_n-1333x1000-1-1-720x530.jpg",720,530,true],"kreeti-medium-square":["https:\/\/veritasinfo.org\/wp-content\/uploads\/2026\/04\/676929434_4364886063748151_3353160312814849172_n-1333x1000-1-1-350x350.jpg",350,350,true]},"author_info":{"info":["US6"]},"category_info":"<a href=\"https:\/\/veritasinfo.org\/?cat=28&#038;lang=sr\" rel=\"category\">Politika<\/a>","tag_info":"Politika","comment_count":"0","_links":{"self":[{"href":"https:\/\/veritasinfo.org\/index.php?rest_route=\/wp\/v2\/posts\/45548","targetHints":{"allow":["GET"]}}],"collection":[{"href":"https:\/\/veritasinfo.org\/index.php?rest_route=\/wp\/v2\/posts"}],"about":[{"href":"https:\/\/veritasinfo.org\/index.php?rest_route=\/wp\/v2\/types\/post"}],"author":[{"embeddable":true,"href":"https:\/\/veritasinfo.org\/index.php?rest_route=\/wp\/v2\/users\/7"}],"replies":[{"embeddable":true,"href":"https:\/\/veritasinfo.org\/index.php?rest_route=%2Fwp%2Fv2%2Fcomments&post=45548"}],"version-history":[{"count":1,"href":"https:\/\/veritasinfo.org\/index.php?rest_route=\/wp\/v2\/posts\/45548\/revisions"}],"predecessor-version":[{"id":45549,"href":"https:\/\/veritasinfo.org\/index.php?rest_route=\/wp\/v2\/posts\/45548\/revisions\/45549"}],"wp:featuredmedia":[{"embeddable":true,"href":"https:\/\/veritasinfo.org\/index.php?rest_route=\/wp\/v2\/media\/45278"}],"wp:attachment":[{"href":"https:\/\/veritasinfo.org\/index.php?rest_route=%2Fwp%2Fv2%2Fmedia&parent=45548"}],"wp:term":[{"taxonomy":"category","embeddable":true,"href":"https:\/\/veritasinfo.org\/index.php?rest_route=%2Fwp%2Fv2%2Fcategories&post=45548"},{"taxonomy":"post_tag","embeddable":true,"href":"https:\/\/veritasinfo.org\/index.php?rest_route=%2Fwp%2Fv2%2Ftags&post=45548"}],"curies":[{"name":"wp","href":"https:\/\/api.w.org\/{rel}","templated":true}]}}