{"id":45546,"date":"2026-04-29T04:37:12","date_gmt":"2026-04-29T02:37:12","guid":{"rendered":"https:\/\/veritasinfo.org\/?p=45546"},"modified":"2026-04-29T04:37:12","modified_gmt":"2026-04-29T02:37:12","slug":"kosova-pa-president-vendi-shkon-ne-zgjedhje-te-jashtezakonshme","status":"publish","type":"post","link":"https:\/\/veritasinfo.org\/?p=45546","title":{"rendered":"Kosova pa president, vendi shkon n\u00eb zgjedhje t\u00eb jasht\u00ebzakonshme"},"content":{"rendered":"<p>Prishtin\u00eb, 29 prill 2026<\/p>\n<p>Deputet\u00ebt e Kuvendit t\u00eb Kosov\u00ebs kan\u00eb d\u00ebshtuar ta zgjedhin presidentin, duke b\u00ebr\u00eb q\u00eb vendi t\u00eb shkoj\u00eb n\u00eb zgjedhje t\u00eb jasht\u00ebzakonshme brenda afatit prej 45 dit\u00ebsh, sipas vendimit t\u00eb Gjykat\u00ebs Kushtetuese.<\/p>\n<p>N\u00eb seancat e mbajtura p\u00ebr zgjedhjen e presidentit kan\u00eb marr\u00eb pjes\u00eb vet\u00ebm deputet\u00ebt e pushtetit, nd\u00ebrsa opozita ka munguar, duke pamund\u00ebsuar kuorumin e nevojsh\u00ebm p\u00ebr votim.<\/p>\n<p>E marta ishte afati i fundit p\u00ebr zgjedhjen e presidentit, bazuar n\u00eb vendimin e Gjykat\u00ebs Kushtetuese. Me d\u00ebshtimin e procesit, pritet q\u00eb vendi t\u00eb shkoj\u00eb n\u00eb zgjedhje t\u00eb jasht\u00ebzakonshme jo m\u00eb von\u00eb se 45 dit\u00eb.<\/p>\n<p>K\u00ebto do t\u00eb jen\u00eb zgjedhjet e pesta q\u00eb nga viti i kaluar, duke reflektuar nj\u00eb kriz\u00eb t\u00eb vazhdueshme institucionale n\u00eb vend.<\/p>\n<p>Seanca p\u00ebr zgjedhjen e presidentit kishte nisur t\u00eb h\u00ebn\u00ebn, ku L\u00ebvizja Vet\u00ebvendosje kishte propozuar Feride Rushitin dhe Hatixhe Hoxh\u00ebn si kandidate, pas munges\u00ebs s\u00eb nj\u00eb marr\u00ebveshjeje politike. N\u00eb raundin e par\u00eb t\u00eb votimit, Feride Rushiti kishte marr\u00eb 63 vota, nd\u00ebrsa nj\u00eb vot\u00eb ishte shpallur e pavlefshme, duke mos arritur kuorumin prej 80 votash.<\/p>\n<p>Pas d\u00ebshtimit t\u00eb votimit, procesi ishte shoq\u00ebruar me reagime t\u00eb shumta, ku disa pal\u00eb e kishin cil\u00ebsuar situat\u00ebn si antikushtetuese.<\/p>\n<p>Seanca ishte shtyr\u00eb disa her\u00eb gjat\u00eb dit\u00ebs \u2013 fillimisht n\u00eb or\u00ebn 10:00, m\u00eb pas n\u00eb 14:00, 19:00 dhe p\u00ebrfundimisht n\u00eb 23:00 \u2013 pa arritur rezultat.<\/p>\n<p>Gjat\u00eb gjith\u00eb dit\u00ebs, si pushteti ashtu edhe opozita kan\u00eb mbajtur konferenca p\u00ebr media, duke ia hedhur p\u00ebrgjegj\u00ebsin\u00eb nj\u00ebra-tjetr\u00ebs p\u00ebr bllokad\u00ebn institucionale.<\/p>\n<p>Kryeministri Albin Kurti e ka cil\u00ebsuar sjelljen e opozit\u00ebs si joshtet\u00ebrore dhe antiinstitucionale, duke e akuzuar p\u00ebr bllokim t\u00eb proceseve kushtetuese<\/p>\n","protected":false},"excerpt":{"rendered":"<p>Prishtin\u00eb, 29 prill 2026 Deputet\u00ebt e Kuvendit t\u00eb Kosov\u00ebs kan\u00eb d\u00ebshtuar ta zgjedhin presidentin, duke b\u00ebr\u00eb q\u00eb vendi t\u00eb shkoj\u00eb n\u00eb zgjedhje t\u00eb jasht\u00ebzakonshme brenda<\/p>\n","protected":false},"author":7,"featured_media":45275,"comment_status":"open","ping_status":"open","sticky":false,"template":"","format":"standard","meta":{"footnotes":""},"categories":[58],"tags":[],"class_list":["post-45546","post","type-post","status-publish","format-standard","has-post-thumbnail","hentry","category-politike-sq"],"yoast_head":"<!-- This site is optimized with the Yoast SEO plugin v25.3.1 - https:\/\/yoast.com\/wordpress\/plugins\/seo\/ -->\n<title>Kosova pa president, vendi shkon n\u00eb zgjedhje t\u00eb jasht\u00ebzakonshme -<\/title>\n<meta name=\"robots\" content=\"index, follow, max-snippet:-1, max-image-preview:large, max-video-preview:-1\" \/>\n<link rel=\"canonical\" href=\"https:\/\/veritasinfo.org\/?p=45546\" \/>\n<meta property=\"og:locale\" content=\"en_US\" \/>\n<meta property=\"og:type\" content=\"article\" \/>\n<meta property=\"og:title\" content=\"Kosova pa president, vendi shkon n\u00eb zgjedhje t\u00eb jasht\u00ebzakonshme -\" \/>\n<meta property=\"og:description\" content=\"Prishtin\u00eb, 29 prill 2026 Deputet\u00ebt e Kuvendit t\u00eb Kosov\u00ebs kan\u00eb d\u00ebshtuar ta zgjedhin presidentin, duke b\u00ebr\u00eb q\u00eb vendi t\u00eb shkoj\u00eb n\u00eb zgjedhje t\u00eb jasht\u00ebzakonshme brenda\" \/>\n<meta property=\"og:url\" content=\"https:\/\/veritasinfo.org\/?p=45546\" \/>\n<meta property=\"article:published_time\" content=\"2026-04-29T02:37:12+00:00\" \/>\n<meta property=\"og:image\" content=\"https:\/\/veritasinfo.org\/wp-content\/uploads\/2026\/04\/676929434_4364886063748151_3353160312814849172_n-1333x1000-1.jpg\" \/>\n\t<meta property=\"og:image:width\" content=\"1333\" \/>\n\t<meta property=\"og:image:height\" content=\"1000\" \/>\n\t<meta property=\"og:image:type\" content=\"image\/jpeg\" \/>\n<meta name=\"author\" content=\"US6\" \/>\n<meta name=\"twitter:card\" content=\"summary_large_image\" \/>\n<meta name=\"twitter:label1\" content=\"Written by\" \/>\n\t<meta name=\"twitter:data1\" content=\"US6\" \/>\n\t<meta name=\"twitter:label2\" content=\"Est. reading time\" \/>\n\t<meta name=\"twitter:data2\" content=\"2 minutes\" \/>\n<script type=\"application\/ld+json\" class=\"yoast-schema-graph\">{\"@context\":\"https:\/\/schema.org\",\"@graph\":[{\"@type\":\"WebPage\",\"@id\":\"https:\/\/veritasinfo.org\/?p=45546\",\"url\":\"https:\/\/veritasinfo.org\/?p=45546\",\"name\":\"Kosova pa president, vendi shkon n\u00eb zgjedhje t\u00eb jasht\u00ebzakonshme -\",\"isPartOf\":{\"@id\":\"https:\/\/veritasinfo.org\/#website\"},\"primaryImageOfPage\":{\"@id\":\"https:\/\/veritasinfo.org\/?p=45546#primaryimage\"},\"image\":{\"@id\":\"https:\/\/veritasinfo.org\/?p=45546#primaryimage\"},\"thumbnailUrl\":\"https:\/\/veritasinfo.org\/wp-content\/uploads\/2026\/04\/676929434_4364886063748151_3353160312814849172_n-1333x1000-1.jpg\",\"datePublished\":\"2026-04-29T02:37:12+00:00\",\"author\":{\"@id\":\"https:\/\/veritasinfo.org\/#\/schema\/person\/fe199eede04c3937362892b7444747cc\"},\"breadcrumb\":{\"@id\":\"https:\/\/veritasinfo.org\/?p=45546#breadcrumb\"},\"inLanguage\":\"en-US\",\"potentialAction\":[{\"@type\":\"ReadAction\",\"target\":[\"https:\/\/veritasinfo.org\/?p=45546\"]}]},{\"@type\":\"ImageObject\",\"inLanguage\":\"en-US\",\"@id\":\"https:\/\/veritasinfo.org\/?p=45546#primaryimage\",\"url\":\"https:\/\/veritasinfo.org\/wp-content\/uploads\/2026\/04\/676929434_4364886063748151_3353160312814849172_n-1333x1000-1.jpg\",\"contentUrl\":\"https:\/\/veritasinfo.org\/wp-content\/uploads\/2026\/04\/676929434_4364886063748151_3353160312814849172_n-1333x1000-1.jpg\",\"width\":1333,\"height\":1000},{\"@type\":\"BreadcrumbList\",\"@id\":\"https:\/\/veritasinfo.org\/?p=45546#breadcrumb\",\"itemListElement\":[{\"@type\":\"ListItem\",\"position\":1,\"name\":\"Home\",\"item\":\"https:\/\/veritasinfo.org\/\"},{\"@type\":\"ListItem\",\"position\":2,\"name\":\"Kosova pa president, vendi shkon n\u00eb zgjedhje t\u00eb jasht\u00ebzakonshme\"}]},{\"@type\":\"WebSite\",\"@id\":\"https:\/\/veritasinfo.org\/#website\",\"url\":\"https:\/\/veritasinfo.org\/\",\"name\":\"\",\"description\":\"\",\"potentialAction\":[{\"@type\":\"SearchAction\",\"target\":{\"@type\":\"EntryPoint\",\"urlTemplate\":\"https:\/\/veritasinfo.org\/?s={search_term_string}\"},\"query-input\":{\"@type\":\"PropertyValueSpecification\",\"valueRequired\":true,\"valueName\":\"search_term_string\"}}],\"inLanguage\":\"en-US\"},{\"@type\":\"Person\",\"@id\":\"https:\/\/veritasinfo.org\/#\/schema\/person\/fe199eede04c3937362892b7444747cc\",\"name\":\"US6\",\"image\":{\"@type\":\"ImageObject\",\"inLanguage\":\"en-US\",\"@id\":\"https:\/\/veritasinfo.org\/#\/schema\/person\/image\/\",\"url\":\"https:\/\/secure.gravatar.com\/avatar\/cb16c3c31c9d23b9b8c705964598220b3014e42ff51eb540ff23cefa3ae8c15f?s=96&d=mm&r=g\",\"contentUrl\":\"https:\/\/secure.gravatar.com\/avatar\/cb16c3c31c9d23b9b8c705964598220b3014e42ff51eb540ff23cefa3ae8c15f?s=96&d=mm&r=g\",\"caption\":\"US6\"},\"url\":\"https:\/\/veritasinfo.org\/?author=7\"}]}<\/script>\n<!-- \/ Yoast SEO plugin. -->","yoast_head_json":{"title":"Kosova pa president, vendi shkon n\u00eb zgjedhje t\u00eb jasht\u00ebzakonshme -","robots":{"index":"index","follow":"follow","max-snippet":"max-snippet:-1","max-image-preview":"max-image-preview:large","max-video-preview":"max-video-preview:-1"},"canonical":"https:\/\/veritasinfo.org\/?p=45546","og_locale":"en_US","og_type":"article","og_title":"Kosova pa president, vendi shkon n\u00eb zgjedhje t\u00eb jasht\u00ebzakonshme -","og_description":"Prishtin\u00eb, 29 prill 2026 Deputet\u00ebt e Kuvendit t\u00eb Kosov\u00ebs kan\u00eb d\u00ebshtuar ta zgjedhin presidentin, duke b\u00ebr\u00eb q\u00eb vendi t\u00eb shkoj\u00eb n\u00eb zgjedhje t\u00eb jasht\u00ebzakonshme brenda","og_url":"https:\/\/veritasinfo.org\/?p=45546","article_published_time":"2026-04-29T02:37:12+00:00","og_image":[{"width":1333,"height":1000,"url":"https:\/\/veritasinfo.org\/wp-content\/uploads\/2026\/04\/676929434_4364886063748151_3353160312814849172_n-1333x1000-1.jpg","type":"image\/jpeg"}],"author":"US6","twitter_card":"summary_large_image","twitter_misc":{"Written by":"US6","Est. reading time":"2 minutes"},"schema":{"@context":"https:\/\/schema.org","@graph":[{"@type":"WebPage","@id":"https:\/\/veritasinfo.org\/?p=45546","url":"https:\/\/veritasinfo.org\/?p=45546","name":"Kosova pa president, vendi shkon n\u00eb zgjedhje t\u00eb jasht\u00ebzakonshme -","isPartOf":{"@id":"https:\/\/veritasinfo.org\/#website"},"primaryImageOfPage":{"@id":"https:\/\/veritasinfo.org\/?p=45546#primaryimage"},"image":{"@id":"https:\/\/veritasinfo.org\/?p=45546#primaryimage"},"thumbnailUrl":"https:\/\/veritasinfo.org\/wp-content\/uploads\/2026\/04\/676929434_4364886063748151_3353160312814849172_n-1333x1000-1.jpg","datePublished":"2026-04-29T02:37:12+00:00","author":{"@id":"https:\/\/veritasinfo.org\/#\/schema\/person\/fe199eede04c3937362892b7444747cc"},"breadcrumb":{"@id":"https:\/\/veritasinfo.org\/?p=45546#breadcrumb"},"inLanguage":"en-US","potentialAction":[{"@type":"ReadAction","target":["https:\/\/veritasinfo.org\/?p=45546"]}]},{"@type":"ImageObject","inLanguage":"en-US","@id":"https:\/\/veritasinfo.org\/?p=45546#primaryimage","url":"https:\/\/veritasinfo.org\/wp-content\/uploads\/2026\/04\/676929434_4364886063748151_3353160312814849172_n-1333x1000-1.jpg","contentUrl":"https:\/\/veritasinfo.org\/wp-content\/uploads\/2026\/04\/676929434_4364886063748151_3353160312814849172_n-1333x1000-1.jpg","width":1333,"height":1000},{"@type":"BreadcrumbList","@id":"https:\/\/veritasinfo.org\/?p=45546#breadcrumb","itemListElement":[{"@type":"ListItem","position":1,"name":"Home","item":"https:\/\/veritasinfo.org\/"},{"@type":"ListItem","position":2,"name":"Kosova pa president, vendi shkon n\u00eb zgjedhje t\u00eb jasht\u00ebzakonshme"}]},{"@type":"WebSite","@id":"https:\/\/veritasinfo.org\/#website","url":"https:\/\/veritasinfo.org\/","name":"","description":"","potentialAction":[{"@type":"SearchAction","target":{"@type":"EntryPoint","urlTemplate":"https:\/\/veritasinfo.org\/?s={search_term_string}"},"query-input":{"@type":"PropertyValueSpecification","valueRequired":true,"valueName":"search_term_string"}}],"inLanguage":"en-US"},{"@type":"Person","@id":"https:\/\/veritasinfo.org\/#\/schema\/person\/fe199eede04c3937362892b7444747cc","name":"US6","image":{"@type":"ImageObject","inLanguage":"en-US","@id":"https:\/\/veritasinfo.org\/#\/schema\/person\/image\/","url":"https:\/\/secure.gravatar.com\/avatar\/cb16c3c31c9d23b9b8c705964598220b3014e42ff51eb540ff23cefa3ae8c15f?s=96&d=mm&r=g","contentUrl":"https:\/\/secure.gravatar.com\/avatar\/cb16c3c31c9d23b9b8c705964598220b3014e42ff51eb540ff23cefa3ae8c15f?s=96&d=mm&r=g","caption":"US6"},"url":"https:\/\/veritasinfo.org\/?author=7"}]}},"featured_image_urls":{"full":["https:\/\/veritasinfo.org\/wp-content\/uploads\/2026\/04\/676929434_4364886063748151_3353160312814849172_n-1333x1000-1.jpg",1333,1000,false],"thumbnail":["https:\/\/veritasinfo.org\/wp-content\/uploads\/2026\/04\/676929434_4364886063748151_3353160312814849172_n-1333x1000-1-150x150.jpg",150,150,true],"medium":["https:\/\/veritasinfo.org\/wp-content\/uploads\/2026\/04\/676929434_4364886063748151_3353160312814849172_n-1333x1000-1-300x225.jpg",300,225,true],"medium_large":["https:\/\/veritasinfo.org\/wp-content\/uploads\/2026\/04\/676929434_4364886063748151_3353160312814849172_n-1333x1000-1-768x576.jpg",640,480,true],"large":["https:\/\/veritasinfo.org\/wp-content\/uploads\/2026\/04\/676929434_4364886063748151_3353160312814849172_n-1333x1000-1-1024x768.jpg",640,480,true],"1536x1536":["https:\/\/veritasinfo.org\/wp-content\/uploads\/2026\/04\/676929434_4364886063748151_3353160312814849172_n-1333x1000-1.jpg",1333,1000,false],"2048x2048":["https:\/\/veritasinfo.org\/wp-content\/uploads\/2026\/04\/676929434_4364886063748151_3353160312814849172_n-1333x1000-1.jpg",1333,1000,false],"kreeti-slider-full":["https:\/\/veritasinfo.org\/wp-content\/uploads\/2026\/04\/676929434_4364886063748151_3353160312814849172_n-1333x1000-1-1280x720.jpg",1280,720,true],"kreeti-featured":["https:\/\/veritasinfo.org\/wp-content\/uploads\/2026\/04\/676929434_4364886063748151_3353160312814849172_n-1333x1000-1-1024x768.jpg",1024,768,true],"kreeti-medium":["https:\/\/veritasinfo.org\/wp-content\/uploads\/2026\/04\/676929434_4364886063748151_3353160312814849172_n-1333x1000-1-720x530.jpg",720,530,true],"kreeti-medium-square":["https:\/\/veritasinfo.org\/wp-content\/uploads\/2026\/04\/676929434_4364886063748151_3353160312814849172_n-1333x1000-1-350x350.jpg",350,350,true]},"author_info":{"info":["US6"]},"category_info":"<a href=\"https:\/\/veritasinfo.org\/?cat=58\" rel=\"category\">Politik\u00eb<\/a>","tag_info":"Politik\u00eb","comment_count":"0","_links":{"self":[{"href":"https:\/\/veritasinfo.org\/index.php?rest_route=\/wp\/v2\/posts\/45546","targetHints":{"allow":["GET"]}}],"collection":[{"href":"https:\/\/veritasinfo.org\/index.php?rest_route=\/wp\/v2\/posts"}],"about":[{"href":"https:\/\/veritasinfo.org\/index.php?rest_route=\/wp\/v2\/types\/post"}],"author":[{"embeddable":true,"href":"https:\/\/veritasinfo.org\/index.php?rest_route=\/wp\/v2\/users\/7"}],"replies":[{"embeddable":true,"href":"https:\/\/veritasinfo.org\/index.php?rest_route=%2Fwp%2Fv2%2Fcomments&post=45546"}],"version-history":[{"count":1,"href":"https:\/\/veritasinfo.org\/index.php?rest_route=\/wp\/v2\/posts\/45546\/revisions"}],"predecessor-version":[{"id":45547,"href":"https:\/\/veritasinfo.org\/index.php?rest_route=\/wp\/v2\/posts\/45546\/revisions\/45547"}],"wp:featuredmedia":[{"embeddable":true,"href":"https:\/\/veritasinfo.org\/index.php?rest_route=\/wp\/v2\/media\/45275"}],"wp:attachment":[{"href":"https:\/\/veritasinfo.org\/index.php?rest_route=%2Fwp%2Fv2%2Fmedia&parent=45546"}],"wp:term":[{"taxonomy":"category","embeddable":true,"href":"https:\/\/veritasinfo.org\/index.php?rest_route=%2Fwp%2Fv2%2Fcategories&post=45546"},{"taxonomy":"post_tag","embeddable":true,"href":"https:\/\/veritasinfo.org\/index.php?rest_route=%2Fwp%2Fv2%2Ftags&post=45546"}],"curies":[{"name":"wp","href":"https:\/\/api.w.org\/{rel}","templated":true}]}}