{"id":45532,"date":"2026-04-28T19:50:30","date_gmt":"2026-04-28T17:50:30","guid":{"rendered":"https:\/\/veritasinfo.org\/?p=45532"},"modified":"2026-04-28T19:50:30","modified_gmt":"2026-04-28T17:50:30","slug":"seanca-per-presidentin-shtyhet-ne-ora-2300","status":"publish","type":"post","link":"https:\/\/veritasinfo.org\/?p=45532","title":{"rendered":"Seanca p\u00ebr Presidentin shtyhet n\u00eb ora 23:00"},"content":{"rendered":"<p>Prishtin\u00eb, 28 prill 2026 19:50<\/p>\n<p data-start=\"0\" data-end=\"238\">Kryetarja e\u00a0<span class=\"hover:entity-accent entity-underline inline cursor-pointer align-baseline\"><span class=\"whitespace-normal\">Kuvendi i Kosov\u00ebs<\/span><\/span>,\u00a0<span class=\"hover:entity-accent entity-underline inline cursor-pointer align-baseline\"><span class=\"whitespace-normal\">Albulena Haxhiu<\/span><\/span>, ka nd\u00ebrprer\u00eb seanc\u00ebn p\u00ebr zgjedhjen e presidentit pak minuta pas fillimit t\u00eb saj, duke b\u00ebr\u00eb thirrje q\u00eb deputet\u00ebt t\u00eb rikthehen n\u00eb sall\u00eb n\u00eb or\u00ebn 23:00.<\/p>\n<p data-start=\"240\" data-end=\"375\">Ajo u k\u00ebrkoi deputet\u00ebve t\u00eb gjejn\u00eb hap\u00ebsir\u00eb p\u00ebr t\u00eb vazhduar procesin dhe p\u00ebr t\u2019i dh\u00ebn\u00eb vendit presidentin me mandat t\u00eb plot\u00eb pes\u00ebvje\u00e7ar.<\/p>\n<div class=\"jeg_ad jeg_ad_article jnews_content_inline_ads  \">\n<div class=\"ads-wrapper align-center \">\u201cJam e detyruar ta nd\u00ebrpres seanc\u00ebn dhe ju b\u00ebj thirrje deputet\u00ebve q\u00eb n\u00eb or\u00ebn 23:00 t\u00eb kthehen n\u00eb seanc\u00eb. T\u00eb gjejn\u00eb m\u00ebnyr\u00eb q\u00eb vendit t\u2019i japin presidentin me mandat 5 vje\u00e7ar\u201d, u shpreh Haxhiu.<\/div>\n<\/div>\n","protected":false},"excerpt":{"rendered":"<p>Prishtin\u00eb, 28 prill 2026 19:50 Kryetarja e\u00a0Kuvendi i Kosov\u00ebs,\u00a0Albulena Haxhiu, ka nd\u00ebrprer\u00eb seanc\u00ebn p\u00ebr zgjedhjen e presidentit pak minuta pas fillimit t\u00eb saj, duke b\u00ebr\u00eb<\/p>\n","protected":false},"author":7,"featured_media":44573,"comment_status":"open","ping_status":"open","sticky":false,"template":"","format":"standard","meta":{"footnotes":""},"categories":[58],"tags":[],"class_list":["post-45532","post","type-post","status-publish","format-standard","has-post-thumbnail","hentry","category-politike-sq"],"yoast_head":"<!-- This site is optimized with the Yoast SEO plugin v25.3.1 - https:\/\/yoast.com\/wordpress\/plugins\/seo\/ -->\n<title>Seanca p\u00ebr Presidentin shtyhet n\u00eb ora 23:00 -<\/title>\n<meta name=\"robots\" content=\"index, follow, max-snippet:-1, max-image-preview:large, max-video-preview:-1\" \/>\n<link rel=\"canonical\" href=\"https:\/\/veritasinfo.org\/?p=45532\" \/>\n<meta property=\"og:locale\" content=\"en_US\" \/>\n<meta property=\"og:type\" content=\"article\" \/>\n<meta property=\"og:title\" content=\"Seanca p\u00ebr Presidentin shtyhet n\u00eb ora 23:00 -\" \/>\n<meta property=\"og:description\" content=\"Prishtin\u00eb, 28 prill 2026 19:50 Kryetarja e\u00a0Kuvendi i Kosov\u00ebs,\u00a0Albulena Haxhiu, ka nd\u00ebrprer\u00eb seanc\u00ebn p\u00ebr zgjedhjen e presidentit pak minuta pas fillimit t\u00eb saj, duke b\u00ebr\u00eb\" \/>\n<meta property=\"og:url\" content=\"https:\/\/veritasinfo.org\/?p=45532\" \/>\n<meta property=\"article:published_time\" content=\"2026-04-28T17:50:30+00:00\" \/>\n<meta property=\"og:image\" content=\"https:\/\/veritasinfo.org\/wp-content\/uploads\/2026\/04\/kuvendi-kosove-1-600x360-1.jpg\" \/>\n\t<meta property=\"og:image:width\" content=\"600\" \/>\n\t<meta property=\"og:image:height\" content=\"360\" \/>\n\t<meta property=\"og:image:type\" content=\"image\/jpeg\" \/>\n<meta name=\"author\" content=\"US6\" \/>\n<meta name=\"twitter:card\" content=\"summary_large_image\" \/>\n<meta name=\"twitter:label1\" content=\"Written by\" \/>\n\t<meta name=\"twitter:data1\" content=\"US6\" \/>\n\t<meta name=\"twitter:label2\" content=\"Est. reading time\" \/>\n\t<meta name=\"twitter:data2\" content=\"1 minute\" \/>\n<script type=\"application\/ld+json\" class=\"yoast-schema-graph\">{\"@context\":\"https:\/\/schema.org\",\"@graph\":[{\"@type\":\"WebPage\",\"@id\":\"https:\/\/veritasinfo.org\/?p=45532\",\"url\":\"https:\/\/veritasinfo.org\/?p=45532\",\"name\":\"Seanca p\u00ebr Presidentin shtyhet n\u00eb ora 23:00 -\",\"isPartOf\":{\"@id\":\"https:\/\/veritasinfo.org\/#website\"},\"primaryImageOfPage\":{\"@id\":\"https:\/\/veritasinfo.org\/?p=45532#primaryimage\"},\"image\":{\"@id\":\"https:\/\/veritasinfo.org\/?p=45532#primaryimage\"},\"thumbnailUrl\":\"https:\/\/veritasinfo.org\/wp-content\/uploads\/2026\/04\/kuvendi-kosove-1-600x360-1.jpg\",\"datePublished\":\"2026-04-28T17:50:30+00:00\",\"author\":{\"@id\":\"https:\/\/veritasinfo.org\/#\/schema\/person\/fe199eede04c3937362892b7444747cc\"},\"breadcrumb\":{\"@id\":\"https:\/\/veritasinfo.org\/?p=45532#breadcrumb\"},\"inLanguage\":\"en-US\",\"potentialAction\":[{\"@type\":\"ReadAction\",\"target\":[\"https:\/\/veritasinfo.org\/?p=45532\"]}]},{\"@type\":\"ImageObject\",\"inLanguage\":\"en-US\",\"@id\":\"https:\/\/veritasinfo.org\/?p=45532#primaryimage\",\"url\":\"https:\/\/veritasinfo.org\/wp-content\/uploads\/2026\/04\/kuvendi-kosove-1-600x360-1.jpg\",\"contentUrl\":\"https:\/\/veritasinfo.org\/wp-content\/uploads\/2026\/04\/kuvendi-kosove-1-600x360-1.jpg\",\"width\":600,\"height\":360},{\"@type\":\"BreadcrumbList\",\"@id\":\"https:\/\/veritasinfo.org\/?p=45532#breadcrumb\",\"itemListElement\":[{\"@type\":\"ListItem\",\"position\":1,\"name\":\"Home\",\"item\":\"https:\/\/veritasinfo.org\/\"},{\"@type\":\"ListItem\",\"position\":2,\"name\":\"Seanca p\u00ebr Presidentin shtyhet n\u00eb ora 23:00\"}]},{\"@type\":\"WebSite\",\"@id\":\"https:\/\/veritasinfo.org\/#website\",\"url\":\"https:\/\/veritasinfo.org\/\",\"name\":\"\",\"description\":\"\",\"potentialAction\":[{\"@type\":\"SearchAction\",\"target\":{\"@type\":\"EntryPoint\",\"urlTemplate\":\"https:\/\/veritasinfo.org\/?s={search_term_string}\"},\"query-input\":{\"@type\":\"PropertyValueSpecification\",\"valueRequired\":true,\"valueName\":\"search_term_string\"}}],\"inLanguage\":\"en-US\"},{\"@type\":\"Person\",\"@id\":\"https:\/\/veritasinfo.org\/#\/schema\/person\/fe199eede04c3937362892b7444747cc\",\"name\":\"US6\",\"image\":{\"@type\":\"ImageObject\",\"inLanguage\":\"en-US\",\"@id\":\"https:\/\/veritasinfo.org\/#\/schema\/person\/image\/\",\"url\":\"https:\/\/secure.gravatar.com\/avatar\/cb16c3c31c9d23b9b8c705964598220b3014e42ff51eb540ff23cefa3ae8c15f?s=96&d=mm&r=g\",\"contentUrl\":\"https:\/\/secure.gravatar.com\/avatar\/cb16c3c31c9d23b9b8c705964598220b3014e42ff51eb540ff23cefa3ae8c15f?s=96&d=mm&r=g\",\"caption\":\"US6\"},\"url\":\"https:\/\/veritasinfo.org\/?author=7\"}]}<\/script>\n<!-- \/ Yoast SEO plugin. -->","yoast_head_json":{"title":"Seanca p\u00ebr Presidentin shtyhet n\u00eb ora 23:00 -","robots":{"index":"index","follow":"follow","max-snippet":"max-snippet:-1","max-image-preview":"max-image-preview:large","max-video-preview":"max-video-preview:-1"},"canonical":"https:\/\/veritasinfo.org\/?p=45532","og_locale":"en_US","og_type":"article","og_title":"Seanca p\u00ebr Presidentin shtyhet n\u00eb ora 23:00 -","og_description":"Prishtin\u00eb, 28 prill 2026 19:50 Kryetarja e\u00a0Kuvendi i Kosov\u00ebs,\u00a0Albulena Haxhiu, ka nd\u00ebrprer\u00eb seanc\u00ebn p\u00ebr zgjedhjen e presidentit pak minuta pas fillimit t\u00eb saj, duke b\u00ebr\u00eb","og_url":"https:\/\/veritasinfo.org\/?p=45532","article_published_time":"2026-04-28T17:50:30+00:00","og_image":[{"width":600,"height":360,"url":"https:\/\/veritasinfo.org\/wp-content\/uploads\/2026\/04\/kuvendi-kosove-1-600x360-1.jpg","type":"image\/jpeg"}],"author":"US6","twitter_card":"summary_large_image","twitter_misc":{"Written by":"US6","Est. reading time":"1 minute"},"schema":{"@context":"https:\/\/schema.org","@graph":[{"@type":"WebPage","@id":"https:\/\/veritasinfo.org\/?p=45532","url":"https:\/\/veritasinfo.org\/?p=45532","name":"Seanca p\u00ebr Presidentin shtyhet n\u00eb ora 23:00 -","isPartOf":{"@id":"https:\/\/veritasinfo.org\/#website"},"primaryImageOfPage":{"@id":"https:\/\/veritasinfo.org\/?p=45532#primaryimage"},"image":{"@id":"https:\/\/veritasinfo.org\/?p=45532#primaryimage"},"thumbnailUrl":"https:\/\/veritasinfo.org\/wp-content\/uploads\/2026\/04\/kuvendi-kosove-1-600x360-1.jpg","datePublished":"2026-04-28T17:50:30+00:00","author":{"@id":"https:\/\/veritasinfo.org\/#\/schema\/person\/fe199eede04c3937362892b7444747cc"},"breadcrumb":{"@id":"https:\/\/veritasinfo.org\/?p=45532#breadcrumb"},"inLanguage":"en-US","potentialAction":[{"@type":"ReadAction","target":["https:\/\/veritasinfo.org\/?p=45532"]}]},{"@type":"ImageObject","inLanguage":"en-US","@id":"https:\/\/veritasinfo.org\/?p=45532#primaryimage","url":"https:\/\/veritasinfo.org\/wp-content\/uploads\/2026\/04\/kuvendi-kosove-1-600x360-1.jpg","contentUrl":"https:\/\/veritasinfo.org\/wp-content\/uploads\/2026\/04\/kuvendi-kosove-1-600x360-1.jpg","width":600,"height":360},{"@type":"BreadcrumbList","@id":"https:\/\/veritasinfo.org\/?p=45532#breadcrumb","itemListElement":[{"@type":"ListItem","position":1,"name":"Home","item":"https:\/\/veritasinfo.org\/"},{"@type":"ListItem","position":2,"name":"Seanca p\u00ebr Presidentin shtyhet n\u00eb ora 23:00"}]},{"@type":"WebSite","@id":"https:\/\/veritasinfo.org\/#website","url":"https:\/\/veritasinfo.org\/","name":"","description":"","potentialAction":[{"@type":"SearchAction","target":{"@type":"EntryPoint","urlTemplate":"https:\/\/veritasinfo.org\/?s={search_term_string}"},"query-input":{"@type":"PropertyValueSpecification","valueRequired":true,"valueName":"search_term_string"}}],"inLanguage":"en-US"},{"@type":"Person","@id":"https:\/\/veritasinfo.org\/#\/schema\/person\/fe199eede04c3937362892b7444747cc","name":"US6","image":{"@type":"ImageObject","inLanguage":"en-US","@id":"https:\/\/veritasinfo.org\/#\/schema\/person\/image\/","url":"https:\/\/secure.gravatar.com\/avatar\/cb16c3c31c9d23b9b8c705964598220b3014e42ff51eb540ff23cefa3ae8c15f?s=96&d=mm&r=g","contentUrl":"https:\/\/secure.gravatar.com\/avatar\/cb16c3c31c9d23b9b8c705964598220b3014e42ff51eb540ff23cefa3ae8c15f?s=96&d=mm&r=g","caption":"US6"},"url":"https:\/\/veritasinfo.org\/?author=7"}]}},"featured_image_urls":{"full":["https:\/\/veritasinfo.org\/wp-content\/uploads\/2026\/04\/kuvendi-kosove-1-600x360-1.jpg",600,360,false],"thumbnail":["https:\/\/veritasinfo.org\/wp-content\/uploads\/2026\/04\/kuvendi-kosove-1-600x360-1-150x150.jpg",150,150,true],"medium":["https:\/\/veritasinfo.org\/wp-content\/uploads\/2026\/04\/kuvendi-kosove-1-600x360-1-300x180.jpg",300,180,true],"medium_large":["https:\/\/veritasinfo.org\/wp-content\/uploads\/2026\/04\/kuvendi-kosove-1-600x360-1.jpg",600,360,false],"large":["https:\/\/veritasinfo.org\/wp-content\/uploads\/2026\/04\/kuvendi-kosove-1-600x360-1.jpg",600,360,false],"1536x1536":["https:\/\/veritasinfo.org\/wp-content\/uploads\/2026\/04\/kuvendi-kosove-1-600x360-1.jpg",600,360,false],"2048x2048":["https:\/\/veritasinfo.org\/wp-content\/uploads\/2026\/04\/kuvendi-kosove-1-600x360-1.jpg",600,360,false],"kreeti-slider-full":["https:\/\/veritasinfo.org\/wp-content\/uploads\/2026\/04\/kuvendi-kosove-1-600x360-1.jpg",600,360,false],"kreeti-featured":["https:\/\/veritasinfo.org\/wp-content\/uploads\/2026\/04\/kuvendi-kosove-1-600x360-1.jpg",600,360,false],"kreeti-medium":["https:\/\/veritasinfo.org\/wp-content\/uploads\/2026\/04\/kuvendi-kosove-1-600x360-1.jpg",600,360,false],"kreeti-medium-square":["https:\/\/veritasinfo.org\/wp-content\/uploads\/2026\/04\/kuvendi-kosove-1-600x360-1-350x350.jpg",350,350,true]},"author_info":{"info":["US6"]},"category_info":"<a href=\"https:\/\/veritasinfo.org\/?cat=58\" rel=\"category\">Politik\u00eb<\/a>","tag_info":"Politik\u00eb","comment_count":"0","_links":{"self":[{"href":"https:\/\/veritasinfo.org\/index.php?rest_route=\/wp\/v2\/posts\/45532","targetHints":{"allow":["GET"]}}],"collection":[{"href":"https:\/\/veritasinfo.org\/index.php?rest_route=\/wp\/v2\/posts"}],"about":[{"href":"https:\/\/veritasinfo.org\/index.php?rest_route=\/wp\/v2\/types\/post"}],"author":[{"embeddable":true,"href":"https:\/\/veritasinfo.org\/index.php?rest_route=\/wp\/v2\/users\/7"}],"replies":[{"embeddable":true,"href":"https:\/\/veritasinfo.org\/index.php?rest_route=%2Fwp%2Fv2%2Fcomments&post=45532"}],"version-history":[{"count":1,"href":"https:\/\/veritasinfo.org\/index.php?rest_route=\/wp\/v2\/posts\/45532\/revisions"}],"predecessor-version":[{"id":45533,"href":"https:\/\/veritasinfo.org\/index.php?rest_route=\/wp\/v2\/posts\/45532\/revisions\/45533"}],"wp:featuredmedia":[{"embeddable":true,"href":"https:\/\/veritasinfo.org\/index.php?rest_route=\/wp\/v2\/media\/44573"}],"wp:attachment":[{"href":"https:\/\/veritasinfo.org\/index.php?rest_route=%2Fwp%2Fv2%2Fmedia&parent=45532"}],"wp:term":[{"taxonomy":"category","embeddable":true,"href":"https:\/\/veritasinfo.org\/index.php?rest_route=%2Fwp%2Fv2%2Fcategories&post=45532"},{"taxonomy":"post_tag","embeddable":true,"href":"https:\/\/veritasinfo.org\/index.php?rest_route=%2Fwp%2Fv2%2Ftags&post=45532"}],"curies":[{"name":"wp","href":"https:\/\/api.w.org\/{rel}","templated":true}]}}